{"id":18088,"date":"2019-12-14T10:34:57","date_gmt":"2019-12-14T10:34:57","guid":{"rendered":"http:\/\/historiografija.hr\/?p=18088"},"modified":"2019-12-14T10:34:57","modified_gmt":"2019-12-14T10:34:57","slug":"nazism-across-borders-the-social-policies-of-the-third-reich-and-their-global-appeal-edited-by-sandrine-kott-and-kiran-klaus-patel","status":"publish","type":"post","link":"https:\/\/historiografija.hr\/?p=18088","title":{"rendered":"Nazism across Borders: The Social Policies of the Third Reich and their Global Appeal. Edited by Sandrine Kott and Kiran Klaus Patel"},"content":{"rendered":"<p>Objavljen je 2019. godine zbornik \u201cNazism across Borders\u201d u kojem je tekst Alexandera Korba \u201cFrom the Balkans to Germany and Back: The Croatian Labour Service, 1941-1945\u201d.<\/p>\n<p>&nbsp;<\/p>\n<p>&#8212;<\/p>\n<p>&nbsp;<\/p>\n<p><strong>Nazism across Borders<\/strong><\/p>\n<p><strong>The Social Policies of the Third Reich and their Global Appeal<\/strong><\/p>\n<p>Edited by Sandrine Kott and Kiran Klaus Patel<\/p>\n<p>&nbsp;<\/p>\n<p>Studies of the German Historical Institute, London<\/p>\n<p>&nbsp;<\/p>\n<p><strong>Oxford University Press<\/strong><\/p>\n<p>Published: 08 January 2019<\/p>\n<p>454 Pages<\/p>\n<p><a href=\"https:\/\/global.oup.com\/academic\/product\/nazism-across-borders-9780198828969?cc=us&amp;lang=en&amp;#\">https:\/\/global.oup.com\/academic\/product\/nazism-across-borders-9780198828969?cc=us&amp;lang=en&amp;#<\/a><\/p>\n<p>&nbsp;<\/p>\n<p><strong>Overview<\/strong><\/p>\n<p>&#8211; First analysis of Nazi social policies in a global perspective<\/p>\n<p>&#8211; All essays based on fresh archival research in a broad range of countries<\/p>\n<p>&#8211; Hitherto neglected history of the authoritarian\/Nazi dimension of social policies\/the welfare state<\/p>\n<p>&nbsp;<\/p>\n<p><strong>Description<\/strong><\/p>\n<p><em>Nazism across Borders<\/em> argues that Nazi social policies were part of transnational exchanges and processes. Beyond territorial conquest, the Nazis planned to export and internationalize their version of welfare, and promoted a new kind of internationalism, pitched as a superior alternative to its liberal and Communist contenders.<\/p>\n<p>Since the late nineteenth century, the &#8216;German social model&#8217; had established itself as a powerful route for escaping from the precarious conditions associated with wage work. The Nazis capitalized on this reputation, continuing some elements, but also added new measures, mainly to pursue their antisemitic, racist, and highly aggressive goals.<\/p>\n<p>The contributions in this collection shed new light on the complex ways in which German and Nazi ideas were received and negotiated by non-German actors and groups around the world before the Second World War. Why were they interested in what was going on in Germany? To what extent did Nazi policies emulate programmes elsewhere (for example, in Fascist Italy), and where did they serve as role models? Nazi social policies, we argue, were a benchmark that societies as diverse as Japan, Norway, and the United States considered in making their own choices.<\/p>\n<p><em>Nazism across Borders<\/em> breaks new ground for the history of the Second World War and &#8216;Hitler&#8217;s empire&#8217; in Europe. How did the Nazis export their ideas when they finally occupied large swaths of the continent and what was the role of non-German actors? What were the links to the better-known stories of exploitation of lands, resources, and peoples?<\/p>\n<p>&nbsp;<\/p>\n<p><strong>Table of Contents<\/strong><\/p>\n<p>Abbreviations used in Footnotes<br \/>\nFascist Internationalism: Nazi Social Policy as an Imperial Project-An Introduction, <em>Sandrine Kott and Kiran Klaus Patel<\/em><br \/>\n<strong>Part I: Paths of Internationalization <\/strong><br \/>\n1. Competing Internationalisms: The Third Reich and the International Labour Organization (ILO), <em>Sandrine Kott<\/em><br \/>\n2. The First Takeover: The Implementation of Social Policy Measures in Austria by the Reich Ministry of Labour after the Anschluss, <em>Ulrike Schulz<\/em><br \/>\n3. An Unhappy Return: German Pension Insurance Policy in Alsace, <em>Alexander Klimo<\/em><br \/>\n4. A Dilemma of Change and Co-Operation: Labour and Social Policy in Bohemia and Moravia in the 1930s and 1940s, <em>Radka &amp;scaronustrov&amp;aacute<\/em><br \/>\n<strong>Part II: Allies and Models <\/strong><br \/>\n5. Transferring Radicalization? Social Policy Exchanges between Fascism and National Socialism, <em>Daniela Liebscher<\/em><br \/>\n6. The Axis at Work? Towards a Transnational History of Japan&#8217;s Social and Labour Policy in the 1930s and early 1940s, <em>Daniel Hedinger<\/em><br \/>\n7. When Fascism Does Not Keep its Promises: The Ambivalent Relations of Nazi Germany and Francoist Spain in the Field of Social Policy, <em>Am&amp;eacutelie Nuq<\/em><br \/>\n8. Under the Hard Law of War: Norwegian Social Reforms under German Influence, <em>Mats Ingulstad<\/em><br \/>\n9. From the Balkans to Germany and Back: The Croatian Labour Service, 1941-1945, <em>Alexander Korb<\/em><br \/>\n<strong>Part III: Reception and Alternatives <\/strong><br \/>\n10. Defining Alternatives: Nazi Social Policies and the New Deal, <em>Jill M. Jensen and Kiran Klaus Patel<\/em><br \/>\n11. Labour Policy, Germanness, and Nazi Influence in Brazil, <em>Ursula Prutsch<\/em><br \/>\n<strong>Part IV: Occupied Countries: Rejection and Hidden Implementation <\/strong><br \/>\n12. Danish Social Policy in the Shadow of Nazi Germany, 1933-1945, <em>Rasmus Mariager and Klaus Petersen<\/em><br \/>\n13. The Nazi Social Order Implemented? The Case of France, <em>Marcel Boldorf and Herv&amp;eacute Joly<\/em><br \/>\n14. German Ambitions and Belgian Expectations: Social Insurance and Industrial Relations in Occupied Belgium, 1940-1944, <em>Kenneth Bertrams and Sabine Rudischhauser<\/em><br \/>\nNotes on Contributors<br \/>\nIndex<\/p>\n<p>&nbsp;<\/p>\n<p><strong>Author Information<\/strong><\/p>\n<p>Sandrine Kott has been a full Professor of Modern European History at the University of Geneva since 2004. She studied history in Paris, at the University of Bielefeld (FRG), and at Columbia University (New York). She previously held a tenured assistant professorship at the University of Poitiers (France) and was a laureate of the Institut Universitaire de France. Her main fields of expertise are the history of social welfare and labour in Europe since the end of the nineteenth century, and labour (and power) relations in the countries of real socialism, in particular in the German Democratic Republic. She has developed the transnational and global dimensions of each of her fields of expertise by working with the archives and resources of international organizations.<\/p>\n<p>Kiran Klaus Patel is Professor and Chair of European and Global History at Maastricht University where he also serves as head of department. Before joining Maastricht University, he held a professorship at the European University Institute in Florence, Italy (2007-2011), and an assistant professorship at Humboldt University in Berlin (2002-2007). He has been (inter alia) a visiting fellow\/professor at the Ecole des Hautes Etudes en Science Sociales in Paris, the Free University of Berlin, Freiburg University, Harvard University, the London School of Economics, Sciences Po in Paris, and the University of Oxford.<\/p>\n<p>&nbsp;<\/p>\n<p><strong>Contributors:<\/strong><\/p>\n<p>Kenneth Bertrams, Universit\u00e9 Libre de Bruxelles<br \/>\nMarcel Boldorf, Universit\u00e9 de Lyon 2 Lumi\u00e9re<br \/>\nDaniel Hedinger, Ludwig Maximilian University of Munich<br \/>\nMats Ingulstad, Norwegian University of Science and Technology (NTNU)<br \/>\nJill M. Jensen, University of Redlands<br \/>\nHerv\u00e9 Joly, Laboratoire Triangle, Centre national de la recherche scientifique (CNRS), Universit\u00e9 de Lyon<br \/>\nAlexander Klimo, Independent Commission of Historians Investigating the History of the Reich Ministry of Labour<br \/>\nAlexander Korb, University of Leicester<br \/>\nSandrine Kott, University of Geneva<br \/>\nDaniela Liebscher, historian, freelance adviser and coach for academic writing<br \/>\nRasmus Mariager, University of Copenhagen<br \/>\nAm\u00e9lie Nuq, Grenoble Alpes University<br \/>\nKiran Klaus Patel, Maastricht University<br \/>\nKlaus Petersen, University of Southern Denmark<br \/>\nUrsula Prutsch, Ludwig Maximilian University of Munich<br \/>\nSabine Rudischhauser (1962\u00e22017), Universit\u00e9 Libre de Bruxelles\/Centre Marc Bloch, Berlin<br \/>\nUlrike Schulz, University of the Armed Forces, Munich<br \/>\nRadka \u0160ustrov\u00e1, Czech Academy of Sciences, Prague<\/p>\n<p>&nbsp;<\/p>\n<p>&nbsp;<\/p>\n","protected":false},"excerpt":{"rendered":"","protected":false},"author":2,"featured_media":18089,"comment_status":"open","ping_status":"open","sticky":false,"template":"","format":"standard","meta":{"_acf_changed":false,"jetpack_post_was_ever_published":false,"_jetpack_newsletter_access":"","_jetpack_dont_email_post_to_subs":false,"_jetpack_newsletter_tier_id":0,"_jetpack_memberships_contains_paywalled_content":false,"_jetpack_memberships_contains_paid_content":false,"footnotes":"","jetpack_publicize_message":"","jetpack_publicize_feature_enabled":true,"jetpack_social_post_already_shared":true,"jetpack_social_options":{"image_generator_settings":{"template":"highway","default_image_id":0,"font":"","enabled":false},"version":2}},"categories":[8,3],"tags":[],"class_list":["post-18088","post","type-post","status-publish","format-standard","has-post-thumbnail","hentry","category-knjige","category-novosti"],"acf":{"facebook_opis":""},"jetpack_publicize_connections":[],"jetpack_featured_media_url":"https:\/\/i0.wp.com\/historiografija.hr\/wp-content\/uploads\/2019\/12\/Nazism.jpg?fit=356%2C550&ssl=1","jetpack_sharing_enabled":true,"jetpack-related-posts":[{"id":52516,"url":"https:\/\/historiografija.hr\/?p=52516","url_meta":{"origin":18088,"position":0},"title":"Marko Grde\u0161i\u0107, Mislav \u017ditko, \u201eSocialist Economics in Yugoslavia: A Critical History\u201c","author":"Branimir Jankovi\u0107","date":"17. travnja 2026.","format":false,"excerpt":"This book presents a critical history of Yugoslav socialist economics, from its inception in the late 1940s to its dissolution in the late 1980s. After the dramatic break with the Soviet Union in 1948, Yugoslavia found itself in urgent need of a third way: A socialist trajectory which would not\u2026","rel":"","context":"U &quot;Knjige&quot;","block_context":{"text":"Knjige","link":"https:\/\/historiografija.hr\/?cat=8"},"img":{"alt_text":"","src":"https:\/\/i0.wp.com\/historiografija.hr\/wp-content\/uploads\/2026\/04\/Zitko_Grdesic.jpg?fit=350%2C535&ssl=1&resize=350%2C200","width":350,"height":200},"classes":[]}],"_links":{"self":[{"href":"https:\/\/historiografija.hr\/index.php?rest_route=\/wp\/v2\/posts\/18088","targetHints":{"allow":["GET"]}}],"collection":[{"href":"https:\/\/historiografija.hr\/index.php?rest_route=\/wp\/v2\/posts"}],"about":[{"href":"https:\/\/historiografija.hr\/index.php?rest_route=\/wp\/v2\/types\/post"}],"author":[{"embeddable":true,"href":"https:\/\/historiografija.hr\/index.php?rest_route=\/wp\/v2\/users\/2"}],"replies":[{"embeddable":true,"href":"https:\/\/historiografija.hr\/index.php?rest_route=%2Fwp%2Fv2%2Fcomments&post=18088"}],"version-history":[{"count":1,"href":"https:\/\/historiografija.hr\/index.php?rest_route=\/wp\/v2\/posts\/18088\/revisions"}],"predecessor-version":[{"id":18090,"href":"https:\/\/historiografija.hr\/index.php?rest_route=\/wp\/v2\/posts\/18088\/revisions\/18090"}],"wp:featuredmedia":[{"embeddable":true,"href":"https:\/\/historiografija.hr\/index.php?rest_route=\/wp\/v2\/media\/18089"}],"wp:attachment":[{"href":"https:\/\/historiografija.hr\/index.php?rest_route=%2Fwp%2Fv2%2Fmedia&parent=18088"}],"wp:term":[{"taxonomy":"category","embeddable":true,"href":"https:\/\/historiografija.hr\/index.php?rest_route=%2Fwp%2Fv2%2Fcategories&post=18088"},{"taxonomy":"post_tag","embeddable":true,"href":"https:\/\/historiografija.hr\/index.php?rest_route=%2Fwp%2Fv2%2Ftags&post=18088"}],"curies":[{"name":"wp","href":"https:\/\/api.w.org\/{rel}","templated":true}]}}