{"id":17969,"date":"2019-12-11T10:23:43","date_gmt":"2019-12-11T10:23:43","guid":{"rendered":"http:\/\/historiografija.hr\/?p=17969"},"modified":"2019-12-11T10:24:40","modified_gmt":"2019-12-11T10:24:40","slug":"mnemosyne-jasenovac-na-filmu-centar-za-kulturnu-dekontaminaciju-beograd-12-12-2019","status":"publish","type":"post","link":"https:\/\/historiografija.hr\/?p=17969","title":{"rendered":"Mnemosyne :: Jasenovac na filmu (Centar za kulturnu dekontaminaciju, Beograd, 12. 12. 2019.)"},"content":{"rendered":"<p>Mnemosyne : : Jasenovac na filmu interdisciplinarni je diskurzivni program koji doti\u010de kompleksna pitanja vezana za reprezentacije logora smrti u filmskom mediju. Na koji na\u010din se pro\u0161lost jasenova\u010dkog logora i 2. svjetskog rata uokviruje u filmskom vremenu? Kakvi se zna\u010denjski odnosi uspostavljaju izme\u0111u pro\u0161losti i sada\u0161njosti odnosno kakvi su re\u017eimi histori\u010dnosti u filmovima o jasenova\u010dkom logoru? Kakav je dru\u0161tveni prostor filmskog prezenta? Iz koje pozicije se tuma\u010di pro\u0161lost? Koji su performativni aspekti filma? Kako danas govorimo o Jasenovcu?<\/p>\n<p>&nbsp;<\/p>\n<p>Autorice programa Ana Kr\u0161ini\u0107 Lozica i Sonja Lebo\u0161 dati \u0107e u okviru mikro-radioni\u010dkog formata uvod u dva filma Bogdana \u017di\u017ei\u0107a, nastala u vremenskom razmaku od gotovo pola stolje\u0107a (prvi film \u201cJasenovac\u201d nastao je 1966. godine, dok je drugi, \u201cJasenova\u010dki memento\u201d, zavr\u0161en 2015. godine).<\/p>\n<p>&nbsp;<\/p>\n<p>Nakon filmske projekcije, uz razgovor s ekipom filma \u201cZave\u0161tanje\u201d redateljskog tandema Ivana i Monje Jovi\u0107 te Milovanom Pissarijem (Centar Za Primenjenu Istoriju), poku\u0161ati \u0107e se otvoriti neke mogu\u0107nosti odgovora na gore postavljena pitanja.<\/p>\n<p>&nbsp;<\/p>\n<p>Koncept programa Mnemosyne : : Jasenovac na filmu: Udruga za interdisciplinarna i interkulturalna istra\u017eivanja (UIII)<\/p>\n<p>Podr\u0161ka: Hrvatski audiovizualni centar<\/p>\n<p>UIII se naro\u010dito zahvaljuje na suradnji i podr\u0161ci Centar za kulturnu dekontaminaciju.<\/p>\n<p>&nbsp;<\/p>\n<p>O autorima:<\/p>\n<p>ANA KR\u0160INI\u0106-LOZICA je diplomirala povijest umjetnosti i komparativnu knji\u017eevnost na Filozofskom fakultetu Sveu\u010dili\u0161ta u Zagrebu (2008.), gdje je trenutno doktorandica na Poslijediplomskom studiju knji\u017eevnosti, filma, izvedbenih umjetnosti i kulture pod mentorstvom dr. sc. Renate Jambre\u0161i\u0107-Kirin. Od 2005. godine radi kao free-lance kustosica i likovna kriti\u010darka, a od 2010. do 2017. godine radi kao znanstvena asistentica u Hrvatskom muzeju arhitekture HAZU. Za doktorsko istra\u017eivanje na temu (post)socijalisti\u010dke kulture sje\u0107anja u Hrvatskoj dobiva stipendiju Francuske vlade u sklopu koje provodi ak. god. 2014.\/15. na \u00c9cole des hautes \u00e9tudes en sciences sociales (EHESS) u Parizu pod vodstvom dr.sc. Erica Michauda. Bavi se temama koje se nalaze na presjeci\u0161tu arhitekture, vizualnih umjetnosti i knji\u017eevnosti, kroz prizmu odnosa pam\u0107enja, ideologije i kolektivnih identiteta u razdoblju od 2. svj. rata do danas.<\/p>\n<p>&nbsp;<\/p>\n<p>SONJA LEBO\u0160, autorica, urednica, kandidatkinja za doktoricu znanosti na Sveu\u010dili\u0161tu u Zadru (radni naslov: Grad na filmu, film u gradu), etnologinja i kult.antropologinja te hispanistica (FF u Zagrebu), ekspert za kulturni turizam (Sveu\u010dili\u0161te u Bolonji) i likovni pedagog (Freie Hochschule Stuttgart), studirala arhitekturu i scenografiju u Zagrebu i Pragu. Autorica projekta Mnemosyne, unutar kojeg je, izme\u0111u ostalog, predstavljena u Hrvatskoj i prva posthumna izlo\u017eba o Bogdanu Bogdanovi\u0107u<\/p>\n<p>&nbsp;<\/p>\n<p>BOGDAN \u017dI\u017dI\u0106\u00a0 re\u017eiser je i scenarist prete\u017eno kratkih i dokumentarnih filmova.<\/p>\n<p>Bogdan \u017di\u017ei\u0107 je ro\u0111en u Solinu, diplomirao je pravo na Pravnom fakultetu u Zagrebu. Jedan je od najplodnijih hrvatskih autora kratkometra\u017enih dokumentarnih i igranih (pokatkad i eksperimentalno usmjerenih) filmova, \u010desto nagra\u0111ivanih na me\u0111unarodnim festivalima (Oberhausen, Leipzig, Krakov, Sofija, Trst, New York, Atlanta i dr.). Od 1960-64. radi kao dramaturg u Zagreb filmu, a kao re\u017eiser debitira dokumentarnim filmom \u201cPoplava\u201d (1964.) o poznatoj velikoj poplavi u Zagrebu.<\/p>\n<p>Izbor iz filmografije:<\/p>\n<p>Ku\u0107a (1975.)<\/p>\n<p>Ne naginji se van (1977.)<\/p>\n<p>Daj \u0161to da\u0161 (1979.)<\/p>\n<p>Rani snijeg u M\u00fcnchenu (1984.)<\/p>\n<p>Cijena \u017eivota (1994.)<\/p>\n<p>&nbsp;<\/p>\n<p>Izvor: <a href=\"https:\/\/www.facebook.com\/events\/765826280550060\/\">https:\/\/www.facebook.com\/events\/765826280550060\/<\/a><\/p>\n<p>&nbsp;<\/p>\n<p>&nbsp;<\/p>\n","protected":false},"excerpt":{"rendered":"","protected":false},"author":2,"featured_media":16890,"comment_status":"open","ping_status":"open","sticky":false,"template":"","format":"standard","meta":{"_acf_changed":false,"jetpack_post_was_ever_published":false,"_jetpack_newsletter_access":"","_jetpack_dont_email_post_to_subs":false,"_jetpack_newsletter_tier_id":0,"_jetpack_memberships_contains_paywalled_content":false,"_jetpack_memberships_contains_paid_content":false,"footnotes":"","jetpack_publicize_message":"","jetpack_publicize_feature_enabled":true,"jetpack_social_post_already_shared":true,"jetpack_social_options":{"image_generator_settings":{"template":"highway","default_image_id":0,"font":"","enabled":false},"version":2}},"categories":[13,3],"tags":[],"class_list":["post-17969","post","type-post","status-publish","format-standard","has-post-thumbnail","hentry","category-filmovi-i-serije","category-novosti"],"acf":{"facebook_opis":""},"jetpack_publicize_connections":[],"jetpack_featured_media_url":"https:\/\/i0.wp.com\/historiografija.hr\/wp-content\/uploads\/2019\/10\/jasenovac_foto-Damil-Kalogjera.jpg?fit=917%2C567&ssl=1","jetpack_sharing_enabled":true,"jetpack-related-posts":[{"id":52717,"url":"https:\/\/historiografija.hr\/?p=52717","url_meta":{"origin":17969,"position":0},"title":"Okrugli stol &#8220;Dvjestapedeset godina Sjedinjenih Ameri\u010dkih Dr\u017eava \u2013 od kolonije do prve zemlje svijeta i dalje&#8221;","author":"Filip \u0160imunjak","date":"29. travnja 2026.","format":false,"excerpt":"Ove godine obilje\u017eava se 250. obljetnica osnutka Sjedinjenih Ameri\u010dkih Dr\u017eava, povodom koje je pokrenut niz rasprava o ameri\u010dkoj povijesti, njezinoj globalnoj ulozi i naslje\u0111u koje se prote\u017ee od 1776. do danas. Obljetnica je ujedno prilika za promi\u0161ljanje o tome kako danas tuma\u010dimo ameri\u010dku pro\u0161lost, ali i (aktualnu) ulogu SAD-a u\u2026","rel":"","context":"U &quot;Novosti&quot;","block_context":{"text":"Novosti","link":"https:\/\/historiografija.hr\/?cat=3"},"img":{"alt_text":"","src":"https:\/\/i0.wp.com\/historiografija.hr\/wp-content\/uploads\/2026\/04\/Kliofest-01-utorak-I-02-OS-250-godina-SAD.jpg?fit=1200%2C566&ssl=1&resize=350%2C200","width":350,"height":200,"srcset":"https:\/\/i0.wp.com\/historiografija.hr\/wp-content\/uploads\/2026\/04\/Kliofest-01-utorak-I-02-OS-250-godina-SAD.jpg?fit=1200%2C566&ssl=1&resize=350%2C200 1x, https:\/\/i0.wp.com\/historiografija.hr\/wp-content\/uploads\/2026\/04\/Kliofest-01-utorak-I-02-OS-250-godina-SAD.jpg?fit=1200%2C566&ssl=1&resize=525%2C300 1.5x, https:\/\/i0.wp.com\/historiografija.hr\/wp-content\/uploads\/2026\/04\/Kliofest-01-utorak-I-02-OS-250-godina-SAD.jpg?fit=1200%2C566&ssl=1&resize=700%2C400 2x, https:\/\/i0.wp.com\/historiografija.hr\/wp-content\/uploads\/2026\/04\/Kliofest-01-utorak-I-02-OS-250-godina-SAD.jpg?fit=1200%2C566&ssl=1&resize=1050%2C600 3x"},"classes":[]},{"id":52505,"url":"https:\/\/historiografija.hr\/?p=52505","url_meta":{"origin":17969,"position":1},"title":"Izlo\u017eba &#8220;Eschenstock \/ Jasenov prut&#8221;","author":"Branimir Jankovi\u0107","date":"17. travnja 2026.","format":false,"excerpt":"Srpsko narodno vije\u0107e (SNV) i Vizura aperta postavljaju izlo\u017ebu \u0161vicarskog slikara Velimira Ili\u0161evi\u0107a: Eschenstock \/ Jasenov prut. Izlo\u017eba se uz prisustvo autora otvara povodom 81. godi\u0161njice proboja logora\u0161a iz usta\u0161kog logora smrti Jasenovac 22. aprila 2026. u 19 sati u Srpskom kulturnom centru (SKC) u Preradovi\u0107evoj ulici 21 u Zagrebu.\u2026","rel":"","context":"U &quot;Izlo\u017ebe&quot;","block_context":{"text":"Izlo\u017ebe","link":"https:\/\/historiografija.hr\/?cat=10"},"img":{"alt_text":"","src":"https:\/\/i0.wp.com\/historiografija.hr\/wp-content\/uploads\/2026\/04\/Jasenov_prut.jpg?fit=1024%2C640&ssl=1&resize=350%2C200","width":350,"height":200,"srcset":"https:\/\/i0.wp.com\/historiografija.hr\/wp-content\/uploads\/2026\/04\/Jasenov_prut.jpg?fit=1024%2C640&ssl=1&resize=350%2C200 1x, https:\/\/i0.wp.com\/historiografija.hr\/wp-content\/uploads\/2026\/04\/Jasenov_prut.jpg?fit=1024%2C640&ssl=1&resize=525%2C300 1.5x, https:\/\/i0.wp.com\/historiografija.hr\/wp-content\/uploads\/2026\/04\/Jasenov_prut.jpg?fit=1024%2C640&ssl=1&resize=700%2C400 2x"},"classes":[]},{"id":52528,"url":"https:\/\/historiografija.hr\/?p=52528","url_meta":{"origin":17969,"position":2},"title":"[Promocija knjige] Banja Luka u ratu: Etnopolitika i svakodnevica (1990\u20131995) (ActiveLab, YugoLab)","author":"Branimir Jankovi\u0107","date":"17. travnja 2026.","format":false,"excerpt":"Institut za filozofiju i dru\u0161tvenu teoriju i O\u0161tra Nula organizuju promociju knjige Banja Luka u ratu: Etnopolitika i svakodnevica (1990\u20131995) autorke Armine Galija\u0161, koja \u0107e se odr\u017eati 20. aprila 2026. u 12.00 sati u prostorijama Instituta (Kraljice Natalije 45, Beograd). Re\u010d je o prvom nau\u010dno utemeljenom i sistematskom radu koji\u2026","rel":"","context":"U &quot;Novosti&quot;","block_context":{"text":"Novosti","link":"https:\/\/historiografija.hr\/?cat=3"},"img":{"alt_text":"","src":"https:\/\/i0.wp.com\/historiografija.hr\/wp-content\/uploads\/2026\/04\/20-april-RS.jpg?fit=1200%2C675&ssl=1&resize=350%2C200","width":350,"height":200,"srcset":"https:\/\/i0.wp.com\/historiografija.hr\/wp-content\/uploads\/2026\/04\/20-april-RS.jpg?fit=1200%2C675&ssl=1&resize=350%2C200 1x, https:\/\/i0.wp.com\/historiografija.hr\/wp-content\/uploads\/2026\/04\/20-april-RS.jpg?fit=1200%2C675&ssl=1&resize=525%2C300 1.5x, https:\/\/i0.wp.com\/historiografija.hr\/wp-content\/uploads\/2026\/04\/20-april-RS.jpg?fit=1200%2C675&ssl=1&resize=700%2C400 2x, https:\/\/i0.wp.com\/historiografija.hr\/wp-content\/uploads\/2026\/04\/20-april-RS.jpg?fit=1200%2C675&ssl=1&resize=1050%2C600 3x"},"classes":[]},{"id":52536,"url":"https:\/\/historiografija.hr\/?p=52536","url_meta":{"origin":17969,"position":3},"title":"Kader Abdolah, \u201ePrije nego \u0161to bude kasno\u201c","author":"Branimir Jankovi\u0107","date":"20. travnja 2026.","format":false,"excerpt":"Kader Abdolah \u017eeli se vratiti ku\u0107i. Ali povratak je nemogu\u0107: u Iranu bi bio uhap\u0161en. Pod la\u017enim imenom i s krivotvorenim paso\u0161em ipak uspijeva u\u0107i u domovinu i sti\u017ee do roditeljske ku\u0107e, visoko u planinama. Majka ga ne prepoznaje, otac je mrtav, a sve \u0161to je tra\u017eio izmi\u010de mu pred\u2026","rel":"","context":"U &quot;Novosti&quot;","block_context":{"text":"Novosti","link":"https:\/\/historiografija.hr\/?cat=3"},"img":{"alt_text":"","src":"https:\/\/i0.wp.com\/historiografija.hr\/wp-content\/uploads\/2026\/04\/Prije-nego-sto-bude-kasno.webp?fit=566%2C872&ssl=1&resize=350%2C200","width":350,"height":200,"srcset":"https:\/\/i0.wp.com\/historiografija.hr\/wp-content\/uploads\/2026\/04\/Prije-nego-sto-bude-kasno.webp?fit=566%2C872&ssl=1&resize=350%2C200 1x, https:\/\/i0.wp.com\/historiografija.hr\/wp-content\/uploads\/2026\/04\/Prije-nego-sto-bude-kasno.webp?fit=566%2C872&ssl=1&resize=525%2C300 1.5x"},"classes":[]},{"id":52660,"url":"https:\/\/historiografija.hr\/?p=52660","url_meta":{"origin":17969,"position":4},"title":"Medijski odjeci \u010dlanka Steve \u0110ura\u0161kovi\u0107a \u201e\u017dupanovljeva ne\u017eeljena djeca: ideolo\u0161ko pribli\u017eavanje neoliberala i kr\u0161\u0107anske radikalne desnice u Hrvatskoj\u201c","author":"Branimir Jankovi\u0107","date":"24. travnja 2026.","format":false,"excerpt":"U sklopu projekta \u201eIzazovi intelektualne povijesti: recepcije, preobrazbe i upotrebe politi\u010dkih ideja\u201c objavljen je polemi\u010dki \u010dlanak Steve \u0110ura\u0161kovi\u0107a \u201e\u017dupanovljeva ne\u017eeljena djeca: ideolo\u0161ko pribli\u017eavanje neoliberala i kr\u0161\u0107anske radikalne desnice u Hrvatskoj\u201c, koji je izazvao odre\u0111ene medijske reakcije. Stevo \u0110ura\u0161kovi\u0107 \u017dupanovljeva ne\u017eeljena djeca: ideolo\u0161ko pribli\u017eavanje neoliberala i kr\u0161\u0107anske radikalne desnice u Hrvatskoj\u2026","rel":"","context":"U &quot;Novosti&quot;","block_context":{"text":"Novosti","link":"https:\/\/historiografija.hr\/?cat=3"},"img":{"alt_text":"","src":"https:\/\/i0.wp.com\/historiografija.hr\/wp-content\/uploads\/2026\/04\/SD.png?fit=809%2C821&ssl=1&resize=350%2C200","width":350,"height":200,"srcset":"https:\/\/i0.wp.com\/historiografija.hr\/wp-content\/uploads\/2026\/04\/SD.png?fit=809%2C821&ssl=1&resize=350%2C200 1x, https:\/\/i0.wp.com\/historiografija.hr\/wp-content\/uploads\/2026\/04\/SD.png?fit=809%2C821&ssl=1&resize=525%2C300 1.5x, https:\/\/i0.wp.com\/historiografija.hr\/wp-content\/uploads\/2026\/04\/SD.png?fit=809%2C821&ssl=1&resize=700%2C400 2x"},"classes":[]},{"id":52733,"url":"https:\/\/historiografija.hr\/?p=52733","url_meta":{"origin":17969,"position":5},"title":"Vlado Raji\u0107 \u201eGranica na kraju stolje\u0107a\u201c","author":"Filip \u0160imunjak","date":"29. travnja 2026.","format":false,"excerpt":"U suizdanju Durieuxa i Beletre objavljena je 2025. godine knjiga Granica na kraju stolje\u0107a autora Vlade Raji\u0107a.\u00a0 O knjizi\u00a0 Romansirana biografija Vladimira Iblera mnogo je vi\u0161e od zanimljive pri\u010de o privatnom \u017eivotu i impresivnoj profesionalnoj karijeri istaknutog stru\u010dnjaka za me\u0111unarodno pravo i dugo\u00adgodi\u0161njeg profesora na zagreba\u010dkom Pravnom fakultetu, akademika, koji\u2026","rel":"","context":"U &quot;Knjige&quot;","block_context":{"text":"Knjige","link":"https:\/\/historiografija.hr\/?cat=8"},"img":{"alt_text":"","src":"https:\/\/i0.wp.com\/historiografija.hr\/wp-content\/uploads\/2026\/04\/VLADO-RAJIC-GRANICA-NA-KRAJU-STOLJECA.jpg?fit=450%2C650&ssl=1&resize=350%2C200","width":350,"height":200},"classes":[]}],"_links":{"self":[{"href":"https:\/\/historiografija.hr\/index.php?rest_route=\/wp\/v2\/posts\/17969","targetHints":{"allow":["GET"]}}],"collection":[{"href":"https:\/\/historiografija.hr\/index.php?rest_route=\/wp\/v2\/posts"}],"about":[{"href":"https:\/\/historiografija.hr\/index.php?rest_route=\/wp\/v2\/types\/post"}],"author":[{"embeddable":true,"href":"https:\/\/historiografija.hr\/index.php?rest_route=\/wp\/v2\/users\/2"}],"replies":[{"embeddable":true,"href":"https:\/\/historiografija.hr\/index.php?rest_route=%2Fwp%2Fv2%2Fcomments&post=17969"}],"version-history":[{"count":2,"href":"https:\/\/historiografija.hr\/index.php?rest_route=\/wp\/v2\/posts\/17969\/revisions"}],"predecessor-version":[{"id":17971,"href":"https:\/\/historiografija.hr\/index.php?rest_route=\/wp\/v2\/posts\/17969\/revisions\/17971"}],"wp:featuredmedia":[{"embeddable":true,"href":"https:\/\/historiografija.hr\/index.php?rest_route=\/wp\/v2\/media\/16890"}],"wp:attachment":[{"href":"https:\/\/historiografija.hr\/index.php?rest_route=%2Fwp%2Fv2%2Fmedia&parent=17969"}],"wp:term":[{"taxonomy":"category","embeddable":true,"href":"https:\/\/historiografija.hr\/index.php?rest_route=%2Fwp%2Fv2%2Fcategories&post=17969"},{"taxonomy":"post_tag","embeddable":true,"href":"https:\/\/historiografija.hr\/index.php?rest_route=%2Fwp%2Fv2%2Ftags&post=17969"}],"curies":[{"name":"wp","href":"https:\/\/api.w.org\/{rel}","templated":true}]}}