{"id":17925,"date":"2019-12-09T16:42:00","date_gmt":"2019-12-09T16:42:00","guid":{"rendered":"http:\/\/historiografija.hr\/?p=17925"},"modified":"2019-12-09T16:42:00","modified_gmt":"2019-12-09T16:42:00","slug":"premijerno-prikazivanje-serije-general","status":"publish","type":"post","link":"https:\/\/historiografija.hr\/?p=17925","title":{"rendered":"Premijerno prikazivanje serije \u201cGeneral\u201d"},"content":{"rendered":"<p><strong>Hrvatska radiotelevizija (HRT) od ponedjeljka, 9. prosinca na Prvom programu (HRT-HTV1) u udarnom terminu od 21 sat po\u010dinje s premijernim prikazivanjem serije General, biografske ratne drame Antuna Vrdoljaka o \u017eivotnom putu hrvatskoga generala Ante Gotovine.<\/strong><strong><\/p>\n<p><\/strong>Ova serija od osam epizoda snimana je istodobno s filmom koji je pretpremijerno prikazan u hrvatskim kinima simboli\u010dno na Dan domovinske zahvalnosti, a sada \u0107e ju imati prilike vidjeti i gledatelji HRT-a.<\/p>\n<p>Prvi prizori serije vezani su za sudnicu Me\u0111unarodnog kaznenog suda u Hagu, odnosno za izricanje presude <strong>Anti Gotovini<\/strong> (kao i <strong>Mladenu Marka\u010du<\/strong> i <strong>Ivanu<\/strong> <strong>\u010cermaku<\/strong>), 15. travnja 2011. godine. Slu\u0161aju\u0107i presudu i obrazlo\u017eenje optu\u017enice da je kriv za te\u0161ka djela, kojim ga terete, Ante poku\u0161ava doprijeti do prvog izvora svoga sje\u0107anja.<\/p>\n<p>Imao je ne\u0161to vi\u0161e od \u010detiri godine kada je poginula njegova majka Ana, \u0161tite\u0107i ga od mine kojom se u blizini ku\u0107e lomio kamen. Djetinjstvo je proveo u prelijepom Kornatskom okru\u017eenju, u prijateljstvu s vr\u0161njakom Sre\u0107kom, ma\u0161taju\u0107i kako \u0107e jednoga dana upoznati cijeli svijet. Sa sedamnaest godina ukrcava se, kao mornar, na teretni prekooceanski brod, na kojem susre\u0107e zagonetnog \u010dovjeka koji \u0107e mu od\u0161krinuti tajnu Legije stranaca.<\/p>\n<p>Kao pripadnik Legije pro\u0107i \u0107e sva\u0161ta &#8211; od drasti\u010dnog vojni\u010dkog drila do raznih lokalnih rati\u0161ta; kroz diverzantsku izobrazbu dogurat \u0107e do visokog do\u010dasni\u010dkog \u010dina. U jednoj akciji u Africi Ante biva te\u0161ko ranjen. To ranjavanje isklju\u010di mogu\u0107nost nastavka diverzantske slu\u017ebe i on prihva\u0107a ponu\u0111enu slu\u017ebu francuskog instruktora ju\u017enoameri\u010dkih slu\u017ebi za borbu protiv krijum\u010darenja kokaina.<\/p>\n<p>U Kolumbiji upoznaje svoju veliku ljubav, mladu i pomalo razma\u017eenu k\u0107er iz bogate obitelji \u0161panjolskoga podrijetla. Ta veza je bogata ljubavlju i ljubomorom, a zavr\u0161ava brakom i ro\u0111enjem k\u0107eri <strong>Ximene<\/strong>. Tijekom jednog boravka u Argentini upoznaje trojicu iseljenika od kojih doznaje da je u Hrvatskoj po\u010deo rat. Kad na televiziji vidi stra\u0161ne slike razaranja Dubrovnika, uz vrlo bolan rastanak sa \u017eenom i k\u0107eri, odlazi u domovinu staviti joj na raspolaganje svoje bogato vojni\u010dko i ratni\u010dko iskustvo.<\/p>\n<p>Ante uo\u010dava da je stanje obrane veoma te\u0161ko. Istina, puno je dragovoljaca, ali su neobu\u010deni, a naoru\u017eanja gotovo i nema. Na Sljemenu organizira obuku dragovoljaca, pod geslom: &#8220;Vi\u0161e znoja, manje krvi&#8221;. Uskoro upoznaje generala <strong>Janka Bobetka<\/strong> s kojim \u0107e ga povezati iskreno prijateljstvo i duboko po\u0161tovanje. Zajedno \u0107e se suprotstaviti paklenom velikosrpskom naumu da se Hrvatska presje\u010de na dva dijela (Virovitica-Karlovac-Karlobag). Ante vodi manju jedinicu diverzanata koja ima zadatak onemogu\u0107iti prodor tenkova i tako kupovati vrijeme dok se hrvatska vojska ne naoru\u017ea. U jednoj akciji Ante biva ranjen i neko vrijeme provest \u0107e u bolnici.<\/p>\n<p>Po izlasku odlazi s Bobetkom na ju\u017eno boji\u0161te, sa zadatkom obrane Dubrovnika i Dalmacije. Uskoro ga Bobetko imenuje zapovjednikom Zbornog podru\u010dja Split, a glavni zadatak mu je onemogu\u0107iti povezivanje snaga iz Knina i Banja Luke. U Livnu sti\u010de nove suborce, ali i veoma vojni\u010dki te\u0161ku situaciju. Dolazi vrijeme za akciju Maslenica, gdje upoznaje televizijsku novinarku <strong>Vesnu<\/strong>. U trenucima kad se razvila mala romansa s Vesnom, njegov brat je te\u0161ko stradao i \u010dine se napori da uop\u0107e pre\u017eivi. Vesna shva\u0107a da Ante sad sav pripada ratu i da je preveliko breme odgovornosti na njegovim le\u0111ima. Vra\u0107a se u Zagreb, gdje \u0107e roditi djevoj\u010dicu, kojoj daje ime <strong>Ana<\/strong>, po Antinoj majci.<\/p>\n<p>Vojna akcija Maslenica i jo\u0161 nekoliko operacija na podru\u010dju koje je pripadalo Antinoj odgovornosti, a koje su briljantno vojni\u010dki izvedene, donijele su mu \u010din generala. Ante zna da je oslobo\u0111enje Knina klju\u010dna operacija Domovinskog rata: tamo gdje je sve po\u010delo, tamo se mora i zavr\u0161iti. Donosi plan da se Knin mora osloboditi s Dinare. Nadljudskim naporima, u najve\u0107oj tajnosti, Ante \u0107e uspjeti iznijeti &#8220;na rukama&#8221; topove na vrh Dinare, ali dovu\u0107i i tenkove za kona\u010dni obra\u010dun s okupacijom svoje zemlje. Akcija je nazvana Oluja i protekla je bezbolnije nego se Ante nadao: dan prije po\u010detka operacije obavje\u0161tajna slu\u017eba u Antinom \u0161tabu ulovila je odluku, koju je donijelo zapovjedni\u0161tvo kninskih snaga o povla\u010denju vojske i civila u Bosnu i Kosovo.<\/p>\n<p>U seriji glume\u00a0<strong>Goran Vi\u0161nji\u0107<\/strong>, <strong>Nata\u0161a Janji\u0107<\/strong>, <strong>Olga Pakalovi\u0107<\/strong>, <strong>Iva Kraljevi\u0107<\/strong>, <strong>Mustafa Nadarevi\u0107<\/strong>, <strong>Goran Navojec<\/strong>, <strong>Borko Peri\u0107<\/strong>, <strong>Tarik Filip<\/strong>ovi\u0107, <strong>Boris Svrtan<\/strong>, <strong>Ivo<\/strong> <strong>Gregurevi\u0107<\/strong>, <strong>Rene Bitorajac<\/strong>, <strong>Robert Budak<\/strong>. Scenarist i redatelj je Antun Vrdoljak. Monta\u017eer je <strong>Alfred Kolombo<\/strong>, dok fotografiju potpisuje <strong>Vjekoslav Vrdoljak<\/strong>, a glazbu <strong>Sini\u0161a Leopold<\/strong>.<\/p>\n<p>Osim na Prvom programu, seriju mo\u017eete pratiti i na HTV 3 uz audiodeskripciju. Rije\u010d je o dodatnim verbalnim opisima scena, koji se emitiraju u vrijeme zvu\u010dnih stanki &#8211; ti\u0161ina, kao pomo\u0107 u razumijevanju i ostvarivanju \u0161to potpunijeg dojma emisije za osobe o\u0161te\u0107ena vida.<\/p>\n<p>&nbsp;<\/p>\n<p>Izvor i dodatne informacije:<\/p>\n<p><a href=\"https:\/\/hrtprikazuje.hrt.hr\/563155\/serija-general-od-9-prosinca-premijerno-na-prvom-programu\">https:\/\/hrtprikazuje.hrt.hr\/563155\/serija-general-od-9-prosinca-premijerno-na-prvom-programu<\/a><\/p>\n<p><a href=\"https:\/\/raspored.hrt.hr\/\">https:\/\/raspored.hrt.hr\/<\/a><\/p>\n<p>&nbsp;<\/p>\n<p>&nbsp;<\/p>\n","protected":false},"excerpt":{"rendered":"","protected":false},"author":2,"featured_media":17926,"comment_status":"open","ping_status":"open","sticky":false,"template":"","format":"standard","meta":{"_acf_changed":false,"jetpack_post_was_ever_published":false,"_jetpack_newsletter_access":"","_jetpack_dont_email_post_to_subs":false,"_jetpack_newsletter_tier_id":0,"_jetpack_memberships_contains_paywalled_content":false,"_jetpack_memberships_contains_paid_content":false,"footnotes":"","jetpack_publicize_message":"","jetpack_publicize_feature_enabled":true,"jetpack_social_post_already_shared":true,"jetpack_social_options":{"image_generator_settings":{"template":"highway","default_image_id":0,"font":"","enabled":false},"version":2}},"categories":[13,3],"tags":[],"class_list":["post-17925","post","type-post","status-publish","format-standard","has-post-thumbnail","hentry","category-filmovi-i-serije","category-novosti"],"acf":{"facebook_opis":""},"jetpack_publicize_connections":[],"jetpack_featured_media_url":"https:\/\/i0.wp.com\/historiografija.hr\/wp-content\/uploads\/2019\/12\/General.jpg?fit=688%2C388&ssl=1","jetpack_sharing_enabled":true,"jetpack-related-posts":[{"id":52547,"url":"https:\/\/historiografija.hr\/?p=52547","url_meta":{"origin":17925,"position":0},"title":"ISHA Zagreb \u2013 Filmska ve\u010der: Povratak Martina Guerrea","author":"Branimir Jankovi\u0107","date":"20. travnja 2026.","format":false,"excerpt":"Klub studenata povijesti \u2013 ISHA Zagreb poziva Vas na filmsku ve\u010der na kojoj \u0107e se prikazivati \u201ePovratak Martina Guerrea\u201c, povijesna drama iz 1982. godine s radnjom smje\u0161tenom u 16. stolje\u0107u. Radnja je utemeljena na stvarnoj povijesnoj li\u010dnosti Martina Guerrea koji se nakon mnogo godina izbivanja vra\u0107a u svoje rodno mjesto\u2026","rel":"","context":"U &quot;Filmovi i serije&quot;","block_context":{"text":"Filmovi i serije","link":"https:\/\/historiografija.hr\/?cat=13"},"img":{"alt_text":"","src":"https:\/\/i0.wp.com\/historiografija.hr\/wp-content\/uploads\/2026\/04\/M-Guerre.png?fit=702%2C1006&ssl=1&resize=350%2C200","width":350,"height":200,"srcset":"https:\/\/i0.wp.com\/historiografija.hr\/wp-content\/uploads\/2026\/04\/M-Guerre.png?fit=702%2C1006&ssl=1&resize=350%2C200 1x, https:\/\/i0.wp.com\/historiografija.hr\/wp-content\/uploads\/2026\/04\/M-Guerre.png?fit=702%2C1006&ssl=1&resize=525%2C300 1.5x, https:\/\/i0.wp.com\/historiografija.hr\/wp-content\/uploads\/2026\/04\/M-Guerre.png?fit=702%2C1006&ssl=1&resize=700%2C400 2x"},"classes":[]},{"id":52505,"url":"https:\/\/historiografija.hr\/?p=52505","url_meta":{"origin":17925,"position":1},"title":"Izlo\u017eba &#8220;Eschenstock \/ Jasenov prut&#8221;","author":"Branimir Jankovi\u0107","date":"17. travnja 2026.","format":false,"excerpt":"Srpsko narodno vije\u0107e (SNV) i Vizura aperta postavljaju izlo\u017ebu \u0161vicarskog slikara Velimira Ili\u0161evi\u0107a: Eschenstock \/ Jasenov prut. Izlo\u017eba se uz prisustvo autora otvara povodom 81. godi\u0161njice proboja logora\u0161a iz usta\u0161kog logora smrti Jasenovac 22. aprila 2026. u 19 sati u Srpskom kulturnom centru (SKC) u Preradovi\u0107evoj ulici 21 u Zagrebu.\u2026","rel":"","context":"U &quot;Izlo\u017ebe&quot;","block_context":{"text":"Izlo\u017ebe","link":"https:\/\/historiografija.hr\/?cat=10"},"img":{"alt_text":"","src":"https:\/\/i0.wp.com\/historiografija.hr\/wp-content\/uploads\/2026\/04\/Jasenov_prut.jpg?fit=1024%2C640&ssl=1&resize=350%2C200","width":350,"height":200,"srcset":"https:\/\/i0.wp.com\/historiografija.hr\/wp-content\/uploads\/2026\/04\/Jasenov_prut.jpg?fit=1024%2C640&ssl=1&resize=350%2C200 1x, https:\/\/i0.wp.com\/historiografija.hr\/wp-content\/uploads\/2026\/04\/Jasenov_prut.jpg?fit=1024%2C640&ssl=1&resize=525%2C300 1.5x, https:\/\/i0.wp.com\/historiografija.hr\/wp-content\/uploads\/2026\/04\/Jasenov_prut.jpg?fit=1024%2C640&ssl=1&resize=700%2C400 2x"},"classes":[]},{"id":52556,"url":"https:\/\/historiografija.hr\/?p=52556","url_meta":{"origin":17925,"position":2},"title":"ZagrebDox 2026.","author":"Branimir Jankovi\u0107","date":"20. travnja 2026.","format":false,"excerpt":"Me\u0111unarodni festival dokumentarnog filma 19. - 26. travnja 2026. Kaptol Boutique Cinema, Zagreb Program i dodatne obavijesti: https:\/\/zagrebdox.net\/hr","rel":"","context":"U &quot;Filmovi i serije&quot;","block_context":{"text":"Filmovi i serije","link":"https:\/\/historiografija.hr\/?cat=13"},"img":{"alt_text":"","src":"https:\/\/i0.wp.com\/historiografija.hr\/wp-content\/uploads\/2026\/04\/DOX-logo.jpg?fit=600%2C600&ssl=1&resize=350%2C200","width":350,"height":200,"srcset":"https:\/\/i0.wp.com\/historiografija.hr\/wp-content\/uploads\/2026\/04\/DOX-logo.jpg?fit=600%2C600&ssl=1&resize=350%2C200 1x, https:\/\/i0.wp.com\/historiografija.hr\/wp-content\/uploads\/2026\/04\/DOX-logo.jpg?fit=600%2C600&ssl=1&resize=525%2C300 1.5x"},"classes":[]},{"id":52717,"url":"https:\/\/historiografija.hr\/?p=52717","url_meta":{"origin":17925,"position":3},"title":"Okrugli stol &#8220;Dvjestapedeset godina Sjedinjenih Ameri\u010dkih Dr\u017eava \u2013 od kolonije do prve zemlje svijeta i dalje&#8221;","author":"Filip \u0160imunjak","date":"29. travnja 2026.","format":false,"excerpt":"Ove godine obilje\u017eava se 250. obljetnica osnutka Sjedinjenih Ameri\u010dkih Dr\u017eava, povodom koje je pokrenut niz rasprava o ameri\u010dkoj povijesti, njezinoj globalnoj ulozi i naslje\u0111u koje se prote\u017ee od 1776. do danas. Obljetnica je ujedno prilika za promi\u0161ljanje o tome kako danas tuma\u010dimo ameri\u010dku pro\u0161lost, ali i (aktualnu) ulogu SAD-a u\u2026","rel":"","context":"U &quot;Novosti&quot;","block_context":{"text":"Novosti","link":"https:\/\/historiografija.hr\/?cat=3"},"img":{"alt_text":"","src":"https:\/\/i0.wp.com\/historiografija.hr\/wp-content\/uploads\/2026\/04\/Kliofest-01-utorak-I-02-OS-250-godina-SAD.jpg?fit=1200%2C566&ssl=1&resize=350%2C200","width":350,"height":200,"srcset":"https:\/\/i0.wp.com\/historiografija.hr\/wp-content\/uploads\/2026\/04\/Kliofest-01-utorak-I-02-OS-250-godina-SAD.jpg?fit=1200%2C566&ssl=1&resize=350%2C200 1x, https:\/\/i0.wp.com\/historiografija.hr\/wp-content\/uploads\/2026\/04\/Kliofest-01-utorak-I-02-OS-250-godina-SAD.jpg?fit=1200%2C566&ssl=1&resize=525%2C300 1.5x, https:\/\/i0.wp.com\/historiografija.hr\/wp-content\/uploads\/2026\/04\/Kliofest-01-utorak-I-02-OS-250-godina-SAD.jpg?fit=1200%2C566&ssl=1&resize=700%2C400 2x, https:\/\/i0.wp.com\/historiografija.hr\/wp-content\/uploads\/2026\/04\/Kliofest-01-utorak-I-02-OS-250-godina-SAD.jpg?fit=1200%2C566&ssl=1&resize=1050%2C600 3x"},"classes":[]},{"id":52733,"url":"https:\/\/historiografija.hr\/?p=52733","url_meta":{"origin":17925,"position":4},"title":"Vlado Raji\u0107 \u201eGranica na kraju stolje\u0107a\u201c","author":"Filip \u0160imunjak","date":"29. travnja 2026.","format":false,"excerpt":"U suizdanju Durieuxa i Beletre objavljena je 2025. godine knjiga Granica na kraju stolje\u0107a autora Vlade Raji\u0107a.\u00a0 O knjizi\u00a0 Romansirana biografija Vladimira Iblera mnogo je vi\u0161e od zanimljive pri\u010de o privatnom \u017eivotu i impresivnoj profesionalnoj karijeri istaknutog stru\u010dnjaka za me\u0111unarodno pravo i dugo\u00adgodi\u0161njeg profesora na zagreba\u010dkom Pravnom fakultetu, akademika, koji\u2026","rel":"","context":"U &quot;Knjige&quot;","block_context":{"text":"Knjige","link":"https:\/\/historiografija.hr\/?cat=8"},"img":{"alt_text":"","src":"https:\/\/i0.wp.com\/historiografija.hr\/wp-content\/uploads\/2026\/04\/VLADO-RAJIC-GRANICA-NA-KRAJU-STOLJECA.jpg?fit=450%2C650&ssl=1&resize=350%2C200","width":350,"height":200},"classes":[]},{"id":52631,"url":"https:\/\/historiografija.hr\/?p=52631","url_meta":{"origin":17925,"position":5},"title":"Predavanje Ivana Tepe\u0161a: Djelovanje hrvatske politi\u010dke emigracije","author":"Branimir Jankovi\u0107","date":"23. travnja 2026.","format":false,"excerpt":"Odjel za me\u0111unarodnu suradnju i iseljeni\u0161tvo Matice hrvatske Predavanje Ivana Tepe\u0161a: Djelovanje hrvatske politi\u010dke emigracije Utorak, 28. travnja 2026. u 18:00 sati, Dvorana Ljudevita Jonkea (Mala dvorana MH), Strossmayerov trg 4, Zagreb dr. sc. Ivan Tepe\u0161, Institut za istra\u017eivanje migracija Hrvatska politi\u010dka emigracija obilje\u017eila je polustoljetnu hrvatsku povijest u drugoj\u2026","rel":"","context":"U &quot;Novosti&quot;","block_context":{"text":"Novosti","link":"https:\/\/historiografija.hr\/?cat=3"},"img":{"alt_text":"","src":"","width":0,"height":0},"classes":[]}],"_links":{"self":[{"href":"https:\/\/historiografija.hr\/index.php?rest_route=\/wp\/v2\/posts\/17925","targetHints":{"allow":["GET"]}}],"collection":[{"href":"https:\/\/historiografija.hr\/index.php?rest_route=\/wp\/v2\/posts"}],"about":[{"href":"https:\/\/historiografija.hr\/index.php?rest_route=\/wp\/v2\/types\/post"}],"author":[{"embeddable":true,"href":"https:\/\/historiografija.hr\/index.php?rest_route=\/wp\/v2\/users\/2"}],"replies":[{"embeddable":true,"href":"https:\/\/historiografija.hr\/index.php?rest_route=%2Fwp%2Fv2%2Fcomments&post=17925"}],"version-history":[{"count":1,"href":"https:\/\/historiografija.hr\/index.php?rest_route=\/wp\/v2\/posts\/17925\/revisions"}],"predecessor-version":[{"id":17927,"href":"https:\/\/historiografija.hr\/index.php?rest_route=\/wp\/v2\/posts\/17925\/revisions\/17927"}],"wp:featuredmedia":[{"embeddable":true,"href":"https:\/\/historiografija.hr\/index.php?rest_route=\/wp\/v2\/media\/17926"}],"wp:attachment":[{"href":"https:\/\/historiografija.hr\/index.php?rest_route=%2Fwp%2Fv2%2Fmedia&parent=17925"}],"wp:term":[{"taxonomy":"category","embeddable":true,"href":"https:\/\/historiografija.hr\/index.php?rest_route=%2Fwp%2Fv2%2Fcategories&post=17925"},{"taxonomy":"post_tag","embeddable":true,"href":"https:\/\/historiografija.hr\/index.php?rest_route=%2Fwp%2Fv2%2Ftags&post=17925"}],"curies":[{"name":"wp","href":"https:\/\/api.w.org\/{rel}","templated":true}]}}