{"id":17880,"date":"2019-12-07T13:29:52","date_gmt":"2019-12-07T13:29:52","guid":{"rendered":"http:\/\/historiografija.hr\/?p=17880"},"modified":"2019-12-07T13:29:52","modified_gmt":"2019-12-07T13:29:52","slug":"call-for-application-industrial-heritage-as-a-source-of-social-empowerment-and-economic-revitalization","status":"publish","type":"post","link":"https:\/\/historiografija.hr\/?p=17880","title":{"rendered":"Call for Application: Industrial Heritage as a Source of Social Empowerment and Economic Revitalization"},"content":{"rendered":"<p><em>Postgraduate summer course at Central European University (CEU) in Budapest, Hungary, 6 July\u00a0&#8211;\u00a015 July, 2020<\/em><\/p>\n<p>The course will focus on the potential of industrial heritage to be a transformative influence in the post-industrial regions. It aims to bridge an industrial past, through a deindustrialized present, towards an economically and socially sustainable future. It is based on the recognition that there is a gap between heritage specialist focusing on heritage assets on one side, and policymakers and developers focusing on social and economic development on the other. The way to bridge this gap is using heritage as a resource for development, which, at the same time, secures the sustainability of heritage. Heritage is considered as a lever of economic growth and social renewal in post-industrial landscapes.<\/p>\n<p>The course will look at tangible and intangible heritage \u2013 landscape, built heritage, mobile heritage, practices, knowledge, social structures \u2013 linked to redundant industrial landscapes. It will address the question of how cultural heritage can change the cultural identity of a region promoting an optimistic future. The course aims to improve the participants` ability to understand industrial heritage within the dynamic relationship of three levels: the macro-level of regions (spatial planning and territorial development), the meso-level of settlements (urban planning), and the micro-level of buildings. Adaptive reuse of buildings and complexes will be a special focus.<\/p>\n<p>The course will look at the regeneration not only of individual buildings but also of entire regions. Heritage studies will be combined with discussions of visionary leadership to consider how the disadvantages of a redundant region (such as mass-unemployment) can be re-positioned as benefits (such as an available skilled workforce). The re-development and management of former industrial sites is a complex process requiring multiple skills and fields of expertise. This is why the course involves a multidisciplinary faculty body, including researchers in various areas, policy experts, spatial planners, managers as well as cultural actors and artists.<\/p>\n<p>First application deadline: February 14, 2020.<\/p>\n<p>See more: <a href=\"https:\/\/summeruniversity.ceu.edu\/industrial-heritage-2020\">https:\/\/summeruniversity.ceu.edu\/industrial-heritage-2020<\/a><\/p>\n<p><a href=\"https:\/\/history.ceu.edu\/article\/2019-11-29\/call-application-industrial-heritage-source-social-empowerment-and-economic\">https:\/\/history.ceu.edu\/article\/2019-11-29\/call-application-industrial-heritage-source-social-empowerment-and-economic<\/a><\/p>\n<p>&nbsp;<\/p>\n","protected":false},"excerpt":{"rendered":"","protected":false},"author":2,"featured_media":17881,"comment_status":"open","ping_status":"open","sticky":false,"template":"","format":"standard","meta":{"_acf_changed":false,"jetpack_post_was_ever_published":false,"_jetpack_newsletter_access":"","_jetpack_dont_email_post_to_subs":false,"_jetpack_newsletter_tier_id":0,"_jetpack_memberships_contains_paywalled_content":false,"_jetpack_memberships_contains_paid_content":false,"footnotes":"","jetpack_publicize_message":"","jetpack_publicize_feature_enabled":true,"jetpack_social_post_already_shared":true,"jetpack_social_options":{"image_generator_settings":{"template":"highway","default_image_id":0,"font":"","enabled":false},"version":2}},"categories":[3,9],"tags":[],"class_list":["post-17880","post","type-post","status-publish","format-standard","has-post-thumbnail","hentry","category-novosti","category-skupovi"],"acf":{"facebook_opis":""},"jetpack_publicize_connections":[],"jetpack_featured_media_url":"https:\/\/i0.wp.com\/historiografija.hr\/wp-content\/uploads\/2019\/12\/sunshine_logo.jpg?fit=300%2C70&ssl=1","jetpack_sharing_enabled":true,"jetpack-related-posts":[{"id":52516,"url":"https:\/\/historiografija.hr\/?p=52516","url_meta":{"origin":17880,"position":0},"title":"Marko Grde\u0161i\u0107, Mislav \u017ditko, \u201eSocialist Economics in Yugoslavia: A Critical History\u201c","author":"Branimir Jankovi\u0107","date":"17. travnja 2026.","format":false,"excerpt":"This book presents a critical history of Yugoslav socialist economics, from its inception in the late 1940s to its dissolution in the late 1980s. After the dramatic break with the Soviet Union in 1948, Yugoslavia found itself in urgent need of a third way: A socialist trajectory which would not\u2026","rel":"","context":"U &quot;Knjige&quot;","block_context":{"text":"Knjige","link":"https:\/\/historiografija.hr\/?cat=8"},"img":{"alt_text":"","src":"https:\/\/i0.wp.com\/historiografija.hr\/wp-content\/uploads\/2026\/04\/Zitko_Grdesic.jpg?fit=350%2C535&ssl=1&resize=350%2C200","width":350,"height":200},"classes":[]},{"id":52622,"url":"https:\/\/historiografija.hr\/?p=52622","url_meta":{"origin":17880,"position":1},"title":"Annual CAPONEU conference: Political Novel in Europe Between Democracy and Authoritarianism","author":"Branimir Jankovi\u0107","date":"23. travnja 2026.","format":false,"excerpt":"Caponeu event 22.04.2026 - 24.04.2026 Location: The Faculty of Polish and Classical Philology AMU (Fredry 10, Pozna\u0144)Organized by: Tomasz Mizerkiewicz, Krystyna Pieni\u0105\u017cek-Markovi\u0107, Anna Gawarecka, Ewa Szperlik, Magda Potok, B\u0142a\u017cej Warkocki, Gerard Ronge (all Adam Mickiewicz University in Pozna\u0144)Contact: gerron@amu.edu.pl The Adam Mickiewicz University team, as part of the international CAPONEU\u2026","rel":"","context":"U &quot;Novosti&quot;","block_context":{"text":"Novosti","link":"https:\/\/historiografija.hr\/?cat=3"},"img":{"alt_text":"","src":"https:\/\/i0.wp.com\/historiografija.hr\/wp-content\/uploads\/2026\/04\/Caponeu-political-novel.jpg?fit=500%2C261&ssl=1&resize=350%2C200","width":350,"height":200},"classes":[]},{"id":52531,"url":"https:\/\/historiografija.hr\/?p=52531","url_meta":{"origin":17880,"position":2},"title":"Jonathan G. Leslie, \u201eFear and Insecurity: Israel and the Iran Threat Narrative\u201c","author":"Branimir Jankovi\u0107","date":"17. travnja 2026.","format":false,"excerpt":"Why is Israel\u2019s former ally Iran now perceived as the country\u2019s greatest threat? Description To observers of the Iran-Israel conflict, its vitriolic rhetoric might suggest an ancient hatred between Jews and Muslims\u2013a biblical feud dating back hundreds, or thousands, of years. But this rivalry is a far more modern development.\u2026","rel":"","context":"U &quot;Knjige&quot;","block_context":{"text":"Knjige","link":"https:\/\/historiografija.hr\/?cat=8"},"img":{"alt_text":"","src":"https:\/\/i0.wp.com\/historiografija.hr\/wp-content\/uploads\/2026\/04\/Leslie.jpg?fit=391%2C612&ssl=1&resize=350%2C200","width":350,"height":200},"classes":[]}],"_links":{"self":[{"href":"https:\/\/historiografija.hr\/index.php?rest_route=\/wp\/v2\/posts\/17880","targetHints":{"allow":["GET"]}}],"collection":[{"href":"https:\/\/historiografija.hr\/index.php?rest_route=\/wp\/v2\/posts"}],"about":[{"href":"https:\/\/historiografija.hr\/index.php?rest_route=\/wp\/v2\/types\/post"}],"author":[{"embeddable":true,"href":"https:\/\/historiografija.hr\/index.php?rest_route=\/wp\/v2\/users\/2"}],"replies":[{"embeddable":true,"href":"https:\/\/historiografija.hr\/index.php?rest_route=%2Fwp%2Fv2%2Fcomments&post=17880"}],"version-history":[{"count":1,"href":"https:\/\/historiografija.hr\/index.php?rest_route=\/wp\/v2\/posts\/17880\/revisions"}],"predecessor-version":[{"id":17882,"href":"https:\/\/historiografija.hr\/index.php?rest_route=\/wp\/v2\/posts\/17880\/revisions\/17882"}],"wp:featuredmedia":[{"embeddable":true,"href":"https:\/\/historiografija.hr\/index.php?rest_route=\/wp\/v2\/media\/17881"}],"wp:attachment":[{"href":"https:\/\/historiografija.hr\/index.php?rest_route=%2Fwp%2Fv2%2Fmedia&parent=17880"}],"wp:term":[{"taxonomy":"category","embeddable":true,"href":"https:\/\/historiografija.hr\/index.php?rest_route=%2Fwp%2Fv2%2Fcategories&post=17880"},{"taxonomy":"post_tag","embeddable":true,"href":"https:\/\/historiografija.hr\/index.php?rest_route=%2Fwp%2Fv2%2Ftags&post=17880"}],"curies":[{"name":"wp","href":"https:\/\/api.w.org\/{rel}","templated":true}]}}