{"id":17747,"date":"2019-11-30T21:28:15","date_gmt":"2019-11-30T21:28:15","guid":{"rendered":"http:\/\/historiografija.hr\/?p=17747"},"modified":"2019-11-30T21:28:15","modified_gmt":"2019-11-30T21:28:15","slug":"public-history-in-der-lehre","status":"publish","type":"post","link":"https:\/\/historiografija.hr\/?p=17747","title":{"rendered":"Public History in der Lehre"},"content":{"rendered":"<p>U Bochumu \u0107e se 2. i 3. prosinca 2019. odr\u017eati skup o studijskim programima i stru\u010dnim praksama iz javne povijesti koji su u proteklih deset godina pokrenuti u Njema\u010dkoj i o njihovom daljnjem razvoju.<\/p>\n<p>&nbsp;<\/p>\n<p>&#8212;<\/p>\n<p>&nbsp;<\/p>\n<p><strong>Public History in der Lehre<\/strong><\/p>\n<p>&nbsp;<\/p>\n<p>Ort: Bochum<\/p>\n<p>&nbsp;<\/p>\n<p>Veranstaltungsort: Ruhr-Universit\u00e4t Bochum, Raum: UFO 0\/04, Abendveranstaltung im HGA 30<\/p>\n<p>&nbsp;<\/p>\n<p>Veranstalter: Professor Dr. Christian Bunnenberg (Ruhr-Universit\u00e4t Bochum), Dr. Irmgard Z\u00fcndorf (Leibniz-Zentrum f\u00fcr Zeithistorische Forschung Potsdam)<\/p>\n<p>&nbsp;<\/p>\n<p>Datum: 02.12.2019 &#8211; 03.12.2019<\/p>\n<p>&nbsp;<\/p>\n<p>In den letzten 10 Jahren sind verschiedene Studieng\u00e4nge, Studienschwerpunkte und Lehrst\u00fchle zur Public History in Deutschland entstanden. Was sind ihre Ziele, was wird gelehrt bzw. gelernt, was erwarten die Lehrenden, was die Studierenden und was k\u00fcnftige potentielle Arbeitgeber\/innen von den Studienangeboten? Im Rahmen des Workshops sollen Lehrende, Studierende und Absolventen\/innen aus den verschiedenen universit\u00e4ren Standorten sowie Vertreter\/innen aus der sogenannten Praxis au\u00dferhalb der Universit\u00e4ten zusammengebracht werden, um kritisch den derzeitigen Stand des Studienangebots im Bereich der Public History zu reflektieren und zu bilanzieren. Auf dieser Basis sollen m\u00f6gliche gemeinsame Ziele und Standards diskutiert aber auch Unterschiede herausgestellt werden. Vielleicht k\u00f6nnen abschlie\u00dfend sogar k\u00fcnftige Kooperationen ausgelotet werden.<\/p>\n<p>Ziel des Workshops ist somit nicht nur der gemeinsame Austausch zwischen den verschiedenen Studienangeboten, sondern auch die Entwicklung konkreter Impulse f\u00fcr die (Weiter)entwicklung derselben.<\/p>\n<p>&nbsp;<\/p>\n<p><strong>Programm<\/strong><\/p>\n<p>&nbsp;<\/p>\n<p><strong>Montag, den 2.12.2019<\/strong><\/p>\n<p>&nbsp;<\/p>\n<p>14.00 Uhr<br \/>\nBegr\u00fc\u00dfung: Christian Bunnenberg\/Irmgard Z\u00fcndorf<\/p>\n<p>14.15 \u2013 16.15 Uhr<br \/>\nBilanz der \u201e\u00e4lteren\u201c Public History-Studienangebote<\/p>\n<p>&#8211; Irmgard Z\u00fcndorf (ZZF\/FU Berlin)<br \/>\n&#8211; Christian Bunnenberg (Bochum)<br \/>\n&#8211; Peter Gautschi\/Christine Szkiet (Luzern)<br \/>\n&#8211; Christine Gundermann (K\u00f6ln)<br \/>\n&#8211; Cord Arendes (Heidelberg)<\/p>\n<p>Kaffeepause<\/p>\n<p>16.45 \u2013 18.00 Uhr<br \/>\nErwartungen aus der Praxis an die Public History<br \/>\n&#8211; Dietmar Osses (LWL-Industriemuseum)<br \/>\n&#8211; Jan Erik Schulte (Gedenkst\u00e4tte Hadamar)<br \/>\n&#8211; Beate Schlanstein (WDR)<br \/>\n&#8211; Thomas Pr\u00fcfer (Geschichtsb\u00fcro)<\/p>\n<p>18.30 Uhr<br \/>\nVortrag: Andreas Fickers: Digital Public History in Luxemburg<\/p>\n<p>Anschlie\u00dfend: Gemeinsames Abendessen<\/p>\n<p>&nbsp;<\/p>\n<p><strong>Dienstag, den 3.12.2019<\/strong><\/p>\n<p>&nbsp;<\/p>\n<p>9.15 bis 11.00<br \/>\nAusblick auf weitere Public History-Studienangebote<\/p>\n<p>&#8211; Bernhard L\u00f6ffler (Regensburg)<br \/>\n&#8211; Martin Ott (Bayreuth)<br \/>\n&#8211; Thekla Keuck (Bremen)<br \/>\n&#8211; Thorsten Logge (Hamburg)<br \/>\n&#8211; Ulrike Weckel (Gie\u00dfen)<\/p>\n<p>Kaffeepause<\/p>\n<p>11.30-13.00<br \/>\nPublic History studieren \u2013 Reflexionen von Studierenden und Absolvent_innen<br \/>\n&#8211; Helen Wagner (Erlangen-N\u00fcrnberg, fr\u00fcher FU Berlin)<br \/>\n&#8211; Elena Lewers und Susanne Becker (Bochum)<br \/>\n&#8211; Aiko Hillen (K\u00f6ln)<\/p>\n<p>13.00-14.00 Uhr<br \/>\nAbschlussdiskussion: Konkurrenz oder Kooperation?<br \/>\nM\u00f6glichkeiten der Zusammenarbeit zwischen Dozierenden, aber auch Studierenden der verschiedenen Studienangebote<\/p>\n<p>&nbsp;<\/p>\n<p><a href=\"https:\/\/www.hsozkult.de\/event\/id\/termine-41545\">https:\/\/www.hsozkult.de\/event\/id\/termine-41545<\/a><\/p>\n<p>&nbsp;<\/p>\n<p>&#8212;<\/p>\n<p>&nbsp;<\/p>\n<p>Workshop &#8220;Public History in der Lehre&#8221;<\/p>\n<p>&nbsp;<\/p>\n<p>On 2.\/3.12.2019 the workshop &#8220;Public History in der Lehre&#8221; will take place at the Ruhr-Universit\u00e4t. Under the direction of Christian Bunnenberg and Irmgard Z\u00fcndorf (ZZF Potsdam), the participants will discuss the experiences and perspectives of the various Public History courses in Germany. What are their goals, what is taught or learned, what do the teachers and students expect?<\/p>\n<p>The aim of the workshop is to bring together teachers, students and graduates* from the various university locations in order to critically reflect on the current state of the study programme in the field of public history in German-speaking countries, perhaps also to take stock, to discuss possible common goals and standards, or to highlight differences and perhaps to sound out an outlook for future cooperation. The aim of the workshop is not only the joint exchange of different study programmes, but also the development of concrete impulses for the (further) development of the study programmes.<\/p>\n<p>&nbsp;<\/p>\n<p><a href=\"https:\/\/www.ruhr-uni-bochum.de\/public-history\/\">https:\/\/www.ruhr-uni-bochum.de\/public-history\/<\/a><\/p>\n<p>&nbsp;<\/p>\n<p>&nbsp;<\/p>\n<p>&nbsp;<\/p>\n<p>&nbsp;<\/p>\n","protected":false},"excerpt":{"rendered":"","protected":false},"author":2,"featured_media":17748,"comment_status":"open","ping_status":"open","sticky":false,"template":"","format":"standard","meta":{"_acf_changed":false,"jetpack_post_was_ever_published":false,"_jetpack_newsletter_access":"","_jetpack_dont_email_post_to_subs":false,"_jetpack_newsletter_tier_id":0,"_jetpack_memberships_contains_paywalled_content":false,"_jetpack_memberships_contains_paid_content":false,"footnotes":"","jetpack_publicize_message":"","jetpack_publicize_feature_enabled":true,"jetpack_social_post_already_shared":true,"jetpack_social_options":{"image_generator_settings":{"template":"highway","default_image_id":0,"font":"","enabled":false},"version":2}},"categories":[3,9],"tags":[],"class_list":["post-17747","post","type-post","status-publish","format-standard","has-post-thumbnail","hentry","category-novosti","category-skupovi"],"acf":{"facebook_opis":""},"jetpack_publicize_connections":[],"jetpack_featured_media_url":"https:\/\/i0.wp.com\/historiografija.hr\/wp-content\/uploads\/2019\/11\/plakat_ringvorlesung.jpg?fit=2480%2C3489&ssl=1","jetpack_sharing_enabled":true,"jetpack-related-posts":[{"id":52520,"url":"https:\/\/historiografija.hr\/?p=52520","url_meta":{"origin":17747,"position":0},"title":"Predstavljanje knjige &#8220;Socialist Economics in Yugoslavia: A Critical History&#8221; u Zagrebu","author":"Branimir Jankovi\u0107","date":"17. travnja 2026.","format":false,"excerpt":"Pozivamo vas na predstavljanje knjige \"Socialist Economics in Yugoslavia: A Critical History\", autora Mislava \u00a0\u017ditka i Marka Grde\u0161i\u0107a (Routledge, 2026). Na predstavljanju \u0107e govoriti Branko Milanovi\u0107 (CUNY), Milica Uvali\u0107 (EUI), Zdravko Petak (FPZG) te autori.\u00a0 Predstavljanje \u0107e se odr\u017eati u srijedu 22. travnja u 16:00 sati na Fakultetu politi\u010dkih znanosti\u2026","rel":"","context":"U &quot;Novosti&quot;","block_context":{"text":"Novosti","link":"https:\/\/historiografija.hr\/?cat=3"},"img":{"alt_text":"","src":"https:\/\/i0.wp.com\/historiografija.hr\/wp-content\/uploads\/2026\/04\/Poziv-na-predstavljanje.png?fit=800%2C652&ssl=1&resize=350%2C200","width":350,"height":200,"srcset":"https:\/\/i0.wp.com\/historiografija.hr\/wp-content\/uploads\/2026\/04\/Poziv-na-predstavljanje.png?fit=800%2C652&ssl=1&resize=350%2C200 1x, https:\/\/i0.wp.com\/historiografija.hr\/wp-content\/uploads\/2026\/04\/Poziv-na-predstavljanje.png?fit=800%2C652&ssl=1&resize=525%2C300 1.5x, https:\/\/i0.wp.com\/historiografija.hr\/wp-content\/uploads\/2026\/04\/Poziv-na-predstavljanje.png?fit=800%2C652&ssl=1&resize=700%2C400 2x"},"classes":[]},{"id":52646,"url":"https:\/\/historiografija.hr\/?p=52646","url_meta":{"origin":17747,"position":1},"title":"5. MALI FESTIVAL POVIJESTI U LASTOVU","author":"Branimir Jankovi\u0107","date":"24. travnja 2026.","format":false,"excerpt":"Peti Mali festival povijesti odr\u017eava se od 25. do 27. travnja 2026. na Lastovu, u suradnji Zavoda za povijesne znanosti HAZU u Dubrovniku, Op\u0107ine Lastovo i Turisti\u010dke zajednice te uz potporu Dubrova\u010dko-neretvanske \u017eupanije. Predavanja: Dr. sc. Jasna \u010capo \u201eKu\u0107a kao zalog budu\u0107nosti i most izme\u0111u iseljenika i domovine\u201c Dr. sc.\u2026","rel":"","context":"U &quot;Novosti&quot;","block_context":{"text":"Novosti","link":"https:\/\/historiografija.hr\/?cat=3"},"img":{"alt_text":"","src":"https:\/\/i0.wp.com\/historiografija.hr\/wp-content\/uploads\/2026\/04\/Lastovo.jpg?fit=1200%2C700&ssl=1&resize=350%2C200","width":350,"height":200,"srcset":"https:\/\/i0.wp.com\/historiografija.hr\/wp-content\/uploads\/2026\/04\/Lastovo.jpg?fit=1200%2C700&ssl=1&resize=350%2C200 1x, https:\/\/i0.wp.com\/historiografija.hr\/wp-content\/uploads\/2026\/04\/Lastovo.jpg?fit=1200%2C700&ssl=1&resize=525%2C300 1.5x, https:\/\/i0.wp.com\/historiografija.hr\/wp-content\/uploads\/2026\/04\/Lastovo.jpg?fit=1200%2C700&ssl=1&resize=700%2C400 2x, https:\/\/i0.wp.com\/historiografija.hr\/wp-content\/uploads\/2026\/04\/Lastovo.jpg?fit=1200%2C700&ssl=1&resize=1050%2C600 3x"},"classes":[]},{"id":52592,"url":"https:\/\/historiografija.hr\/?p=52592","url_meta":{"origin":17747,"position":2},"title":"Predstavljanje knjige &#8220;Turska ku\u0107a u Rijeci&#8221; u Zagrebu","author":"Branimir Jankovi\u0107","date":"22. travnja 2026.","format":false,"excerpt":"U prostorijama Turskog kulturnog centra Yunus Emre u Zagrebu, u utorak 21. travnja 2026. godine, odr\u017eano je sve\u010dano predstavljanje dopunjenog izdanja knjige Turska ku\u0107a u Rijeci, u organizaciji Hrvatsko-turskog dru\u0161tva Rijeka i partnerstvu sa Skupinom prijateljstva Hrvatska-Turska Hrvatskog sabora, Veleposlanstvom Republike Turske u Republici Hrvatskoj te Turskim kulturnim centrom Yunus\u2026","rel":"","context":"U &quot;Novosti&quot;","block_context":{"text":"Novosti","link":"https:\/\/historiografija.hr\/?cat=3"},"img":{"alt_text":"","src":"https:\/\/i0.wp.com\/historiografija.hr\/wp-content\/uploads\/2026\/04\/Turska-kuca-ZG.jpg?fit=1200%2C800&ssl=1&resize=350%2C200","width":350,"height":200,"srcset":"https:\/\/i0.wp.com\/historiografija.hr\/wp-content\/uploads\/2026\/04\/Turska-kuca-ZG.jpg?fit=1200%2C800&ssl=1&resize=350%2C200 1x, https:\/\/i0.wp.com\/historiografija.hr\/wp-content\/uploads\/2026\/04\/Turska-kuca-ZG.jpg?fit=1200%2C800&ssl=1&resize=525%2C300 1.5x, https:\/\/i0.wp.com\/historiografija.hr\/wp-content\/uploads\/2026\/04\/Turska-kuca-ZG.jpg?fit=1200%2C800&ssl=1&resize=700%2C400 2x, https:\/\/i0.wp.com\/historiografija.hr\/wp-content\/uploads\/2026\/04\/Turska-kuca-ZG.jpg?fit=1200%2C800&ssl=1&resize=1050%2C600 3x"},"classes":[]},{"id":52559,"url":"https:\/\/historiografija.hr\/?p=52559","url_meta":{"origin":17747,"position":3},"title":"Dobitnici dr\u017eavne nagrade za znanost za 2024. godinu","author":"Branimir Jankovi\u0107","date":"20. travnja 2026.","format":false,"excerpt":"Na sjednici Odbora za podjelu dr\u017eavnih nagrada za znanost odr\u017eanoj 16. travnja 2026. godine donesena je Odluka o dodjeli dr\u017eavnih nagrada za znanost za 2024. godinu. Godi\u0161njom nagradom za popularizaciju i promid\u017ebu znanosti nagra\u0111eni su u podru\u010dju humanisti\u010dkih znanosti znanstveni suradnici dr. sc. Josip Mihaljevi\u0107 i dr. sc. Gordan Ravan\u010di\u0107,\u2026","rel":"","context":"U &quot;Novosti&quot;","block_context":{"text":"Novosti","link":"https:\/\/historiografija.hr\/?cat=3"},"img":{"alt_text":"","src":"https:\/\/i0.wp.com\/historiografija.hr\/wp-content\/uploads\/2021\/12\/povijesne-kontroverze.jpg?fit=1200%2C675&ssl=1&resize=350%2C200","width":350,"height":200,"srcset":"https:\/\/i0.wp.com\/historiografija.hr\/wp-content\/uploads\/2021\/12\/povijesne-kontroverze.jpg?fit=1200%2C675&ssl=1&resize=350%2C200 1x, https:\/\/i0.wp.com\/historiografija.hr\/wp-content\/uploads\/2021\/12\/povijesne-kontroverze.jpg?fit=1200%2C675&ssl=1&resize=525%2C300 1.5x, https:\/\/i0.wp.com\/historiografija.hr\/wp-content\/uploads\/2021\/12\/povijesne-kontroverze.jpg?fit=1200%2C675&ssl=1&resize=700%2C400 2x, https:\/\/i0.wp.com\/historiografija.hr\/wp-content\/uploads\/2021\/12\/povijesne-kontroverze.jpg?fit=1200%2C675&ssl=1&resize=1050%2C600 3x"},"classes":[]},{"id":52499,"url":"https:\/\/historiografija.hr\/?p=52499","url_meta":{"origin":17747,"position":4},"title":"POTPISAN UGOVOR O ZNANSTVENO-ISTRA\u017dIVA\u010cKOJ SURADNJI: PROJEKT \u201eTEMELJI HRVATSKE SAMOSTALNOSTI\u201d","author":"Branimir Jankovi\u0107","date":"17. travnja 2026.","format":false,"excerpt":"Hrvatski institut za povijest, Sveu\u010dili\u0161te obrane i sigurnosti \u201eDr. Franjo Tu\u0111man\u201d, Institut dru\u0161tvenih znanosti Ivo Pilar i Hrvatski dr\u017eavni arhiv\u00a0potpisali su 23. o\u017eujka 2026.\u00a0Ugovor o znanstveno-istra\u017eiva\u010dkoj suradnji s ciljem provedbe projekta \u201eTemelji hrvatske samostalnosti\u201d. Tim projektom obuhva\u0107a se istra\u017eivanje arhivskoga gradiva, priprema znanstvenih publikacija, digitalizacija i javna prezentacija rezultata istra\u017eivanja\u2026","rel":"","context":"U &quot;Novosti&quot;","block_context":{"text":"Novosti","link":"https:\/\/historiografija.hr\/?cat=3"},"img":{"alt_text":"","src":"https:\/\/i0.wp.com\/historiografija.hr\/wp-content\/uploads\/2026\/04\/THS_sporazum.jpg?fit=1200%2C583&ssl=1&resize=350%2C200","width":350,"height":200,"srcset":"https:\/\/i0.wp.com\/historiografija.hr\/wp-content\/uploads\/2026\/04\/THS_sporazum.jpg?fit=1200%2C583&ssl=1&resize=350%2C200 1x, https:\/\/i0.wp.com\/historiografija.hr\/wp-content\/uploads\/2026\/04\/THS_sporazum.jpg?fit=1200%2C583&ssl=1&resize=525%2C300 1.5x, https:\/\/i0.wp.com\/historiografija.hr\/wp-content\/uploads\/2026\/04\/THS_sporazum.jpg?fit=1200%2C583&ssl=1&resize=700%2C400 2x, https:\/\/i0.wp.com\/historiografija.hr\/wp-content\/uploads\/2026\/04\/THS_sporazum.jpg?fit=1200%2C583&ssl=1&resize=1050%2C600 3x"},"classes":[]},{"id":52573,"url":"https:\/\/historiografija.hr\/?p=52573","url_meta":{"origin":17747,"position":5},"title":"Znanstvena konferencija &#8220;Filozofija odgoja: povijest, praksa, perspektive&#8221;","author":"Branimir Jankovi\u0107","date":"21. travnja 2026.","format":false,"excerpt":"Znanstvena konferencija \"Filozofija odgoja: povijest, praksa, perspektive\" odr\u017eat \u0107e se 23. i 24. travnja 2026. u Konferencijskoj dvorani Knji\u017enice Filozofskog fakulteta u Zagrebu (2. kat).\u00a0Konferencija je organizirana u okviru projekta\u00a0SUMKOS (voditeljica prof. dr. sc. Ivana Zagorac, financiran\u00a0sredstvima NextGenerationEU), uz potporu Odsjeka za filozofiju.\u00a0 Uz izlaga\u010dki dio, konferencija obuhva\u0107a i izlo\u017ebu\u2026","rel":"","context":"U &quot;Novosti&quot;","block_context":{"text":"Novosti","link":"https:\/\/historiografija.hr\/?cat=3"},"img":{"alt_text":"","src":"","width":0,"height":0},"classes":[]}],"_links":{"self":[{"href":"https:\/\/historiografija.hr\/index.php?rest_route=\/wp\/v2\/posts\/17747","targetHints":{"allow":["GET"]}}],"collection":[{"href":"https:\/\/historiografija.hr\/index.php?rest_route=\/wp\/v2\/posts"}],"about":[{"href":"https:\/\/historiografija.hr\/index.php?rest_route=\/wp\/v2\/types\/post"}],"author":[{"embeddable":true,"href":"https:\/\/historiografija.hr\/index.php?rest_route=\/wp\/v2\/users\/2"}],"replies":[{"embeddable":true,"href":"https:\/\/historiografija.hr\/index.php?rest_route=%2Fwp%2Fv2%2Fcomments&post=17747"}],"version-history":[{"count":1,"href":"https:\/\/historiografija.hr\/index.php?rest_route=\/wp\/v2\/posts\/17747\/revisions"}],"predecessor-version":[{"id":17749,"href":"https:\/\/historiografija.hr\/index.php?rest_route=\/wp\/v2\/posts\/17747\/revisions\/17749"}],"wp:featuredmedia":[{"embeddable":true,"href":"https:\/\/historiografija.hr\/index.php?rest_route=\/wp\/v2\/media\/17748"}],"wp:attachment":[{"href":"https:\/\/historiografija.hr\/index.php?rest_route=%2Fwp%2Fv2%2Fmedia&parent=17747"}],"wp:term":[{"taxonomy":"category","embeddable":true,"href":"https:\/\/historiografija.hr\/index.php?rest_route=%2Fwp%2Fv2%2Fcategories&post=17747"},{"taxonomy":"post_tag","embeddable":true,"href":"https:\/\/historiografija.hr\/index.php?rest_route=%2Fwp%2Fv2%2Ftags&post=17747"}],"curies":[{"name":"wp","href":"https:\/\/api.w.org\/{rel}","templated":true}]}}