{"id":17743,"date":"2019-11-30T21:12:37","date_gmt":"2019-11-30T21:12:37","guid":{"rendered":"http:\/\/historiografija.hr\/?p=17743"},"modified":"2019-11-30T21:14:31","modified_gmt":"2019-11-30T21:14:31","slug":"what-is-public-history-globally-working-with-the-past-in-the-present-edited-by-paul-ashton-and-alex-trapeznik","status":"publish","type":"post","link":"https:\/\/historiografija.hr\/?p=17743","title":{"rendered":"What Is Public History Globally? Working with the Past in the Present. Edited by Paul Ashton and Alex Trapeznik"},"content":{"rendered":"<p>Neprestano se objavljuju nove knjige o javnoj povijesti, primjerice \u201c<a href=\"https:\/\/global.oup.com\/academic\/product\/the-oxford-handbook-of-public-history-9780199766024?cc=us&amp;lang=en&amp;\">The Oxford Handbook of Public History<\/a>\u201d (2017) i \u201c<a href=\"https:\/\/www.wiley.com\/en-al\/A+Companion+to+Public+History-p-9781118508947\">A Companion to Public History<\/a>\u201d (2018), a upravo je objavljen zbornik \u201cWhat Is Public History Globally? Working with the Past in the Present\u201d.<\/p>\n<p>&nbsp;<\/p>\n<p>&#8212;<\/p>\n<p>&nbsp;<\/p>\n<p><strong>What Is Public History Globally?<\/strong><\/p>\n<p><strong>Working with the Past in the Present<\/strong><\/p>\n<p>&nbsp;<\/p>\n<p>Editor(s): Paul Ashton, Alex Trapeznik<\/p>\n<p>&nbsp;<\/p>\n<p>Published: 01-10-2019<\/p>\n<p>Format: Hardback<\/p>\n<p>Edition: 1st<\/p>\n<p>Extent: 392<\/p>\n<p>ISBN: 9781350033283<\/p>\n<p>Imprint: Bloomsbury Academic<\/p>\n<p>&nbsp;<\/p>\n<p><strong>About What Is Public History Globally?<\/strong><\/p>\n<p>Across the globe, history has gone public. With the rise of the internet, family historians are now delving into archives continents apart. Activists look into and recreate the past to promote social justice or environmental causes. Dark and difficult pasts are confronted at sites of commemoration. Artists draw on memory and the past to study the human condition and make meaning in the present. As a result of this democratisation of history, public history movements have now risen to prominence.<\/p>\n<p>This groundbreaking edited collection takes a comprehensive look at public history throughout the world. Divided into three sections &#8211; Background, Definitions and Issues; Approaches and Methods; and Sites of Public History &#8211; it contextualises public history in eleven different countries, explores the main research skills and methods of the discipline and illustrates public history research with a variety of global case studies.<br \/>\n<em><br \/>\nWhat is Public History Globally? <\/em>provides an in-depth examination of the ways in which ordinary people become active participants in historical processes and it will be an invaluable resource for advance undergraduates and postgraduates studying public history, museology and heritage studies.<\/p>\n<p>&nbsp;<\/p>\n<p><strong>Table of contents<\/strong><\/p>\n<p>List of Figures<br \/>\nList of Contributors<br \/>\nAcknowledgements<\/p>\n<p>Introduction<br \/>\nThe Public Turn: History Today, <em>Paul Ashton and Alex Trapeznik<\/em><\/p>\n<p><strong>Section 1: Background, Definitions and Issues<\/strong><br \/>\n1. Public History in Australia: History in Place, <em>Lisa Murray and Mark Dunn<\/em><br \/>\n2. Public History in Britain: Repossessing the Past, <em>Mark Donnelly<\/em><br \/>\n3. Public History in Canada: Service or Public Service?, <em>Mike Dove and Michelle Hamilton<\/em><br \/>\n4. Public History in China: Past Making in the Present, <em>Li Na<\/em><br \/>\n5. Public History in Germany: Opening New Spaces, <em>Thorsten Logge and Nico Nolden<\/em><br \/>\n6. Public History in India: Towards a People&#8217;s Past, <em>Indira Chowdhury and Srijan Mandal<\/em><br \/>\n7. Public History in Indonesia: The Old Disorder?, <em>Paul Ashton, Kresno Brahmantyo and Jaya Keaney<\/em><br \/>\n8. Public History in New Zealand: From Treaty to Te Papa, <em>Alex Trapeznik<\/em><br \/>\n9. Public History in Scandinavia: Uses of the Past, <em>Anne Br\u00e6dder<\/em><br \/>\n10. Public History in South Africa: A Tool for Recovery, <em>Julie Wells<\/em><br \/>\n11. Public History in the USA: Institutionalizing Old Practices, <em>Thomas Cauvin<\/em><\/p>\n<p><strong>Section 2: Approaches and Methods<\/strong><br \/>\n12. First Encounters: Approaching the Public Past, <em>Meg Foster<\/em><br \/>\n13. Affective Afterlives: Public History, Archaeology and the Material Turn, <em>Denis Byrne<\/em><br \/>\n14. The Archaeological Archive: Material Traces and Recovered Histories, <em>Tracy Ireland<\/em><br \/>\n15. Archives and Public History: A Developing Partnership, <em>Jeannette Bastian and Stephanie Krauss<\/em><br \/>\n16. &#8216;Speak, Memory&#8217;: Current Issues in Oral and Public History, <em>Paula Hamilton<\/em><br \/>\n17. Who do you Think You Are?:<em> The Family in Public History, <\/em>Anna Green<br \/>\n18. Love Thy Neighbour: Local and Community history, <em>Tanya Evans<\/em><br \/>\n19. Grass-Roots Activism, Heritage and Cultural Landscape: A Community Case Study, <em>Keir Reeves and Jacqueline Z. Wilson<\/em><br \/>\n20. Past Continuous: Digital public history and social media, <em>Serge Noiret<\/em><\/p>\n<p><strong>Section 3: Sites of Public History<\/strong><br \/>\n21. Remembering Dark Pasts and Horrific Places: Sites of Conscience, <em>Paul Ashton and Jacqueline Z. Wilson<\/em><br \/>\n22. #Fake History: The State of Heritage Interpretation, <em>Sue Hodges<\/em><br \/>\n23. &#8216;The air still rings with the excitement of Spanish life&#8217;: Ybor City and the Cuban Cigar, <em>Christopher J. Casta\u00f1eda<\/em><br \/>\n24. Forgetting and Remembering in Bhopal: Architects as Agents of Memory, <em>Amritha Ballal and Moulshri Joshi<\/em><\/p>\n<p>Bibliography<br \/>\nIndex<\/p>\n<p>&nbsp;<\/p>\n<p><strong>Reviews<\/strong><\/p>\n<p>\u201cThis book will appeal to those engaging with practical history. Each chapter explores Public History whilst engaging with current critical stances. International writers, using academic contexts, clearly illustrate important differences between nations and localities, developing new aspects of Public History.\u201d\u00a0\u2013\u00a0 Hilda Kean, Former Director of Public History, Ruskin College, Oxford, UK<\/p>\n<p>\u201cThe interrogative title poses an important question. It is answered in wonderfully diverse essays: eleven map the terrain of public history in distinct national contexts; nine examine particular methods and approaches, many across contexts; and four focus on specific sites with striking comparative or trans-national implications. This triangulation complements the editors&#8217; intriguing and suggestive subtitle-&#8216;working with the past in the present\u201d: the collection as a whole is considerably more than the sum of the individually impressive parts.\u201d\u00a0\u2013\u00a0 Michael Frisch, Senior Research Scholar and Emeritus Professor in History, University of Buffalo, USA<\/p>\n<p>&nbsp;<\/p>\n<p><a href=\"https:\/\/www.bloomsbury.com\/us\/what-is-public-history-globally-9781350033283\/\">https:\/\/www.bloomsbury.com\/us\/what-is-public-history-globally-9781350033283\/<\/a><\/p>\n<p>&nbsp;<\/p>\n<p>&nbsp;<\/p>\n","protected":false},"excerpt":{"rendered":"","protected":false},"author":2,"featured_media":17745,"comment_status":"open","ping_status":"open","sticky":false,"template":"","format":"standard","meta":{"_acf_changed":false,"jetpack_post_was_ever_published":false,"_jetpack_newsletter_access":"","_jetpack_dont_email_post_to_subs":false,"_jetpack_newsletter_tier_id":0,"_jetpack_memberships_contains_paywalled_content":false,"_jetpack_memberships_contains_paid_content":false,"footnotes":"","jetpack_publicize_message":"","jetpack_publicize_feature_enabled":true,"jetpack_social_post_already_shared":true,"jetpack_social_options":{"image_generator_settings":{"template":"highway","default_image_id":0,"font":"","enabled":false},"version":2}},"categories":[8,3],"tags":[],"class_list":["post-17743","post","type-post","status-publish","format-standard","has-post-thumbnail","hentry","category-knjige","category-novosti"],"acf":{"facebook_opis":""},"jetpack_publicize_connections":[],"jetpack_featured_media_url":"https:\/\/i0.wp.com\/historiografija.hr\/wp-content\/uploads\/2019\/11\/public-history-globally.jpg?fit=420%2C630&ssl=1","jetpack_sharing_enabled":true,"jetpack-related-posts":[{"id":52520,"url":"https:\/\/historiografija.hr\/?p=52520","url_meta":{"origin":17743,"position":0},"title":"Predstavljanje knjige &#8220;Socialist Economics in Yugoslavia: A Critical History&#8221; u Zagrebu","author":"Branimir Jankovi\u0107","date":"17. travnja 2026.","format":false,"excerpt":"Pozivamo vas na predstavljanje knjige \"Socialist Economics in Yugoslavia: A Critical History\", autora Mislava \u00a0\u017ditka i Marka Grde\u0161i\u0107a (Routledge, 2026). Na predstavljanju \u0107e govoriti Branko Milanovi\u0107 (CUNY), Milica Uvali\u0107 (EUI), Zdravko Petak (FPZG) te autori.\u00a0 Predstavljanje \u0107e se odr\u017eati u srijedu 22. travnja u 16:00 sati na Fakultetu politi\u010dkih znanosti\u2026","rel":"","context":"U &quot;Novosti&quot;","block_context":{"text":"Novosti","link":"https:\/\/historiografija.hr\/?cat=3"},"img":{"alt_text":"","src":"https:\/\/i0.wp.com\/historiografija.hr\/wp-content\/uploads\/2026\/04\/Poziv-na-predstavljanje.png?fit=800%2C652&ssl=1&resize=350%2C200","width":350,"height":200,"srcset":"https:\/\/i0.wp.com\/historiografija.hr\/wp-content\/uploads\/2026\/04\/Poziv-na-predstavljanje.png?fit=800%2C652&ssl=1&resize=350%2C200 1x, https:\/\/i0.wp.com\/historiografija.hr\/wp-content\/uploads\/2026\/04\/Poziv-na-predstavljanje.png?fit=800%2C652&ssl=1&resize=525%2C300 1.5x, https:\/\/i0.wp.com\/historiografija.hr\/wp-content\/uploads\/2026\/04\/Poziv-na-predstavljanje.png?fit=800%2C652&ssl=1&resize=700%2C400 2x"},"classes":[]},{"id":52616,"url":"https:\/\/historiografija.hr\/?p=52616","url_meta":{"origin":17743,"position":1},"title":"No\u0107 knjige 2026.","author":"Branimir Jankovi\u0107","date":"22. travnja 2026.","format":false,"excerpt":"Slavljeni\u010dka 15. No\u0107 knjige odr\u017eat \u0107e se 23. travnja diljem Hrvatske u povodu Svjetskog dana knjige i autorskih prava te Dana hrvatske knjige. S vi\u0161e od 1.000 prijavljenih programa i akcija s pravom nosi epitet najmasovnije doma\u0107e kulturne manifestacije, a ove \u0107e godine prote\u0107i u znaku mira, razumijevanja, tolerancije, srodnosti\u2026","rel":"","context":"U &quot;Novosti&quot;","block_context":{"text":"Novosti","link":"https:\/\/historiografija.hr\/?cat=3"},"img":{"alt_text":"","src":"https:\/\/i0.wp.com\/historiografija.hr\/wp-content\/uploads\/2026\/04\/noc_knjige_2026.jpg?fit=680%2C276&ssl=1&resize=350%2C200","width":350,"height":200,"srcset":"https:\/\/i0.wp.com\/historiografija.hr\/wp-content\/uploads\/2026\/04\/noc_knjige_2026.jpg?fit=680%2C276&ssl=1&resize=350%2C200 1x, https:\/\/i0.wp.com\/historiografija.hr\/wp-content\/uploads\/2026\/04\/noc_knjige_2026.jpg?fit=680%2C276&ssl=1&resize=525%2C300 1.5x"},"classes":[]},{"id":52603,"url":"https:\/\/historiografija.hr\/?p=52603","url_meta":{"origin":17743,"position":2},"title":"No\u0107 knjige: Carska i kraljevska kuhinja","author":"Branimir Jankovi\u0107","date":"22. travnja 2026.","format":false,"excerpt":"Pozivamo vas da nam se pridru\u017eite 23. travnja 2026. u 18 sati u obilje\u017eavanju No\u0107i knjige u Pivnici Bobi&Rudi na Trgu Ivana Me\u0161trovi\u0107a u Zapru\u0111u u Zagrebu gdje uz kavu \u010ditamo recepte iz zemalja Austro-Ugarske Monarhije iz knjige Carska i kraljevska kuhinja, autora Roberta Mak\u0142owicza, u prijevodu Damira Agi\u010di\u0107a. Izvor:\u2026","rel":"","context":"U &quot;Novosti&quot;","block_context":{"text":"Novosti","link":"https:\/\/historiografija.hr\/?cat=3"},"img":{"alt_text":"","src":"https:\/\/i0.wp.com\/historiografija.hr\/wp-content\/uploads\/2026\/04\/Noc-knjige-Carska-i-kraljevska.jpg?fit=1200%2C1200&ssl=1&resize=350%2C200","width":350,"height":200,"srcset":"https:\/\/i0.wp.com\/historiografija.hr\/wp-content\/uploads\/2026\/04\/Noc-knjige-Carska-i-kraljevska.jpg?fit=1200%2C1200&ssl=1&resize=350%2C200 1x, https:\/\/i0.wp.com\/historiografija.hr\/wp-content\/uploads\/2026\/04\/Noc-knjige-Carska-i-kraljevska.jpg?fit=1200%2C1200&ssl=1&resize=525%2C300 1.5x, https:\/\/i0.wp.com\/historiografija.hr\/wp-content\/uploads\/2026\/04\/Noc-knjige-Carska-i-kraljevska.jpg?fit=1200%2C1200&ssl=1&resize=700%2C400 2x, https:\/\/i0.wp.com\/historiografija.hr\/wp-content\/uploads\/2026\/04\/Noc-knjige-Carska-i-kraljevska.jpg?fit=1200%2C1200&ssl=1&resize=1050%2C600 3x"},"classes":[]},{"id":52651,"url":"https:\/\/historiografija.hr\/?p=52651","url_meta":{"origin":17743,"position":3},"title":"Promocija knjige Emira O. Filipovi\u0107a \u201cVite\u0161tvo u srednjovjekovnoj Bosni\u201d u Sarajevu","author":"Branimir Jankovi\u0107","date":"24. travnja 2026.","format":false,"excerpt":"Knji\u017eevni korner poziva na promociju knjige Emira O. Filipovi\u0107a \u201cVite\u0161tvo u srednjovjekovnoj Bosni\u201d koja \u0107e se odr\u017eati u srijedu, 29. aprila 2026. u 18 sati u Evropskoj ku\u0107i kulture i nacionalnih manjina (Austrijska ku\u0107a) u Sarajevu. Na promociji \u0107e govoriti Mirsad Sijari\u0107, Ema Mazrak i autor, a moderirat \u0107e Nikola\u2026","rel":"","context":"U &quot;Novosti&quot;","block_context":{"text":"Novosti","link":"https:\/\/historiografija.hr\/?cat=3"},"img":{"alt_text":"","src":"https:\/\/i0.wp.com\/historiografija.hr\/wp-content\/uploads\/2026\/04\/Vitestvo.jpg?fit=1080%2C565&ssl=1&resize=350%2C200","width":350,"height":200,"srcset":"https:\/\/i0.wp.com\/historiografija.hr\/wp-content\/uploads\/2026\/04\/Vitestvo.jpg?fit=1080%2C565&ssl=1&resize=350%2C200 1x, https:\/\/i0.wp.com\/historiografija.hr\/wp-content\/uploads\/2026\/04\/Vitestvo.jpg?fit=1080%2C565&ssl=1&resize=525%2C300 1.5x, https:\/\/i0.wp.com\/historiografija.hr\/wp-content\/uploads\/2026\/04\/Vitestvo.jpg?fit=1080%2C565&ssl=1&resize=700%2C400 2x, https:\/\/i0.wp.com\/historiografija.hr\/wp-content\/uploads\/2026\/04\/Vitestvo.jpg?fit=1080%2C565&ssl=1&resize=1050%2C600 3x"},"classes":[]},{"id":52675,"url":"https:\/\/historiografija.hr\/?p=52675","url_meta":{"origin":17743,"position":4},"title":"Predstavljanje knjige Luke Peji\u0107a &#8220;U taboru anarhista: \u017divot Ivana Zeppa&#8221; u Osijeku","author":"Branimir Jankovi\u0107","date":"27. travnja 2026.","format":false,"excerpt":"U \u010detvrtak, 30. travnja 2026.\u00a0u\u00a019.00 sati\u00a0u Klubu knji\u017eare Nova\u00a0(Trg Ante Star\u010devi\u0107a 4, Osijek) odr\u017eat \u0107e se predstavljanje nove knjige Luke Peji\u0107a U taboru anarhista: \u017divot Ivana Zeppa (DAF, 2025.). Uz autora o knjizi \u0107e govoriti recenzent i povjesni\u010dar Nikola Toma\u0161egovi\u0107 te povjesni\u010darka Ana Rajkovi\u0107 Peji\u0107. Razgovor \u0107e moderirati doktorandica\u00a0Valentina Kezi\u0107.\u2026","rel":"","context":"U &quot;Novosti&quot;","block_context":{"text":"Novosti","link":"https:\/\/historiografija.hr\/?cat=3"},"img":{"alt_text":"","src":"https:\/\/i0.wp.com\/historiografija.hr\/wp-content\/uploads\/2025\/11\/Pejic.jpg?fit=574%2C790&ssl=1&resize=350%2C200","width":350,"height":200,"srcset":"https:\/\/i0.wp.com\/historiografija.hr\/wp-content\/uploads\/2025\/11\/Pejic.jpg?fit=574%2C790&ssl=1&resize=350%2C200 1x, https:\/\/i0.wp.com\/historiografija.hr\/wp-content\/uploads\/2025\/11\/Pejic.jpg?fit=574%2C790&ssl=1&resize=525%2C300 1.5x"},"classes":[]},{"id":52677,"url":"https:\/\/historiografija.hr\/?p=52677","url_meta":{"origin":17743,"position":5},"title":"CfP: NAVIGATING THE PAST, FACING THE PRESENT: CHALLENGES AND OPPORTUNITIES IN RE-PRESENTING CONFLICTS AND VIOLENCE IN MEMORY AND EDUCATION INSTITUTIONS, WARSAW, 22ND\u201324TH OCTOBER 2026 (DEADLINE: 30TH APRIL 2026)","author":"Branimir Jankovi\u0107","date":"27. travnja 2026.","format":false,"excerpt":"The conference and graduate workshop (October 22-24, 2026, Warsaw) addresses the representation of history in public and institutional contexts, with a focus beyond the often-studied field of \u201cmemory culture\u201d. Rather than emphasizing the politicization of memory and cultural institutions, the discussion shifts toward new methods, media, and challenges in historical\u2026","rel":"","context":"U &quot;Novosti&quot;","block_context":{"text":"Novosti","link":"https:\/\/historiografija.hr\/?cat=3"},"img":{"alt_text":"","src":"https:\/\/i0.wp.com\/historiografija.hr\/wp-content\/uploads\/2017\/10\/hsozkult.png?fit=1006%2C241&ssl=1&resize=350%2C200","width":350,"height":200,"srcset":"https:\/\/i0.wp.com\/historiografija.hr\/wp-content\/uploads\/2017\/10\/hsozkult.png?fit=1006%2C241&ssl=1&resize=350%2C200 1x, https:\/\/i0.wp.com\/historiografija.hr\/wp-content\/uploads\/2017\/10\/hsozkult.png?fit=1006%2C241&ssl=1&resize=525%2C300 1.5x, https:\/\/i0.wp.com\/historiografija.hr\/wp-content\/uploads\/2017\/10\/hsozkult.png?fit=1006%2C241&ssl=1&resize=700%2C400 2x"},"classes":[]}],"_links":{"self":[{"href":"https:\/\/historiografija.hr\/index.php?rest_route=\/wp\/v2\/posts\/17743","targetHints":{"allow":["GET"]}}],"collection":[{"href":"https:\/\/historiografija.hr\/index.php?rest_route=\/wp\/v2\/posts"}],"about":[{"href":"https:\/\/historiografija.hr\/index.php?rest_route=\/wp\/v2\/types\/post"}],"author":[{"embeddable":true,"href":"https:\/\/historiografija.hr\/index.php?rest_route=\/wp\/v2\/users\/2"}],"replies":[{"embeddable":true,"href":"https:\/\/historiografija.hr\/index.php?rest_route=%2Fwp%2Fv2%2Fcomments&post=17743"}],"version-history":[{"count":2,"href":"https:\/\/historiografija.hr\/index.php?rest_route=\/wp\/v2\/posts\/17743\/revisions"}],"predecessor-version":[{"id":17746,"href":"https:\/\/historiografija.hr\/index.php?rest_route=\/wp\/v2\/posts\/17743\/revisions\/17746"}],"wp:featuredmedia":[{"embeddable":true,"href":"https:\/\/historiografija.hr\/index.php?rest_route=\/wp\/v2\/media\/17745"}],"wp:attachment":[{"href":"https:\/\/historiografija.hr\/index.php?rest_route=%2Fwp%2Fv2%2Fmedia&parent=17743"}],"wp:term":[{"taxonomy":"category","embeddable":true,"href":"https:\/\/historiografija.hr\/index.php?rest_route=%2Fwp%2Fv2%2Fcategories&post=17743"},{"taxonomy":"post_tag","embeddable":true,"href":"https:\/\/historiografija.hr\/index.php?rest_route=%2Fwp%2Fv2%2Ftags&post=17743"}],"curies":[{"name":"wp","href":"https:\/\/api.w.org\/{rel}","templated":true}]}}