{"id":17634,"date":"2019-11-26T09:56:35","date_gmt":"2019-11-26T09:56:35","guid":{"rendered":"http:\/\/historiografija.hr\/?p=17634"},"modified":"2019-11-26T09:56:35","modified_gmt":"2019-11-26T09:56:35","slug":"hannah-arendt-ljudi-u-mracnim-vremenima","status":"publish","type":"post","link":"https:\/\/historiografija.hr\/?p=17634","title":{"rendered":"Hannah Arendt, \u201cLjudi u mra\u010dnim vremenima\u201d"},"content":{"rendered":"<p>Izdava\u010d TIM press objavio je 2019. godine hrvatsko izdanje knjige Hanne Arendt \u201cLjudi u mra\u010dnim vremenima\u201d (preveo s engleskog Sr\u0111an Dvornik) u kojoj autorica pi\u0161e o G. E. Lessingu, R. Luxemburg, A. G. Roncalliju, K. Jaspersu, I. Dinesenu, H. Brochu, W. Benjaminu, B. Brechtu, W. Gurianu, R. Jarrellu.<\/p>\n<p>&nbsp;<\/p>\n<p>&#8212;<\/p>\n<p>&nbsp;<\/p>\n<p>Termin \u201emra\u010dna vremena\u201c posu\u0111ujem iz Brechtove \u010duvene pjesme <em>Potomstvu<\/em>, koja spominje nered i glad, pokolje i kolja\u010de, ogor\u010denje zbog nepravde i o\u010daj \u201ekad je bilo samo krivde, bez ogor\u010denja\u201c, opravdanu mr\u017enju koja te ipak poru\u017enjuje, utemeljeni gnjev od kojeg glas postaje hrapav. Sve je to bilo sasvim stvarno jer se doga\u0111alo javno; nije u tome bilo ni\u010dega tajnog ni tajanstvenog. Ipak, nipo\u0161to nije bilo svima vidljivo niti lako uo\u010dljivo; jer sve do trenutka kada je katastrofa svladala sve i svakoga, skrivale su ga ne stvari iz stvarnosti, nego vrlo djelotvoran i dvosmislen govor gotovo svih slu\u017ebenih predstavnika koji su, bez prekida i uz mnogo domi\u0161ljatih varijacija, obja\u0161njenjima u\u0161utkivali neugodne \u010dinjenice i opravdane brige.<\/p>\n<p>\u201eMra\u010dna vremena\u201c, u \u0161irem smislu koji ovdje predla\u017eem, kao takva nisu identi\u010dna \u010dudovi\u0161nostima 20. stolje\u0107a koja su doista ne\u0161to grozno novo. Mra\u010dna vremena, nasuprot tome, ne samo \u0161to nisu nova, ona nisu rijetkost u povijesti, premda su mo\u017eda bila nepoznata u Americi, u kojoj je i u pro\u0161losti i u sada\u0161njosti bilo podosta zlo\u010dina i katastrofa. Da \u010dak i u najmra\u010dnijim vremenima imamo pravo o\u010dekivati neku svjetlost, da je lako mogu\u0107e da ta svjetlost potekne ne toliko iz teorija i pojmova koliko iz nesigurnog, treperavog, \u010desto slabog sjaja koji \u0107e neki mu\u0161karci i \u017eene u svojim \u017eivotima i svojim djelima upaliti u svim okolnostima i njime osvijetliti vrijeme koje im je dano na zemlji \u2013 ta je uvjerenost nejasna pozadina na kojoj su ocrtani ovi profili. O\u010di koje su toliko navikle na tamu kao na\u0161e, te\u0161ko \u0107e mo\u0107i razaznati je li njihovo svjetlo \u2013 svjetlo svije\u0107e ili svjetlo blije\u0161te\u0107eg sunca. No \u010dini mi se da je takvo objektivno vrednovanje sporedno i mo\u017ee ga se mirno prepustiti potomstvu.<br \/>\nHannah Arendt<\/p>\n<p>&nbsp;<\/p>\n<p>Jednakost pred zakonom \u010diji standard obi\u010dno usvajamo za moralne prosudbe nije apsolutna. Svaki sud otvoren je za oprost, svaki \u010din su\u0111enja mo\u017ee se promijeniti u \u010din opra\u0161tanja; suditi i opra\u0161tati samo su dvije strane istog nov\u010di\u0107a. Ali te dvije strane slijede razli\u010dita pravila. Veli\u010danstvo zakona zahtijeva da budemo jednaki \u2013 da vrijede samo \u00a0djela, a ne osoba koja ih je po\u010dinila. \u010cin opra\u0161tanja, nasuprot tome, u obzir uzima osobu; nijedno pomilovanje ne ispri\u010dava ubojstvo ili kra\u0111u, nego samo ubojicu ili kradljivca. Uvijek opra\u0161tamo nekome, a nikada ne\u0161to, i to je razlog \u0161to ljudi misle da samo ljubav mo\u017ee opra\u0161tati. No, s ljubavlju ili bez nje, opra\u0161tamo radi osobe, i premda pravda zahtijeva jednakost svih, milost ustraje na nejednakosti koja podrazumijeva da svaki \u010dovjek jest, ili bi trebao biti, vi\u0161e od bilo \u010dega \u0161to je u\u010dinio ili postigao.<\/p>\n<p>* * *<\/p>\n<p>Bijeg iz svijeta u mra\u010dnim vremenima nemo\u0107i uvijek se mo\u017ee opravdati pod uvjetom da se ne ignorira zbilju, nego je se neprestano priznaje kao ono od \u010dega se mora bje\u017eati. Kad ljudi odaberu tu mogu\u0107nost, i privatnost mo\u017ee zadr\u017eati nipo\u0161to bezna\u010dajnu stvarnost, premda ostaje nemo\u0107na. Samo je bitno da shva\u0107aju da se realnost te stvarnosti ne sastoji u njezinoj duboko osobnoj noti, kao ni da ne proizlazi iz privatnosti kao takve, nego iz svijeta iz kojeg su pobjegli. Moraju pamtiti da su stalno u bijegu i da je njihov bijeg zapravo zbilja u kojoj se svijet izra\u017eava.<br \/>\nUlomci iz knjige<\/p>\n<p>* * *<\/p>\n<p>&nbsp;<\/p>\n<p>Hannah Arendt (Hannover, 1906. \u2013 New York, 1975.) ameri\u010dko-njema\u010dka je filozofkinja i politologinja.<\/p>\n<p>Studirala je na sveu\u010dili\u0161tima u Marburgu, Freiburgu i Heidelbergu, gdje je 1928. doktorirala. Po dolasku nacista na vlast 1933. napustila je Njema\u010dku, a od 1940. \u017eivjela je u SAD-u. Uz ostalo, predavala je na Sveu\u010dili\u0161tu u Chicagu i na New School for Social Research u New Yorku. Arendt je svjetski priznata kao jedna od najva\u017enijih politi\u010dkih filozofkinja dvadesetog stolje\u0107a, a brojne knjige i \u010dlanci koje je napisala trajno su utjecali na politi\u010dku teoriju. Najzna\u010dajnija njezina djela su <em>Mi izbjeglice<\/em> (1943.), <em>Izvori totalitarizma<\/em> (1951.), <em>Vita activa<\/em> (1958.), <em>Eichmann u Jeruzalemu: Izvje\u0161taj o banalnosti zla<\/em> (1963.) i <em>Ljudi u mra\u010dnim vremenima<\/em> (1968.).<\/p>\n<p>U izdanju TIM pressa, 2017. godine objavljen je hrvatski prijevod knjige<em> Pisma od 1925. do 1975. i druga svjedo\u010danstva<\/em> (H. Arendt i M. Heidegger).<\/p>\n<p>&nbsp;<\/p>\n<ul>\n<li><strong>ISBN:<\/strong> 978-953-8075-67-4<\/li>\n<li><strong>Dimenzije:<\/strong> 142&#215;205 mm<\/li>\n<li><strong>Broj stranica:<\/strong> 280<\/li>\n<li><strong>Uvez:<\/strong> meki<\/li>\n<li><strong>Godina izdanja:<\/strong> 2019.<\/li>\n<li><strong>Naslov izvornika:<\/strong> Men in dark times<\/li>\n<li><strong>Jezik izvornika:<\/strong> engleski<\/li>\n<li><strong>Prijevod:<\/strong> Sr\u0111an Dvornik<\/li>\n<\/ul>\n<p>&nbsp;<\/p>\n<p>Prelistaj uzorak:<\/p>\n<p><a href=\"https:\/\/tim-press.hr\/hr\/knjige\/ljudi-u-mracnim-vremenima\/\">https:\/\/tim-press.hr\/hr\/knjige\/ljudi-u-mracnim-vremenima\/<\/a><\/p>\n<p>&nbsp;<\/p>\n<p>&nbsp;<\/p>\n","protected":false},"excerpt":{"rendered":"","protected":false},"author":2,"featured_media":17635,"comment_status":"open","ping_status":"open","sticky":false,"template":"","format":"standard","meta":{"_acf_changed":false,"jetpack_post_was_ever_published":false,"_jetpack_newsletter_access":"","_jetpack_dont_email_post_to_subs":false,"_jetpack_newsletter_tier_id":0,"_jetpack_memberships_contains_paywalled_content":false,"_jetpack_memberships_contains_paid_content":false,"footnotes":"","jetpack_publicize_message":"","jetpack_publicize_feature_enabled":true,"jetpack_social_post_already_shared":true,"jetpack_social_options":{"image_generator_settings":{"template":"highway","default_image_id":0,"font":"","enabled":false},"version":2}},"categories":[8,3],"tags":[],"class_list":["post-17634","post","type-post","status-publish","format-standard","has-post-thumbnail","hentry","category-knjige","category-novosti"],"acf":{"facebook_opis":""},"jetpack_publicize_connections":[],"jetpack_featured_media_url":"https:\/\/i0.wp.com\/historiografija.hr\/wp-content\/uploads\/2019\/11\/ljudi_u_mracnim_vremenima.jpg?fit=300%2C465&ssl=1","jetpack_sharing_enabled":true,"jetpack-related-posts":[{"id":52505,"url":"https:\/\/historiografija.hr\/?p=52505","url_meta":{"origin":17634,"position":0},"title":"Izlo\u017eba &#8220;Eschenstock \/ Jasenov prut&#8221;","author":"Branimir Jankovi\u0107","date":"17. travnja 2026.","format":false,"excerpt":"Srpsko narodno vije\u0107e (SNV) i Vizura aperta postavljaju izlo\u017ebu \u0161vicarskog slikara Velimira Ili\u0161evi\u0107a: Eschenstock \/ Jasenov prut. Izlo\u017eba se uz prisustvo autora otvara povodom 81. godi\u0161njice proboja logora\u0161a iz usta\u0161kog logora smrti Jasenovac 22. aprila 2026. u 19 sati u Srpskom kulturnom centru (SKC) u Preradovi\u0107evoj ulici 21 u Zagrebu.\u2026","rel":"","context":"U &quot;Izlo\u017ebe&quot;","block_context":{"text":"Izlo\u017ebe","link":"https:\/\/historiografija.hr\/?cat=10"},"img":{"alt_text":"","src":"https:\/\/i0.wp.com\/historiografija.hr\/wp-content\/uploads\/2026\/04\/Jasenov_prut.jpg?fit=1024%2C640&ssl=1&resize=350%2C200","width":350,"height":200,"srcset":"https:\/\/i0.wp.com\/historiografija.hr\/wp-content\/uploads\/2026\/04\/Jasenov_prut.jpg?fit=1024%2C640&ssl=1&resize=350%2C200 1x, https:\/\/i0.wp.com\/historiografija.hr\/wp-content\/uploads\/2026\/04\/Jasenov_prut.jpg?fit=1024%2C640&ssl=1&resize=525%2C300 1.5x, https:\/\/i0.wp.com\/historiografija.hr\/wp-content\/uploads\/2026\/04\/Jasenov_prut.jpg?fit=1024%2C640&ssl=1&resize=700%2C400 2x"},"classes":[]},{"id":52592,"url":"https:\/\/historiografija.hr\/?p=52592","url_meta":{"origin":17634,"position":1},"title":"Predstavljanje knjige &#8220;Turska ku\u0107a u Rijeci&#8221; u Zagrebu","author":"Branimir Jankovi\u0107","date":"22. travnja 2026.","format":false,"excerpt":"U prostorijama Turskog kulturnog centra Yunus Emre u Zagrebu, u utorak 21. travnja 2026. godine, odr\u017eano je sve\u010dano predstavljanje dopunjenog izdanja knjige Turska ku\u0107a u Rijeci, u organizaciji Hrvatsko-turskog dru\u0161tva Rijeka i partnerstvu sa Skupinom prijateljstva Hrvatska-Turska Hrvatskog sabora, Veleposlanstvom Republike Turske u Republici Hrvatskoj te Turskim kulturnim centrom Yunus\u2026","rel":"","context":"U &quot;Novosti&quot;","block_context":{"text":"Novosti","link":"https:\/\/historiografija.hr\/?cat=3"},"img":{"alt_text":"","src":"https:\/\/i0.wp.com\/historiografija.hr\/wp-content\/uploads\/2026\/04\/Turska-kuca-ZG.jpg?fit=1200%2C800&ssl=1&resize=350%2C200","width":350,"height":200,"srcset":"https:\/\/i0.wp.com\/historiografija.hr\/wp-content\/uploads\/2026\/04\/Turska-kuca-ZG.jpg?fit=1200%2C800&ssl=1&resize=350%2C200 1x, https:\/\/i0.wp.com\/historiografija.hr\/wp-content\/uploads\/2026\/04\/Turska-kuca-ZG.jpg?fit=1200%2C800&ssl=1&resize=525%2C300 1.5x, https:\/\/i0.wp.com\/historiografija.hr\/wp-content\/uploads\/2026\/04\/Turska-kuca-ZG.jpg?fit=1200%2C800&ssl=1&resize=700%2C400 2x, https:\/\/i0.wp.com\/historiografija.hr\/wp-content\/uploads\/2026\/04\/Turska-kuca-ZG.jpg?fit=1200%2C800&ssl=1&resize=1050%2C600 3x"},"classes":[]},{"id":52589,"url":"https:\/\/historiografija.hr\/?p=52589","url_meta":{"origin":17634,"position":2},"title":"Predstavljena knjiga Miomira \u017du\u017eula &#8220;Dayton: Diplomacija &#8211; druga strana rata&#8221;","author":"Branimir Jankovi\u0107","date":"22. travnja 2026.","format":false,"excerpt":"Knjiga Miomira \u017du\u017eula \u201eDayton: Diplomacija \u2013 druga strana rata\u201d predstavljena je u srijedu, 22. travnja 2026. godine u foajeu Hrvatskoga narodnog kazali\u0161ta u Zagrebu. Op\u0161irnije: https:\/\/vijesti.hrt.hr\/hrvatska\/predstavljena-knjiga-miomira-zuzula-dayton-diplomacija-druga-strana-rata-12683259 https:\/\/www.vecernji.ba\/amp\/vijesti\/zuzulova-knjiga-o-daytonu-predstavljena-u-zagrebu-diplomacija-kao-druga-strana-rata-1953700 https:\/\/www.tportal.hr\/vijesti\/clanak\/bivsi-sanaderov-ministar-odrzao-promociju-evo-tko-je-sve-dosao-na-predstavljanje-knjige-miomira-zuzula-foto-20260422 https:\/\/direktno.hr\/zivot\/kultura\/zuzul-otkrio-sve-o-drugoj-strani-rata-za-hrvatsku-se-nije-libio-povuci-nekoga-i-za-kosu-395042 https:\/\/www.24sata.hr\/news\/miomir-zuzul-predstavio-je-knjigu-o-daytonu-diplomacija-je-bila-druga-strana-rata-1123152 https:\/\/www.vecernji.hr\/kultura\/kolinda-grabar-kitarovic-otvoreno-miomir-zuzul-nije-vukao-samo-za-rukav-nego-i-za-kosu-1953722 https:\/\/www.vecernji.hr\/kultura\/i-papa-lav-xiv-eksplicitno-je-daytonski-sporazum-istaknuo-kao-primjer-uspjesna-rjesavanja-sukoba-1952215","rel":"","context":"U &quot;Novosti&quot;","block_context":{"text":"Novosti","link":"https:\/\/historiografija.hr\/?cat=3"},"img":{"alt_text":"","src":"https:\/\/i0.wp.com\/historiografija.hr\/wp-content\/uploads\/2026\/04\/Dayton.jpg?fit=1024%2C683&ssl=1&resize=350%2C200","width":350,"height":200,"srcset":"https:\/\/i0.wp.com\/historiografija.hr\/wp-content\/uploads\/2026\/04\/Dayton.jpg?fit=1024%2C683&ssl=1&resize=350%2C200 1x, https:\/\/i0.wp.com\/historiografija.hr\/wp-content\/uploads\/2026\/04\/Dayton.jpg?fit=1024%2C683&ssl=1&resize=525%2C300 1.5x, https:\/\/i0.wp.com\/historiografija.hr\/wp-content\/uploads\/2026\/04\/Dayton.jpg?fit=1024%2C683&ssl=1&resize=700%2C400 2x"},"classes":[]},{"id":52669,"url":"https:\/\/historiografija.hr\/?p=52669","url_meta":{"origin":17634,"position":3},"title":"Predavanje Igora Dude &#8220;Odmor kao \u017eivotna potreba: o slobodnom vremenu u socijalisti\u010dkoj Jugoslaviji&#8221;","author":"Branimir Jankovi\u0107","date":"27. travnja 2026.","format":false,"excerpt":"U sklopu proljetnog ciklusa programa\u00a0Kriti\u010dka dramaturgija: pauza, u\u00a0subotu, 25. travnja 2026. u 19 sati\u00a0u prostoru Udru\u017eenja hrvatskih arhitekata povjesni\u010dar Igor Duda\u00a0odr\u017eao je predavanje naslovljeno\u00a0Odmor kao \u017eivotna potreba: o slobodnom vremenu u socijalisti\u010dkoj Jugoslaviji. Industrijalizacija i urbanizacija dru\u0161tava u povijesti su zna\u010dile i prelazak s predindustrijskog na industrijsko shva\u0107anje vremena. Ono\u2026","rel":"","context":"U &quot;Novosti&quot;","block_context":{"text":"Novosti","link":"https:\/\/historiografija.hr\/?cat=3"},"img":{"alt_text":"","src":"https:\/\/i0.wp.com\/historiografija.hr\/wp-content\/uploads\/2026\/04\/Duda.png?fit=1200%2C628&ssl=1&resize=350%2C200","width":350,"height":200,"srcset":"https:\/\/i0.wp.com\/historiografija.hr\/wp-content\/uploads\/2026\/04\/Duda.png?fit=1200%2C628&ssl=1&resize=350%2C200 1x, https:\/\/i0.wp.com\/historiografija.hr\/wp-content\/uploads\/2026\/04\/Duda.png?fit=1200%2C628&ssl=1&resize=525%2C300 1.5x, https:\/\/i0.wp.com\/historiografija.hr\/wp-content\/uploads\/2026\/04\/Duda.png?fit=1200%2C628&ssl=1&resize=700%2C400 2x, https:\/\/i0.wp.com\/historiografija.hr\/wp-content\/uploads\/2026\/04\/Duda.png?fit=1200%2C628&ssl=1&resize=1050%2C600 3x"},"classes":[]},{"id":52536,"url":"https:\/\/historiografija.hr\/?p=52536","url_meta":{"origin":17634,"position":4},"title":"Kader Abdolah, \u201ePrije nego \u0161to bude kasno\u201c","author":"Branimir Jankovi\u0107","date":"20. travnja 2026.","format":false,"excerpt":"Kader Abdolah \u017eeli se vratiti ku\u0107i. Ali povratak je nemogu\u0107: u Iranu bi bio uhap\u0161en. Pod la\u017enim imenom i s krivotvorenim paso\u0161em ipak uspijeva u\u0107i u domovinu i sti\u017ee do roditeljske ku\u0107e, visoko u planinama. Majka ga ne prepoznaje, otac je mrtav, a sve \u0161to je tra\u017eio izmi\u010de mu pred\u2026","rel":"","context":"U &quot;Novosti&quot;","block_context":{"text":"Novosti","link":"https:\/\/historiografija.hr\/?cat=3"},"img":{"alt_text":"","src":"https:\/\/i0.wp.com\/historiografija.hr\/wp-content\/uploads\/2026\/04\/Prije-nego-sto-bude-kasno.webp?fit=566%2C872&ssl=1&resize=350%2C200","width":350,"height":200,"srcset":"https:\/\/i0.wp.com\/historiografija.hr\/wp-content\/uploads\/2026\/04\/Prije-nego-sto-bude-kasno.webp?fit=566%2C872&ssl=1&resize=350%2C200 1x, https:\/\/i0.wp.com\/historiografija.hr\/wp-content\/uploads\/2026\/04\/Prije-nego-sto-bude-kasno.webp?fit=566%2C872&ssl=1&resize=525%2C300 1.5x"},"classes":[]},{"id":52631,"url":"https:\/\/historiografija.hr\/?p=52631","url_meta":{"origin":17634,"position":5},"title":"Predavanje Ivana Tepe\u0161a: Djelovanje hrvatske politi\u010dke emigracije","author":"Branimir Jankovi\u0107","date":"23. travnja 2026.","format":false,"excerpt":"Odjel za me\u0111unarodnu suradnju i iseljeni\u0161tvo Matice hrvatske Predavanje Ivana Tepe\u0161a: Djelovanje hrvatske politi\u010dke emigracije Utorak, 28. travnja 2026. u 18:00 sati, Dvorana Ljudevita Jonkea (Mala dvorana MH), Strossmayerov trg 4, Zagreb dr. sc. Ivan Tepe\u0161, Institut za istra\u017eivanje migracija Hrvatska politi\u010dka emigracija obilje\u017eila je polustoljetnu hrvatsku povijest u drugoj\u2026","rel":"","context":"U &quot;Novosti&quot;","block_context":{"text":"Novosti","link":"https:\/\/historiografija.hr\/?cat=3"},"img":{"alt_text":"","src":"","width":0,"height":0},"classes":[]}],"_links":{"self":[{"href":"https:\/\/historiografija.hr\/index.php?rest_route=\/wp\/v2\/posts\/17634","targetHints":{"allow":["GET"]}}],"collection":[{"href":"https:\/\/historiografija.hr\/index.php?rest_route=\/wp\/v2\/posts"}],"about":[{"href":"https:\/\/historiografija.hr\/index.php?rest_route=\/wp\/v2\/types\/post"}],"author":[{"embeddable":true,"href":"https:\/\/historiografija.hr\/index.php?rest_route=\/wp\/v2\/users\/2"}],"replies":[{"embeddable":true,"href":"https:\/\/historiografija.hr\/index.php?rest_route=%2Fwp%2Fv2%2Fcomments&post=17634"}],"version-history":[{"count":1,"href":"https:\/\/historiografija.hr\/index.php?rest_route=\/wp\/v2\/posts\/17634\/revisions"}],"predecessor-version":[{"id":17636,"href":"https:\/\/historiografija.hr\/index.php?rest_route=\/wp\/v2\/posts\/17634\/revisions\/17636"}],"wp:featuredmedia":[{"embeddable":true,"href":"https:\/\/historiografija.hr\/index.php?rest_route=\/wp\/v2\/media\/17635"}],"wp:attachment":[{"href":"https:\/\/historiografija.hr\/index.php?rest_route=%2Fwp%2Fv2%2Fmedia&parent=17634"}],"wp:term":[{"taxonomy":"category","embeddable":true,"href":"https:\/\/historiografija.hr\/index.php?rest_route=%2Fwp%2Fv2%2Fcategories&post=17634"},{"taxonomy":"post_tag","embeddable":true,"href":"https:\/\/historiografija.hr\/index.php?rest_route=%2Fwp%2Fv2%2Ftags&post=17634"}],"curies":[{"name":"wp","href":"https:\/\/api.w.org\/{rel}","templated":true}]}}