{"id":17613,"date":"2019-11-25T10:36:52","date_gmt":"2019-11-25T10:36:52","guid":{"rendered":"http:\/\/historiografija.hr\/?p=17613"},"modified":"2019-11-25T10:36:52","modified_gmt":"2019-11-25T10:36:52","slug":"xvii-dies-historiae-skolstvo-i-drustvene-prilike-kroz-povijest-u-hrvatskoj","status":"publish","type":"post","link":"https:\/\/historiografija.hr\/?p=17613","title":{"rendered":"&#8220;XVII. Dies historiae: \u0160kolstvo i dru\u0161tvene prilike kroz povijest u Hrvatskoj\u201c"},"content":{"rendered":"<p>Udruga studenata &#8220;Studia Croatica&#8221; i Dru\u0161tvo studenata povijesti &#8220;Ivan Lu\u010di\u0107-Lucius&#8221; organiziraju XVII. Dies historiae \u2013 znanstveno-stru\u010dni studentski simpozij na temu \u201e\u0160kolstvo i dru\u0161tvene prilike kroz povijest u Hrvatskoj\u201c. Simpozij \u0107e se odr\u017eati u utorak 26. studenoga 2019. od 11.00 do 15.20 sati u prostorijama Knji\u017enice Hrvatskih studija Sveu\u010dili\u0161ta u Zagrebu, Znanstveno-u\u010dili\u0161ni kampus Borongaj, Borongajska cesta 83d, Zagreb.<\/p>\n<p>&nbsp;<\/p>\n<p>Na simpoziju \u0107e sudjelovati cijeli niz uglednih hrvatskih znanstvenika koji \u0107e predstaviti rezultate znanstvenih istra\u017eivanja o \u0161kolstvu i odgojno-obrazovnim prilikama u Hrvatskoj od ranoga srednjega vijeka pa sve do suvremenije povijesti. \u0160kolski sustav je tijekom \u010ditave pro\u0161losti bio usko vezan uz dr\u017eavni sustav te vjerske zajednice, ta dva utjecaja su se vje\u010dno nadmetali u dominaciji nad odgojem i obrazovanjem, a nadme\u0107u se i danas. Stoga je tema izrazito aktualna i relativna s dana\u0161njim dru\u0161tvenim zbivanjima i obrazovnim politikama, koje su tema gotovo svake hrvatske izvr\u0161ne vlasti.<\/p>\n<p>&nbsp;<\/p>\n<p>P R O G R A M<\/p>\n<p>&nbsp;<\/p>\n<p>11.00 \u2022 otvorenje simpozija<\/p>\n<p>&nbsp;<\/p>\n<p>11.05 \u2013 11.20 \u2022 pozdravne rije\u010di<\/p>\n<p>izv. prof. dr. sc. Mario Gr\u010devi\u0107, pro\u010delnik Hrvatskih studija<\/p>\n<p>doc. dr. sc. Katarina Dadi\u0107, predstojnica Odsjeka za edukacijske znanosti i naobrazbu nastavnika<\/p>\n<p>Matija \u010ceh, predsjednik Udruge studenata \u201eStudia Croatica\u201c<\/p>\n<p>Vlatko Smiljani\u0107, predsjednik Dru\u0161tva studenata povijesti \u201eIvan Lu\u010di\u0107 \u2013 Lucius\u201c<\/p>\n<p>&nbsp;<\/p>\n<p>11.20 \u2013 11.40 \u2022 prof. dr. sc. Marko Pranji\u0107 (Hrvatski studiji), \u0160kola kao odgojna ustanova i nastavnik kao odgajatelj<\/p>\n<p>&nbsp;<\/p>\n<p>11.40 \u2013 12.00 \u2022 doc. dr. sc. Ana Bio\u010di\u0107 (Katoli\u010dki bogoslovni fakultet), 350 godina<\/p>\n<p>Sveu\u010dili\u0161ta u Zagrebu. Doprinos studija teologije razvoju visoko\u0161kolskog obrazovanja u Zagrebu<\/p>\n<p>&nbsp;<\/p>\n<p>12.00 \u2013 12.20 \u2022 prof. dr. sc. Mijo Korade, professor emeritus (Hrvatski studiji), Michael Lauretano (+1587) reformator odgojnog zavoda \u0122ermanicum u Rimu<\/p>\n<p>&nbsp;<\/p>\n<p>12.20 \u2013 12.40 \u2022 rasprava<\/p>\n<p>&nbsp;<\/p>\n<p>12.40 \u2013 13.40 \u2022 pauza za ru\u010dak<\/p>\n<p>&nbsp;<\/p>\n<p>13.40 \u2013 14.00 \u2022 dr. sc. Matija Mato \u0160kerbi\u0107 (Hrvatski studiji), Studij filozofije u kapucinskom samostanu u Vara\u017edinu izme\u0111u 1705. i 1783.<\/p>\n<p>&nbsp;<\/p>\n<p>14.00 \u2013 14.20 \u2022 dr. sc. Dinko \u017dupan (Hrvatski institut za povijest), Politika discipliniranja i biopolitika unutar hrvatskog \u0161kolskog sustava u drugoj polovini 19. stolje\u0107a<\/p>\n<p>&nbsp;<\/p>\n<p>14.20 \u2013 14.40 \u2022 dr. sc. Vlasta \u0160voger (Hrvatski institut za povijest), Mijat Stojanovi\u0107 \u2013 od \u201emagare\u0107e klupe\u201c do istaknutog pedagoga i pu\u010dkog pisca 19. stolje\u0107a<\/p>\n<p>&nbsp;<\/p>\n<p>14.40 \u2013 15.00 \u2022 rasprava<\/p>\n<p>&nbsp;<\/p>\n<p>15.00 \u2013 15.20 \u2022 zavr\u0161ne rije\u010di i zatvaranje simpozija<\/p>\n<p>&nbsp;<\/p>\n<p>Radujemo se Va\u0161em dolasku!<\/p>\n<p>&nbsp;<\/p>\n<p>Organizacijski odbor XVII. Dies historiae: \u0160kolstvo i dru\u0161tvene prilike kroz povijest<\/p>\n<p>Vlatko Smiljani\u0107, univ. bacc. hist., Matija \u010ceh, Filip Uzun, Ana Tu\u0161ek, Korina Grbe\u0161a, Klara Bagari\u0107, Filip \u0110uri\u0107, Ivan Marjanovi\u0107, univ. bacc. hist. et lat., Toni Pejakovi\u0107, univ. bacc. hist., Marija Bari\u0107 \u0110ur\u0111evi\u0107, univ. bacc. phil. et lat.<\/p>\n<p>&nbsp;<\/p>\n<p>Sa\u017eetke izlaganja mo\u017eete pro\u010ditati na raspravi<\/p>\n<p><a href=\"https:\/\/www.facebook.com\/events\/766626870453742\/?active_tab=discussion\">https:\/\/www.facebook.com\/events\/766626870453742\/?active_tab=discussion<\/a> Facebook<\/p>\n<p>doga\u0111aja <a href=\"https:\/\/www.facebook.com\/events\/766626870453742\/\">https:\/\/www.facebook.com\/events\/766626870453742\/<\/a> simpozija.<\/p>\n<p>&nbsp;<\/p>\n<p>&#8212;<\/p>\n<p>&nbsp;<\/p>\n<p>Udruga za projektne aktivnosti Hrvatskih studija Sveu\u010dili\u0161ta u Zagrebu &#8220;Studia Croatica&#8221; Borongajska cesta 83d, 10 000 Zagreb<\/p>\n<p>&nbsp;<\/p>\n<p>&nbsp;<\/p>\n","protected":false},"excerpt":{"rendered":"","protected":false},"author":2,"featured_media":17614,"comment_status":"open","ping_status":"open","sticky":false,"template":"","format":"standard","meta":{"_acf_changed":false,"jetpack_post_was_ever_published":false,"_jetpack_newsletter_access":"","_jetpack_dont_email_post_to_subs":false,"_jetpack_newsletter_tier_id":0,"_jetpack_memberships_contains_paywalled_content":false,"_jetpack_memberships_contains_paid_content":false,"footnotes":"","jetpack_publicize_message":"","jetpack_publicize_feature_enabled":true,"jetpack_social_post_already_shared":true,"jetpack_social_options":{"image_generator_settings":{"template":"highway","default_image_id":0,"font":"","enabled":false},"version":2}},"categories":[3,9],"tags":[],"class_list":["post-17613","post","type-post","status-publish","format-standard","has-post-thumbnail","hentry","category-novosti","category-skupovi"],"acf":{"facebook_opis":""},"jetpack_publicize_connections":[],"jetpack_featured_media_url":"https:\/\/i0.wp.com\/historiografija.hr\/wp-content\/uploads\/2019\/11\/skolstvo-HS.jpg?fit=960%2C540&ssl=1","jetpack_sharing_enabled":true,"jetpack-related-posts":[{"id":52499,"url":"https:\/\/historiografija.hr\/?p=52499","url_meta":{"origin":17613,"position":0},"title":"POTPISAN UGOVOR O ZNANSTVENO-ISTRA\u017dIVA\u010cKOJ SURADNJI: PROJEKT \u201eTEMELJI HRVATSKE SAMOSTALNOSTI\u201d","author":"Branimir Jankovi\u0107","date":"17. travnja 2026.","format":false,"excerpt":"Hrvatski institut za povijest, Sveu\u010dili\u0161te obrane i sigurnosti \u201eDr. Franjo Tu\u0111man\u201d, Institut dru\u0161tvenih znanosti Ivo Pilar i Hrvatski dr\u017eavni arhiv\u00a0potpisali su 23. o\u017eujka 2026.\u00a0Ugovor o znanstveno-istra\u017eiva\u010dkoj suradnji s ciljem provedbe projekta \u201eTemelji hrvatske samostalnosti\u201d. Tim projektom obuhva\u0107a se istra\u017eivanje arhivskoga gradiva, priprema znanstvenih publikacija, digitalizacija i javna prezentacija rezultata istra\u017eivanja\u2026","rel":"","context":"U &quot;Novosti&quot;","block_context":{"text":"Novosti","link":"https:\/\/historiografija.hr\/?cat=3"},"img":{"alt_text":"","src":"https:\/\/i0.wp.com\/historiografija.hr\/wp-content\/uploads\/2026\/04\/THS_sporazum.jpg?fit=1200%2C583&ssl=1&resize=350%2C200","width":350,"height":200,"srcset":"https:\/\/i0.wp.com\/historiografija.hr\/wp-content\/uploads\/2026\/04\/THS_sporazum.jpg?fit=1200%2C583&ssl=1&resize=350%2C200 1x, https:\/\/i0.wp.com\/historiografija.hr\/wp-content\/uploads\/2026\/04\/THS_sporazum.jpg?fit=1200%2C583&ssl=1&resize=525%2C300 1.5x, https:\/\/i0.wp.com\/historiografija.hr\/wp-content\/uploads\/2026\/04\/THS_sporazum.jpg?fit=1200%2C583&ssl=1&resize=700%2C400 2x, https:\/\/i0.wp.com\/historiografija.hr\/wp-content\/uploads\/2026\/04\/THS_sporazum.jpg?fit=1200%2C583&ssl=1&resize=1050%2C600 3x"},"classes":[]},{"id":52502,"url":"https:\/\/historiografija.hr\/?p=52502","url_meta":{"origin":17613,"position":1},"title":"Novi znanstveni projekt Hrvatskog instituta za povijest: \u201c\u017drtve ratova i dr\u017eavnog\/politi\u010dkog nasilja u hrvatskoj povijesti 20. stolje\u0107a\u201d","author":"Branimir Jankovi\u0107","date":"17. travnja 2026.","format":false,"excerpt":"Na redovitoj sjednici Vlade RH, 16. travnja 2026., donijet je Zaklju\u010dak kojim se pokre\u0107e znanstveni projekt \u201c\u017drtve ratova i dr\u017eavnog\/politi\u010dkog nasilja u hrvatskoj povijesti 20. stolje\u0107a\u201d. Projekt \u0107e provoditi i koordinirati Hrvatski institut za povijest u razdoblju trajanja projekta od pet godina. Zakljucak Vlade RH Iz teksta projektnog prijedloga: Problematika\u2026","rel":"","context":"U &quot;Novosti&quot;","block_context":{"text":"Novosti","link":"https:\/\/historiografija.hr\/?cat=3"},"img":{"alt_text":"","src":"https:\/\/i0.wp.com\/historiografija.hr\/wp-content\/uploads\/2026\/04\/Vlada-RH.jpg?fit=1200%2C557&ssl=1&resize=350%2C200","width":350,"height":200,"srcset":"https:\/\/i0.wp.com\/historiografija.hr\/wp-content\/uploads\/2026\/04\/Vlada-RH.jpg?fit=1200%2C557&ssl=1&resize=350%2C200 1x, https:\/\/i0.wp.com\/historiografija.hr\/wp-content\/uploads\/2026\/04\/Vlada-RH.jpg?fit=1200%2C557&ssl=1&resize=525%2C300 1.5x, https:\/\/i0.wp.com\/historiografija.hr\/wp-content\/uploads\/2026\/04\/Vlada-RH.jpg?fit=1200%2C557&ssl=1&resize=700%2C400 2x, https:\/\/i0.wp.com\/historiografija.hr\/wp-content\/uploads\/2026\/04\/Vlada-RH.jpg?fit=1200%2C557&ssl=1&resize=1050%2C600 3x"},"classes":[]},{"id":52543,"url":"https:\/\/historiografija.hr\/?p=52543","url_meta":{"origin":17613,"position":2},"title":"Znanstveno-stru\u010dni skup \u201eOto\u010dne pu\u010dke pobo\u017enosti: kontinuiteti i transformacije\u201c","author":"Branimir Jankovi\u0107","date":"20. travnja 2026.","format":false,"excerpt":"Najavljujemo\u00a0znanstveno-stru\u010dni skup \u201eOto\u010dne pu\u010dke pobo\u017enosti: kontinuiteti i transformacije\u201c,\u00a0koji \u0107e se odr\u017eati\u00a0u Rabu od 24. do 26. travnja 2026.,\u00a0u organizaciji i uz potporu\u00a0Instituta za etnologiju i folkloristiku, Zagreb, \u00a0Grada Raba, Pu\u010dkog otvorenog u\u010dili\u0161ta Rab i Centra za istra\u017eivanje srednjovjekovne ba\u0161tine Jadrana RIMAH. Skup okuplja vode\u0107e doma\u0107e stru\u010dnjake koji \u0107e kroz niz\u2026","rel":"","context":"U &quot;Novosti&quot;","block_context":{"text":"Novosti","link":"https:\/\/historiografija.hr\/?cat=3"},"img":{"alt_text":"","src":"https:\/\/i0.wp.com\/historiografija.hr\/wp-content\/uploads\/2026\/04\/Skup_Rab.jpg?fit=848%2C1200&ssl=1&resize=350%2C200","width":350,"height":200,"srcset":"https:\/\/i0.wp.com\/historiografija.hr\/wp-content\/uploads\/2026\/04\/Skup_Rab.jpg?fit=848%2C1200&ssl=1&resize=350%2C200 1x, https:\/\/i0.wp.com\/historiografija.hr\/wp-content\/uploads\/2026\/04\/Skup_Rab.jpg?fit=848%2C1200&ssl=1&resize=525%2C300 1.5x, https:\/\/i0.wp.com\/historiografija.hr\/wp-content\/uploads\/2026\/04\/Skup_Rab.jpg?fit=848%2C1200&ssl=1&resize=700%2C400 2x"},"classes":[]},{"id":52539,"url":"https:\/\/historiografija.hr\/?p=52539","url_meta":{"origin":17613,"position":3},"title":"Drugi po redu studentski simpozij &#8220;In fonte veritas&#8221;","author":"Branimir Jankovi\u0107","date":"20. travnja 2026.","format":false,"excerpt":"U srijedu, 22. travnja 2026. godine, u dvorani C 0.4 na Hrvatskom katoli\u010dkom sveu\u010dili\u0161tu odr\u017eat \u0107e se drugi studentski simpozij \u201eIn fonte veritas\". Ovogodi\u0161nja sredi\u0161nja tema simpozija je Papinstvo. Kroz istra\u017eiva\u010dko suo\u010davanje s povijesnim izvorima deset \u0107e studenata predstaviti rezultate svojih istra\u017eivanja o instituciji koja je stolje\u0107ima oblikovala europsku i\u2026","rel":"","context":"U &quot;Novosti&quot;","block_context":{"text":"Novosti","link":"https:\/\/historiografija.hr\/?cat=3"},"img":{"alt_text":"","src":"https:\/\/i0.wp.com\/historiografija.hr\/wp-content\/uploads\/2026\/04\/Papinstvo.png?fit=1024%2C500&ssl=1&resize=350%2C200","width":350,"height":200,"srcset":"https:\/\/i0.wp.com\/historiografija.hr\/wp-content\/uploads\/2026\/04\/Papinstvo.png?fit=1024%2C500&ssl=1&resize=350%2C200 1x, https:\/\/i0.wp.com\/historiografija.hr\/wp-content\/uploads\/2026\/04\/Papinstvo.png?fit=1024%2C500&ssl=1&resize=525%2C300 1.5x, https:\/\/i0.wp.com\/historiografija.hr\/wp-content\/uploads\/2026\/04\/Papinstvo.png?fit=1024%2C500&ssl=1&resize=700%2C400 2x"},"classes":[]},{"id":52666,"url":"https:\/\/historiografija.hr\/?p=52666","url_meta":{"origin":17613,"position":4},"title":"Najava programa Festivala povijesti Kliofest (5-8. V. 2026)","author":"Branimir Jankovi\u0107","date":"24. travnja 2026.","format":false,"excerpt":"Po trinaesti put odr\u017eava se Festival povijesti Kliofest! Do petka \u0107emo odr\u017eati osam okruglih stolova i dva kolokvija te niz predstavljanja knjiga i projekata razli\u010dite tematike, od antike do suvremenosti. Bit \u0107e predstavljeno i nekoliko izlo\u017ebi te odr\u017ean jedan povijesni kviz. Prikazat \u0107emo i jedan film \u2013 o generalu Boroevi\u0107u.\u2026","rel":"","context":"U &quot;Novosti&quot;","block_context":{"text":"Novosti","link":"https:\/\/historiografija.hr\/?cat=3"},"img":{"alt_text":"","src":"https:\/\/i0.wp.com\/historiografija.hr\/wp-content\/uploads\/2026\/04\/Kliofest-2026.jpg?fit=526%2C526&ssl=1&resize=350%2C200","width":350,"height":200,"srcset":"https:\/\/i0.wp.com\/historiografija.hr\/wp-content\/uploads\/2026\/04\/Kliofest-2026.jpg?fit=526%2C526&ssl=1&resize=350%2C200 1x, https:\/\/i0.wp.com\/historiografija.hr\/wp-content\/uploads\/2026\/04\/Kliofest-2026.jpg?fit=526%2C526&ssl=1&resize=525%2C300 1.5x"},"classes":[]},{"id":52505,"url":"https:\/\/historiografija.hr\/?p=52505","url_meta":{"origin":17613,"position":5},"title":"Izlo\u017eba &#8220;Eschenstock \/ Jasenov prut&#8221;","author":"Branimir Jankovi\u0107","date":"17. travnja 2026.","format":false,"excerpt":"Srpsko narodno vije\u0107e (SNV) i Vizura aperta postavljaju izlo\u017ebu \u0161vicarskog slikara Velimira Ili\u0161evi\u0107a: Eschenstock \/ Jasenov prut. Izlo\u017eba se uz prisustvo autora otvara povodom 81. godi\u0161njice proboja logora\u0161a iz usta\u0161kog logora smrti Jasenovac 22. aprila 2026. u 19 sati u Srpskom kulturnom centru (SKC) u Preradovi\u0107evoj ulici 21 u Zagrebu.\u2026","rel":"","context":"U &quot;Izlo\u017ebe&quot;","block_context":{"text":"Izlo\u017ebe","link":"https:\/\/historiografija.hr\/?cat=10"},"img":{"alt_text":"","src":"https:\/\/i0.wp.com\/historiografija.hr\/wp-content\/uploads\/2026\/04\/Jasenov_prut.jpg?fit=1024%2C640&ssl=1&resize=350%2C200","width":350,"height":200,"srcset":"https:\/\/i0.wp.com\/historiografija.hr\/wp-content\/uploads\/2026\/04\/Jasenov_prut.jpg?fit=1024%2C640&ssl=1&resize=350%2C200 1x, https:\/\/i0.wp.com\/historiografija.hr\/wp-content\/uploads\/2026\/04\/Jasenov_prut.jpg?fit=1024%2C640&ssl=1&resize=525%2C300 1.5x, https:\/\/i0.wp.com\/historiografija.hr\/wp-content\/uploads\/2026\/04\/Jasenov_prut.jpg?fit=1024%2C640&ssl=1&resize=700%2C400 2x"},"classes":[]}],"_links":{"self":[{"href":"https:\/\/historiografija.hr\/index.php?rest_route=\/wp\/v2\/posts\/17613","targetHints":{"allow":["GET"]}}],"collection":[{"href":"https:\/\/historiografija.hr\/index.php?rest_route=\/wp\/v2\/posts"}],"about":[{"href":"https:\/\/historiografija.hr\/index.php?rest_route=\/wp\/v2\/types\/post"}],"author":[{"embeddable":true,"href":"https:\/\/historiografija.hr\/index.php?rest_route=\/wp\/v2\/users\/2"}],"replies":[{"embeddable":true,"href":"https:\/\/historiografija.hr\/index.php?rest_route=%2Fwp%2Fv2%2Fcomments&post=17613"}],"version-history":[{"count":1,"href":"https:\/\/historiografija.hr\/index.php?rest_route=\/wp\/v2\/posts\/17613\/revisions"}],"predecessor-version":[{"id":17615,"href":"https:\/\/historiografija.hr\/index.php?rest_route=\/wp\/v2\/posts\/17613\/revisions\/17615"}],"wp:featuredmedia":[{"embeddable":true,"href":"https:\/\/historiografija.hr\/index.php?rest_route=\/wp\/v2\/media\/17614"}],"wp:attachment":[{"href":"https:\/\/historiografija.hr\/index.php?rest_route=%2Fwp%2Fv2%2Fmedia&parent=17613"}],"wp:term":[{"taxonomy":"category","embeddable":true,"href":"https:\/\/historiografija.hr\/index.php?rest_route=%2Fwp%2Fv2%2Fcategories&post=17613"},{"taxonomy":"post_tag","embeddable":true,"href":"https:\/\/historiografija.hr\/index.php?rest_route=%2Fwp%2Fv2%2Ftags&post=17613"}],"curies":[{"name":"wp","href":"https:\/\/api.w.org\/{rel}","templated":true}]}}