{"id":17577,"date":"2019-11-22T19:53:00","date_gmt":"2019-11-22T19:53:00","guid":{"rendered":"http:\/\/historiografija.hr\/?p=17577"},"modified":"2019-11-22T20:01:41","modified_gmt":"2019-11-22T20:01:41","slug":"znanstveni-skup-ferdo-sisic-i-hrvatska-historiografija-prve-polovice-20-stoljeca-u-povodu-stopedesete-godisnjice-sisiceva-rodenja-zagreb-slavonski-brod-28-29-studenoga-2","status":"publish","type":"post","link":"https:\/\/historiografija.hr\/?p=17577","title":{"rendered":"Znanstveni skup \u201eFerdo \u0160i\u0161i\u0107 i hrvatska historiografija prve polovice 20. stolje\u0107a. U povodu stopedesete godi\u0161njice \u0160i\u0161i\u0107eva ro\u0111enja\u201c (Zagreb\/Slavonski Brod, 28\u201329. studenoga 2019.)"},"content":{"rendered":"<p>&nbsp;<\/p>\n<p>Hrvatski nacionalni odbor za povijesne znanosti, Dru\u0161tvo za hrvatsku povjesnicu, Odsjek za povijest Filozofskog fakulteta Sveu\u010dili\u0161ta u Zagrebu i Podru\u017enica za povijest Slavonije, Srijema i Baranje Hrvatskoga instituta za povijest u Slavonskom Brodu organiziraju 28. studenoga u Zagrebu i 29. studenoga 2019. u Slavonskom Brodu znanstveni skup \u201cFerdo \u0160i\u0161i\u0107 i hrvatska historiografija prve polovice 20. stolje\u0107a\u201d.<\/p>\n<p>&nbsp;<\/p>\n<p><a href=\"https:\/\/i0.wp.com\/historiografija.hr\/wp-content\/uploads\/2019\/11\/sisic-POZIVNICA-SISIC.jpg?ssl=1\"><img data-recalc-dims=\"1\" loading=\"lazy\" decoding=\"async\" data-attachment-id=\"17580\" data-permalink=\"https:\/\/historiografija.hr\/?attachment_id=17580\" data-orig-file=\"https:\/\/i0.wp.com\/historiografija.hr\/wp-content\/uploads\/2019\/11\/sisic-POZIVNICA-SISIC.jpg?fit=2362%2C1181&amp;ssl=1\" data-orig-size=\"2362,1181\" data-comments-opened=\"1\" data-image-meta=\"{&quot;aperture&quot;:&quot;0&quot;,&quot;credit&quot;:&quot;&quot;,&quot;camera&quot;:&quot;&quot;,&quot;caption&quot;:&quot;&quot;,&quot;created_timestamp&quot;:&quot;0&quot;,&quot;copyright&quot;:&quot;&quot;,&quot;focal_length&quot;:&quot;0&quot;,&quot;iso&quot;:&quot;0&quot;,&quot;shutter_speed&quot;:&quot;0&quot;,&quot;title&quot;:&quot;&quot;,&quot;orientation&quot;:&quot;1&quot;}\" data-image-title=\"sisic POZIVNICA SISIC\" data-image-description=\"\" data-image-caption=\"\" data-large-file=\"https:\/\/i0.wp.com\/historiografija.hr\/wp-content\/uploads\/2019\/11\/sisic-POZIVNICA-SISIC.jpg?fit=860%2C430&amp;ssl=1\" class=\"alignnone size-medium wp-image-17580\" src=\"https:\/\/i0.wp.com\/historiografija.hr\/wp-content\/uploads\/2019\/11\/sisic-POZIVNICA-SISIC.jpg?resize=300%2C150&#038;ssl=1\" alt=\"\" width=\"300\" height=\"150\" srcset=\"https:\/\/i0.wp.com\/historiografija.hr\/wp-content\/uploads\/2019\/11\/sisic-POZIVNICA-SISIC.jpg?resize=300%2C150&amp;ssl=1 300w, https:\/\/i0.wp.com\/historiografija.hr\/wp-content\/uploads\/2019\/11\/sisic-POZIVNICA-SISIC.jpg?resize=768%2C384&amp;ssl=1 768w, https:\/\/i0.wp.com\/historiografija.hr\/wp-content\/uploads\/2019\/11\/sisic-POZIVNICA-SISIC.jpg?resize=1024%2C512&amp;ssl=1 1024w, https:\/\/i0.wp.com\/historiografija.hr\/wp-content\/uploads\/2019\/11\/sisic-POZIVNICA-SISIC.jpg?resize=420%2C210&amp;ssl=1 420w, https:\/\/i0.wp.com\/historiografija.hr\/wp-content\/uploads\/2019\/11\/sisic-POZIVNICA-SISIC.jpg?w=1720&amp;ssl=1 1720w\" sizes=\"auto, (max-width: 300px) 100vw, 300px\" \/><\/a><\/p>\n<p>&nbsp;<\/p>\n<p><strong>PROGRAM SKUPA <\/strong><\/p>\n<p>&nbsp;<\/p>\n<p><strong>\u010cetvrtak, 28.XI.2019. <\/strong><\/p>\n<p><strong>Dvorana A 201 Filozofskog fakulteta Sveu\u010dili\u0161ta u Zagrebu <\/strong><\/p>\n<p><strong>9.30-9.50 <\/strong><\/p>\n<p>Sve\u010danost otvorenja: prof. dr. sc. Vesna Vlahovi\u0107-\u0160teti\u0107, dekanica Filozof\u00adskog fakulteta, doc. dr. Zvjezdana Sikiri\u0107 Assouline, pro\u010delnica Odsje\u00adka za povijest, dr. sc. Stanko Andri\u0107, voditelj Podru\u017enice za povijest Slavonije, Srijema i Baranje Hrvatskoga instituta za povijest, prof. dr. \u017deljko Holjevac, predsjednik Dru\u0161tva za hrvatsku povjesnicu, prof. dr. Damir Agi\u010di\u0107, predsjednik Hrvatskoga nacionalnog odbora za povije\u00adsne znanosti<\/p>\n<p>&nbsp;<\/p>\n<p><strong>10.00-10.20 <\/strong><\/p>\n<p><strong>Tomislav Bran\u0111olica \u2013 Filip \u0160imetin \u0160egvi\u0107 <\/strong>Stvaranje moderne historiografije: hrvatska povijesna znanost na prijelazu stolje\u0107a<\/p>\n<p>&nbsp;<\/p>\n<p><strong>10.20-10.40 <\/strong><\/p>\n<p><strong>Antun Neki\u0107 <\/strong>Od Ra\u010dkog do \u0160i\u0161i\u0107a: \u201epokret na slavenskom jugu\u201c kao agen\u00adda nacionalne historiografije<\/p>\n<p>&nbsp;<\/p>\n<p><strong>10.40-11.00 <\/strong><\/p>\n<p><strong>Zoran Ladi\u0107 \u2013 <\/strong><strong>Meri <\/strong><strong>Kun\u010di\u0107 <\/strong>Historiografske teme, izvori i literatura kori\u00ad\u0161teni u \u0160i\u0161i\u0107evoj znanstvenoj djelatnosti na temelju podataka iz Arhiva HAZU u Zagrebu<\/p>\n<p>&nbsp;<\/p>\n<p><strong>11.00-11.20 <\/strong><\/p>\n<p><strong>Josip Parat <\/strong>Stara povijest u \u0160i\u0161i\u0107evim djelima<\/p>\n<p>&nbsp;<\/p>\n<p><strong>11.20-11.40 <\/strong><\/p>\n<p><strong>Mirjana Matijevi\u0107 Sokol <\/strong>Srednjovjekovni opus Ferde \u0160i\u0161i\u0107a<\/p>\n<p>&nbsp;<\/p>\n<p><strong>11.40-12.00 <\/strong><\/p>\n<p><strong>Zdravka Jelaska Marijan <\/strong>Jadransko pitanje i Londonski ugovor u rado\u00advima Ferde \u0160i\u0161i\u0107a<\/p>\n<p>&nbsp;<\/p>\n<p><strong>12.00-12.30 <\/strong><\/p>\n<p>Stanka za kavu<\/p>\n<p><strong>\u00a0<\/strong><\/p>\n<p><strong>12.30-12.50 <\/strong><\/p>\n<p><strong>Nikola Toma\u0161egovi\u0107 <\/strong>Nacionalno-teleolo\u0161ki narativ u djelu Ferde \u0160i\u0161i\u0107a: naslije\u0111e i kontekst<\/p>\n<p><strong>\u00a0<\/strong><\/p>\n<p><strong>12.50-13.10 <\/strong><\/p>\n<p><strong>Nikolina \u0160imetin \u0160egvi\u0107 <\/strong>Stvaranje povijesti. Intelektualna i dru\u0161tvena povijest jedne sinteze<\/p>\n<p><strong>\u00a0<\/strong><\/p>\n<p><strong>13.10-13.30 <\/strong><\/p>\n<p><strong>Stanko Andri\u0107 <\/strong>Ferdo \u0160i\u0161i\u0107 i ma\u0111arska historiografija<\/p>\n<p><strong>\u00a0<\/strong><\/p>\n<p><strong>13.30-13.50 <\/strong><\/p>\n<p><strong>Amer Maslo <\/strong>Bosna i Hercegovina u nau\u010dnom opusu Ferde \u0160i\u0161i\u0107a<\/p>\n<p>&nbsp;<\/p>\n<p><strong>13.50-14.10 <\/strong><\/p>\n<p><strong>Vladimir Nim\u010devi\u0107 <\/strong>Ferdo \u0160i\u0161i\u0107 na srpskoj znanstveno-publicisti\u010dkoj sceni<\/p>\n<p><strong>\u00a0<\/strong><\/p>\n<p><strong>14.10-14.30 <\/strong><\/p>\n<p><strong>Mihaela Mari\u0107 <\/strong>Ferdo \u0160i\u0161i\u0107: ideje o povijesti i popularizacija historijske znanosti<\/p>\n<p><strong>\u00a0<\/strong><\/p>\n<p><strong>14.30-14.50 <\/strong><\/p>\n<p><strong>Veronika Novoselac \u2013 Vlatko Smiljani\u0107 <\/strong>Doprinosi Ferde \u0160i\u0161i\u0107a Mirov\u00adnoj konferenciji u Parizu 1919.-1920. u kontekstu hrvatskih zemalja<\/p>\n<p><strong>\u00a0<\/strong><\/p>\n<p><strong>15.15 <\/strong><\/p>\n<p>Ru\u010dak za sudionike<\/p>\n<p><strong>\u00a0<\/strong><\/p>\n<p><strong>Petak, 29.XI.2019. <\/strong><\/p>\n<p><strong>Gradska knji\u017enica u Slavonskom Brodu <\/strong><\/p>\n<p>&nbsp;<\/p>\n<p><strong>11.00-11.20 <\/strong><\/p>\n<p><strong>Marija Karbi\u0107 \u2013 Damir Karbi\u0107 <\/strong>Ferdo \u0160i\u0161i\u0107 i njegov <em>Priru\u010dnik izvora hrvat\u00adske historije <\/em><\/p>\n<p><strong>\u00a0<\/strong><\/p>\n<p><strong>11.20-11.40 <\/strong><\/p>\n<p><strong>Tomislav Galovi\u0107 <\/strong>Ferdo \u0160i\u0161i\u0107 i Kartular samostana sv. Kr\u0161evana u Zadru<\/p>\n<p><strong>\u00a0<\/strong><\/p>\n<p><strong>11.40-12.00 <\/strong><\/p>\n<p><strong>D\u017eenan Dautovi\u0107 <\/strong>Ferdo \u0160i\u0161i\u0107 (1869-1940) i prou\u010davanje vjerskog \u017eivota srednjovjekovne Bosne<\/p>\n<p><strong>\u00a0<\/strong><\/p>\n<p><strong>12.00-12.20 <\/strong><\/p>\n<p><strong>Tihana Lueti\u0107 <\/strong>Ferdo \u0160i\u0161i\u0107 kao student na Mudroslovnom fakultetu Kr. Sveu\u010dili\u0161ta Franje Josipa I. u Zagrebu<\/p>\n<p>&nbsp;<\/p>\n<p><strong>12.20-12.40 <\/strong><\/p>\n<p><strong>Zlata Ker\u017ee-\u017divakovi\u0107 <\/strong>\u0160i\u0161i\u0107eve neprilike u osje\u010dkom razdoblju \u017eivota i rada<\/p>\n<p><strong>\u00a0<\/strong><\/p>\n<p><strong>12.40-13.00 <\/strong><\/p>\n<p>Stanka za kavu<\/p>\n<p><strong>\u00a0<\/strong><\/p>\n<p><strong>13.00-13.20 <\/strong><\/p>\n<p><strong>Vlatka Duga\u010dki \u2013 Kre\u0161imir Regan <\/strong>Ferdo \u0160i\u0161i\u0107 kao mentor. Studija slu\u010da\u00adja: doktorska disertacija Zvonimira Duga\u010dkog <em>Knez Ivani\u0161 Nelipi\u0107 <\/em><\/p>\n<p><strong>\u00a0<\/strong><\/p>\n<p><strong>13.20-13.40 <\/strong><\/p>\n<p><strong>Branko Ostajmer <\/strong>Ferdo \u0160i\u0161i\u0107 kao delegat u zajedni\u010dkom ugarsko-hrvat\u00adskom saboru<\/p>\n<p><strong>\u00a0<\/strong><\/p>\n<p><strong>13.40-14.00 <\/strong><\/p>\n<p><strong>Matko Globa\u010dnik <\/strong>Djelatnost Ferde \u0160i\u0161i\u0107a u Prvome svjetskom ratu<\/p>\n<p><strong>\u00a0<\/strong><\/p>\n<p><strong>14.00-14.20 <\/strong><\/p>\n<p><strong>Damir Agi\u010di\u0107 <\/strong>O jednom \u0160i\u0161i\u0107evu predavanju iz 1922\/1923. godine<\/p>\n<p><strong>\u00a0<\/strong><\/p>\n<p><strong>14.20-14.50 <\/strong><\/p>\n<p>Zaklju\u010denje skupa<\/p>\n<p><strong>\u00a0<\/strong><\/p>\n<p><strong>15.00 <\/strong><\/p>\n<p>Ru\u010dak za sudionike<\/p>\n<p>&nbsp;<\/p>\n<p><a href=\"https:\/\/historiografija.hr\/wp-content\/uploads\/2019\/11\/Sisic-programska-knjizica.pdf\">Sisic programska knjizica<\/a><\/p>\n<p>&nbsp;<\/p>\n<p><a href=\"https:\/\/i0.wp.com\/historiografija.hr\/wp-content\/uploads\/2019\/11\/sisic-Naslovnica-skup.jpg?ssl=1\"><img data-recalc-dims=\"1\" loading=\"lazy\" decoding=\"async\" data-attachment-id=\"17578\" data-permalink=\"https:\/\/historiografija.hr\/?attachment_id=17578\" data-orig-file=\"https:\/\/i0.wp.com\/historiografija.hr\/wp-content\/uploads\/2019\/11\/sisic-Naslovnica-skup.jpg?fit=3524%2C4932&amp;ssl=1\" data-orig-size=\"3524,4932\" data-comments-opened=\"1\" data-image-meta=\"{&quot;aperture&quot;:&quot;0&quot;,&quot;credit&quot;:&quot;&quot;,&quot;camera&quot;:&quot;&quot;,&quot;caption&quot;:&quot;&quot;,&quot;created_timestamp&quot;:&quot;0&quot;,&quot;copyright&quot;:&quot;&quot;,&quot;focal_length&quot;:&quot;0&quot;,&quot;iso&quot;:&quot;0&quot;,&quot;shutter_speed&quot;:&quot;0&quot;,&quot;title&quot;:&quot;&quot;,&quot;orientation&quot;:&quot;1&quot;}\" data-image-title=\"sisic Naslovnica skup\" data-image-description=\"\" data-image-caption=\"\" data-large-file=\"https:\/\/i0.wp.com\/historiografija.hr\/wp-content\/uploads\/2019\/11\/sisic-Naslovnica-skup.jpg?fit=732%2C1024&amp;ssl=1\" class=\"alignnone size-medium wp-image-17578\" src=\"https:\/\/i0.wp.com\/historiografija.hr\/wp-content\/uploads\/2019\/11\/sisic-Naslovnica-skup.jpg?resize=214%2C300&#038;ssl=1\" alt=\"\" width=\"214\" height=\"300\" srcset=\"https:\/\/i0.wp.com\/historiografija.hr\/wp-content\/uploads\/2019\/11\/sisic-Naslovnica-skup.jpg?resize=214%2C300&amp;ssl=1 214w, https:\/\/i0.wp.com\/historiografija.hr\/wp-content\/uploads\/2019\/11\/sisic-Naslovnica-skup.jpg?resize=768%2C1075&amp;ssl=1 768w, https:\/\/i0.wp.com\/historiografija.hr\/wp-content\/uploads\/2019\/11\/sisic-Naslovnica-skup.jpg?resize=732%2C1024&amp;ssl=1 732w, https:\/\/i0.wp.com\/historiografija.hr\/wp-content\/uploads\/2019\/11\/sisic-Naslovnica-skup.jpg?w=1720&amp;ssl=1 1720w, https:\/\/i0.wp.com\/historiografija.hr\/wp-content\/uploads\/2019\/11\/sisic-Naslovnica-skup.jpg?w=2580&amp;ssl=1 2580w\" sizes=\"auto, (max-width: 214px) 100vw, 214px\" \/><\/a><\/p>\n<p>&nbsp;<\/p>\n<p>&nbsp;<\/p>\n<p>&nbsp;<\/p>\n<p>&nbsp;<\/p>\n","protected":false},"excerpt":{"rendered":"","protected":false},"author":2,"featured_media":0,"comment_status":"open","ping_status":"open","sticky":false,"template":"","format":"standard","meta":{"_acf_changed":false,"jetpack_post_was_ever_published":false,"_jetpack_newsletter_access":"","_jetpack_dont_email_post_to_subs":false,"_jetpack_newsletter_tier_id":0,"_jetpack_memberships_contains_paywalled_content":false,"_jetpack_memberships_contains_paid_content":false,"footnotes":"","jetpack_publicize_message":"","jetpack_publicize_feature_enabled":true,"jetpack_social_post_already_shared":true,"jetpack_social_options":{"image_generator_settings":{"template":"highway","default_image_id":0,"font":"","enabled":false},"version":2}},"categories":[4,9],"tags":[],"class_list":["post-17577","post","type-post","status-publish","format-standard","hentry","category-osvrti","category-skupovi"],"acf":{"facebook_opis":""},"jetpack_publicize_connections":[],"jetpack_featured_media_url":"","jetpack_sharing_enabled":true,"jetpack-related-posts":[{"id":52573,"url":"https:\/\/historiografija.hr\/?p=52573","url_meta":{"origin":17577,"position":0},"title":"Znanstvena konferencija &#8220;Filozofija odgoja: povijest, praksa, perspektive&#8221;","author":"Branimir Jankovi\u0107","date":"21. travnja 2026.","format":false,"excerpt":"Znanstvena konferencija \"Filozofija odgoja: povijest, praksa, perspektive\" odr\u017eat \u0107e se 23. i 24. travnja 2026. u Konferencijskoj dvorani Knji\u017enice Filozofskog fakulteta u Zagrebu (2. kat).\u00a0Konferencija je organizirana u okviru projekta\u00a0SUMKOS (voditeljica prof. dr. sc. Ivana Zagorac, financiran\u00a0sredstvima NextGenerationEU), uz potporu Odsjeka za filozofiju.\u00a0 Uz izlaga\u010dki dio, konferencija obuhva\u0107a i izlo\u017ebu\u2026","rel":"","context":"U &quot;Novosti&quot;","block_context":{"text":"Novosti","link":"https:\/\/historiografija.hr\/?cat=3"},"img":{"alt_text":"","src":"","width":0,"height":0},"classes":[]},{"id":52669,"url":"https:\/\/historiografija.hr\/?p=52669","url_meta":{"origin":17577,"position":1},"title":"Predavanje Igora Dude &#8220;Odmor kao \u017eivotna potreba: o slobodnom vremenu u socijalisti\u010dkoj Jugoslaviji&#8221;","author":"Branimir Jankovi\u0107","date":"27. travnja 2026.","format":false,"excerpt":"U sklopu proljetnog ciklusa programa\u00a0Kriti\u010dka dramaturgija: pauza, u\u00a0subotu, 25. travnja 2026. u 19 sati\u00a0u prostoru Udru\u017eenja hrvatskih arhitekata povjesni\u010dar Igor Duda\u00a0odr\u017eao je predavanje naslovljeno\u00a0Odmor kao \u017eivotna potreba: o slobodnom vremenu u socijalisti\u010dkoj Jugoslaviji. Industrijalizacija i urbanizacija dru\u0161tava u povijesti su zna\u010dile i prelazak s predindustrijskog na industrijsko shva\u0107anje vremena. Ono\u2026","rel":"","context":"U &quot;Novosti&quot;","block_context":{"text":"Novosti","link":"https:\/\/historiografija.hr\/?cat=3"},"img":{"alt_text":"","src":"https:\/\/i0.wp.com\/historiografija.hr\/wp-content\/uploads\/2026\/04\/Duda.png?fit=1200%2C628&ssl=1&resize=350%2C200","width":350,"height":200,"srcset":"https:\/\/i0.wp.com\/historiografija.hr\/wp-content\/uploads\/2026\/04\/Duda.png?fit=1200%2C628&ssl=1&resize=350%2C200 1x, https:\/\/i0.wp.com\/historiografija.hr\/wp-content\/uploads\/2026\/04\/Duda.png?fit=1200%2C628&ssl=1&resize=525%2C300 1.5x, https:\/\/i0.wp.com\/historiografija.hr\/wp-content\/uploads\/2026\/04\/Duda.png?fit=1200%2C628&ssl=1&resize=700%2C400 2x, https:\/\/i0.wp.com\/historiografija.hr\/wp-content\/uploads\/2026\/04\/Duda.png?fit=1200%2C628&ssl=1&resize=1050%2C600 3x"},"classes":[]},{"id":52654,"url":"https:\/\/historiografija.hr\/?p=52654","url_meta":{"origin":17577,"position":2},"title":"Gostuju\u0107e predavanje &#8211; Danijel D\u017eino \u201eKasnoanti\u010dke i ranosrednjovjekovne gra\u0111evine u Brezi: Spomenici nepotpune biografije\u201c","author":"Branimir Jankovi\u0107","date":"24. travnja 2026.","format":false,"excerpt":"Doktorski studij predmoderne povijesti poziva na predavanje \"Kasnoanti\u010dke i ranosrednjovjekovne gra\u0111evine u Brezi: Spomenici nepotpune biografije\u201d koje \u0107e odr\u017eati profesor Danijel D\u017eino sa Sveu\u010dili\u0161ta Macquarie u Sydneyu u\u00a0utorak 28. travnja 2026. u 17h u Konferencijskoj dvorani Knji\u017enice Filozofskog fakulteta u Zagrebu. Predavanje \u0107e predo\u010diti nova saznanja dobivena kroz arhivsko-dokumentarna istra\u017eivanja\u2026","rel":"","context":"U &quot;Novosti&quot;","block_context":{"text":"Novosti","link":"https:\/\/historiografija.hr\/?cat=3"},"img":{"alt_text":"","src":"https:\/\/i0.wp.com\/historiografija.hr\/wp-content\/uploads\/2026\/04\/Dzino.jpg?fit=980%2C819&ssl=1&resize=350%2C200","width":350,"height":200,"srcset":"https:\/\/i0.wp.com\/historiografija.hr\/wp-content\/uploads\/2026\/04\/Dzino.jpg?fit=980%2C819&ssl=1&resize=350%2C200 1x, https:\/\/i0.wp.com\/historiografija.hr\/wp-content\/uploads\/2026\/04\/Dzino.jpg?fit=980%2C819&ssl=1&resize=525%2C300 1.5x, https:\/\/i0.wp.com\/historiografija.hr\/wp-content\/uploads\/2026\/04\/Dzino.jpg?fit=980%2C819&ssl=1&resize=700%2C400 2x"},"classes":[]},{"id":52746,"url":"https:\/\/historiografija.hr\/?p=52746","url_meta":{"origin":17577,"position":3},"title":"Predstavljanje djelatnosti povjesni\u010dara: \u201ePisma kao izvor za povijest 18.stolje\u0107a \u2013 iskustva rada na HRZZ projektu LIGHT\u201c","author":"Filip \u0160imunjak","date":"30. travnja 2026.","format":false,"excerpt":"Predstavljanje djelatnosti povjesni\u010dara: \u201ePisma kao izvor za povijest 18. stolje\u0107a \u2013 iskustva rada na HRZZ projektu LIGHT\u201c odr\u017eat \u0107e se u sklopu ovogodi\u0161njega Festivala povijesti Kliofest u Nacionalnoj i sveu\u010dili\u0161noj knji\u017enici u Zagrebu, u utorak 5. svibnja, s po\u010detkom u 16 sati. Sudjeluju: Teodora Shek Brnardi\u0107, Marta Jurkovi\u0107, Matea Maru\u0161i\u0107,\u2026","rel":"","context":"U &quot;Novosti&quot;","block_context":{"text":"Novosti","link":"https:\/\/historiografija.hr\/?cat=3"},"img":{"alt_text":"","src":"https:\/\/i0.wp.com\/historiografija.hr\/wp-content\/uploads\/2026\/04\/Kliofest-01-utorak-I-03-PDP-Pisma-kao-izvor.jpg?fit=1200%2C566&ssl=1&resize=350%2C200","width":350,"height":200,"srcset":"https:\/\/i0.wp.com\/historiografija.hr\/wp-content\/uploads\/2026\/04\/Kliofest-01-utorak-I-03-PDP-Pisma-kao-izvor.jpg?fit=1200%2C566&ssl=1&resize=350%2C200 1x, https:\/\/i0.wp.com\/historiografija.hr\/wp-content\/uploads\/2026\/04\/Kliofest-01-utorak-I-03-PDP-Pisma-kao-izvor.jpg?fit=1200%2C566&ssl=1&resize=525%2C300 1.5x, https:\/\/i0.wp.com\/historiografija.hr\/wp-content\/uploads\/2026\/04\/Kliofest-01-utorak-I-03-PDP-Pisma-kao-izvor.jpg?fit=1200%2C566&ssl=1&resize=700%2C400 2x, https:\/\/i0.wp.com\/historiografija.hr\/wp-content\/uploads\/2026\/04\/Kliofest-01-utorak-I-03-PDP-Pisma-kao-izvor.jpg?fit=1200%2C566&ssl=1&resize=1050%2C600 3x"},"classes":[]},{"id":52559,"url":"https:\/\/historiografija.hr\/?p=52559","url_meta":{"origin":17577,"position":4},"title":"Dobitnici dr\u017eavne nagrade za znanost za 2024. godinu","author":"Branimir Jankovi\u0107","date":"20. travnja 2026.","format":false,"excerpt":"Na sjednici Odbora za podjelu dr\u017eavnih nagrada za znanost odr\u017eanoj 16. travnja 2026. godine donesena je Odluka o dodjeli dr\u017eavnih nagrada za znanost za 2024. godinu. Godi\u0161njom nagradom za popularizaciju i promid\u017ebu znanosti nagra\u0111eni su u podru\u010dju humanisti\u010dkih znanosti znanstveni suradnici dr. sc. Josip Mihaljevi\u0107 i dr. sc. Gordan Ravan\u010di\u0107,\u2026","rel":"","context":"U &quot;Novosti&quot;","block_context":{"text":"Novosti","link":"https:\/\/historiografija.hr\/?cat=3"},"img":{"alt_text":"","src":"https:\/\/i0.wp.com\/historiografija.hr\/wp-content\/uploads\/2021\/12\/povijesne-kontroverze.jpg?fit=1200%2C675&ssl=1&resize=350%2C200","width":350,"height":200,"srcset":"https:\/\/i0.wp.com\/historiografija.hr\/wp-content\/uploads\/2021\/12\/povijesne-kontroverze.jpg?fit=1200%2C675&ssl=1&resize=350%2C200 1x, https:\/\/i0.wp.com\/historiografija.hr\/wp-content\/uploads\/2021\/12\/povijesne-kontroverze.jpg?fit=1200%2C675&ssl=1&resize=525%2C300 1.5x, https:\/\/i0.wp.com\/historiografija.hr\/wp-content\/uploads\/2021\/12\/povijesne-kontroverze.jpg?fit=1200%2C675&ssl=1&resize=700%2C400 2x, https:\/\/i0.wp.com\/historiografija.hr\/wp-content\/uploads\/2021\/12\/povijesne-kontroverze.jpg?fit=1200%2C675&ssl=1&resize=1050%2C600 3x"},"classes":[]},{"id":52502,"url":"https:\/\/historiografija.hr\/?p=52502","url_meta":{"origin":17577,"position":5},"title":"Novi znanstveni projekt Hrvatskog instituta za povijest: \u201c\u017drtve ratova i dr\u017eavnog\/politi\u010dkog nasilja u hrvatskoj povijesti 20. stolje\u0107a\u201d","author":"Branimir Jankovi\u0107","date":"17. travnja 2026.","format":false,"excerpt":"Na redovitoj sjednici Vlade RH, 16. travnja 2026., donijet je Zaklju\u010dak kojim se pokre\u0107e znanstveni projekt \u201c\u017drtve ratova i dr\u017eavnog\/politi\u010dkog nasilja u hrvatskoj povijesti 20. stolje\u0107a\u201d. Projekt \u0107e provoditi i koordinirati Hrvatski institut za povijest u razdoblju trajanja projekta od pet godina. Zakljucak Vlade RH Iz teksta projektnog prijedloga: Problematika\u2026","rel":"","context":"U &quot;Novosti&quot;","block_context":{"text":"Novosti","link":"https:\/\/historiografija.hr\/?cat=3"},"img":{"alt_text":"","src":"https:\/\/i0.wp.com\/historiografija.hr\/wp-content\/uploads\/2026\/04\/Vlada-RH.jpg?fit=1200%2C557&ssl=1&resize=350%2C200","width":350,"height":200,"srcset":"https:\/\/i0.wp.com\/historiografija.hr\/wp-content\/uploads\/2026\/04\/Vlada-RH.jpg?fit=1200%2C557&ssl=1&resize=350%2C200 1x, https:\/\/i0.wp.com\/historiografija.hr\/wp-content\/uploads\/2026\/04\/Vlada-RH.jpg?fit=1200%2C557&ssl=1&resize=525%2C300 1.5x, https:\/\/i0.wp.com\/historiografija.hr\/wp-content\/uploads\/2026\/04\/Vlada-RH.jpg?fit=1200%2C557&ssl=1&resize=700%2C400 2x, https:\/\/i0.wp.com\/historiografija.hr\/wp-content\/uploads\/2026\/04\/Vlada-RH.jpg?fit=1200%2C557&ssl=1&resize=1050%2C600 3x"},"classes":[]}],"_links":{"self":[{"href":"https:\/\/historiografija.hr\/index.php?rest_route=\/wp\/v2\/posts\/17577","targetHints":{"allow":["GET"]}}],"collection":[{"href":"https:\/\/historiografija.hr\/index.php?rest_route=\/wp\/v2\/posts"}],"about":[{"href":"https:\/\/historiografija.hr\/index.php?rest_route=\/wp\/v2\/types\/post"}],"author":[{"embeddable":true,"href":"https:\/\/historiografija.hr\/index.php?rest_route=\/wp\/v2\/users\/2"}],"replies":[{"embeddable":true,"href":"https:\/\/historiografija.hr\/index.php?rest_route=%2Fwp%2Fv2%2Fcomments&post=17577"}],"version-history":[{"count":5,"href":"https:\/\/historiografija.hr\/index.php?rest_route=\/wp\/v2\/posts\/17577\/revisions"}],"predecessor-version":[{"id":17585,"href":"https:\/\/historiografija.hr\/index.php?rest_route=\/wp\/v2\/posts\/17577\/revisions\/17585"}],"wp:attachment":[{"href":"https:\/\/historiografija.hr\/index.php?rest_route=%2Fwp%2Fv2%2Fmedia&parent=17577"}],"wp:term":[{"taxonomy":"category","embeddable":true,"href":"https:\/\/historiografija.hr\/index.php?rest_route=%2Fwp%2Fv2%2Fcategories&post=17577"},{"taxonomy":"post_tag","embeddable":true,"href":"https:\/\/historiografija.hr\/index.php?rest_route=%2Fwp%2Fv2%2Ftags&post=17577"}],"curies":[{"name":"wp","href":"https:\/\/api.w.org\/{rel}","templated":true}]}}