{"id":17554,"date":"2019-11-22T15:06:55","date_gmt":"2019-11-22T15:06:55","guid":{"rendered":"http:\/\/historiografija.hr\/?p=17554"},"modified":"2019-11-22T15:17:05","modified_gmt":"2019-11-22T15:17:05","slug":"bleiburger-dialogtage-2020","status":"publish","type":"post","link":"https:\/\/historiografija.hr\/?p=17554","title":{"rendered":"Bleiburger Dialogtage 2020"},"content":{"rendered":"<p>U Bleiburgu \u0107e se od 7. do 9. svibnja 2020. godine odr\u017eati &#8220;Dani dijaloga&#8221; o kulturi sje\u0107anja s fokusom &#8211; izme\u0111u ostalog &#8211; i na prijepore koje svake godine izaziva obilje\u017eavanje doga\u0111anja na blajbur\u0161kom polju 1945. godine. U nastavku prenosimo poziv Grada Bleiburga za prijavu. Rok je 15. prosinca.<\/p>\n<p>&nbsp;<\/p>\n<p>&#8212;<\/p>\n<p>&nbsp;<\/p>\n<p><strong>Bleiburger Dialogtage 2020<\/strong><\/p>\n<p>&nbsp;<\/p>\n<p>Ort: Bleiburg<\/p>\n<p>&nbsp;<\/p>\n<p>Veranstaltungsort: 9150 Bleiburg, K\u00e4rnten, \u00d6sterreich<\/p>\n<p>&nbsp;<\/p>\n<p>Veranstalter: Stadtgemeinde Bleiburg, BGA Europaausstellung 2009<\/p>\n<p>&nbsp;<\/p>\n<p>Datum: 07.05.2020 &#8211; 09.05.2020<\/p>\n<p>&nbsp;<\/p>\n<p>Bewerbungsschluss: 15.12.2019<\/p>\n<p>&nbsp;<\/p>\n<p>Url: <u><a href=\"https:\/\/www.bleiburg.gv.at\/carinthija-2020\/projekte\/erinnerungskultur.html\">https:\/\/www.bleiburg.gv.at\/carinthija-2020\/projekte\/erinnerungskultur.html<\/a><\/u><\/p>\n<p>&nbsp;<\/p>\n<p>Die Stadtgemeinde Bleiburg beabsichtigt sich im Rahmen der \u201eLandesausstellung CARINTHIja 2020, 100 Jahre K\u00e4rntner Volksabstimmung. Zeitreisen und Perspektiven\u201c mit dem Thema \u201eErinnerungskultur\u201c, insbesondere vor dem Hintergrund der Ereignisse am \u201eLoibacher Feld\u201c im Jahre 1945 und auch heute, intensiv auseinanderzusetzen.<\/p>\n<p>&nbsp;<\/p>\n<p>Dazu wird von 7. bis 9. Mai 2020 die Veranstaltung \u201eBleiburger Dialogtage\u201c stattfinden, zu der wir Sie hiermit herzlich einladen m\u00f6chten.<\/p>\n<p>&nbsp;<\/p>\n<p>Die inhaltliche Gestaltung der Dialogtage erfolgt \u00fcber einen \u201eCall for Papers\u201c. Diesen \u201eCall\u201c finden Sie beigelegt in den Sprachen Deutsch, Slowenisch, Kroatisch und Englisch.<\/p>\n<p>&nbsp;<\/p>\n<p><strong>Programm<\/strong><\/p>\n<p>CALL FOR PAPERS<br \/>\nf\u00fcr die \u201eBleiburger Dialogtage 2020\u201c<br \/>\nvom 7. bis 9. Mai 2020<br \/>\nEinreichungen bis 15. 12. 2019<\/p>\n<p>&nbsp;<\/p>\n<p><strong>Projektbeschreibung<\/strong><\/p>\n<p>&nbsp;<\/p>\n<p>Allj\u00e4hrlich im Mai steht Bleiburg aufgrund des sogenannten \u201eKroatentreffens\u201c am Loibacher Feld im Mittelpunkt der medialen Berichterstattung. Die Auseinandersetzungen zwischen Teilnehmern und Gegnern dieser Veranstaltung haben sich in den vergangenen Jahren zunehmend versch\u00e4rft und ein sachlicher Diskurs erscheint zurzeit kaum mehr m\u00f6glich. Die Stadtgemeinde Bleiburg sieht es in ihrer Verantwortung, sich diesem Thema aktiv zu n\u00e4hern und in einer allparteilichen Rolle und aus einer mediativen Grundhaltung heraus als Gastgeber f\u00fcr die Dialogtage 2020 einen konstruktiven Dialog zu f\u00f6rdern.<\/p>\n<p>Es ist dies ein partizipativ angelegtes Veranstaltungsformat, das ausgehend von der Besch\u00e4ftigung mit den Ereignissen vor, w\u00e4hrend und nach dem Zweiten Weltkrieg das Thema Erinnerungskultur in Bleiburg im Fokus hat. Verschiedene Erz\u00e4hlstr\u00e4nge zu den historischen Ereignissen, ebenso wie Ideen f\u00fcr Formen des Erinnerns in Bleiburg sollen dabei Platz haben. Ein Dialog unter allen Teilnehmerinnen und Teilnehmern, das \u00dcberwinden eines \u201eOpfer-T\u00e4ter-Denkens\u201c, die Sichtbarmachung verschiedener Blickwinkel und die Teilhabe der Bev\u00f6lkerung vor Ort stehen im Zentrum der Aktivit\u00e4ten. Die Bleiburger Dialogtage k\u00f6nnen die Basis f\u00fcr ein sp\u00e4teres (virtuelles) Museum der Erinnerungskultur in Bleiburg werden und sollen \u00fcber 2020 hinaus als Format der Begegnung und des Konsenses etabliert werden, einen nationalen und internationalen Wissenstransfer f\u00f6rdern und eine Plattform zum Bilden und Pflegen von Kooperationen sein.<\/p>\n<p>Im Zuge eines partizipativen Prozesses spricht die Stadtgemeinde Bleiburg die Einladung zum Mitwirken an den Bleiburger Dialogtagen aus.<\/p>\n<p>&nbsp;<\/p>\n<p><strong>Rahmenbedingungen<\/strong><\/p>\n<p>&nbsp;<\/p>\n<p>Die Dialogtage verstehen sich als ein Format der Begegnung, des Dialoges aller Beteiligten und Betroffenen. Die Sichtbarmachung verschiedener Blickwinkel und die Teilhabe der Bev\u00f6lkerung vor Ort stehen im Zentrum der Aktivit\u00e4ten. Dazu wird ein dreit\u00e4giges Format mit themenrelevanten didaktischen, interaktiven und wissenschaftlichen Zug\u00e4ngen in Form von Workshops, Exkursionen und Vortr\u00e4gen geplant.<\/p>\n<p>Wir freuen uns auf Ihre Beitr\u00e4ge zu nachfolgend beschrieben Themenbereichen.<\/p>\n<p>&nbsp;<\/p>\n<p><strong>Themenbereiche<\/strong><\/p>\n<p>&nbsp;<\/p>\n<p>&#8211; Beschreiben von (neuen) Kompetenzen f\u00fcr die Aufarbeitung von historischen Themen<br \/>\n&#8211; Formate, M\u00f6glichkeiten und kreative Ans\u00e4tze (z.B. Allparteilichkeit) wie z.B. die Wahrheitskommissionen in S\u00fcdafrika, 1996 bis 1998<br \/>\n&#8211; Wissenschaftliche Foren<br \/>\n&#8211; Rituale \u2013 Erinnerungskultur neu denken<br \/>\n&#8211; Formate zum F\u00f6rdern von Kooperation im Kontext zu einer gelebten Erinnerungskultur<br \/>\n&#8211; Handlungsempfehlungen f\u00fcr zus\u00e4tzliche Anpassungen und Weiterentwicklungen in den Bereichen von der Bearbeitung und Pr\u00e4sentation von historischen Themen (bezugnehmend auf das Kroatentreffen und\/oder weiteren in der \u00d6ffentlichkeit polarisierenden und konfliktbeladenen Themen)<br \/>\n&#8211; Gewinnen von Erkenntnissen zu den Auswirkungen von Beziehungen, Zugeh\u00f6rigkeit und Bindung im Zusammenhang mit Kr\u00e4nkungen aus gewaltvollen Auseinandersetzungen<br \/>\nWas braucht es, damit rund um historische Themen im Zuge eines gemeinsamen Dialoges emotionaler Raum f\u00fcr eine konstruktive Weiterentwicklung geschaffen werden kann?<br \/>\n&#8211; Ein Beschreiben von unterschiedlichen Erz\u00e4hlstr\u00e4ngen zu den historischen Ereignissen am Loibacher Feld und in Bleiburg im Jahr 1945, welches ein \u00dcberwinden eines \u201eOpfer-T\u00e4ter-Denkens\u201c und das Finden von gemeinsamen Werten (eventuell auch Visionen f\u00fcr die Zukunft) im Fokus hat.<\/p>\n<p>Einreichungen: formale und inhaltliche Kriterien<\/p>\n<p>In diesem Zusammenhang laden wir hiermit zur Einreichung von Beitr\u00e4gen zu<br \/>\n&#8211; bestehenden und geplanten wissenschaftlichen Arbeiten,<br \/>\n&#8211; Beitr\u00e4gen aus der Praxis (good practice),<br \/>\n&#8211; Vorschl\u00e4gen zu Bildungskonzepten und<br \/>\n&#8211; Vorschl\u00e4gen zu Vermittlungsm\u00f6glichkeiten von historischen Themen<br \/>\nein, welche in Zusammenhang mit einem oder mehreren oben angef\u00fchrten Themen stehen und einen Transfer zum allj\u00e4hrlichen Kroatientreffen am Loibacher Feld und dem historischen Hintergrund dazu erm\u00f6glichen.<br \/>\nGesucht werden Einreichungen f\u00fcr Einzelvortr\u00e4ge von max. 20 Minuten, Panelsessions (max. 3 Vortr\u00e4ge, ein Panel-Vorsitzender\/eine Vorsitzende; max. 120 Minuten) oder andere Diskussions- und Vortragsformate (jeweils max. 120 Minuten) aus speziellen Fachbereichen und\/oder interdisziplin\u00e4ren Zug\u00e4ngen.<br \/>\nAngesprochen werden Einzelpersonen aus Wissenschaft, Kultur, Kunst, Zivilgesellschaft, \u2026, Institutionen und Organisationen.<\/p>\n<p>Geplant ist es, die Beitr\u00e4ge in einem Sammelband zu dokumentieren.<\/p>\n<p>F\u00fcr die Einreichung wird um eine Kurzbeschreibung des Beitrages von ein bis zwei Seiten (gesamt maximal 4000 Zeichen) ersucht.<\/p>\n<p>Die Konferenzsprache ist Deutsch. F\u00fcr eine Pr\u00e4sentation in einer anderen Sprache bedarf es vorab einer Abstimmung mit dem Veranstalter.<\/p>\n<p>Honorar: Kosten f\u00fcr Anreise, Unterkunft und Verpflegung werden vom Veranstalter \u00fcbernommen.<\/p>\n<p>Einreichungen sind bis zum 15. 12. 2019 per Mail an bleiburg.dialogtage@ktn.gde.at m\u00f6glich. Eine R\u00fcckmeldung erfolgt bis 10. 01. 2020.<\/p>\n<p>&nbsp;<\/p>\n<p><a href=\"https:\/\/www.hsozkult.de\/event\/id\/termine-41836\">https:\/\/www.hsozkult.de\/event\/id\/termine-41836<\/a><\/p>\n<p>&nbsp;<\/p>\n<p><a href=\"https:\/\/www.bleiburg.gv.at\/carinthija-2020\/projekte\/erinnerungskultur.html\">https:\/\/www.bleiburg.gv.at\/carinthija-2020\/projekte\/erinnerungskultur.html<\/a><\/p>\n<p>&nbsp;<\/p>\n<p>&nbsp;<\/p>\n<p>&nbsp;<\/p>\n","protected":false},"excerpt":{"rendered":"","protected":false},"author":2,"featured_media":17555,"comment_status":"open","ping_status":"open","sticky":false,"template":"","format":"standard","meta":{"_acf_changed":false,"jetpack_post_was_ever_published":false,"_jetpack_newsletter_access":"","_jetpack_dont_email_post_to_subs":false,"_jetpack_newsletter_tier_id":0,"_jetpack_memberships_contains_paywalled_content":false,"_jetpack_memberships_contains_paid_content":false,"footnotes":"","jetpack_publicize_message":"","jetpack_publicize_feature_enabled":true,"jetpack_social_post_already_shared":true,"jetpack_social_options":{"image_generator_settings":{"template":"highway","default_image_id":0,"font":"","enabled":false},"version":2}},"categories":[3,9],"tags":[],"class_list":["post-17554","post","type-post","status-publish","format-standard","has-post-thumbnail","hentry","category-novosti","category-skupovi"],"acf":{"facebook_opis":""},"jetpack_publicize_connections":[],"jetpack_featured_media_url":"https:\/\/i0.wp.com\/historiografija.hr\/wp-content\/uploads\/2019\/11\/bleiburg.png?fit=850%2C850&ssl=1","jetpack_sharing_enabled":true,"jetpack-related-posts":[{"id":52439,"url":"https:\/\/historiografija.hr\/?p=52439","url_meta":{"origin":17554,"position":0},"title":"Tribina &#8220;Ahmi\u0107i 33 godine kasnije: Ne u na\u0161e ime&#8221;","author":"Branimir Jankovi\u0107","date":"16. travnja 2026.","format":false,"excerpt":"U \u010detvrtak, 16. travnja 2026. u 17 sati u Knji\u017enici i \u010ditaonici Bogdana Ogrizovi\u0107a u Zagrebu odr\u017eat \u0107e se tribina pod nazivom Ahmi\u0107i 33 godine kasnije: Ne u na\u0161e ime. Na tribini \u0107e govoriti Ivica \u0110iki\u0107, novinar, Mubera Masli\u0107 \u2013 \u017ddralovi\u0107, aktivistikinja, prevoditeljica za arapski, Domagoj Fuk, student politologije, \u010dlan\u2026","rel":"","context":"U &quot;Novosti&quot;","block_context":{"text":"Novosti","link":"https:\/\/historiografija.hr\/?cat=3"},"img":{"alt_text":"","src":"https:\/\/i0.wp.com\/historiografija.hr\/wp-content\/uploads\/2026\/04\/Zagreb_2026.jpeg?fit=1200%2C900&ssl=1&resize=350%2C200","width":350,"height":200,"srcset":"https:\/\/i0.wp.com\/historiografija.hr\/wp-content\/uploads\/2026\/04\/Zagreb_2026.jpeg?fit=1200%2C900&ssl=1&resize=350%2C200 1x, https:\/\/i0.wp.com\/historiografija.hr\/wp-content\/uploads\/2026\/04\/Zagreb_2026.jpeg?fit=1200%2C900&ssl=1&resize=525%2C300 1.5x, https:\/\/i0.wp.com\/historiografija.hr\/wp-content\/uploads\/2026\/04\/Zagreb_2026.jpeg?fit=1200%2C900&ssl=1&resize=700%2C400 2x, https:\/\/i0.wp.com\/historiografija.hr\/wp-content\/uploads\/2026\/04\/Zagreb_2026.jpeg?fit=1200%2C900&ssl=1&resize=1050%2C600 3x"},"classes":[]},{"id":52666,"url":"https:\/\/historiografija.hr\/?p=52666","url_meta":{"origin":17554,"position":1},"title":"Najava programa Festivala povijesti Kliofest (5-8. V. 2026)","author":"Branimir Jankovi\u0107","date":"24. travnja 2026.","format":false,"excerpt":"Po trinaesti put odr\u017eava se Festival povijesti Kliofest! Do petka \u0107emo odr\u017eati osam okruglih stolova i dva kolokvija te niz predstavljanja knjiga i projekata razli\u010dite tematike, od antike do suvremenosti. Bit \u0107e predstavljeno i nekoliko izlo\u017ebi te odr\u017ean jedan povijesni kviz. Prikazat \u0107emo i jedan film \u2013 o generalu Boroevi\u0107u.\u2026","rel":"","context":"U &quot;Novosti&quot;","block_context":{"text":"Novosti","link":"https:\/\/historiografija.hr\/?cat=3"},"img":{"alt_text":"","src":"https:\/\/i0.wp.com\/historiografija.hr\/wp-content\/uploads\/2026\/04\/Kliofest-2026.jpg?fit=526%2C526&ssl=1&resize=350%2C200","width":350,"height":200,"srcset":"https:\/\/i0.wp.com\/historiografija.hr\/wp-content\/uploads\/2026\/04\/Kliofest-2026.jpg?fit=526%2C526&ssl=1&resize=350%2C200 1x, https:\/\/i0.wp.com\/historiografija.hr\/wp-content\/uploads\/2026\/04\/Kliofest-2026.jpg?fit=526%2C526&ssl=1&resize=525%2C300 1.5x"},"classes":[]},{"id":52616,"url":"https:\/\/historiografija.hr\/?p=52616","url_meta":{"origin":17554,"position":2},"title":"No\u0107 knjige 2026.","author":"Branimir Jankovi\u0107","date":"22. travnja 2026.","format":false,"excerpt":"Slavljeni\u010dka 15. No\u0107 knjige odr\u017eat \u0107e se 23. travnja diljem Hrvatske u povodu Svjetskog dana knjige i autorskih prava te Dana hrvatske knjige. S vi\u0161e od 1.000 prijavljenih programa i akcija s pravom nosi epitet najmasovnije doma\u0107e kulturne manifestacije, a ove \u0107e godine prote\u0107i u znaku mira, razumijevanja, tolerancije, srodnosti\u2026","rel":"","context":"U &quot;Novosti&quot;","block_context":{"text":"Novosti","link":"https:\/\/historiografija.hr\/?cat=3"},"img":{"alt_text":"","src":"https:\/\/i0.wp.com\/historiografija.hr\/wp-content\/uploads\/2026\/04\/noc_knjige_2026.jpg?fit=680%2C276&ssl=1&resize=350%2C200","width":350,"height":200,"srcset":"https:\/\/i0.wp.com\/historiografija.hr\/wp-content\/uploads\/2026\/04\/noc_knjige_2026.jpg?fit=680%2C276&ssl=1&resize=350%2C200 1x, https:\/\/i0.wp.com\/historiografija.hr\/wp-content\/uploads\/2026\/04\/noc_knjige_2026.jpg?fit=680%2C276&ssl=1&resize=525%2C300 1.5x"},"classes":[]},{"id":52559,"url":"https:\/\/historiografija.hr\/?p=52559","url_meta":{"origin":17554,"position":3},"title":"Dobitnici dr\u017eavne nagrade za znanost za 2024. godinu","author":"Branimir Jankovi\u0107","date":"20. travnja 2026.","format":false,"excerpt":"Na sjednici Odbora za podjelu dr\u017eavnih nagrada za znanost odr\u017eanoj 16. travnja 2026. godine donesena je Odluka o dodjeli dr\u017eavnih nagrada za znanost za 2024. godinu. Godi\u0161njom nagradom za popularizaciju i promid\u017ebu znanosti nagra\u0111eni su u podru\u010dju humanisti\u010dkih znanosti znanstveni suradnici dr. sc. Josip Mihaljevi\u0107 i dr. sc. Gordan Ravan\u010di\u0107,\u2026","rel":"","context":"U &quot;Novosti&quot;","block_context":{"text":"Novosti","link":"https:\/\/historiografija.hr\/?cat=3"},"img":{"alt_text":"","src":"https:\/\/i0.wp.com\/historiografija.hr\/wp-content\/uploads\/2021\/12\/povijesne-kontroverze.jpg?fit=1200%2C675&ssl=1&resize=350%2C200","width":350,"height":200,"srcset":"https:\/\/i0.wp.com\/historiografija.hr\/wp-content\/uploads\/2021\/12\/povijesne-kontroverze.jpg?fit=1200%2C675&ssl=1&resize=350%2C200 1x, https:\/\/i0.wp.com\/historiografija.hr\/wp-content\/uploads\/2021\/12\/povijesne-kontroverze.jpg?fit=1200%2C675&ssl=1&resize=525%2C300 1.5x, https:\/\/i0.wp.com\/historiografija.hr\/wp-content\/uploads\/2021\/12\/povijesne-kontroverze.jpg?fit=1200%2C675&ssl=1&resize=700%2C400 2x, https:\/\/i0.wp.com\/historiografija.hr\/wp-content\/uploads\/2021\/12\/povijesne-kontroverze.jpg?fit=1200%2C675&ssl=1&resize=1050%2C600 3x"},"classes":[]},{"id":52547,"url":"https:\/\/historiografija.hr\/?p=52547","url_meta":{"origin":17554,"position":4},"title":"ISHA Zagreb \u2013 Filmska ve\u010der: Povratak Martina Guerrea","author":"Branimir Jankovi\u0107","date":"20. travnja 2026.","format":false,"excerpt":"Klub studenata povijesti \u2013 ISHA Zagreb poziva Vas na filmsku ve\u010der na kojoj \u0107e se prikazivati \u201ePovratak Martina Guerrea\u201c, povijesna drama iz 1982. godine s radnjom smje\u0161tenom u 16. stolje\u0107u. Radnja je utemeljena na stvarnoj povijesnoj li\u010dnosti Martina Guerrea koji se nakon mnogo godina izbivanja vra\u0107a u svoje rodno mjesto\u2026","rel":"","context":"U &quot;Filmovi i serije&quot;","block_context":{"text":"Filmovi i serije","link":"https:\/\/historiografija.hr\/?cat=13"},"img":{"alt_text":"","src":"https:\/\/i0.wp.com\/historiografija.hr\/wp-content\/uploads\/2026\/04\/M-Guerre.png?fit=702%2C1006&ssl=1&resize=350%2C200","width":350,"height":200,"srcset":"https:\/\/i0.wp.com\/historiografija.hr\/wp-content\/uploads\/2026\/04\/M-Guerre.png?fit=702%2C1006&ssl=1&resize=350%2C200 1x, https:\/\/i0.wp.com\/historiografija.hr\/wp-content\/uploads\/2026\/04\/M-Guerre.png?fit=702%2C1006&ssl=1&resize=525%2C300 1.5x, https:\/\/i0.wp.com\/historiografija.hr\/wp-content\/uploads\/2026\/04\/M-Guerre.png?fit=702%2C1006&ssl=1&resize=700%2C400 2x"},"classes":[]},{"id":52539,"url":"https:\/\/historiografija.hr\/?p=52539","url_meta":{"origin":17554,"position":5},"title":"Drugi po redu studentski simpozij &#8220;In fonte veritas&#8221;","author":"Branimir Jankovi\u0107","date":"20. travnja 2026.","format":false,"excerpt":"U srijedu, 22. travnja 2026. godine, u dvorani C 0.4 na Hrvatskom katoli\u010dkom sveu\u010dili\u0161tu odr\u017eat \u0107e se drugi studentski simpozij \u201eIn fonte veritas\". Ovogodi\u0161nja sredi\u0161nja tema simpozija je Papinstvo. Kroz istra\u017eiva\u010dko suo\u010davanje s povijesnim izvorima deset \u0107e studenata predstaviti rezultate svojih istra\u017eivanja o instituciji koja je stolje\u0107ima oblikovala europsku i\u2026","rel":"","context":"U &quot;Novosti&quot;","block_context":{"text":"Novosti","link":"https:\/\/historiografija.hr\/?cat=3"},"img":{"alt_text":"","src":"https:\/\/i0.wp.com\/historiografija.hr\/wp-content\/uploads\/2026\/04\/Papinstvo.png?fit=1024%2C500&ssl=1&resize=350%2C200","width":350,"height":200,"srcset":"https:\/\/i0.wp.com\/historiografija.hr\/wp-content\/uploads\/2026\/04\/Papinstvo.png?fit=1024%2C500&ssl=1&resize=350%2C200 1x, https:\/\/i0.wp.com\/historiografija.hr\/wp-content\/uploads\/2026\/04\/Papinstvo.png?fit=1024%2C500&ssl=1&resize=525%2C300 1.5x, https:\/\/i0.wp.com\/historiografija.hr\/wp-content\/uploads\/2026\/04\/Papinstvo.png?fit=1024%2C500&ssl=1&resize=700%2C400 2x"},"classes":[]}],"_links":{"self":[{"href":"https:\/\/historiografija.hr\/index.php?rest_route=\/wp\/v2\/posts\/17554","targetHints":{"allow":["GET"]}}],"collection":[{"href":"https:\/\/historiografija.hr\/index.php?rest_route=\/wp\/v2\/posts"}],"about":[{"href":"https:\/\/historiografija.hr\/index.php?rest_route=\/wp\/v2\/types\/post"}],"author":[{"embeddable":true,"href":"https:\/\/historiografija.hr\/index.php?rest_route=\/wp\/v2\/users\/2"}],"replies":[{"embeddable":true,"href":"https:\/\/historiografija.hr\/index.php?rest_route=%2Fwp%2Fv2%2Fcomments&post=17554"}],"version-history":[{"count":5,"href":"https:\/\/historiografija.hr\/index.php?rest_route=\/wp\/v2\/posts\/17554\/revisions"}],"predecessor-version":[{"id":17560,"href":"https:\/\/historiografija.hr\/index.php?rest_route=\/wp\/v2\/posts\/17554\/revisions\/17560"}],"wp:featuredmedia":[{"embeddable":true,"href":"https:\/\/historiografija.hr\/index.php?rest_route=\/wp\/v2\/media\/17555"}],"wp:attachment":[{"href":"https:\/\/historiografija.hr\/index.php?rest_route=%2Fwp%2Fv2%2Fmedia&parent=17554"}],"wp:term":[{"taxonomy":"category","embeddable":true,"href":"https:\/\/historiografija.hr\/index.php?rest_route=%2Fwp%2Fv2%2Fcategories&post=17554"},{"taxonomy":"post_tag","embeddable":true,"href":"https:\/\/historiografija.hr\/index.php?rest_route=%2Fwp%2Fv2%2Ftags&post=17554"}],"curies":[{"name":"wp","href":"https:\/\/api.w.org\/{rel}","templated":true}]}}