{"id":17527,"date":"2019-11-21T13:28:39","date_gmt":"2019-11-21T13:28:39","guid":{"rendered":"http:\/\/historiografija.hr\/?p=17527"},"modified":"2019-11-21T13:50:13","modified_gmt":"2019-11-21T13:50:13","slug":"izlozba-stecci-nekad-i-danas","status":"publish","type":"post","link":"https:\/\/historiografija.hr\/?p=17527","title":{"rendered":"Izlo\u017eba \u201cSte\u0107ci nekad i danas\u201d"},"content":{"rendered":"<p>U Gliptoteci HAZU u Zagrebu (Medvedgradska 2) od 9. studenog do 29. prosinca 2019. otvorena je izlo\u017eba \u201cSte\u0107ci nekad i danas\u201d.<\/p>\n<p>Izlo\u017eba <em>Ste\u0107ci nekad i danas<\/em> nastala je povodom upisa ste\u0107aka na UNESCO-ov Popis svjetske kulturne ba\u0161tine. Studijskom tematskom izlo\u017ebom predstavljeno je istra\u017eiva\u010dko, znanstveno i kulturno bavljenje ovom jedinstvenom srednjovjekovnom ba\u0161tinom.<\/p>\n<p>Kroz pomno odabrane lokalitete s podru\u010dja dalmatinske unutra\u0161njosti, dubrova\u010dkog podru\u010dja i ju\u017enih dijelova Bosne i Hercegovine, ste\u0107ci su na izlo\u017ebi prikazani kao autenti\u010dna pojava i originalan fenomen unutar cjelokupnog europskog srednjovjekovlja.<\/p>\n<p>Izlo\u017eba prikazuje na izdvojenom podru\u010dju ste\u0107ke koji su, iako homogeni u svojoj pojavnosti, vrlo razli\u010diti po svojim specifi\u010dnostima i obilje\u017ejima, radionicama i kova\u010dima, natpisima i, naravno, razdoblju u kojem se javljaju, a obuhva\u0107ena je kompleksnost njihova istra\u017eivanja kroz povijest kao i metodolo\u0161ki pristupi.<\/p>\n<p>Dvojakost naziva izlo\u017ebe \u201enekad i danas\u201c ukazuje na na\u010din na koji se pristupilo izboru materijala i na\u010dinu njegove prezentacije. Naglasak je na vizualnom materijalu, fotografijama, crte\u017eima, arhivskim bilje\u0161kama, skicama, mapama te suvremenom dokumentacijskom materijalu (3D modeli), kao i vrsnim fotografijama ste\u0107aka To\u0161e Dapca i \u017divka Ba\u010di\u0107a, dugogodi\u0161njeg fotografa konzervatorske slu\u017ebe u Splitu.<\/p>\n<p>U odabiru lokaliteta naglasak je stavljen na dva UNESCO-ova lokaliteta iz Hrvatske: na Cistu Veliku kod Imotskog te groblje oko crkve sv. Barbare u Dubravci pokraj Konavala. Ostali lokaliteti odabrani su iz njihove okolice na podru\u010dju Hrvatske i Bosne i Hercegovine, koji su na odre\u0111eni na\u010din, upisom na UNESCO-ov Popis, oblikovanjem ste\u0107aka, odabirom ukrasa i sl. povezani s dva lokaliteta iz Hrvatske. Nadalje kriteriji su bili: atraktivnost ste\u0107aka, izra\u017eena kroz njihove ornamente i reljefe, smje\u0161taj u prostoru, brojnost, dostupnost i dokumentirana istra\u017eiva\u010dka djelatnost koja nam je dala mogu\u0107nost iscrpnijeg prikaza komparativnog materijala, odnosno fotografija, crte\u017ea dokumenata i sl. Stoga su, prema jednom ili vi\u0161e od navedenih kriterija, odabrani i prikazani sljede\u0107i lokaliteti: iz Republike Hrvatske: Cista Velika kod Imotskog, crkva sv. Barbare \/ Dubravka kod Konavala, Lovre\u0107 i Zagvozd kod Imotskog, Brotnice u Konavlima, Novakovo greblje, Ri\u010dice. Iz Bosne i Hercegovine to su: Radimlja, Boljuni kod Stoca, Posu\u0161je, Ravanjska vrata kod Kupresa, Blidinje.<\/p>\n<p>Odabir ove teme posebno je va\u017ean i za organizatora izlo\u017ebe, Gliptoteku HAZU, jer se u fundusu muzeja nalazi Zbirka sadrenih odljeva ste\u0107aka \u010diji su predmeti ve\u0107im dijelom izlo\u017eeni u stalnom postavu, a nastali su za Izlo\u017ebu srednjovjekovne umjetnosti naroda Jugoslavije, odr\u017eanu u Parizu 1950. godine. Arhivska gra\u0111a, crte\u017ei te fotografije prikupljeni za tu izlo\u017ebu do sada su bili malo poznati i nikada izlagani. Stoga je ova izlo\u017eba prilika da se naglasi va\u017enost i doprinos Gliptoteke HAZU u znanstvenoistra\u017eiva\u010dkom radu u prou\u010davanju ste\u0107aka i njihovoj prezentaciji i popularizaciji od 50-ih godina 20. stolje\u0107a pa sve do danas.<\/p>\n<p>Autori izlo\u017ebe i teksta kataloga:<br \/>\nIvan Alduk, pro\u010delnik Konzervatorskog odjela Imotski, Ministarstva kulture, (\u010dlan autorskog tima za upis ste\u0107aka na Popis svjetske ba\u0161tine UNESCO-a), Magdalena Getaldi\u0107, kustosica Gliptoteke<\/p>\n<p>Financijska potpora izlo\u017ebe: Ministarstvo kulture RH<\/p>\n<p>&nbsp;<\/p>\n<p>Izvor: <a href=\"http:\/\/gliptoteka.hazu.hr\/hr\/dogadanja\/u-najavi-ste%C4%87ci-nekad-i-danas,2392.html\">http:\/\/gliptoteka.hazu.hr\/hr\/dogadanja\/u-najavi-ste%C4%87ci-nekad-i-danas,2392.html<\/a><\/p>\n<p>&nbsp;<\/p>\n<p>&nbsp;<\/p>\n","protected":false},"excerpt":{"rendered":"","protected":false},"author":2,"featured_media":17528,"comment_status":"open","ping_status":"open","sticky":false,"template":"","format":"standard","meta":{"_acf_changed":false,"jetpack_post_was_ever_published":false,"_jetpack_newsletter_access":"","_jetpack_dont_email_post_to_subs":false,"_jetpack_newsletter_tier_id":0,"_jetpack_memberships_contains_paywalled_content":false,"_jetpack_memberships_contains_paid_content":false,"footnotes":"","jetpack_publicize_message":"","jetpack_publicize_feature_enabled":true,"jetpack_social_post_already_shared":true,"jetpack_social_options":{"image_generator_settings":{"template":"highway","default_image_id":0,"font":"","enabled":false},"version":2}},"categories":[10,3],"tags":[],"class_list":["post-17527","post","type-post","status-publish","format-standard","has-post-thumbnail","hentry","category-izlozbe","category-novosti"],"acf":{"facebook_opis":""},"jetpack_publicize_connections":[],"jetpack_featured_media_url":"https:\/\/i0.wp.com\/historiografija.hr\/wp-content\/uploads\/2019\/11\/plakat_stecci.jpg?fit=830%2C516&ssl=1","jetpack_sharing_enabled":true,"jetpack-related-posts":[{"id":52760,"url":"https:\/\/historiografija.hr\/?p=52760","url_meta":{"origin":17527,"position":0},"title":"Izlo\u017eba \u201cLo\u0161injski brodovi, njihove zastave i ljudi\u201d, 4. svibnja u 19h","author":"Filip \u0160imunjak","date":"30. travnja 2026.","format":false,"excerpt":"Hrvatski pomorski muzej Split, Glagolja\u0161a 18 (Tvr\u0111ava Gripe) Nakon \u0161to je u rujnu 2025. godine na otoku Lo\u0161inju, u suradnji Lo\u0161injskog muzeja i Hrvatskog pomorskog muzeja Split, predstavljena izlo\u017eba posve\u0107ena bogatoj pomorskoj ba\u0161tini otoka, njezino pro\u0161ireno izdanje postavlja se u Splitu. Uo\u010di blagdana svetog Dujma splitskoj \u0107e se publici predstaviti\u2026","rel":"","context":"U &quot;Izlo\u017ebe&quot;","block_context":{"text":"Izlo\u017ebe","link":"https:\/\/historiografija.hr\/?cat=10"},"img":{"alt_text":"","src":"https:\/\/i0.wp.com\/historiografija.hr\/wp-content\/uploads\/2026\/04\/Losinjski-brodovi-Izlozba-1-scaled.webp?fit=840%2C1200&ssl=1&resize=350%2C200","width":350,"height":200,"srcset":"https:\/\/i0.wp.com\/historiografija.hr\/wp-content\/uploads\/2026\/04\/Losinjski-brodovi-Izlozba-1-scaled.webp?fit=840%2C1200&ssl=1&resize=350%2C200 1x, https:\/\/i0.wp.com\/historiografija.hr\/wp-content\/uploads\/2026\/04\/Losinjski-brodovi-Izlozba-1-scaled.webp?fit=840%2C1200&ssl=1&resize=525%2C300 1.5x, https:\/\/i0.wp.com\/historiografija.hr\/wp-content\/uploads\/2026\/04\/Losinjski-brodovi-Izlozba-1-scaled.webp?fit=840%2C1200&ssl=1&resize=700%2C400 2x"},"classes":[]},{"id":52511,"url":"https:\/\/historiografija.hr\/?p=52511","url_meta":{"origin":17527,"position":1},"title":"Izlo\u017eba &#8220;Lica Sljemena&#8221;","author":"Branimir Jankovi\u0107","date":"17. travnja 2026.","format":false,"excerpt":"Srda\u010dno vas pozivamo na otvorenje izlo\u017ebe Lica Sljemena koje \u0107e se odr\u017eati u srijedu 22. travnja 2026. u 18 h ispred Muzeja Prigorja (Trg Dragutina Domjani\u0107a 5, Sesvete). Izlo\u017eba proizlazi iz istra\u017eivanja Nevene \u0160krbi\u0107 Alempijevi\u0107, Petre Kelemen i Sanje Potkonjak te intervjua sa Sljemena\u0161icama i Sljemena\u0161ima, koji su provedeni u\u2026","rel":"","context":"U &quot;Izlo\u017ebe&quot;","block_context":{"text":"Izlo\u017ebe","link":"https:\/\/historiografija.hr\/?cat=10"},"img":{"alt_text":"","src":"https:\/\/i0.wp.com\/historiografija.hr\/wp-content\/uploads\/2026\/04\/Izlozba-Lica-Sljemena.png?fit=1080%2C686&ssl=1&resize=350%2C200","width":350,"height":200,"srcset":"https:\/\/i0.wp.com\/historiografija.hr\/wp-content\/uploads\/2026\/04\/Izlozba-Lica-Sljemena.png?fit=1080%2C686&ssl=1&resize=350%2C200 1x, https:\/\/i0.wp.com\/historiografija.hr\/wp-content\/uploads\/2026\/04\/Izlozba-Lica-Sljemena.png?fit=1080%2C686&ssl=1&resize=525%2C300 1.5x, https:\/\/i0.wp.com\/historiografija.hr\/wp-content\/uploads\/2026\/04\/Izlozba-Lica-Sljemena.png?fit=1080%2C686&ssl=1&resize=700%2C400 2x, https:\/\/i0.wp.com\/historiografija.hr\/wp-content\/uploads\/2026\/04\/Izlozba-Lica-Sljemena.png?fit=1080%2C686&ssl=1&resize=1050%2C600 3x"},"classes":[]},{"id":52575,"url":"https:\/\/historiografija.hr\/?p=52575","url_meta":{"origin":17527,"position":2},"title":"Izlo\u017eba dje\u010djih radova \u201cU po\u010detku bija\u0161e crte\u017e\u2026\u201d","author":"Branimir Jankovi\u0107","date":"21. travnja 2026.","format":false,"excerpt":"U subotu, 25. travnja 2026. u 11 sati u Galeriji Klovi\u0107evi dvori sve\u010dano otvaramo izlo\u017ebu dje\u010djih radova pod nazivom U po\u010detku bija\u0161e crte\u017e\u2026 Radovi su nastali u sklopu likovnih radionica uz izlo\u017ebu U po\u010detku bija\u0161e kraljevstvo \u2013 izlo\u017eba povodom 1100 godina Hrvatskoga Kraljevstva. Na brojnim likovnim radionicama, uz \u0161kolsku djecu,\u2026","rel":"","context":"U &quot;Izlo\u017ebe&quot;","block_context":{"text":"Izlo\u017ebe","link":"https:\/\/historiografija.hr\/?cat=10"},"img":{"alt_text":"","src":"https:\/\/i0.wp.com\/historiografija.hr\/wp-content\/uploads\/2025\/10\/Klovicevi_sluzbeni-plakat.png?fit=840%2C1200&ssl=1&resize=350%2C200","width":350,"height":200,"srcset":"https:\/\/i0.wp.com\/historiografija.hr\/wp-content\/uploads\/2025\/10\/Klovicevi_sluzbeni-plakat.png?fit=840%2C1200&ssl=1&resize=350%2C200 1x, https:\/\/i0.wp.com\/historiografija.hr\/wp-content\/uploads\/2025\/10\/Klovicevi_sluzbeni-plakat.png?fit=840%2C1200&ssl=1&resize=525%2C300 1.5x, https:\/\/i0.wp.com\/historiografija.hr\/wp-content\/uploads\/2025\/10\/Klovicevi_sluzbeni-plakat.png?fit=840%2C1200&ssl=1&resize=700%2C400 2x"},"classes":[]},{"id":52505,"url":"https:\/\/historiografija.hr\/?p=52505","url_meta":{"origin":17527,"position":3},"title":"Izlo\u017eba &#8220;Eschenstock \/ Jasenov prut&#8221;","author":"Branimir Jankovi\u0107","date":"17. travnja 2026.","format":false,"excerpt":"Srpsko narodno vije\u0107e (SNV) i Vizura aperta postavljaju izlo\u017ebu \u0161vicarskog slikara Velimira Ili\u0161evi\u0107a: Eschenstock \/ Jasenov prut. Izlo\u017eba se uz prisustvo autora otvara povodom 81. godi\u0161njice proboja logora\u0161a iz usta\u0161kog logora smrti Jasenovac 22. aprila 2026. u 19 sati u Srpskom kulturnom centru (SKC) u Preradovi\u0107evoj ulici 21 u Zagrebu.\u2026","rel":"","context":"U &quot;Izlo\u017ebe&quot;","block_context":{"text":"Izlo\u017ebe","link":"https:\/\/historiografija.hr\/?cat=10"},"img":{"alt_text":"","src":"https:\/\/i0.wp.com\/historiografija.hr\/wp-content\/uploads\/2026\/04\/Jasenov_prut.jpg?fit=1024%2C640&ssl=1&resize=350%2C200","width":350,"height":200,"srcset":"https:\/\/i0.wp.com\/historiografija.hr\/wp-content\/uploads\/2026\/04\/Jasenov_prut.jpg?fit=1024%2C640&ssl=1&resize=350%2C200 1x, https:\/\/i0.wp.com\/historiografija.hr\/wp-content\/uploads\/2026\/04\/Jasenov_prut.jpg?fit=1024%2C640&ssl=1&resize=525%2C300 1.5x, https:\/\/i0.wp.com\/historiografija.hr\/wp-content\/uploads\/2026\/04\/Jasenov_prut.jpg?fit=1024%2C640&ssl=1&resize=700%2C400 2x"},"classes":[]},{"id":52666,"url":"https:\/\/historiografija.hr\/?p=52666","url_meta":{"origin":17527,"position":4},"title":"Najava programa Festivala povijesti Kliofest (5-8. V. 2026)","author":"Branimir Jankovi\u0107","date":"24. travnja 2026.","format":false,"excerpt":"Po trinaesti put odr\u017eava se Festival povijesti Kliofest! Do petka \u0107emo odr\u017eati osam okruglih stolova i dva kolokvija te niz predstavljanja knjiga i projekata razli\u010dite tematike, od antike do suvremenosti. Bit \u0107e predstavljeno i nekoliko izlo\u017ebi te odr\u017ean jedan povijesni kviz. Prikazat \u0107emo i jedan film \u2013 o generalu Boroevi\u0107u.\u2026","rel":"","context":"U &quot;Novosti&quot;","block_context":{"text":"Novosti","link":"https:\/\/historiografija.hr\/?cat=3"},"img":{"alt_text":"","src":"https:\/\/i0.wp.com\/historiografija.hr\/wp-content\/uploads\/2026\/04\/Kliofest-2026.jpg?fit=526%2C526&ssl=1&resize=350%2C200","width":350,"height":200,"srcset":"https:\/\/i0.wp.com\/historiografija.hr\/wp-content\/uploads\/2026\/04\/Kliofest-2026.jpg?fit=526%2C526&ssl=1&resize=350%2C200 1x, https:\/\/i0.wp.com\/historiografija.hr\/wp-content\/uploads\/2026\/04\/Kliofest-2026.jpg?fit=526%2C526&ssl=1&resize=525%2C300 1.5x"},"classes":[]},{"id":52508,"url":"https:\/\/historiografija.hr\/?p=52508","url_meta":{"origin":17527,"position":5},"title":"Glazbena radionica \u201eDUGMETARA REVISITED\u201c","author":"Branimir Jankovi\u0107","date":"17. travnja 2026.","format":false,"excerpt":"DUGMETARA REVISITED glazbena radionica vodi: Ana Horvat 13., 20. i 27. travnja, od 18 do 20 sati Radiona, Nova cesta 186 Na tri radioni\u010dka susreta uranjamo u naslje\u0111e Dugmetare, biv\u0161e tvornice dugmadi na Savskoj cesti koja je po\u010detkom 2000-ih igrom slu\u010daja postala \u017eivo, jedinstveno mjesto glazbene proizvodnje. Svoje su probe\u2026","rel":"","context":"U &quot;Novosti&quot;","block_context":{"text":"Novosti","link":"https:\/\/historiografija.hr\/?cat=3"},"img":{"alt_text":"","src":"https:\/\/i0.wp.com\/historiografija.hr\/wp-content\/uploads\/2026\/04\/TRESNJA_TRESTI.jpg?fit=380%2C475&ssl=1&resize=350%2C200","width":350,"height":200},"classes":[]}],"_links":{"self":[{"href":"https:\/\/historiografija.hr\/index.php?rest_route=\/wp\/v2\/posts\/17527","targetHints":{"allow":["GET"]}}],"collection":[{"href":"https:\/\/historiografija.hr\/index.php?rest_route=\/wp\/v2\/posts"}],"about":[{"href":"https:\/\/historiografija.hr\/index.php?rest_route=\/wp\/v2\/types\/post"}],"author":[{"embeddable":true,"href":"https:\/\/historiografija.hr\/index.php?rest_route=\/wp\/v2\/users\/2"}],"replies":[{"embeddable":true,"href":"https:\/\/historiografija.hr\/index.php?rest_route=%2Fwp%2Fv2%2Fcomments&post=17527"}],"version-history":[{"count":2,"href":"https:\/\/historiografija.hr\/index.php?rest_route=\/wp\/v2\/posts\/17527\/revisions"}],"predecessor-version":[{"id":17536,"href":"https:\/\/historiografija.hr\/index.php?rest_route=\/wp\/v2\/posts\/17527\/revisions\/17536"}],"wp:featuredmedia":[{"embeddable":true,"href":"https:\/\/historiografija.hr\/index.php?rest_route=\/wp\/v2\/media\/17528"}],"wp:attachment":[{"href":"https:\/\/historiografija.hr\/index.php?rest_route=%2Fwp%2Fv2%2Fmedia&parent=17527"}],"wp:term":[{"taxonomy":"category","embeddable":true,"href":"https:\/\/historiografija.hr\/index.php?rest_route=%2Fwp%2Fv2%2Fcategories&post=17527"},{"taxonomy":"post_tag","embeddable":true,"href":"https:\/\/historiografija.hr\/index.php?rest_route=%2Fwp%2Fv2%2Ftags&post=17527"}],"curies":[{"name":"wp","href":"https:\/\/api.w.org\/{rel}","templated":true}]}}