{"id":17510,"date":"2019-11-21T12:26:44","date_gmt":"2019-11-21T12:26:44","guid":{"rendered":"http:\/\/historiografija.hr\/?p=17510"},"modified":"2019-11-21T12:26:44","modified_gmt":"2019-11-21T12:26:44","slug":"izlozba-tito-i-jugoslavija-u-karikaturama-informbiroa","status":"publish","type":"post","link":"https:\/\/historiografija.hr\/?p=17510","title":{"rendered":"Izlo\u017eba \u201cTito i Jugoslavija u karikaturama Informbiroa\u201d"},"content":{"rendered":"<p>U Muzeju Vojvodine u Novom Sadu od 25. listopada do 25. studenog 2019. godine u tijeku je izlo\u017eba \u201cTito i Jugoslavija u karikaturama Informbiroa\u201d.<\/p>\n<p>&nbsp;<\/p>\n<p>&#8212;<\/p>\n<p>&nbsp;<\/p>\n<p>Povodom obele\u017eavanja Dana muzeja, u petak, 25. oktobra 2019. godine u 12 \u010dasova, u Dunavskoj 35, otvara se izlo\u017eba \u201eTito i Jugoslavija u karikaturama Informbiroa\u201c. Autorka izlo\u017ebe je Kristina Mene\u0161i, vi\u0161a kustoskinja \u2013 istori\u010darka Odeljenja za savremenu istoriju Muzeja Vojvodine. Izlo\u017ebu \u0107e otvoriti knji\u017eevnik, publicista i prevodilac Ivan Ivanji.<\/p>\n<p>&nbsp;<\/p>\n<p>Postavka na specifi\u010dan na\u010din tematizuje jedan od najzna\u010dajnih doga\u0111aja u istoriji Jugoslavije \u2013 Rezoluciju Informbiroa iz 1948. godine, odnosno doga\u0111aje koji su usledili nakon nje. Pored kratkog osvrta na istorijski kontekst sukoba zemalja Informbiroa sa tada\u0161njom FNRJ i njenim rukovodstvom, izlo\u017eba se bavi vode\u0107im tezama propagandnog narativa SSSR-a o prilikama u jugoslovenskoj dr\u017eavi i to posredstvom mno\u0161tva IB karikatura iz Zbirke dokumenata Muzeja Vojvodine, grupisanih u tematske celine.<\/p>\n<p>&nbsp;<\/p>\n<p>Objavljivane prvenstveno u IB glasilima, ove karikature tako\u0111e su \u0161tampane i distribuirane zasebno. Zajedno sa ostalim propagandnim materijalom Informbiroa, uno\u0161ene su u Jugoslaviju na razli\u010dite na\u010dine \u2013 bacanjem iz vazdu\u0161nih balona, po\u0161tanskim po\u0161iljkama, ubacivanjem u prtljag putnika, preko posada stranih teretnih brodova na Dunavu&#8230; Deo ovog materijala koji su tada\u0161nji dr\u017eavni organi zaplenili, \u010duva se u na\u0161oj ustanovi i ovom prilikom \u0107e prvi put biti prezentovan publici.<\/p>\n<p>&nbsp;<\/p>\n<p>Na izlo\u017ebi su prikazani i predmeti iz Muzeja Jugoslavije, Muzeja grada Beograda, Biblioteke Matice srpske i Udru\u017eenja \u201eIstorijski muzej Jugoslavije\u201c, kojima se ovom prilikom zahvaljujemo, kao i Radio-televiziji Vojvodine, odnosno Pokrajinskom sekretarijatu za kulturu, javno informisanje i odnose sa verskim zajednicama APV, koji su omogu\u0107ili prikazivanje dela filmskog materijala na izlo\u017ebi.<\/p>\n<p>&nbsp;<\/p>\n<p>Postavka \u0107e biti otvorena do 25. novembra ove godine.<\/p>\n<p>&nbsp;<\/p>\n<p>Izvori i dodatne informacije:<\/p>\n<p>&nbsp;<\/p>\n<p><a href=\"http:\/\/www.muzejvojvodine.org.rs\/index.php\/lat\/izlozbe\/2735-tito-i-jugoslavija-u-karikaturama-informbiroa\">http:\/\/www.muzejvojvodine.org.rs\/index.php\/lat\/izlozbe\/2735-tito-i-jugoslavija-u-karikaturama-informbiroa<\/a><\/p>\n<p>&nbsp;<\/p>\n<p><a href=\"https:\/\/www.autonomija.info\/izlozba-tito-i-jugoslavija-u-karikaturama-informbiroa.html\">https:\/\/www.autonomija.info\/izlozba-tito-i-jugoslavija-u-karikaturama-informbiroa.html<\/a><\/p>\n<p>&nbsp;<\/p>\n<p>&nbsp;<\/p>\n<p>&nbsp;<\/p>\n","protected":false},"excerpt":{"rendered":"","protected":false},"author":2,"featured_media":17511,"comment_status":"open","ping_status":"open","sticky":false,"template":"","format":"standard","meta":{"_acf_changed":false,"jetpack_post_was_ever_published":false,"_jetpack_newsletter_access":"","_jetpack_dont_email_post_to_subs":false,"_jetpack_newsletter_tier_id":0,"_jetpack_memberships_contains_paywalled_content":false,"_jetpack_memberships_contains_paid_content":false,"footnotes":"","jetpack_publicize_message":"","jetpack_publicize_feature_enabled":true,"jetpack_social_post_already_shared":true,"jetpack_social_options":{"image_generator_settings":{"template":"highway","default_image_id":0,"font":"","enabled":false},"version":2}},"categories":[10,3],"tags":[],"class_list":["post-17510","post","type-post","status-publish","format-standard","has-post-thumbnail","hentry","category-izlozbe","category-novosti"],"acf":{"facebook_opis":""},"jetpack_publicize_connections":[],"jetpack_featured_media_url":"https:\/\/i0.wp.com\/historiografija.hr\/wp-content\/uploads\/2019\/11\/karikature_informbiroa.jpg?fit=300%2C206&ssl=1","jetpack_sharing_enabled":true,"jetpack-related-posts":[{"id":52760,"url":"https:\/\/historiografija.hr\/?p=52760","url_meta":{"origin":17510,"position":0},"title":"Izlo\u017eba \u201cLo\u0161injski brodovi, njihove zastave i ljudi\u201d, 4. svibnja u 19h","author":"Filip \u0160imunjak","date":"30. travnja 2026.","format":false,"excerpt":"Hrvatski pomorski muzej Split, Glagolja\u0161a 18 (Tvr\u0111ava Gripe) Nakon \u0161to je u rujnu 2025. godine na otoku Lo\u0161inju, u suradnji Lo\u0161injskog muzeja i Hrvatskog pomorskog muzeja Split, predstavljena izlo\u017eba posve\u0107ena bogatoj pomorskoj ba\u0161tini otoka, njezino pro\u0161ireno izdanje postavlja se u Splitu. Uo\u010di blagdana svetog Dujma splitskoj \u0107e se publici predstaviti\u2026","rel":"","context":"U &quot;Izlo\u017ebe&quot;","block_context":{"text":"Izlo\u017ebe","link":"https:\/\/historiografija.hr\/?cat=10"},"img":{"alt_text":"","src":"https:\/\/i0.wp.com\/historiografija.hr\/wp-content\/uploads\/2026\/04\/Losinjski-brodovi-Izlozba-1-scaled.webp?fit=840%2C1200&ssl=1&resize=350%2C200","width":350,"height":200,"srcset":"https:\/\/i0.wp.com\/historiografija.hr\/wp-content\/uploads\/2026\/04\/Losinjski-brodovi-Izlozba-1-scaled.webp?fit=840%2C1200&ssl=1&resize=350%2C200 1x, https:\/\/i0.wp.com\/historiografija.hr\/wp-content\/uploads\/2026\/04\/Losinjski-brodovi-Izlozba-1-scaled.webp?fit=840%2C1200&ssl=1&resize=525%2C300 1.5x, https:\/\/i0.wp.com\/historiografija.hr\/wp-content\/uploads\/2026\/04\/Losinjski-brodovi-Izlozba-1-scaled.webp?fit=840%2C1200&ssl=1&resize=700%2C400 2x"},"classes":[]},{"id":52511,"url":"https:\/\/historiografija.hr\/?p=52511","url_meta":{"origin":17510,"position":1},"title":"Izlo\u017eba &#8220;Lica Sljemena&#8221;","author":"Branimir Jankovi\u0107","date":"17. travnja 2026.","format":false,"excerpt":"Srda\u010dno vas pozivamo na otvorenje izlo\u017ebe Lica Sljemena koje \u0107e se odr\u017eati u srijedu 22. travnja 2026. u 18 h ispred Muzeja Prigorja (Trg Dragutina Domjani\u0107a 5, Sesvete). Izlo\u017eba proizlazi iz istra\u017eivanja Nevene \u0160krbi\u0107 Alempijevi\u0107, Petre Kelemen i Sanje Potkonjak te intervjua sa Sljemena\u0161icama i Sljemena\u0161ima, koji su provedeni u\u2026","rel":"","context":"U &quot;Izlo\u017ebe&quot;","block_context":{"text":"Izlo\u017ebe","link":"https:\/\/historiografija.hr\/?cat=10"},"img":{"alt_text":"","src":"https:\/\/i0.wp.com\/historiografija.hr\/wp-content\/uploads\/2026\/04\/Izlozba-Lica-Sljemena.png?fit=1080%2C686&ssl=1&resize=350%2C200","width":350,"height":200,"srcset":"https:\/\/i0.wp.com\/historiografija.hr\/wp-content\/uploads\/2026\/04\/Izlozba-Lica-Sljemena.png?fit=1080%2C686&ssl=1&resize=350%2C200 1x, https:\/\/i0.wp.com\/historiografija.hr\/wp-content\/uploads\/2026\/04\/Izlozba-Lica-Sljemena.png?fit=1080%2C686&ssl=1&resize=525%2C300 1.5x, https:\/\/i0.wp.com\/historiografija.hr\/wp-content\/uploads\/2026\/04\/Izlozba-Lica-Sljemena.png?fit=1080%2C686&ssl=1&resize=700%2C400 2x, https:\/\/i0.wp.com\/historiografija.hr\/wp-content\/uploads\/2026\/04\/Izlozba-Lica-Sljemena.png?fit=1080%2C686&ssl=1&resize=1050%2C600 3x"},"classes":[]},{"id":52505,"url":"https:\/\/historiografija.hr\/?p=52505","url_meta":{"origin":17510,"position":2},"title":"Izlo\u017eba &#8220;Eschenstock \/ Jasenov prut&#8221;","author":"Branimir Jankovi\u0107","date":"17. travnja 2026.","format":false,"excerpt":"Srpsko narodno vije\u0107e (SNV) i Vizura aperta postavljaju izlo\u017ebu \u0161vicarskog slikara Velimira Ili\u0161evi\u0107a: Eschenstock \/ Jasenov prut. Izlo\u017eba se uz prisustvo autora otvara povodom 81. godi\u0161njice proboja logora\u0161a iz usta\u0161kog logora smrti Jasenovac 22. aprila 2026. u 19 sati u Srpskom kulturnom centru (SKC) u Preradovi\u0107evoj ulici 21 u Zagrebu.\u2026","rel":"","context":"U &quot;Izlo\u017ebe&quot;","block_context":{"text":"Izlo\u017ebe","link":"https:\/\/historiografija.hr\/?cat=10"},"img":{"alt_text":"","src":"https:\/\/i0.wp.com\/historiografija.hr\/wp-content\/uploads\/2026\/04\/Jasenov_prut.jpg?fit=1024%2C640&ssl=1&resize=350%2C200","width":350,"height":200,"srcset":"https:\/\/i0.wp.com\/historiografija.hr\/wp-content\/uploads\/2026\/04\/Jasenov_prut.jpg?fit=1024%2C640&ssl=1&resize=350%2C200 1x, https:\/\/i0.wp.com\/historiografija.hr\/wp-content\/uploads\/2026\/04\/Jasenov_prut.jpg?fit=1024%2C640&ssl=1&resize=525%2C300 1.5x, https:\/\/i0.wp.com\/historiografija.hr\/wp-content\/uploads\/2026\/04\/Jasenov_prut.jpg?fit=1024%2C640&ssl=1&resize=700%2C400 2x"},"classes":[]},{"id":52575,"url":"https:\/\/historiografija.hr\/?p=52575","url_meta":{"origin":17510,"position":3},"title":"Izlo\u017eba dje\u010djih radova \u201cU po\u010detku bija\u0161e crte\u017e\u2026\u201d","author":"Branimir Jankovi\u0107","date":"21. travnja 2026.","format":false,"excerpt":"U subotu, 25. travnja 2026. u 11 sati u Galeriji Klovi\u0107evi dvori sve\u010dano otvaramo izlo\u017ebu dje\u010djih radova pod nazivom U po\u010detku bija\u0161e crte\u017e\u2026 Radovi su nastali u sklopu likovnih radionica uz izlo\u017ebu U po\u010detku bija\u0161e kraljevstvo \u2013 izlo\u017eba povodom 1100 godina Hrvatskoga Kraljevstva. Na brojnim likovnim radionicama, uz \u0161kolsku djecu,\u2026","rel":"","context":"U &quot;Izlo\u017ebe&quot;","block_context":{"text":"Izlo\u017ebe","link":"https:\/\/historiografija.hr\/?cat=10"},"img":{"alt_text":"","src":"https:\/\/i0.wp.com\/historiografija.hr\/wp-content\/uploads\/2025\/10\/Klovicevi_sluzbeni-plakat.png?fit=840%2C1200&ssl=1&resize=350%2C200","width":350,"height":200,"srcset":"https:\/\/i0.wp.com\/historiografija.hr\/wp-content\/uploads\/2025\/10\/Klovicevi_sluzbeni-plakat.png?fit=840%2C1200&ssl=1&resize=350%2C200 1x, https:\/\/i0.wp.com\/historiografija.hr\/wp-content\/uploads\/2025\/10\/Klovicevi_sluzbeni-plakat.png?fit=840%2C1200&ssl=1&resize=525%2C300 1.5x, https:\/\/i0.wp.com\/historiografija.hr\/wp-content\/uploads\/2025\/10\/Klovicevi_sluzbeni-plakat.png?fit=840%2C1200&ssl=1&resize=700%2C400 2x"},"classes":[]},{"id":52666,"url":"https:\/\/historiografija.hr\/?p=52666","url_meta":{"origin":17510,"position":4},"title":"Najava programa Festivala povijesti Kliofest (5-8. V. 2026)","author":"Branimir Jankovi\u0107","date":"24. travnja 2026.","format":false,"excerpt":"Po trinaesti put odr\u017eava se Festival povijesti Kliofest! Do petka \u0107emo odr\u017eati osam okruglih stolova i dva kolokvija te niz predstavljanja knjiga i projekata razli\u010dite tematike, od antike do suvremenosti. Bit \u0107e predstavljeno i nekoliko izlo\u017ebi te odr\u017ean jedan povijesni kviz. Prikazat \u0107emo i jedan film \u2013 o generalu Boroevi\u0107u.\u2026","rel":"","context":"U &quot;Novosti&quot;","block_context":{"text":"Novosti","link":"https:\/\/historiografija.hr\/?cat=3"},"img":{"alt_text":"","src":"https:\/\/i0.wp.com\/historiografija.hr\/wp-content\/uploads\/2026\/04\/Kliofest-2026.jpg?fit=526%2C526&ssl=1&resize=350%2C200","width":350,"height":200,"srcset":"https:\/\/i0.wp.com\/historiografija.hr\/wp-content\/uploads\/2026\/04\/Kliofest-2026.jpg?fit=526%2C526&ssl=1&resize=350%2C200 1x, https:\/\/i0.wp.com\/historiografija.hr\/wp-content\/uploads\/2026\/04\/Kliofest-2026.jpg?fit=526%2C526&ssl=1&resize=525%2C300 1.5x"},"classes":[]},{"id":52752,"url":"https:\/\/historiografija.hr\/?p=52752","url_meta":{"origin":17510,"position":5},"title":"Otvaranje izlo\u017ebe &#8220;Hrvati na So\u010danskom frontu&#8221; i predavanje &#8220;So\u010danska fronta u Prvome svjetskom ratu&#8221;","author":"Filip \u0160imunjak","date":"30. travnja 2026.","format":false,"excerpt":"Otvaranje izlo\u017ebe \u201eHrvati na So\u010danskom frontu\u201c, Kobari\u0161ki muzej Prvog svjetskog rata, Kobarid, odr\u017eat \u0107e se u sklopu ovogodi\u0161njega Festivala povijesti Kliofest u Nacionalnoj i sveu\u010dili\u0161noj knji\u017enici u Zagrebu, u utorak 5. svibnja, s po\u010detkom u 10 sati, uz sudjelovanje: Ga\u0161pera Dov\u017eana, veleposlanika Republike Slovenije u RH, te Martina \u0160olara, direktora\u2026","rel":"","context":"U &quot;Izlo\u017ebe&quot;","block_context":{"text":"Izlo\u017ebe","link":"https:\/\/historiografija.hr\/?cat=10"},"img":{"alt_text":"","src":"https:\/\/i0.wp.com\/historiografija.hr\/wp-content\/uploads\/2026\/04\/Kliofest-01-utorak-II-08-P-Socanska-fronta.jpg?fit=1200%2C566&ssl=1&resize=350%2C200","width":350,"height":200,"srcset":"https:\/\/i0.wp.com\/historiografija.hr\/wp-content\/uploads\/2026\/04\/Kliofest-01-utorak-II-08-P-Socanska-fronta.jpg?fit=1200%2C566&ssl=1&resize=350%2C200 1x, https:\/\/i0.wp.com\/historiografija.hr\/wp-content\/uploads\/2026\/04\/Kliofest-01-utorak-II-08-P-Socanska-fronta.jpg?fit=1200%2C566&ssl=1&resize=525%2C300 1.5x, https:\/\/i0.wp.com\/historiografija.hr\/wp-content\/uploads\/2026\/04\/Kliofest-01-utorak-II-08-P-Socanska-fronta.jpg?fit=1200%2C566&ssl=1&resize=700%2C400 2x, https:\/\/i0.wp.com\/historiografija.hr\/wp-content\/uploads\/2026\/04\/Kliofest-01-utorak-II-08-P-Socanska-fronta.jpg?fit=1200%2C566&ssl=1&resize=1050%2C600 3x"},"classes":[]}],"_links":{"self":[{"href":"https:\/\/historiografija.hr\/index.php?rest_route=\/wp\/v2\/posts\/17510","targetHints":{"allow":["GET"]}}],"collection":[{"href":"https:\/\/historiografija.hr\/index.php?rest_route=\/wp\/v2\/posts"}],"about":[{"href":"https:\/\/historiografija.hr\/index.php?rest_route=\/wp\/v2\/types\/post"}],"author":[{"embeddable":true,"href":"https:\/\/historiografija.hr\/index.php?rest_route=\/wp\/v2\/users\/2"}],"replies":[{"embeddable":true,"href":"https:\/\/historiografija.hr\/index.php?rest_route=%2Fwp%2Fv2%2Fcomments&post=17510"}],"version-history":[{"count":1,"href":"https:\/\/historiografija.hr\/index.php?rest_route=\/wp\/v2\/posts\/17510\/revisions"}],"predecessor-version":[{"id":17512,"href":"https:\/\/historiografija.hr\/index.php?rest_route=\/wp\/v2\/posts\/17510\/revisions\/17512"}],"wp:featuredmedia":[{"embeddable":true,"href":"https:\/\/historiografija.hr\/index.php?rest_route=\/wp\/v2\/media\/17511"}],"wp:attachment":[{"href":"https:\/\/historiografija.hr\/index.php?rest_route=%2Fwp%2Fv2%2Fmedia&parent=17510"}],"wp:term":[{"taxonomy":"category","embeddable":true,"href":"https:\/\/historiografija.hr\/index.php?rest_route=%2Fwp%2Fv2%2Fcategories&post=17510"},{"taxonomy":"post_tag","embeddable":true,"href":"https:\/\/historiografija.hr\/index.php?rest_route=%2Fwp%2Fv2%2Ftags&post=17510"}],"curies":[{"name":"wp","href":"https:\/\/api.w.org\/{rel}","templated":true}]}}