{"id":17246,"date":"2019-11-12T10:27:21","date_gmt":"2019-11-12T10:27:21","guid":{"rendered":"http:\/\/historiografija.hr\/?p=17246"},"modified":"2019-11-12T10:27:21","modified_gmt":"2019-11-12T10:27:21","slug":"22-skup-vukovar-91-28-godina-poslije-suvremene-migracije-u-republici-hrvatskoj-vukovar-12-13-11-2019","status":"publish","type":"post","link":"https:\/\/historiografija.hr\/?p=17246","title":{"rendered":"22. skup \u201cVukovar \u00b491. \u2013 28 godina poslije\u201d: SUVREMENE MIGRACIJE U REPUBLICI HRVATSKOJ; Vukovar, 12.-13. 11. 2019."},"content":{"rendered":"<p>Institut dru\u0161tvenih znanosti Ivo Pilar poziva na 22. znanstveno-stru\u010dni skup \u201cVukovar \u00b491. \u2013 dvadeset i osma godina poslije\u201d SUVREMENE MIGRACIJE U REPUBLICI HRVATSKOJ: UZROCI, POSLJEDICE I AKTUALNI TRENDOVI koji \u0107e se odr\u017eati 12. i 13. studenoga 2019. godine u Kongresnoj dvorani Ru\u017ei\u010dkine ku\u0107e (Vukovar, Strossmayerova 25).<\/p>\n<p>&nbsp;<\/p>\n<p><a href=\"https:\/\/www.pilar.hr\/wp-content\/uploads\/2019\/11\/POZIVNICA_Vu2019.pdf\">Pozivnica i program<\/a><\/p>\n<p>&nbsp;<\/p>\n<p>Program skupa<\/p>\n<p>&nbsp;<\/p>\n<p><strong> 12. studenoga 2019. (utorak)<\/strong><\/p>\n<p>&nbsp;<\/p>\n<p>14:00 \u2013 15:00<br \/>\nMemorijalno groblje \u017ertava iz Domovinskog rata i masovna grobnica Ov\u010dara \u2013 polaganje vijenaca i paljenje svije\u0107a<\/p>\n<p>* * *<\/p>\n<p>Ru\u017ei\u010dkina ku\u0107a \u2013 Kongresna dvorana (J. J. Strossmayera 25, Vukovar)<\/p>\n<p>15:00 \u2013 15:30<br \/>\nRegistracija sudionika<\/p>\n<p>15:30 \u2013 16:00<br \/>\nPozdravne rije\u010di i otvaranje skupa<\/p>\n<p>Uvodna predavanja<br \/>\nModeratori: Dra\u017een \u017divi\u0107 i Ivana Bendra<\/p>\n<p>16:00 \u2013 16:30<br \/>\nNenad Pokos<br \/>\n<em>Demografski aspekti suvremenog iseljavanja iz Hrvatske<\/em><\/p>\n<p>16:30-17:00<br \/>\nVlado \u0160aki\u0107 i Katarina Peri\u0107<br \/>\n<em>Suvremene migracije i njihov odraz na hrvatski nacionalni, socijalni i kulturni identitet<\/em><\/p>\n<p>17:00 \u2013 17:20<br \/>\nPredah uz osvje\u017eenje<\/p>\n<p>Prva sjednica<br \/>\nModeratori: Mateo \u017dani\u0107 i Ivan Brli\u0107<\/p>\n<p>17:20-17:40<br \/>\nOzren \u017dunec i Andrija Platu\u017ei\u0107<br \/>\n<em>Migracije pokrenute ratovima: izme\u0111u socijalne katastrofe i dru\u0161tvenog razvitka<\/em><\/p>\n<p>17:40 \u2013 18:00<br \/>\nMirko Biland\u017ei\u0107 i Daniela Luci\u0107<br \/>\n<em>Sekuritizacija migracija: socijalna konstrukcija ili stvarna prijetnja?<\/em><\/p>\n<p>18:00 -18:20<br \/>\nSanja \u0160poljar Vr\u017eina<br \/>\n<em>Inscenirane solidarnosti, cenzurirana znanja i bijegovi u \u2018suvremenost\u2019 \u2013 hrvatski obol svjetskim politikama migracija i militarizacije<\/em><\/p>\n<p>18:20 \u2013 18:40<br \/>\nSandra Cviki\u0107, Mario Bara, Karla \u017dagi<br \/>\n<em>Vukovarska trauma, izbjegli\u0161tvo i proizvodnja znanja<\/em><\/p>\n<p>18:40 \u2013 19:00<br \/>\nJosip Esterajher<br \/>\n<em>Suvremene (nelegalne) migracije \u2013 od humanitarnog pitanja do sigurnosnog izazova<\/em><\/p>\n<p>19:00 \u2013 19:30<br \/>\nRasprava<\/p>\n<p>&nbsp;<\/p>\n<p><strong> 13. studenoga 2019. (srijeda)<\/strong><\/p>\n<p>&nbsp;<\/p>\n<p>Ru\u017ei\u010dkina ku\u0107a \u2013 Kongresna dvorana (J. J. Strossmayera 25, Vukovar)<\/p>\n<p>Druga sjednica<br \/>\nModeratori: Anita Bu\u0161ljeta Tonkovi\u0107 i Nikola \u0160imuni\u0107<\/p>\n<p>09:00 \u2013 09:20<br \/>\nKatica Jur\u010devi\u0107 i Kre\u0161imir Bu\u0161i\u0107<br \/>\n<em>Ratna stradanja vukovarskih civila kao primjer za razumijevanje suvremenih migracijskih kretanja<\/em><\/p>\n<p>09:20 \u2013 09:40<br \/>\nDra\u017een \u017divi\u0107 i Nikola \u0160imuni\u0107<br \/>\n<em>Vremenska, prostorna i strukturno-demografska selektivnosti prisilnih ratnih migracija u Hrvatskoj 1990-ih<\/em><\/p>\n<p>09:40 \u2013 10:00<br \/>\nMateo \u017dani\u0107, Geran Marko Mileti\u0107, Ivana Bendra<br \/>\n<em>Stavovi mladih iz Vukovarsko-srijemske \u017eupanije o aktualnim dru\u0161tvenim problemima i njihova predmigracijska o\u010dekivanja<\/em><\/p>\n<p>10:00 \u2013 10:20<br \/>\nIvana Bendra, Dra\u017een \u017divi\u0107, Borislav Maru\u0161i\u0107<br \/>\n<em>Utjecaj dominantnih vrijednosnih orijentacija mladih Vukovarsko-srijemske \u017eupanije na namjere iseljenja u inozemstvo<\/em><\/p>\n<p>10:20 \u2013 10:40<br \/>\nIvan Brli\u0107, Nikola \u0160imuni\u0107, Igor Kne\u017e<br \/>\n<em>Li\u010dani u Slavoniji i(li) Slavonci u Lici \u2013 primjer suvremenih vi\u0161estrukih unutra\u0161njih migracijskih procesa<\/em><\/p>\n<p>10:40 \u2013 11:00<br \/>\nTado Juri\u0107<br \/>\n<em>Hrvati BiH u suvremenom iseljeni\u010dkom valu<\/em><\/p>\n<p>11:00 \u2013 11:30<br \/>\nPredah uz osvje\u017eenje<\/p>\n<p>Tre\u0107a sjednica<br \/>\nModeratori: Sandra Cviki\u0107 i Ivana Bendra<\/p>\n<p>11:30 \u2013 11:50<br \/>\nVladimir Dugali\u0107 i Igor Jakobfi<br \/>\n<em>Doprinos pape Franje raspravama o migrantima i suvremenim migracijama<\/em><\/p>\n<p>11:50 \u2013 12:10<br \/>\n\u017deljko Pavi\u0107 i Antun \u0160undali\u0107<br \/>\n<em>Politi\u010dki motivi odseljavanja \u201enovih migranata\u201c unutar Europe<\/em><\/p>\n<p>12:10 \u2013 12:30<br \/>\nCaroline Hornstein Tomi\u0107 i Marina Peri\u0107 Kaselj<br \/>\n<em>Stru\u010dne migracije \u2013 trostruki dobitak? Iskustva mladih dr\u017eava \u010dlanica nakon pristupanja Europskoj uniji<\/em><\/p>\n<p>12:30 \u2013 12:50<br \/>\nRebeka Mesari\u0107 \u017dab\u010di\u0107<br \/>\n<em>Povratne migracije kao pokreta\u010d razvoja u Me\u0111imurskoj \u017eupaniji<\/em><\/p>\n<p>12:50 \u2013 13:10<br \/>\nMarica Marinovi\u0107 Golubi\u0107 i Tihana \u0160tojs<br \/>\n<em>Mla\u0111i povratnici u Hrvatsku \u2013 iskustvo i motivacija<\/em><\/p>\n<p>13:10-13:30<br \/>\nKre\u0161imir Pera\u010dkovi\u0107, Geran Marko Mileti\u0107 i Matea Milak<br \/>\n<em>\u017divot u Aljma\u0161u 20 godina poslije \u2013 Stavovi stanovni\u0161tva o perspektivama lokalnog razvoja<\/em><\/p>\n<p>13:30-14:00<br \/>\nRasprava i zatvaranje skupa<\/p>\n<p>&nbsp;<\/p>\n<p>Izvor: <a href=\"https:\/\/www.pilar.hr\/2019\/11\/22-skup-vukovar-91-28-godina-poslije-suvremene-migracije-u-republici-hrvatskoj-vukovar-12-13-11-2019\/\">https:\/\/www.pilar.hr\/2019\/11\/22-skup-vukovar-91-28-godina-poslije-suvremene-migracije-u-republici-hrvatskoj-vukovar-12-13-11-2019\/<\/a><\/p>\n<p>&nbsp;<\/p>\n<p>&nbsp;<\/p>\n","protected":false},"excerpt":{"rendered":"","protected":false},"author":2,"featured_media":17247,"comment_status":"open","ping_status":"open","sticky":false,"template":"","format":"standard","meta":{"_acf_changed":false,"jetpack_post_was_ever_published":false,"_jetpack_newsletter_access":"","_jetpack_dont_email_post_to_subs":false,"_jetpack_newsletter_tier_id":0,"_jetpack_memberships_contains_paywalled_content":false,"_jetpack_memberships_contains_paid_content":false,"footnotes":"","jetpack_publicize_message":"","jetpack_publicize_feature_enabled":true,"jetpack_social_post_already_shared":true,"jetpack_social_options":{"image_generator_settings":{"template":"highway","default_image_id":0,"font":"","enabled":false},"version":2}},"categories":[3,9],"tags":[],"class_list":["post-17246","post","type-post","status-publish","format-standard","has-post-thumbnail","hentry","category-novosti","category-skupovi"],"acf":{"facebook_opis":""},"jetpack_publicize_connections":[],"jetpack_featured_media_url":"https:\/\/i0.wp.com\/historiografija.hr\/wp-content\/uploads\/2019\/11\/POZIVNICA_Vu2019_11.jpg?fit=620%2C310&ssl=1","jetpack_sharing_enabled":true,"jetpack-related-posts":[{"id":52543,"url":"https:\/\/historiografija.hr\/?p=52543","url_meta":{"origin":17246,"position":0},"title":"Znanstveno-stru\u010dni skup \u201eOto\u010dne pu\u010dke pobo\u017enosti: kontinuiteti i transformacije\u201c","author":"Branimir Jankovi\u0107","date":"20. travnja 2026.","format":false,"excerpt":"Najavljujemo\u00a0znanstveno-stru\u010dni skup \u201eOto\u010dne pu\u010dke pobo\u017enosti: kontinuiteti i transformacije\u201c,\u00a0koji \u0107e se odr\u017eati\u00a0u Rabu od 24. do 26. travnja 2026.,\u00a0u organizaciji i uz potporu\u00a0Instituta za etnologiju i folkloristiku, Zagreb, \u00a0Grada Raba, Pu\u010dkog otvorenog u\u010dili\u0161ta Rab i Centra za istra\u017eivanje srednjovjekovne ba\u0161tine Jadrana RIMAH. Skup okuplja vode\u0107e doma\u0107e stru\u010dnjake koji \u0107e kroz niz\u2026","rel":"","context":"U &quot;Novosti&quot;","block_context":{"text":"Novosti","link":"https:\/\/historiografija.hr\/?cat=3"},"img":{"alt_text":"","src":"https:\/\/i0.wp.com\/historiografija.hr\/wp-content\/uploads\/2026\/04\/Skup_Rab.jpg?fit=848%2C1200&ssl=1&resize=350%2C200","width":350,"height":200,"srcset":"https:\/\/i0.wp.com\/historiografija.hr\/wp-content\/uploads\/2026\/04\/Skup_Rab.jpg?fit=848%2C1200&ssl=1&resize=350%2C200 1x, https:\/\/i0.wp.com\/historiografija.hr\/wp-content\/uploads\/2026\/04\/Skup_Rab.jpg?fit=848%2C1200&ssl=1&resize=525%2C300 1.5x, https:\/\/i0.wp.com\/historiografija.hr\/wp-content\/uploads\/2026\/04\/Skup_Rab.jpg?fit=848%2C1200&ssl=1&resize=700%2C400 2x"},"classes":[]},{"id":52578,"url":"https:\/\/historiografija.hr\/?p=52578","url_meta":{"origin":17246,"position":1},"title":"Poziv za sudjelovanje: XXII. Dani Julija Bene\u0161i\u0107a u Iloku","author":"Branimir Jankovi\u0107","date":"21. travnja 2026.","format":false,"excerpt":"Zavod za lingvisti\u010dka istra\u017eivanja Hrvatske akademije znanosti i umjetnosti, zajedno s Muzejom grada Iloka, organizira XXII. Dane Julija Bene\u0161i\u0107a, koji \u0107e se odr\u017eati od 28. do 30. listopada 2026. u Iloku.\u00a0Teme ovogodi\u0161njih Dana podijeljene su u dvije cjeline: Knji\u017eevno-jezikoslovni d\u00ecv\u0101n s Bene\u0161i\u0107em te Ilok i Srijem u povijesnim stalnicama i\u2026","rel":"","context":"U &quot;Novosti&quot;","block_context":{"text":"Novosti","link":"https:\/\/historiografija.hr\/?cat=3"},"img":{"alt_text":"","src":"https:\/\/i0.wp.com\/historiografija.hr\/wp-content\/uploads\/2019\/10\/HE2_Benesic.jpg?fit=413%2C591&ssl=1&resize=350%2C200","width":350,"height":200},"classes":[]},{"id":52592,"url":"https:\/\/historiografija.hr\/?p=52592","url_meta":{"origin":17246,"position":2},"title":"Predstavljanje knjige &#8220;Turska ku\u0107a u Rijeci&#8221; u Zagrebu","author":"Branimir Jankovi\u0107","date":"22. travnja 2026.","format":false,"excerpt":"U prostorijama Turskog kulturnog centra Yunus Emre u Zagrebu, u utorak 21. travnja 2026. godine, odr\u017eano je sve\u010dano predstavljanje dopunjenog izdanja knjige Turska ku\u0107a u Rijeci, u organizaciji Hrvatsko-turskog dru\u0161tva Rijeka i partnerstvu sa Skupinom prijateljstva Hrvatska-Turska Hrvatskog sabora, Veleposlanstvom Republike Turske u Republici Hrvatskoj te Turskim kulturnim centrom Yunus\u2026","rel":"","context":"U &quot;Novosti&quot;","block_context":{"text":"Novosti","link":"https:\/\/historiografija.hr\/?cat=3"},"img":{"alt_text":"","src":"https:\/\/i0.wp.com\/historiografija.hr\/wp-content\/uploads\/2026\/04\/Turska-kuca-ZG.jpg?fit=1200%2C800&ssl=1&resize=350%2C200","width":350,"height":200,"srcset":"https:\/\/i0.wp.com\/historiografija.hr\/wp-content\/uploads\/2026\/04\/Turska-kuca-ZG.jpg?fit=1200%2C800&ssl=1&resize=350%2C200 1x, https:\/\/i0.wp.com\/historiografija.hr\/wp-content\/uploads\/2026\/04\/Turska-kuca-ZG.jpg?fit=1200%2C800&ssl=1&resize=525%2C300 1.5x, https:\/\/i0.wp.com\/historiografija.hr\/wp-content\/uploads\/2026\/04\/Turska-kuca-ZG.jpg?fit=1200%2C800&ssl=1&resize=700%2C400 2x, https:\/\/i0.wp.com\/historiografija.hr\/wp-content\/uploads\/2026\/04\/Turska-kuca-ZG.jpg?fit=1200%2C800&ssl=1&resize=1050%2C600 3x"},"classes":[]},{"id":52502,"url":"https:\/\/historiografija.hr\/?p=52502","url_meta":{"origin":17246,"position":3},"title":"Novi znanstveni projekt Hrvatskog instituta za povijest: \u201c\u017drtve ratova i dr\u017eavnog\/politi\u010dkog nasilja u hrvatskoj povijesti 20. stolje\u0107a\u201d","author":"Branimir Jankovi\u0107","date":"17. travnja 2026.","format":false,"excerpt":"Na redovitoj sjednici Vlade RH, 16. travnja 2026., donijet je Zaklju\u010dak kojim se pokre\u0107e znanstveni projekt \u201c\u017drtve ratova i dr\u017eavnog\/politi\u010dkog nasilja u hrvatskoj povijesti 20. stolje\u0107a\u201d. Projekt \u0107e provoditi i koordinirati Hrvatski institut za povijest u razdoblju trajanja projekta od pet godina. Zakljucak Vlade RH Iz teksta projektnog prijedloga: Problematika\u2026","rel":"","context":"U &quot;Novosti&quot;","block_context":{"text":"Novosti","link":"https:\/\/historiografija.hr\/?cat=3"},"img":{"alt_text":"","src":"https:\/\/i0.wp.com\/historiografija.hr\/wp-content\/uploads\/2026\/04\/Vlada-RH.jpg?fit=1200%2C557&ssl=1&resize=350%2C200","width":350,"height":200,"srcset":"https:\/\/i0.wp.com\/historiografija.hr\/wp-content\/uploads\/2026\/04\/Vlada-RH.jpg?fit=1200%2C557&ssl=1&resize=350%2C200 1x, https:\/\/i0.wp.com\/historiografija.hr\/wp-content\/uploads\/2026\/04\/Vlada-RH.jpg?fit=1200%2C557&ssl=1&resize=525%2C300 1.5x, https:\/\/i0.wp.com\/historiografija.hr\/wp-content\/uploads\/2026\/04\/Vlada-RH.jpg?fit=1200%2C557&ssl=1&resize=700%2C400 2x, https:\/\/i0.wp.com\/historiografija.hr\/wp-content\/uploads\/2026\/04\/Vlada-RH.jpg?fit=1200%2C557&ssl=1&resize=1050%2C600 3x"},"classes":[]},{"id":52660,"url":"https:\/\/historiografija.hr\/?p=52660","url_meta":{"origin":17246,"position":4},"title":"Medijski odjeci \u010dlanka Steve \u0110ura\u0161kovi\u0107a \u201e\u017dupanovljeva ne\u017eeljena djeca: ideolo\u0161ko pribli\u017eavanje neoliberala i kr\u0161\u0107anske radikalne desnice u Hrvatskoj\u201c","author":"Branimir Jankovi\u0107","date":"24. travnja 2026.","format":false,"excerpt":"U sklopu projekta \u201eIzazovi intelektualne povijesti: recepcije, preobrazbe i upotrebe politi\u010dkih ideja\u201c objavljen je polemi\u010dki \u010dlanak Steve \u0110ura\u0161kovi\u0107a \u201e\u017dupanovljeva ne\u017eeljena djeca: ideolo\u0161ko pribli\u017eavanje neoliberala i kr\u0161\u0107anske radikalne desnice u Hrvatskoj\u201c, koji je izazvao odre\u0111ene medijske reakcije. Stevo \u0110ura\u0161kovi\u0107 \u017dupanovljeva ne\u017eeljena djeca: ideolo\u0161ko pribli\u017eavanje neoliberala i kr\u0161\u0107anske radikalne desnice u Hrvatskoj\u2026","rel":"","context":"U &quot;Novosti&quot;","block_context":{"text":"Novosti","link":"https:\/\/historiografija.hr\/?cat=3"},"img":{"alt_text":"","src":"https:\/\/i0.wp.com\/historiografija.hr\/wp-content\/uploads\/2026\/04\/SD.png?fit=809%2C821&ssl=1&resize=350%2C200","width":350,"height":200,"srcset":"https:\/\/i0.wp.com\/historiografija.hr\/wp-content\/uploads\/2026\/04\/SD.png?fit=809%2C821&ssl=1&resize=350%2C200 1x, https:\/\/i0.wp.com\/historiografija.hr\/wp-content\/uploads\/2026\/04\/SD.png?fit=809%2C821&ssl=1&resize=525%2C300 1.5x, https:\/\/i0.wp.com\/historiografija.hr\/wp-content\/uploads\/2026\/04\/SD.png?fit=809%2C821&ssl=1&resize=700%2C400 2x"},"classes":[]},{"id":52666,"url":"https:\/\/historiografija.hr\/?p=52666","url_meta":{"origin":17246,"position":5},"title":"Najava programa Festivala povijesti Kliofest (5-8. V. 2026)","author":"Branimir Jankovi\u0107","date":"24. travnja 2026.","format":false,"excerpt":"Po trinaesti put odr\u017eava se Festival povijesti Kliofest! Do petka \u0107emo odr\u017eati osam okruglih stolova i dva kolokvija te niz predstavljanja knjiga i projekata razli\u010dite tematike, od antike do suvremenosti. Bit \u0107e predstavljeno i nekoliko izlo\u017ebi te odr\u017ean jedan povijesni kviz. Prikazat \u0107emo i jedan film \u2013 o generalu Boroevi\u0107u.\u2026","rel":"","context":"U &quot;Novosti&quot;","block_context":{"text":"Novosti","link":"https:\/\/historiografija.hr\/?cat=3"},"img":{"alt_text":"","src":"https:\/\/i0.wp.com\/historiografija.hr\/wp-content\/uploads\/2026\/04\/Kliofest-2026.jpg?fit=526%2C526&ssl=1&resize=350%2C200","width":350,"height":200,"srcset":"https:\/\/i0.wp.com\/historiografija.hr\/wp-content\/uploads\/2026\/04\/Kliofest-2026.jpg?fit=526%2C526&ssl=1&resize=350%2C200 1x, https:\/\/i0.wp.com\/historiografija.hr\/wp-content\/uploads\/2026\/04\/Kliofest-2026.jpg?fit=526%2C526&ssl=1&resize=525%2C300 1.5x"},"classes":[]}],"_links":{"self":[{"href":"https:\/\/historiografija.hr\/index.php?rest_route=\/wp\/v2\/posts\/17246","targetHints":{"allow":["GET"]}}],"collection":[{"href":"https:\/\/historiografija.hr\/index.php?rest_route=\/wp\/v2\/posts"}],"about":[{"href":"https:\/\/historiografija.hr\/index.php?rest_route=\/wp\/v2\/types\/post"}],"author":[{"embeddable":true,"href":"https:\/\/historiografija.hr\/index.php?rest_route=\/wp\/v2\/users\/2"}],"replies":[{"embeddable":true,"href":"https:\/\/historiografija.hr\/index.php?rest_route=%2Fwp%2Fv2%2Fcomments&post=17246"}],"version-history":[{"count":1,"href":"https:\/\/historiografija.hr\/index.php?rest_route=\/wp\/v2\/posts\/17246\/revisions"}],"predecessor-version":[{"id":17248,"href":"https:\/\/historiografija.hr\/index.php?rest_route=\/wp\/v2\/posts\/17246\/revisions\/17248"}],"wp:featuredmedia":[{"embeddable":true,"href":"https:\/\/historiografija.hr\/index.php?rest_route=\/wp\/v2\/media\/17247"}],"wp:attachment":[{"href":"https:\/\/historiografija.hr\/index.php?rest_route=%2Fwp%2Fv2%2Fmedia&parent=17246"}],"wp:term":[{"taxonomy":"category","embeddable":true,"href":"https:\/\/historiografija.hr\/index.php?rest_route=%2Fwp%2Fv2%2Fcategories&post=17246"},{"taxonomy":"post_tag","embeddable":true,"href":"https:\/\/historiografija.hr\/index.php?rest_route=%2Fwp%2Fv2%2Ftags&post=17246"}],"curies":[{"name":"wp","href":"https:\/\/api.w.org\/{rel}","templated":true}]}}