{"id":17198,"date":"2019-11-06T17:19:29","date_gmt":"2019-11-06T17:19:29","guid":{"rendered":"http:\/\/historiografija.hr\/?p=17198"},"modified":"2019-11-06T17:19:29","modified_gmt":"2019-11-06T17:19:29","slug":"conference-the-stalingrad-myth-russian-german-comparative-perspectives-deutsch-russisches-museum-berlin-karlshorst-07-11-2019-09-11-2019","status":"publish","type":"post","link":"https:\/\/historiografija.hr\/?p=17198","title":{"rendered":"Conference \u201cThe Stalingrad Myth. Russian-German Comparative Perspectives\u201d (Deutsch-Russisches Museum Berlin-Karlshorst, 07.11.2019 &#8211; 09.11.2019)"},"content":{"rendered":"<p>With the capitulation of the 6th Army in Stalingrad in February 1943, the German war of aggression and annihilation in Eastern Europe took a decisive turn. While in German cultural memory the defeat at Stalingrad is thought of to this day as \u00bbsynonym for apocalypse\u00ab (Jens Ebert), in post-soviet Russia their victory in this \u00bbbattle of the century\u00ab (Vassili Chuikov) is still seen as a prime example of heroic fortitude in the \u203aGreat Patriotic War\u2039. No other battle, no other locus for collective memory, has been charged with such contrasting meaning throughout subsequent decades as \u2039Stalingrad\u203a. In West Germany, \u2039Stalingrad\u203a served as the epitome of German victimhood in the collective imagination of the 1950s and 60s, excluding as far as possible the guilt of war crimes and genocide. In the USSR, by contrast, the cultural commemoration of the victims and heroes of World War II gradually became more important and even partially replaced the October Revolution as the founding myth of the socialist state, especially from the 1960s onwards.<\/p>\n<p>&nbsp;<\/p>\n<p>Against this backdrop, the conference will pursue two goals. Firstly, we will examine how the Stalingrad myth itself has evolved in both countries and how it has shaped competing views of World War II, and possibly of war as a whole. Secondly, we will look at the social politics that initiated and benefitted from such a culture of remembrance. The conference, thus, seeks to erode the borders between the national interpretations of the Stalingrad myth by systematically confronting different literary, cinematic, and cultural representations of the battle with one another.<\/p>\n<p>&nbsp;<\/p>\n<p>The keynote will be delivered by Nina Tumarkin (Wellesley College).<\/p>\n<p>&nbsp;<\/p>\n<p>The conference language will be English.<\/p>\n<p>&nbsp;<\/p>\n<p><strong>Programm<\/strong><\/p>\n<p>&nbsp;<\/p>\n<p><strong>Thursday, 07 Nov 2019<\/strong><\/p>\n<p>&nbsp;<\/p>\n<p>Opening<\/p>\n<p>&nbsp;<\/p>\n<p>14.00<\/p>\n<p>&nbsp;<\/p>\n<p>Claude Haas\/Matthias Schwartz (ZfL)<\/p>\n<p>J\u00f6rg Morr\u00e9 (Director German-Russian Museum Berlin-Karlshorst)<\/p>\n<p><strong>\u00a0<\/strong><\/p>\n<p><strong>Panel I \u2013 Cold War Mythologies of the Battle<\/strong><\/p>\n<p>&nbsp;<\/p>\n<p>14.30<\/p>\n<p>&nbsp;<\/p>\n<p>&#8211; Elena V. Baraban (University of Manitoba, Winnipeg): Heroes and Foes: The Politics of Characterization in Soviet Films about the Battle of Stalingrad<\/p>\n<p>&nbsp;<\/p>\n<p>16.30<\/p>\n<p>&nbsp;<\/p>\n<p>&#8211; Philip Decker (Oxford University): The Battle of Stalingrad in Newspapers of the Late GDR<\/p>\n<p>&#8211; Benjamin Hemmerle (Grenoble Alpes University): Stalingrad \u2013 A French Myth<\/p>\n<p><strong>\u00a0<\/strong><\/p>\n<p><strong>Panel Discussion \u2013 Exhibiting War: Stalingrad in European Museum<\/strong><\/p>\n<p>&nbsp;<\/p>\n<p>19.00<\/p>\n<p>&nbsp;<\/p>\n<p>&#8211; J\u00f6rg Echternkamp (Director, Center for Military History and Social Sciences of the Bundeswehr, Potsdam)<\/p>\n<p>&#8211; Sergei Ivaniuk (Deputy Director, Panorama Museum &#8220;Battle of Stalingrad&#8221;, Volgograd)<\/p>\n<p>&#8211; Sarah Kleinmann (Cultural anthropologist, Berlin)<\/p>\n<p>chaired by J\u00f6rg Morr\u00e9<\/p>\n<p>&nbsp;<\/p>\n<p>in Russian\/German<\/p>\n<p>&nbsp;<\/p>\n<p>Friday, 08 Nov 2019<\/p>\n<p>&nbsp;<\/p>\n<p><strong>Panel II \u2013 Witnessing the Battle: Perspectives from Near and Far<\/strong><\/p>\n<p>&nbsp;<\/p>\n<p>10.15<\/p>\n<p>&nbsp;<\/p>\n<p>&#8211; Dmitry Belov (Central Museum of the Armed Forces, Moscow): Live Stories. The Battle of Stalingrad from the Perspective of Participants and Eyewitnesses<\/p>\n<p>&#8211; Eugen Wenzel (Berlin): The Demythologization of Stalingrad in a Gestapo Prison in the Year 1945<\/p>\n<p>&nbsp;<\/p>\n<p><strong>Panel III \u2013 Fictionalizing the Victory: Early Literary Narrations<\/strong><\/p>\n<p>&nbsp;<\/p>\n<p>12.15<\/p>\n<p>&nbsp;<\/p>\n<p>&#8211; Franziska Thun-Hohenstein (ZfL): The Lieutenants&#8217; Perspective. On Viktor Nekrasov&#8217;s &#8220;In the Trenches of Stalingrad&#8221;<\/p>\n<p>&nbsp;<\/p>\n<p>14.30<\/p>\n<p>&nbsp;<\/p>\n<p>&#8211; Sibylle Mohrmann (Berlin): Myths of Love and Death: The First Novels on the Battle of Stalingrad<\/p>\n<p><strong>\u00a0<\/strong><\/p>\n<p><strong>Panel IV \u2013 Remembering the Triumph: Early Ambivalent Representations<\/strong><\/p>\n<p>&nbsp;<\/p>\n<p>15.30<\/p>\n<p>&nbsp;<\/p>\n<p>&#8211; Robert Chandler (London): Vasily Grossman. Remembering Stalingrad<\/p>\n<p>&#8211; Dirk Rochtus (KU Leuven): Stalingrad: A Myth Hiding the Ideological Doubts of East German Poets Johannes R. Becher and Franz F\u00fchmann?<\/p>\n<p>&nbsp;<\/p>\n<p>Keynote Lecture<\/p>\n<p>&nbsp;<\/p>\n<p>19.00<\/p>\n<p>&nbsp;<\/p>\n<p>&#8211; Nina Tumarkin (Wellesley College): What Has Happened to Russian War Memory and the Myth of Iconic Stalingrad?<\/p>\n<p>&nbsp;<\/p>\n<p><strong>Saturday, 09 Nov 2019<\/strong><\/p>\n<p>&nbsp;<\/p>\n<p><strong>Panel V \u2013 Work on Myth: Literary Reconstructions and Transcriptions<\/strong><\/p>\n<p>&nbsp;<\/p>\n<p>10.15<\/p>\n<p>&nbsp;<\/p>\n<p>&#8211; Ian Garner (Queen\u2019s University, Kingston, Ontario): Writing the Past, the Future, and the Self: Post-War Reconstruction and the Stalingrad Myth<\/p>\n<p>&#8211; Daniel Weidner (ZfL): &#8220;30 days or 300 years.&#8221;. Myth and Montage in Alexander Kluge\u2019s &#8220;Description of the Battle&#8221;<\/p>\n<p>&nbsp;<\/p>\n<p>12.15<\/p>\n<p>&nbsp;<\/p>\n<p>&#8211; Michael E. Auer (LMU Munich): Encirclement and Teichoscopy. Heiner M\u00fcller\u2019s Stalingrad Tragedy<\/p>\n<p>&nbsp;<\/p>\n<p><strong>Panel VI \u2013 Post-Socialist Revivals: Political und Public Reinterpretations<\/strong><\/p>\n<p>&nbsp;<\/p>\n<p>14.00<\/p>\n<p>&nbsp;<\/p>\n<p>&#8211; Egor Lykov (ETH Zurich): The Stalingrad Myth in the Digitalized Space. Memory, Conventions, and Controversies<\/p>\n<p>&#8211; Alexander Chertenko (FU Berlin): Nationalizing the Soviet Past. Donbass as a New Stalingrad in Russian Literature and Publicism after 2014<\/p>\n<p>&nbsp;<\/p>\n<p>16.00<\/p>\n<p>&nbsp;<\/p>\n<p>&#8211; Ivan Kurilla (European University, St. Petersburg): The Battle of Stalingrad in the Contemporary Political Landscape of Russia<\/p>\n<p>&nbsp;<\/p>\n<p>16.45<\/p>\n<p>&nbsp;<\/p>\n<p><strong>Concluding Discussion<\/strong><\/p>\n<p>&nbsp;<\/p>\n<p><a href=\"https:\/\/www.hsozkult.de\/event\/id\/termine-41522\">https:\/\/www.hsozkult.de\/event\/id\/termine-41522<\/a><\/p>\n<p>&nbsp;<\/p>\n<p><a href=\"https:\/\/www.zfl-berlin.org\/veranstaltungen-detail\/items\/the-stalingrad-myth-russian-german-comparative-perspectives.html\">https:\/\/www.zfl-berlin.org\/veranstaltungen-detail\/items\/the-stalingrad-myth-russian-german-comparative-perspectives.html<\/a><\/p>\n<p>&nbsp;<\/p>\n<p>&nbsp;<\/p>\n","protected":false},"excerpt":{"rendered":"","protected":false},"author":2,"featured_media":17199,"comment_status":"open","ping_status":"open","sticky":false,"template":"","format":"standard","meta":{"_acf_changed":false,"jetpack_post_was_ever_published":false,"_jetpack_newsletter_access":"","_jetpack_dont_email_post_to_subs":false,"_jetpack_newsletter_tier_id":0,"_jetpack_memberships_contains_paywalled_content":false,"_jetpack_memberships_contains_paid_content":false,"footnotes":"","jetpack_publicize_message":"","jetpack_publicize_feature_enabled":true,"jetpack_social_post_already_shared":true,"jetpack_social_options":{"image_generator_settings":{"template":"highway","default_image_id":0,"font":"","enabled":false},"version":2}},"categories":[3,9],"tags":[],"class_list":["post-17198","post","type-post","status-publish","format-standard","has-post-thumbnail","hentry","category-novosti","category-skupovi"],"acf":{"facebook_opis":""},"jetpack_publicize_connections":[],"jetpack_featured_media_url":"https:\/\/i0.wp.com\/historiografija.hr\/wp-content\/uploads\/2019\/11\/Konferenz.jpg?fit=1160%2C396&ssl=1","jetpack_sharing_enabled":true,"jetpack-related-posts":[{"id":52641,"url":"https:\/\/historiografija.hr\/?p=52641","url_meta":{"origin":17198,"position":0},"title":"CfP: WHO OWNS THE PAST? VERNACULAR MEMORY, STATE MEMORY, AND THE POLITICS OF OWNERSHIP","author":"Branimir Jankovi\u0107","date":"24. travnja 2026.","format":false,"excerpt":"VIENNA, 31ST AUGUST\u20133RD SEPTEMBER 2026 (DEADLINE: 24TH APRIL 2026) The Center for Austrian Studies at the European Forum at the Hebrew University and the Austrian Academy of Sciences\/Institute of Culture Studies invite early postdocs, PhD candidates, and advanced Master\u2019s students from the Hebrew University of Jerusalem and universities and academic\u2026","rel":"","context":"U &quot;Novosti&quot;","block_context":{"text":"Novosti","link":"https:\/\/historiografija.hr\/?cat=3"},"img":{"alt_text":"","src":"https:\/\/i0.wp.com\/historiografija.hr\/wp-content\/uploads\/2017\/10\/hsozkult.png?fit=1006%2C241&ssl=1&resize=350%2C200","width":350,"height":200,"srcset":"https:\/\/i0.wp.com\/historiografija.hr\/wp-content\/uploads\/2017\/10\/hsozkult.png?fit=1006%2C241&ssl=1&resize=350%2C200 1x, https:\/\/i0.wp.com\/historiografija.hr\/wp-content\/uploads\/2017\/10\/hsozkult.png?fit=1006%2C241&ssl=1&resize=525%2C300 1.5x, https:\/\/i0.wp.com\/historiografija.hr\/wp-content\/uploads\/2017\/10\/hsozkult.png?fit=1006%2C241&ssl=1&resize=700%2C400 2x"},"classes":[]},{"id":52580,"url":"https:\/\/historiografija.hr\/?p=52580","url_meta":{"origin":17198,"position":1},"title":"Conference &#8220;Living in the aftermaths: Trauma, politics and survival in Yugoslavia and successor states, 1945 \u2013 present&#8221;","author":"Branimir Jankovi\u0107","date":"21. travnja 2026.","format":false,"excerpt":"The conference aims to explore how war-related psychological distress was experienced, narrated, debated and reframed in Yugoslavia in the second half of the twentieth century. It asks how the theme of wounded psyche and wartime suffering was addressed and acknowledged in political, psychiatric and broader cultural discourses of socialist Yugoslavia,\u2026","rel":"","context":"U &quot;Novosti&quot;","block_context":{"text":"Novosti","link":"https:\/\/historiografija.hr\/?cat=3"},"img":{"alt_text":"","src":"https:\/\/i0.wp.com\/historiografija.hr\/wp-content\/uploads\/2026\/04\/Battle_of_Neretva_Picasso_poster-Conference-Living-in-the-aftermaths.webp?fit=564%2C954&ssl=1&resize=350%2C200","width":350,"height":200,"srcset":"https:\/\/i0.wp.com\/historiografija.hr\/wp-content\/uploads\/2026\/04\/Battle_of_Neretva_Picasso_poster-Conference-Living-in-the-aftermaths.webp?fit=564%2C954&ssl=1&resize=350%2C200 1x, https:\/\/i0.wp.com\/historiografija.hr\/wp-content\/uploads\/2026\/04\/Battle_of_Neretva_Picasso_poster-Conference-Living-in-the-aftermaths.webp?fit=564%2C954&ssl=1&resize=525%2C300 1.5x"},"classes":[]},{"id":52625,"url":"https:\/\/historiografija.hr\/?p=52625","url_meta":{"origin":17198,"position":2},"title":"Omer Bartov, \u201eIsrael: What Went Wrong?\u201c","author":"Branimir Jankovi\u0107","date":"23. travnja 2026.","format":false,"excerpt":"Professor Omer Bartov was born on a kibbutz, grew up in Tel Aviv and served in the Israel Defence Forces during the Yom Kippur War. He went on to become an expert on the German army and the Holocaust, before turning his attention to his native country.In Israel: What Went\u2026","rel":"","context":"U &quot;Knjige&quot;","block_context":{"text":"Knjige","link":"https:\/\/historiografija.hr\/?cat=8"},"img":{"alt_text":"","src":"https:\/\/i0.wp.com\/historiografija.hr\/wp-content\/uploads\/2026\/04\/Bartov.jpeg?fit=320%2C500&ssl=1&resize=350%2C200","width":350,"height":200},"classes":[]},{"id":52586,"url":"https:\/\/historiografija.hr\/?p=52586","url_meta":{"origin":17198,"position":3},"title":"Aur\u00e9lie Daher, \u201eHezbollah: Mobilisation and Power\u201c","author":"Branimir Jankovi\u0107","date":"22. travnja 2026.","format":false,"excerpt":"Morning Star \u2018Book of the Year\u2019 Social movement, liberation party or terrorist group? With Hezbollah\u2019s growing involvement in the war in Syria, this study of its impact on Lebanon, drawing heavily on first-hand interviews, could not be more timely. Description Almost forty years after its foundation, Hezbollah remains an enigma.\u2026","rel":"","context":"U &quot;Knjige&quot;","block_context":{"text":"Knjige","link":"https:\/\/historiografija.hr\/?cat=8"},"img":{"alt_text":"","src":"https:\/\/i0.wp.com\/historiografija.hr\/wp-content\/uploads\/2026\/04\/Daher-Hezbollah.jpg?fit=600%2C931&ssl=1&resize=350%2C200","width":350,"height":200,"srcset":"https:\/\/i0.wp.com\/historiografija.hr\/wp-content\/uploads\/2026\/04\/Daher-Hezbollah.jpg?fit=600%2C931&ssl=1&resize=350%2C200 1x, https:\/\/i0.wp.com\/historiografija.hr\/wp-content\/uploads\/2026\/04\/Daher-Hezbollah.jpg?fit=600%2C931&ssl=1&resize=525%2C300 1.5x"},"classes":[]},{"id":52516,"url":"https:\/\/historiografija.hr\/?p=52516","url_meta":{"origin":17198,"position":4},"title":"Marko Grde\u0161i\u0107, Mislav \u017ditko, \u201eSocialist Economics in Yugoslavia: A Critical History\u201c","author":"Branimir Jankovi\u0107","date":"17. travnja 2026.","format":false,"excerpt":"This book presents a critical history of Yugoslav socialist economics, from its inception in the late 1940s to its dissolution in the late 1980s. After the dramatic break with the Soviet Union in 1948, Yugoslavia found itself in urgent need of a third way: A socialist trajectory which would not\u2026","rel":"","context":"U &quot;Knjige&quot;","block_context":{"text":"Knjige","link":"https:\/\/historiografija.hr\/?cat=8"},"img":{"alt_text":"","src":"https:\/\/i0.wp.com\/historiografija.hr\/wp-content\/uploads\/2026\/04\/Zitko_Grdesic.jpg?fit=350%2C535&ssl=1&resize=350%2C200","width":350,"height":200},"classes":[]},{"id":52664,"url":"https:\/\/historiografija.hr\/?p=52664","url_meta":{"origin":17198,"position":5},"title":"CfP: CONFERENCE OF THE HISTORY OF CONCEPTS GROUP, HELSINKI, 19TH\u201321ST AUGUST 2026 (DEADLINE: 30TH APRIL 2026)","author":"Branimir Jankovi\u0107","date":"24. travnja 2026.","format":false,"excerpt":"The annual conference of the History of Concepts Group is held at the University of Helsinki, 19-21 August 2026. Conference of the History of Concepts Group Conceptual history studies the use of concepts and tries to understand how historical actors have linguistically articulated views of the world. Studying concepts from\u2026","rel":"","context":"U &quot;Novosti&quot;","block_context":{"text":"Novosti","link":"https:\/\/historiografija.hr\/?cat=3"},"img":{"alt_text":"","src":"https:\/\/i0.wp.com\/historiografija.hr\/wp-content\/uploads\/2017\/10\/hsozkult.png?fit=1006%2C241&ssl=1&resize=350%2C200","width":350,"height":200,"srcset":"https:\/\/i0.wp.com\/historiografija.hr\/wp-content\/uploads\/2017\/10\/hsozkult.png?fit=1006%2C241&ssl=1&resize=350%2C200 1x, https:\/\/i0.wp.com\/historiografija.hr\/wp-content\/uploads\/2017\/10\/hsozkult.png?fit=1006%2C241&ssl=1&resize=525%2C300 1.5x, https:\/\/i0.wp.com\/historiografija.hr\/wp-content\/uploads\/2017\/10\/hsozkult.png?fit=1006%2C241&ssl=1&resize=700%2C400 2x"},"classes":[]}],"_links":{"self":[{"href":"https:\/\/historiografija.hr\/index.php?rest_route=\/wp\/v2\/posts\/17198","targetHints":{"allow":["GET"]}}],"collection":[{"href":"https:\/\/historiografija.hr\/index.php?rest_route=\/wp\/v2\/posts"}],"about":[{"href":"https:\/\/historiografija.hr\/index.php?rest_route=\/wp\/v2\/types\/post"}],"author":[{"embeddable":true,"href":"https:\/\/historiografija.hr\/index.php?rest_route=\/wp\/v2\/users\/2"}],"replies":[{"embeddable":true,"href":"https:\/\/historiografija.hr\/index.php?rest_route=%2Fwp%2Fv2%2Fcomments&post=17198"}],"version-history":[{"count":1,"href":"https:\/\/historiografija.hr\/index.php?rest_route=\/wp\/v2\/posts\/17198\/revisions"}],"predecessor-version":[{"id":17200,"href":"https:\/\/historiografija.hr\/index.php?rest_route=\/wp\/v2\/posts\/17198\/revisions\/17200"}],"wp:featuredmedia":[{"embeddable":true,"href":"https:\/\/historiografija.hr\/index.php?rest_route=\/wp\/v2\/media\/17199"}],"wp:attachment":[{"href":"https:\/\/historiografija.hr\/index.php?rest_route=%2Fwp%2Fv2%2Fmedia&parent=17198"}],"wp:term":[{"taxonomy":"category","embeddable":true,"href":"https:\/\/historiografija.hr\/index.php?rest_route=%2Fwp%2Fv2%2Fcategories&post=17198"},{"taxonomy":"post_tag","embeddable":true,"href":"https:\/\/historiografija.hr\/index.php?rest_route=%2Fwp%2Fv2%2Ftags&post=17198"}],"curies":[{"name":"wp","href":"https:\/\/api.w.org\/{rel}","templated":true}]}}