{"id":17119,"date":"2019-11-02T12:44:37","date_gmt":"2019-11-02T12:44:37","guid":{"rendered":"http:\/\/historiografija.hr\/?p=17119"},"modified":"2019-11-02T12:44:37","modified_gmt":"2019-11-02T12:44:37","slug":"znanstveni-skup-frankapansko-naslijede-pet-stoljeca-njemacko-rimskoga-brevijara","status":"publish","type":"post","link":"https:\/\/historiografija.hr\/?p=17119","title":{"rendered":"Znanstveni skup \u201eFrankapansko naslije\u0111e: pet stolje\u0107a Njema\u010dko-rimskoga brevijara\u201c"},"content":{"rendered":"<p>U Nacionalnoj i sveu\u010dili\u0161noj knji\u017enici u Zagrebu u petak 8. studenoga 2019. godine od 9 do 13 sati odr\u017eat \u0107e se znanstveni skup \u201cFrankapansko naslije\u0111e: pet stolje\u0107a Njema\u010dko-rimskoga brevijara\u201d te otvorenje dviju prigodnih izlo\u017ebi \u2013 \u201cDeutsch-r\u00f6misches Brevier: 500 godina \u2013 400 primjeraka \u2013 1 obljetnica\u201d i \u201cKrstin zavi\u010daj: Modru\u0161\u201d.<\/p>\n<p>&nbsp;<\/p>\n<p>Povod je organizaciji ovoga znanstvenog skupa i prate\u0107ih izlo\u017ebi petstota obljetnica izdanja Frankapanskoga brevijara (Venecija, 1518.), molitvene knjige izdane kao plod pothvata hrvatskog plemi\u0107a Krste I. Frankapana tijekom sumornih tamni\u010dkih godina koje je proveo u zatvoru u Veneciji (1514.-1519.). Izlaganjima devet predstavnika uglednih hrvatskih znanstvenih ustanova, kao i sadr\u017eajem izlo\u017ebi, bit \u0107e prikazani rezultati istra\u017eivanja o posve neobi\u010dnim, dramati\u010dnim okolnostima pet stolje\u0107a stare ljubavne, vojne, izdava\u010dke, politi\u010dke i kulturno-povijesne potke izdanju Brevijara.<\/p>\n<p>&nbsp;<\/p>\n<p>Osim dramati\u010dnim povijesnim kontekstom u kojem je tiskan, ovaj brevijar plijeni jednaku pozornost i svojom umjetni\u010dkom vrijedno\u0161\u0107u. Opremljen je brojnim drvorezima koji prikazuju prizore iz svakodnevnoga \u017eivota te brojne doga\u0111aje iz Svetoga pisma i pojedinosti iz \u017eivota Crkve. Me\u0111u mnogim ilustracijama posebno je dojmljiva ona na kojoj su prikazani Krsto i Apolonija u molitvi i koja se pojavljuje na dva mjesta u Brevijaru.<\/p>\n<p>&nbsp;<\/p>\n<p>Kao carski vojni zapovjednik Krsto I. Frankapan bio je poznat u Habsbur\u0161koj Monarhiji, a vijesti o njegovim vojnim uspjesima preko engleskih su glasnika stizale i do kralja Henrika VIII. No, u jednom sukobu s Venecijancima, zbog nezgode s konjem, kako u predgovoru Brevijara sam ka\u017ee, postao je zarobljenikom Mletaka. U Veneciji mu se pridru\u017eila po\u0161tovana i voljena supruga, Apolonija Lang von Wellenburg, sestra salzbur\u0161koga nadbiskupa i europskoga diplomata Matth\u00e4usa Langa von Wellenburga. Njihov zajedni\u010dki izdava\u010dki pothvat skupocjenoga tiskanja prvoga brevijara na njema\u010dkome jeziku, \u010diji se izvorni primjerak \u010duva u Zbirci rukopisa i starih knjiga Nacionalne i sveu\u010dili\u0161ne knji\u017enice u Zagrebu, otkriva dvostruku ambiciju naru\u010ditelja, Krste I. i njegove supruge Apolonije. Oni su u ruke dvorske i samostanske elite njema\u010dkoga govora stavili dostojnu molitvenu knjigu te unutar nje predstavili i sebe, kao plemeniti i kr\u0161\u0107anski bra\u010dni par u zemaljskoj nevolji.<\/p>\n<p>&nbsp;<\/p>\n<p>Poput anti\u010dkih mitskih zaljubljenika, Krsto i Apolonija do\u017eivjeli su tragediju, u vidu Apolonijine rane smrti, ali svojoj ljubavi osigurali su vje\u010dnost njezinim bilje\u017eenjem u Brevijaru. Osim \u0161to su Brevijarom ostavili spomen na sebe kao naru\u010ditelje, kao i na svoju bra\u010dnu ljubav i odanost, Brevijar nam otkriva i njihovu \u017eelju da \u017eenama onog vremena, ne tako vi\u010dnima latinskom, pru\u017ee razumljivo duhovno \u0161tivo, kako je izrijekom navedeno u predgovoru Brevijara, pribli\u017ee mleta\u010dku kulturu knjige i tiskarstva, ali i ozra\u010dje nastanka Brevijara, koje je obilovalo spletkama, glasinama te diplomatskim prepirkama, uslijed \u010dega svega Brevijar ujedno predstavlja i neprocjenjivu kroniku duhovnog, kulturnog i politi\u010dkog \u017eivota ranoga cinquecenta.<\/p>\n<p>&nbsp;<\/p>\n<p>Organizatori su skupa i izlo\u017ebi Filozofski fakultet Sveu\u010dili\u0161ta u Zagrebu i Nacionalna i sveu\u010dili\u0161na knji\u017enica u Zagrebu.<\/p>\n<p>&nbsp;<\/p>\n<p>Izvor: <a href=\"https:\/\/www.nsk.hr\/znanstveni-skup-frankapansko-naslijede-pet-stoljeca-njemacko-rimskoga-brevijara-u-nsk\/\">https:\/\/www.nsk.hr\/znanstveni-skup-frankapansko-naslijede-pet-stoljeca-njemacko-rimskoga-brevijara-u-nsk\/<\/a><\/p>\n<p>&nbsp;<\/p>\n<p>&nbsp;<\/p>\n","protected":false},"excerpt":{"rendered":"","protected":false},"author":2,"featured_media":17120,"comment_status":"open","ping_status":"open","sticky":false,"template":"","format":"standard","meta":{"_acf_changed":false,"jetpack_post_was_ever_published":false,"_jetpack_newsletter_access":"","_jetpack_dont_email_post_to_subs":false,"_jetpack_newsletter_tier_id":0,"_jetpack_memberships_contains_paywalled_content":false,"_jetpack_memberships_contains_paid_content":false,"footnotes":"","jetpack_publicize_message":"","jetpack_publicize_feature_enabled":true,"jetpack_social_post_already_shared":true,"jetpack_social_options":{"image_generator_settings":{"template":"highway","default_image_id":0,"font":"","enabled":false},"version":2}},"categories":[3,9],"tags":[],"class_list":["post-17119","post","type-post","status-publish","format-standard","has-post-thumbnail","hentry","category-novosti","category-skupovi"],"acf":{"facebook_opis":""},"jetpack_publicize_connections":[],"jetpack_featured_media_url":"https:\/\/i0.wp.com\/historiografija.hr\/wp-content\/uploads\/2019\/11\/Frankapanski-brevijar.jpg?fit=366%2C500&ssl=1","jetpack_sharing_enabled":true,"jetpack-related-posts":[{"id":52502,"url":"https:\/\/historiografija.hr\/?p=52502","url_meta":{"origin":17119,"position":0},"title":"Novi znanstveni projekt Hrvatskog instituta za povijest: \u201c\u017drtve ratova i dr\u017eavnog\/politi\u010dkog nasilja u hrvatskoj povijesti 20. stolje\u0107a\u201d","author":"Branimir Jankovi\u0107","date":"17. travnja 2026.","format":false,"excerpt":"Na redovitoj sjednici Vlade RH, 16. travnja 2026., donijet je Zaklju\u010dak kojim se pokre\u0107e znanstveni projekt \u201c\u017drtve ratova i dr\u017eavnog\/politi\u010dkog nasilja u hrvatskoj povijesti 20. stolje\u0107a\u201d. Projekt \u0107e provoditi i koordinirati Hrvatski institut za povijest u razdoblju trajanja projekta od pet godina. Zakljucak Vlade RH Iz teksta projektnog prijedloga: Problematika\u2026","rel":"","context":"U &quot;Novosti&quot;","block_context":{"text":"Novosti","link":"https:\/\/historiografija.hr\/?cat=3"},"img":{"alt_text":"","src":"https:\/\/i0.wp.com\/historiografija.hr\/wp-content\/uploads\/2026\/04\/Vlada-RH.jpg?fit=1200%2C557&ssl=1&resize=350%2C200","width":350,"height":200,"srcset":"https:\/\/i0.wp.com\/historiografija.hr\/wp-content\/uploads\/2026\/04\/Vlada-RH.jpg?fit=1200%2C557&ssl=1&resize=350%2C200 1x, https:\/\/i0.wp.com\/historiografija.hr\/wp-content\/uploads\/2026\/04\/Vlada-RH.jpg?fit=1200%2C557&ssl=1&resize=525%2C300 1.5x, https:\/\/i0.wp.com\/historiografija.hr\/wp-content\/uploads\/2026\/04\/Vlada-RH.jpg?fit=1200%2C557&ssl=1&resize=700%2C400 2x, https:\/\/i0.wp.com\/historiografija.hr\/wp-content\/uploads\/2026\/04\/Vlada-RH.jpg?fit=1200%2C557&ssl=1&resize=1050%2C600 3x"},"classes":[]},{"id":52631,"url":"https:\/\/historiografija.hr\/?p=52631","url_meta":{"origin":17119,"position":1},"title":"Predavanje Ivana Tepe\u0161a: Djelovanje hrvatske politi\u010dke emigracije","author":"Branimir Jankovi\u0107","date":"23. travnja 2026.","format":false,"excerpt":"Odjel za me\u0111unarodnu suradnju i iseljeni\u0161tvo Matice hrvatske Predavanje Ivana Tepe\u0161a: Djelovanje hrvatske politi\u010dke emigracije Utorak, 28. travnja 2026. u 18:00 sati, Dvorana Ljudevita Jonkea (Mala dvorana MH), Strossmayerov trg 4, Zagreb dr. sc. Ivan Tepe\u0161, Institut za istra\u017eivanje migracija Hrvatska politi\u010dka emigracija obilje\u017eila je polustoljetnu hrvatsku povijest u drugoj\u2026","rel":"","context":"U &quot;Novosti&quot;","block_context":{"text":"Novosti","link":"https:\/\/historiografija.hr\/?cat=3"},"img":{"alt_text":"","src":"","width":0,"height":0},"classes":[]},{"id":52592,"url":"https:\/\/historiografija.hr\/?p=52592","url_meta":{"origin":17119,"position":2},"title":"Predstavljanje knjige &#8220;Turska ku\u0107a u Rijeci&#8221; u Zagrebu","author":"Branimir Jankovi\u0107","date":"22. travnja 2026.","format":false,"excerpt":"U prostorijama Turskog kulturnog centra Yunus Emre u Zagrebu, u utorak 21. travnja 2026. godine, odr\u017eano je sve\u010dano predstavljanje dopunjenog izdanja knjige Turska ku\u0107a u Rijeci, u organizaciji Hrvatsko-turskog dru\u0161tva Rijeka i partnerstvu sa Skupinom prijateljstva Hrvatska-Turska Hrvatskog sabora, Veleposlanstvom Republike Turske u Republici Hrvatskoj te Turskim kulturnim centrom Yunus\u2026","rel":"","context":"U &quot;Novosti&quot;","block_context":{"text":"Novosti","link":"https:\/\/historiografija.hr\/?cat=3"},"img":{"alt_text":"","src":"https:\/\/i0.wp.com\/historiografija.hr\/wp-content\/uploads\/2026\/04\/Turska-kuca-ZG.jpg?fit=1200%2C800&ssl=1&resize=350%2C200","width":350,"height":200,"srcset":"https:\/\/i0.wp.com\/historiografija.hr\/wp-content\/uploads\/2026\/04\/Turska-kuca-ZG.jpg?fit=1200%2C800&ssl=1&resize=350%2C200 1x, https:\/\/i0.wp.com\/historiografija.hr\/wp-content\/uploads\/2026\/04\/Turska-kuca-ZG.jpg?fit=1200%2C800&ssl=1&resize=525%2C300 1.5x, https:\/\/i0.wp.com\/historiografija.hr\/wp-content\/uploads\/2026\/04\/Turska-kuca-ZG.jpg?fit=1200%2C800&ssl=1&resize=700%2C400 2x, https:\/\/i0.wp.com\/historiografija.hr\/wp-content\/uploads\/2026\/04\/Turska-kuca-ZG.jpg?fit=1200%2C800&ssl=1&resize=1050%2C600 3x"},"classes":[]},{"id":52543,"url":"https:\/\/historiografija.hr\/?p=52543","url_meta":{"origin":17119,"position":3},"title":"Znanstveno-stru\u010dni skup \u201eOto\u010dne pu\u010dke pobo\u017enosti: kontinuiteti i transformacije\u201c","author":"Branimir Jankovi\u0107","date":"20. travnja 2026.","format":false,"excerpt":"Najavljujemo\u00a0znanstveno-stru\u010dni skup \u201eOto\u010dne pu\u010dke pobo\u017enosti: kontinuiteti i transformacije\u201c,\u00a0koji \u0107e se odr\u017eati\u00a0u Rabu od 24. do 26. travnja 2026.,\u00a0u organizaciji i uz potporu\u00a0Instituta za etnologiju i folkloristiku, Zagreb, \u00a0Grada Raba, Pu\u010dkog otvorenog u\u010dili\u0161ta Rab i Centra za istra\u017eivanje srednjovjekovne ba\u0161tine Jadrana RIMAH. Skup okuplja vode\u0107e doma\u0107e stru\u010dnjake koji \u0107e kroz niz\u2026","rel":"","context":"U &quot;Novosti&quot;","block_context":{"text":"Novosti","link":"https:\/\/historiografija.hr\/?cat=3"},"img":{"alt_text":"","src":"https:\/\/i0.wp.com\/historiografija.hr\/wp-content\/uploads\/2026\/04\/Skup_Rab.jpg?fit=848%2C1200&ssl=1&resize=350%2C200","width":350,"height":200,"srcset":"https:\/\/i0.wp.com\/historiografija.hr\/wp-content\/uploads\/2026\/04\/Skup_Rab.jpg?fit=848%2C1200&ssl=1&resize=350%2C200 1x, https:\/\/i0.wp.com\/historiografija.hr\/wp-content\/uploads\/2026\/04\/Skup_Rab.jpg?fit=848%2C1200&ssl=1&resize=525%2C300 1.5x, https:\/\/i0.wp.com\/historiografija.hr\/wp-content\/uploads\/2026\/04\/Skup_Rab.jpg?fit=848%2C1200&ssl=1&resize=700%2C400 2x"},"classes":[]},{"id":52578,"url":"https:\/\/historiografija.hr\/?p=52578","url_meta":{"origin":17119,"position":4},"title":"Poziv za sudjelovanje: XXII. Dani Julija Bene\u0161i\u0107a u Iloku","author":"Branimir Jankovi\u0107","date":"21. travnja 2026.","format":false,"excerpt":"Zavod za lingvisti\u010dka istra\u017eivanja Hrvatske akademije znanosti i umjetnosti, zajedno s Muzejom grada Iloka, organizira XXII. Dane Julija Bene\u0161i\u0107a, koji \u0107e se odr\u017eati od 28. do 30. listopada 2026. u Iloku.\u00a0Teme ovogodi\u0161njih Dana podijeljene su u dvije cjeline: Knji\u017eevno-jezikoslovni d\u00ecv\u0101n s Bene\u0161i\u0107em te Ilok i Srijem u povijesnim stalnicama i\u2026","rel":"","context":"U &quot;Novosti&quot;","block_context":{"text":"Novosti","link":"https:\/\/historiografija.hr\/?cat=3"},"img":{"alt_text":"","src":"https:\/\/i0.wp.com\/historiografija.hr\/wp-content\/uploads\/2019\/10\/HE2_Benesic.jpg?fit=413%2C591&ssl=1&resize=350%2C200","width":350,"height":200},"classes":[]},{"id":52666,"url":"https:\/\/historiografija.hr\/?p=52666","url_meta":{"origin":17119,"position":5},"title":"Najava programa Festivala povijesti Kliofest (5-8. V. 2026)","author":"Branimir Jankovi\u0107","date":"24. travnja 2026.","format":false,"excerpt":"Po trinaesti put odr\u017eava se Festival povijesti Kliofest! Do petka \u0107emo odr\u017eati osam okruglih stolova i dva kolokvija te niz predstavljanja knjiga i projekata razli\u010dite tematike, od antike do suvremenosti. Bit \u0107e predstavljeno i nekoliko izlo\u017ebi te odr\u017ean jedan povijesni kviz. Prikazat \u0107emo i jedan film \u2013 o generalu Boroevi\u0107u.\u2026","rel":"","context":"U &quot;Novosti&quot;","block_context":{"text":"Novosti","link":"https:\/\/historiografija.hr\/?cat=3"},"img":{"alt_text":"","src":"https:\/\/i0.wp.com\/historiografija.hr\/wp-content\/uploads\/2026\/04\/Kliofest-2026.jpg?fit=526%2C526&ssl=1&resize=350%2C200","width":350,"height":200,"srcset":"https:\/\/i0.wp.com\/historiografija.hr\/wp-content\/uploads\/2026\/04\/Kliofest-2026.jpg?fit=526%2C526&ssl=1&resize=350%2C200 1x, https:\/\/i0.wp.com\/historiografija.hr\/wp-content\/uploads\/2026\/04\/Kliofest-2026.jpg?fit=526%2C526&ssl=1&resize=525%2C300 1.5x"},"classes":[]}],"_links":{"self":[{"href":"https:\/\/historiografija.hr\/index.php?rest_route=\/wp\/v2\/posts\/17119","targetHints":{"allow":["GET"]}}],"collection":[{"href":"https:\/\/historiografija.hr\/index.php?rest_route=\/wp\/v2\/posts"}],"about":[{"href":"https:\/\/historiografija.hr\/index.php?rest_route=\/wp\/v2\/types\/post"}],"author":[{"embeddable":true,"href":"https:\/\/historiografija.hr\/index.php?rest_route=\/wp\/v2\/users\/2"}],"replies":[{"embeddable":true,"href":"https:\/\/historiografija.hr\/index.php?rest_route=%2Fwp%2Fv2%2Fcomments&post=17119"}],"version-history":[{"count":1,"href":"https:\/\/historiografija.hr\/index.php?rest_route=\/wp\/v2\/posts\/17119\/revisions"}],"predecessor-version":[{"id":17121,"href":"https:\/\/historiografija.hr\/index.php?rest_route=\/wp\/v2\/posts\/17119\/revisions\/17121"}],"wp:featuredmedia":[{"embeddable":true,"href":"https:\/\/historiografija.hr\/index.php?rest_route=\/wp\/v2\/media\/17120"}],"wp:attachment":[{"href":"https:\/\/historiografija.hr\/index.php?rest_route=%2Fwp%2Fv2%2Fmedia&parent=17119"}],"wp:term":[{"taxonomy":"category","embeddable":true,"href":"https:\/\/historiografija.hr\/index.php?rest_route=%2Fwp%2Fv2%2Fcategories&post=17119"},{"taxonomy":"post_tag","embeddable":true,"href":"https:\/\/historiografija.hr\/index.php?rest_route=%2Fwp%2Fv2%2Ftags&post=17119"}],"curies":[{"name":"wp","href":"https:\/\/api.w.org\/{rel}","templated":true}]}}