{"id":17085,"date":"2019-10-30T10:29:00","date_gmt":"2019-10-30T10:29:00","guid":{"rendered":"http:\/\/historiografija.hr\/?p=17085"},"modified":"2019-10-30T10:29:00","modified_gmt":"2019-10-30T10:29:00","slug":"die-neuordnung-sudosteuropas-nach-dem-ersten-weltkrieg-plane-umsetzung-folgen","status":"publish","type":"post","link":"https:\/\/historiografija.hr\/?p=17085","title":{"rendered":"Die Neuordnung S\u00fcdosteuropas nach dem Ersten Weltkrieg. Pl\u00e4ne, Umsetzung, Folgen"},"content":{"rendered":"<p>U Institutu za noviju istoriju Srbije u Beogradu odr\u017eat \u0107e se od 31. listopada do 2. studenog 2019. me\u0111unarodna konferencija o novom poretku u Jugoisto\u010dnoj Europi nakon Prvog svjetskog rata, na kojoj \u0107e biti rije\u010di i o Kraljevstvu Srba, Hrvata i Slovenaca, odnosno povijesti Jugoslavije.<\/p>\n<p>&nbsp;<\/p>\n<p>&#8212;<\/p>\n<p>&nbsp;<\/p>\n<p><strong>Die Neuordnung S\u00fcdosteuropas nach dem Ersten Weltkrieg. Pl\u00e4ne, Umsetzung, Folgen<\/strong><\/p>\n<p>Belgrad, 31.10.2019 &#8211; 02.11.2019<\/p>\n<p>Institut f\u00fcr neuere Geschichte Serbiens; Institut f\u00fcr donauschw\u00e4bische Geschichte und Landeskunde; Kommission f\u00fcr Geschichte und Kultur der Deutschen in S\u00fcdosteuropa<\/p>\n<p><a href=\"https:\/\/www.kgkds.de\/\">https:\/\/www.kgkds.de\/<\/a><\/p>\n<p><a href=\"https:\/\/www.hsozkult.de\/event\/id\/termine-40614\">https:\/\/www.hsozkult.de\/event\/id\/termine-40614<\/a><\/p>\n<p>&nbsp;<\/p>\n<p>Der Erste Weltkrieg markiert das Ende des langen 19. Jahrhunderts und steht zugleich am Anfang des kurzen 20. Jahrhunderts. Er stellt insofern eine tiefgreifende Z\u00e4sur dar \u2013 f\u00fcr die globale Geschichte, f\u00fcr die europ\u00e4ische Geschichte und auch f\u00fcr die Geschichte S\u00fcdosteuropas. Der Krieg war sowohl eine zerst\u00f6rerische, apokalyptische Erfahrung mit traumatischen Folgewirkungen, als auch ein radikaler Einschnitt mit der Chance des Neuanfangs im Sinne eines \u201ereinigenden Infernos\u201c.<\/p>\n<p>&nbsp;<\/p>\n<p>Als Ergebnis des Ersten Weltkriegs ist die Raumordnung S\u00fcdosteuropas grundlegend und nachhaltig ver\u00e4ndert worden. Mit dem Verschwinden der drei Imperien \u2013 Habsburgermonarchie, Russisches Zarenreich und Osmanisches Reich \u2013, die die Entwicklung in diesem Teil Europas lange bestimmt hatten, ver\u00e4nderte sich die politische Landkarte der Region ma\u00dfgeblich und nachhaltig. Staaten, wie Ungarn, wurden territorial deutlich verkleinert, andere, wie Rum\u00e4nien, vergr\u00f6\u00dferten ihr Territorium betr\u00e4chtlich und neue Staaten entstanden, wie das K\u00f6nigreich der Serben, Kroaten und Slowenen. Damit verbunden waren grundlegende innenpolitische und au\u00dfenpolitische Ver\u00e4nderungen, mit denen sich die Nationalstaaten der Region konfrontiert sahen. Darauf haben die Staaten S\u00fcdosteuropas Antworten gefunden, die sowohl Gemeinsamkeiten als auch landesspezifische Charakteristika aufweisen.<\/p>\n<p>&nbsp;<\/p>\n<p>An diesem Punkt setzt die Tagung an. Fokussiert auf Gro\u00dfrum\u00e4nien, das K\u00f6nigreich der Serben, Kroaten und Slowenen sowie Ungarn fragt sie nach den Folgen der neuen und zugleich fragilen Nachkriegsordnung in der Region, heruntergebrochen auf die Ebene der drei Staaten. Im Mittelpunkt stehen die spezifischen nationalstaatlichen Entwicklungen vom Abschluss der Pariser Friedensvertr\u00e4ge bis zum Ende der 20er Jahre des vergangenen Jahrhunderts. Dabei hat die Tagung sowohl den Bereich der Innenpolitik (u. a. Demobilisierung, Parteienlandschaft, Verfassung, Integration aller Territorien in den Nationalstaat, Bodenreform, Minderheitenfrage) als auch jenen der Au\u00dfenpolitik (u. a. Kl\u00e4rung der Grenzfragen, Verh\u00e4ltnis zu den Nachbarstaaten, B\u00fcndnispartner) im Blick. Ziel ist eine vergleichende Betrachtung des Umgangs mit den Nachkriegsumw\u00e4lzungen in den drei Nachbarstaaten, die sich auch deshalb als Konkurrenten verstanden.<\/p>\n<p>&nbsp;<\/p>\n<p><strong>Programm<\/strong><\/p>\n<p>&nbsp;<\/p>\n<p>Wissenschaftliche Leitung:<\/p>\n<p>Dr. habil. Mathias Beer<\/p>\n<p>Dr. Zoran Janjetovi\u0107<\/p>\n<p>PD Dr. Norbert Spannenberger<\/p>\n<p>Organisation: Dr. Karl-Peter Krauss<\/p>\n<p>&nbsp;<\/p>\n<p>Do., 31.10.2019<\/p>\n<p>&nbsp;<\/p>\n<p>17:00 Uhr<\/p>\n<p>Er\u00f6ffnung der Tagung<\/p>\n<p>Mathias Beer (T\u00fcbingen), Zoran Janjetovi\u0107 (Belgrad), Reinhard Johler (T\u00fcbingen)<\/p>\n<p>&nbsp;<\/p>\n<p>Er\u00f6ffnungsvortrag<\/p>\n<p>Wolfgang H\u00f6pken (Leipzig)<\/p>\n<p>S\u00fcdosteuropa nach dem Ersten Weltkrieg. Zeit der Ambivalenzen?<\/p>\n<p>&nbsp;<\/p>\n<p>Fr., 1.11.2019<\/p>\n<p>&nbsp;<\/p>\n<p>09:00-11:00 Uhr<\/p>\n<p>&nbsp;<\/p>\n<p>Die Pariser Nachkriegsordnung f\u00fcr S\u00fcdosteuropa<\/p>\n<p>&nbsp;<\/p>\n<p>Moderation: Zoran Janjetovi\u0107 (Belgrad)<\/p>\n<p>&nbsp;<\/p>\n<p>Ivan Bert\u00e9nyi (Budapest)<\/p>\n<p>Der Vertrag von Trianon 1920 und seine Folgen f\u00fcr Ungarn<\/p>\n<p>&nbsp;<\/p>\n<p>Claudiu Topor (Ia\u015fi)<\/p>\n<p>Rum\u00e4nien nach 1919 als Ergebnis der Pariser Friedensvertr\u00e4ge<\/p>\n<p>&nbsp;<\/p>\n<p>Mile Bjelajac (Belgrad)<\/p>\n<p>Scientific or Political Revision of the History of the Versailles System<\/p>\n<p>&nbsp;<\/p>\n<p>11:00-11:30 Uhr: Pause<\/p>\n<p>&nbsp;<\/p>\n<p>11:30-13:30 Uhr<\/p>\n<p>&nbsp;<\/p>\n<p>Reformen und Stagnation<\/p>\n<p>&nbsp;<\/p>\n<p>Moderation: Harald Heppner (Graz)<\/p>\n<p>&nbsp;<\/p>\n<p>Jelena Rafailovi\u0107 (Belgrad)<\/p>\n<p>Economic Heritage of the Habsburg Monarchy in Yugoslavia<\/p>\n<p>&nbsp;<\/p>\n<p>Iosif Marin Balog (Cluj-Napoca)<\/p>\n<p>The Economic Consequences Peace Treaties from 1919-1921 for Romania<\/p>\n<p>&nbsp;<\/p>\n<p>Gergely Romsics (Budapest)<\/p>\n<p>Regimeideologie, Sozialpolitik und Wirtschaftspl\u00e4ne w\u00e4hrend der Bethlenschen Konsolidierungsjahre (1921-1931)<\/p>\n<p>&nbsp;<\/p>\n<p>13:30-14:30 Uhr: Mittagspause<\/p>\n<p>&nbsp;<\/p>\n<p>14:30-16:30 Uhr<\/p>\n<p>&nbsp;<\/p>\n<p>Mehrheit und Minderheit<\/p>\n<p>&nbsp;<\/p>\n<p>Moderation: Reinhard Johler (T\u00fcbingen)<\/p>\n<p>&nbsp;<\/p>\n<p>Zoran Janjetovi\u0107 (Belgrad)<\/p>\n<p>Alte und neue Minderheiten im K\u00f6nigreich der Serben, Kroaten und Slowenen<\/p>\n<p>&nbsp;<\/p>\n<p>Flavius Solomon (Ia\u015fi)<\/p>\n<p>Minderheiten und Loyalit\u00e4ten im neu entstehenden \u201eGro\u00dfrum\u00e4nien\u201d<\/p>\n<p>&nbsp;<\/p>\n<p>Ferenc Eiler (Budapest)<\/p>\n<p>Die Minderheitenpolitik im Nach-Trianon Ungarn<\/p>\n<p>&nbsp;<\/p>\n<p>Sa., 2.11.2019<\/p>\n<p>&nbsp;<\/p>\n<p>09:00-11:00 Uhr<\/p>\n<p>&nbsp;<\/p>\n<p>Freunde und Feinde<\/p>\n<p>&nbsp;<\/p>\n<p>Moderation: Norbert Spannenberger (Leipzig)<\/p>\n<p>&nbsp;<\/p>\n<p>Sr\u0111an Mi\u0107i\u0107 (Belgrad)<\/p>\n<p>Yugoslav policy toward Hungary and Romania 1924-1933<\/p>\n<p>&nbsp;<\/p>\n<p>Zsolt Vit\u00e1ri (P\u00e9cs)<\/p>\n<p>Au\u00dfenpolitik und Ausbruch aus der Isolierung des neuen Ungarn<\/p>\n<p>&nbsp;<\/p>\n<p>Christian Maner (Mainz)<\/p>\n<p>Im Zeichen von Absicherung und Status Quo. Rum\u00e4niens Au\u00dfenpolitik nach 1918<\/p>\n<p>&nbsp;<\/p>\n<p>11:00-11:30 Uhr: Pause<\/p>\n<p>&nbsp;<\/p>\n<p>11:30-13:00 Uhr<\/p>\n<p>&nbsp;<\/p>\n<p>Abschlussdiskussion<\/p>\n<p>&nbsp;<\/p>\n<p>Moderation: Mathias Beer (T\u00fcbingen)<\/p>\n<p>&nbsp;<\/p>\n<p>Dietmar Neutatz (Freiburg)<\/p>\n<p>Schlusskommentar<\/p>\n<p>&nbsp;<\/p>\n<p>&nbsp;<\/p>\n<p>&nbsp;<\/p>\n","protected":false},"excerpt":{"rendered":"","protected":false},"author":2,"featured_media":17086,"comment_status":"open","ping_status":"open","sticky":false,"template":"","format":"standard","meta":{"_acf_changed":false,"jetpack_post_was_ever_published":false,"_jetpack_newsletter_access":"","_jetpack_dont_email_post_to_subs":false,"_jetpack_newsletter_tier_id":0,"_jetpack_memberships_contains_paywalled_content":false,"_jetpack_memberships_contains_paid_content":false,"footnotes":"","jetpack_publicize_message":"","jetpack_publicize_feature_enabled":true,"jetpack_social_post_already_shared":true,"jetpack_social_options":{"image_generator_settings":{"template":"highway","default_image_id":0,"font":"","enabled":false},"version":2}},"categories":[3,9],"tags":[],"class_list":["post-17085","post","type-post","status-publish","format-standard","has-post-thumbnail","hentry","category-novosti","category-skupovi"],"acf":{"facebook_opis":""},"jetpack_publicize_connections":[],"jetpack_featured_media_url":"https:\/\/i0.wp.com\/historiografija.hr\/wp-content\/uploads\/2019\/10\/inis.png?fit=600%2C400&ssl=1","jetpack_sharing_enabled":true,"jetpack-related-posts":[{"id":52499,"url":"https:\/\/historiografija.hr\/?p=52499","url_meta":{"origin":17085,"position":0},"title":"POTPISAN UGOVOR O ZNANSTVENO-ISTRA\u017dIVA\u010cKOJ SURADNJI: PROJEKT \u201eTEMELJI HRVATSKE SAMOSTALNOSTI\u201d","author":"Branimir Jankovi\u0107","date":"17. travnja 2026.","format":false,"excerpt":"Hrvatski institut za povijest, Sveu\u010dili\u0161te obrane i sigurnosti \u201eDr. Franjo Tu\u0111man\u201d, Institut dru\u0161tvenih znanosti Ivo Pilar i Hrvatski dr\u017eavni arhiv\u00a0potpisali su 23. o\u017eujka 2026.\u00a0Ugovor o znanstveno-istra\u017eiva\u010dkoj suradnji s ciljem provedbe projekta \u201eTemelji hrvatske samostalnosti\u201d. Tim projektom obuhva\u0107a se istra\u017eivanje arhivskoga gradiva, priprema znanstvenih publikacija, digitalizacija i javna prezentacija rezultata istra\u017eivanja\u2026","rel":"","context":"U &quot;Novosti&quot;","block_context":{"text":"Novosti","link":"https:\/\/historiografija.hr\/?cat=3"},"img":{"alt_text":"","src":"https:\/\/i0.wp.com\/historiografija.hr\/wp-content\/uploads\/2026\/04\/THS_sporazum.jpg?fit=1200%2C583&ssl=1&resize=350%2C200","width":350,"height":200,"srcset":"https:\/\/i0.wp.com\/historiografija.hr\/wp-content\/uploads\/2026\/04\/THS_sporazum.jpg?fit=1200%2C583&ssl=1&resize=350%2C200 1x, https:\/\/i0.wp.com\/historiografija.hr\/wp-content\/uploads\/2026\/04\/THS_sporazum.jpg?fit=1200%2C583&ssl=1&resize=525%2C300 1.5x, https:\/\/i0.wp.com\/historiografija.hr\/wp-content\/uploads\/2026\/04\/THS_sporazum.jpg?fit=1200%2C583&ssl=1&resize=700%2C400 2x, https:\/\/i0.wp.com\/historiografija.hr\/wp-content\/uploads\/2026\/04\/THS_sporazum.jpg?fit=1200%2C583&ssl=1&resize=1050%2C600 3x"},"classes":[]},{"id":52631,"url":"https:\/\/historiografija.hr\/?p=52631","url_meta":{"origin":17085,"position":1},"title":"Predavanje Ivana Tepe\u0161a: Djelovanje hrvatske politi\u010dke emigracije","author":"Branimir Jankovi\u0107","date":"23. travnja 2026.","format":false,"excerpt":"Odjel za me\u0111unarodnu suradnju i iseljeni\u0161tvo Matice hrvatske Predavanje Ivana Tepe\u0161a: Djelovanje hrvatske politi\u010dke emigracije Utorak, 28. travnja 2026. u 18:00 sati, Dvorana Ljudevita Jonkea (Mala dvorana MH), Strossmayerov trg 4, Zagreb dr. sc. Ivan Tepe\u0161, Institut za istra\u017eivanje migracija Hrvatska politi\u010dka emigracija obilje\u017eila je polustoljetnu hrvatsku povijest u drugoj\u2026","rel":"","context":"U &quot;Novosti&quot;","block_context":{"text":"Novosti","link":"https:\/\/historiografija.hr\/?cat=3"},"img":{"alt_text":"","src":"","width":0,"height":0},"classes":[]},{"id":52528,"url":"https:\/\/historiografija.hr\/?p=52528","url_meta":{"origin":17085,"position":2},"title":"[Promocija knjige] Banja Luka u ratu: Etnopolitika i svakodnevica (1990\u20131995) (ActiveLab, YugoLab)","author":"Branimir Jankovi\u0107","date":"17. travnja 2026.","format":false,"excerpt":"Institut za filozofiju i dru\u0161tvenu teoriju i O\u0161tra Nula organizuju promociju knjige Banja Luka u ratu: Etnopolitika i svakodnevica (1990\u20131995) autorke Armine Galija\u0161, koja \u0107e se odr\u017eati 20. aprila 2026. u 12.00 sati u prostorijama Instituta (Kraljice Natalije 45, Beograd). Re\u010d je o prvom nau\u010dno utemeljenom i sistematskom radu koji\u2026","rel":"","context":"U &quot;Novosti&quot;","block_context":{"text":"Novosti","link":"https:\/\/historiografija.hr\/?cat=3"},"img":{"alt_text":"","src":"https:\/\/i0.wp.com\/historiografija.hr\/wp-content\/uploads\/2026\/04\/20-april-RS.jpg?fit=1200%2C675&ssl=1&resize=350%2C200","width":350,"height":200,"srcset":"https:\/\/i0.wp.com\/historiografija.hr\/wp-content\/uploads\/2026\/04\/20-april-RS.jpg?fit=1200%2C675&ssl=1&resize=350%2C200 1x, https:\/\/i0.wp.com\/historiografija.hr\/wp-content\/uploads\/2026\/04\/20-april-RS.jpg?fit=1200%2C675&ssl=1&resize=525%2C300 1.5x, https:\/\/i0.wp.com\/historiografija.hr\/wp-content\/uploads\/2026\/04\/20-april-RS.jpg?fit=1200%2C675&ssl=1&resize=700%2C400 2x, https:\/\/i0.wp.com\/historiografija.hr\/wp-content\/uploads\/2026\/04\/20-april-RS.jpg?fit=1200%2C675&ssl=1&resize=1050%2C600 3x"},"classes":[]},{"id":52559,"url":"https:\/\/historiografija.hr\/?p=52559","url_meta":{"origin":17085,"position":3},"title":"Dobitnici dr\u017eavne nagrade za znanost za 2024. godinu","author":"Branimir Jankovi\u0107","date":"20. travnja 2026.","format":false,"excerpt":"Na sjednici Odbora za podjelu dr\u017eavnih nagrada za znanost odr\u017eanoj 16. travnja 2026. godine donesena je Odluka o dodjeli dr\u017eavnih nagrada za znanost za 2024. godinu. Godi\u0161njom nagradom za popularizaciju i promid\u017ebu znanosti nagra\u0111eni su u podru\u010dju humanisti\u010dkih znanosti znanstveni suradnici dr. sc. Josip Mihaljevi\u0107 i dr. sc. Gordan Ravan\u010di\u0107,\u2026","rel":"","context":"U &quot;Novosti&quot;","block_context":{"text":"Novosti","link":"https:\/\/historiografija.hr\/?cat=3"},"img":{"alt_text":"","src":"https:\/\/i0.wp.com\/historiografija.hr\/wp-content\/uploads\/2021\/12\/povijesne-kontroverze.jpg?fit=1200%2C675&ssl=1&resize=350%2C200","width":350,"height":200,"srcset":"https:\/\/i0.wp.com\/historiografija.hr\/wp-content\/uploads\/2021\/12\/povijesne-kontroverze.jpg?fit=1200%2C675&ssl=1&resize=350%2C200 1x, https:\/\/i0.wp.com\/historiografija.hr\/wp-content\/uploads\/2021\/12\/povijesne-kontroverze.jpg?fit=1200%2C675&ssl=1&resize=525%2C300 1.5x, https:\/\/i0.wp.com\/historiografija.hr\/wp-content\/uploads\/2021\/12\/povijesne-kontroverze.jpg?fit=1200%2C675&ssl=1&resize=700%2C400 2x, https:\/\/i0.wp.com\/historiografija.hr\/wp-content\/uploads\/2021\/12\/povijesne-kontroverze.jpg?fit=1200%2C675&ssl=1&resize=1050%2C600 3x"},"classes":[]},{"id":52148,"url":"https:\/\/historiografija.hr\/?p=52148","url_meta":{"origin":17085,"position":4},"title":"Poziv za prijavu na me\u0111unarodnu znanstvenu konferenciju \u201eGranice (ne)slobode: Zadarski krug 1966. Intelektualna opozicija u totalitarnom dru\u0161tvu\u201c","author":"Branimir Jankovi\u0107","date":"27. o\u017eujka 2026.","format":false,"excerpt":"\u00a0\u00a0\u00a0\u00a0 Povodom \u0161ezdesete obljetnice poku\u0161aja osnivanja \u010dasopisa Slobodan glas u Zadru 1966. godine, pozivamo vas na znanstvenu konferenciju posve\u0107enu istra\u017eivanju disidentstva, intelektualne opozicije i granica divergentnog mi\u0161ljenja nasuprot slu\u017ebenoj ideologiji u komunisti\u010dkoj Jugoslaviji. Ideja konferencije je analizirati konkretan fenomen zadarskog slu\u010daja razloge i okolnosti njegove pojave, ali uz otvaranje komparativnih\u2026","rel":"","context":"U &quot;Novosti&quot;","block_context":{"text":"Novosti","link":"https:\/\/historiografija.hr\/?cat=3"},"img":{"alt_text":"","src":"https:\/\/i0.wp.com\/historiografija.hr\/wp-content\/uploads\/2026\/03\/Poziv-konferencija-Zadar.jpg?fit=1200%2C509&ssl=1&resize=350%2C200","width":350,"height":200,"srcset":"https:\/\/i0.wp.com\/historiografija.hr\/wp-content\/uploads\/2026\/03\/Poziv-konferencija-Zadar.jpg?fit=1200%2C509&ssl=1&resize=350%2C200 1x, https:\/\/i0.wp.com\/historiografija.hr\/wp-content\/uploads\/2026\/03\/Poziv-konferencija-Zadar.jpg?fit=1200%2C509&ssl=1&resize=525%2C300 1.5x, https:\/\/i0.wp.com\/historiografija.hr\/wp-content\/uploads\/2026\/03\/Poziv-konferencija-Zadar.jpg?fit=1200%2C509&ssl=1&resize=700%2C400 2x, https:\/\/i0.wp.com\/historiografija.hr\/wp-content\/uploads\/2026\/03\/Poziv-konferencija-Zadar.jpg?fit=1200%2C509&ssl=1&resize=1050%2C600 3x"},"classes":[]},{"id":52666,"url":"https:\/\/historiografija.hr\/?p=52666","url_meta":{"origin":17085,"position":5},"title":"Najava programa Festivala povijesti Kliofest (5-8. V. 2026)","author":"Branimir Jankovi\u0107","date":"24. travnja 2026.","format":false,"excerpt":"Po trinaesti put odr\u017eava se Festival povijesti Kliofest! Do petka \u0107emo odr\u017eati osam okruglih stolova i dva kolokvija te niz predstavljanja knjiga i projekata razli\u010dite tematike, od antike do suvremenosti. Bit \u0107e predstavljeno i nekoliko izlo\u017ebi te odr\u017ean jedan povijesni kviz. Prikazat \u0107emo i jedan film \u2013 o generalu Boroevi\u0107u.\u2026","rel":"","context":"U &quot;Novosti&quot;","block_context":{"text":"Novosti","link":"https:\/\/historiografija.hr\/?cat=3"},"img":{"alt_text":"","src":"https:\/\/i0.wp.com\/historiografija.hr\/wp-content\/uploads\/2026\/04\/Kliofest-2026.jpg?fit=526%2C526&ssl=1&resize=350%2C200","width":350,"height":200,"srcset":"https:\/\/i0.wp.com\/historiografija.hr\/wp-content\/uploads\/2026\/04\/Kliofest-2026.jpg?fit=526%2C526&ssl=1&resize=350%2C200 1x, https:\/\/i0.wp.com\/historiografija.hr\/wp-content\/uploads\/2026\/04\/Kliofest-2026.jpg?fit=526%2C526&ssl=1&resize=525%2C300 1.5x"},"classes":[]}],"_links":{"self":[{"href":"https:\/\/historiografija.hr\/index.php?rest_route=\/wp\/v2\/posts\/17085","targetHints":{"allow":["GET"]}}],"collection":[{"href":"https:\/\/historiografija.hr\/index.php?rest_route=\/wp\/v2\/posts"}],"about":[{"href":"https:\/\/historiografija.hr\/index.php?rest_route=\/wp\/v2\/types\/post"}],"author":[{"embeddable":true,"href":"https:\/\/historiografija.hr\/index.php?rest_route=\/wp\/v2\/users\/2"}],"replies":[{"embeddable":true,"href":"https:\/\/historiografija.hr\/index.php?rest_route=%2Fwp%2Fv2%2Fcomments&post=17085"}],"version-history":[{"count":1,"href":"https:\/\/historiografija.hr\/index.php?rest_route=\/wp\/v2\/posts\/17085\/revisions"}],"predecessor-version":[{"id":17087,"href":"https:\/\/historiografija.hr\/index.php?rest_route=\/wp\/v2\/posts\/17085\/revisions\/17087"}],"wp:featuredmedia":[{"embeddable":true,"href":"https:\/\/historiografija.hr\/index.php?rest_route=\/wp\/v2\/media\/17086"}],"wp:attachment":[{"href":"https:\/\/historiografija.hr\/index.php?rest_route=%2Fwp%2Fv2%2Fmedia&parent=17085"}],"wp:term":[{"taxonomy":"category","embeddable":true,"href":"https:\/\/historiografija.hr\/index.php?rest_route=%2Fwp%2Fv2%2Fcategories&post=17085"},{"taxonomy":"post_tag","embeddable":true,"href":"https:\/\/historiografija.hr\/index.php?rest_route=%2Fwp%2Fv2%2Ftags&post=17085"}],"curies":[{"name":"wp","href":"https:\/\/api.w.org\/{rel}","templated":true}]}}