{"id":16979,"date":"2019-10-25T13:42:29","date_gmt":"2019-10-25T13:42:29","guid":{"rendered":"http:\/\/historiografija.hr\/?p=16979"},"modified":"2020-03-23T12:46:33","modified_gmt":"2020-03-23T12:46:33","slug":"izlozba-zemljotres-u-banjaluci-1969-solidarnost-obnova-i-izgradnja","status":"publish","type":"post","link":"https:\/\/historiografija.hr\/?p=16979","title":{"rendered":"Izlo\u017eba i knjiga \u201eZemljotres u Banjaluci 1969: solidarnost, obnova i izgradnja\u201c"},"content":{"rendered":"<p>Povodom 50. godi\u0161njice razornog potresa koji je pogodio Banjaluku 1969. godine, u Kulturnom centru Banski dvor u Banjaluci 26. listopada 2019. bit \u0107e otvorena izlo\u017eba \u201eZemljotres u Banjaluci 1969: solidarnost, obnova i izgradnja\u201c.<\/p>\n<p>&nbsp;<\/p>\n<p>&#8212;<\/p>\n<p>&nbsp;<\/p>\n<p>Povodom obilje\u017eavanja pedeset godina od katastrofalnog zemljotresa koji je 1969. pogodio Banjaluku, kao centralni doga\u0111aj manifestacije bi\u0107e otvorena izlo\u017eba \u201eZemljotres u Banjaluci 1969: solidarnost, obnova i izgradnja\u201c, 26. oktobra 2019. godine u 19 \u010dasova u Kulturnom centru Banski dvor, u Izlo\u017ebenom salonu Svetislava Tise Milosavljevi\u0107a.<\/p>\n<p>&nbsp;<\/p>\n<p>Izlo\u017eba je zajedni\u010dki projekat Arhiva Republike Srpske, Muzeja savremene umjetnosti Republike Srpske i Udru\u017eenja arhivskih radnika Republike Srpske.<\/p>\n<p>&nbsp;<\/p>\n<p>Izlo\u017eba se realizuje pod pokroviteljstvom Grada Banjaluka.<\/p>\n<p>&nbsp;<\/p>\n<p>Prije pedeset godina razoran zemljotres intenziteta 8,5 stepeni po Merkaliju sa epicentrom kod Banjaluke pogodio je sjeverno podru\u010dje Bosanske Krajine. Zemljotres je razorio veliki dio gra\u0111evinskog fundusa, na\u010dinio je ogromnu materijalnu \u0161tetu, a u tri najte\u017ee pogo\u0111ene op\u0161tine \u2013 Banjaluci, Lakta\u0161ima i \u010celincu \u2013 odnio je 15 \u017eivota, dok je vi\u0161e od hiljadu ljudi povrije\u0111eno.<\/p>\n<p>Veliku izlo\u017ebu sa\u010dinjavaju dva osnovna segmenta: istorijsko-arhivski i umjetni\u010dki, uz prate\u0107e sadr\u017eaje. Istorijsko-arhivski segment izlo\u017ebe provodi nas kroz pri\u010du o istoriji Banjaluke kroz njena ru\u0161enja, obnavljanja i gra\u0111enja od kraja Drugog svjetskog rata do 1980-ih godina. Ovaj segment podijeljen je na vi\u0161e poglavlja i donosi raznovrsne istorijske materijale u vidu fotografija, arhitektonskih nacrta, gra\u0111evinskih projekata, novinskih naslovnica, razglednica, mapa i dokumenata. Najve\u0107i dio odnosi se na seriju razornih zemljotresa i njihove neposredne posljedice, dok prethodni i prate\u0107i dijelovi govore o razvoju, odnosno obnovi i urbanisti\u010dkoj transformaciji grada u decenijama koje su prethodile, odnosno pratile zemljotres. U ovaj segment uklju\u010deni su arhivski filmovi i interaktivni elementi.<\/p>\n<p>Umjetni\u010dki segment izlo\u017ebe obuhvata odabrana djela iz kolekcije Muzeja savremene umjetnosti RS, koja su u Banjaluku prispjela u \u201eAkciji solidarnosti likovnih umjetnika Jugoslavije i svijeta\u201c. Akcija solidarnosti pokrenuta je ve\u0107 u prvim danima nakon zemljotresa kao plemeniti gest likovnih stvaralaca sa prostora tada\u0161nje Jugoslavije, a potom i drugih krajeva svijeta, koji su odlu\u010dili da na svoj na\u010din, darovanjem umjetni\u010dkih djela, pru\u017ee podr\u0161ku ugro\u017eenom gradu. Zahvaljuju\u0107i tome prikupljeno je pribli\u017eno 750 umjetnina razli\u010ditih medija, \u0161to je poslu\u017eilo kao temelj za osnivanje Umjetni\u010dke galerije Banjaluka, dana\u0161njeg Muzeja savremene umjetnosti RS, i \u010dinilo njen po\u010detni fundus.<\/p>\n<p>Arhivsku postavku izlo\u017ebe potpisuje arhivista-informati\u010dar Sa\u0161a \u0110uki\u0107 (Udru\u017eenje arhivskih radnika RS), a umjetni\u010dku vi\u0161a kustoskinja \u017dana Vuki\u010devi\u0107 (Muzej savremene umjetnosti Republike Srpske). Izlo\u017ebu prati obimna dvojezi\u010dna publikacija sa istorijskom ekspozicijom i raspravnim tekstom koji je napisao mr Vladan Vukli\u0161, vi\u0161i arhivista i pomo\u0107nik direktora Arhiva Republike Srpske, kao i tekstom \u017dane Vuki\u010devi\u0107 i katalogom odabranih djela.<\/p>\n<p>&nbsp;<\/p>\n<p>Izvori:<\/p>\n<p><a href=\"https:\/\/www.facebook.com\/events\/503141603570806\/\">https:\/\/www.facebook.com\/events\/503141603570806\/<\/a><\/p>\n<p><a href=\"https:\/\/srpskainfo.com\/podsjetnik-na-katastrofu-pred-gradjanima-velika-izlozba-zemljotres-u-banjaluci\/\">https:\/\/srpskainfo.com\/podsjetnik-na-katastrofu-pred-gradjanima-velika-izlozba-zemljotres-u-banjaluci\/<\/a><\/p>\n<p><a href=\"http:\/\/www.arhivrs.org\/Doc.aspx?cat=4&amp;subcat=15&amp;id=362&amp;lang=cir&amp;tekst=426\">http:\/\/www.arhivrs.org\/Doc.aspx?cat=4&amp;subcat=15&amp;id=362&amp;lang=cir&amp;tekst=426<\/a><\/p>\n<p>&nbsp;<\/p>\n<hr \/>\n<p>&nbsp;<\/p>\n<p>&nbsp;<\/p>\n<p>Mihad Mujanovi\u0107 \u201eI ZEMLJA SE POTRESE. Odjek zemljotresa u Skoplju 1963. godine i Bosanskoj krajini 1969. godine\u201c<\/p>\n<blockquote class=\"wp-embedded-content\" data-secret=\"Ehvt1DwrY3\"><p><a href=\"https:\/\/historiografija.hr\/?p=16117\">Mihad Mujanovi\u0107 \u201eI ZEMLJA SE POTRESE. Odjek zemljotresa u Skoplju 1963. godine i Bosanskoj krajini 1969. godine\u201c<\/a><\/p><\/blockquote>\n<p><iframe loading=\"lazy\" class=\"wp-embedded-content\" sandbox=\"allow-scripts\" security=\"restricted\" style=\"position: absolute; clip: rect(1px, 1px, 1px, 1px);\" title=\"&#8220;Mihad Mujanovi\u0107 \u201eI ZEMLJA SE POTRESE. Odjek zemljotresa u Skoplju 1963. godine i Bosanskoj krajini 1969. godine\u201c&#8221; &#8212; Historiografija.hr\" src=\"https:\/\/historiografija.hr\/?p=16117&#038;embed=true#?secret=Ehvt1DwrY3\" data-secret=\"Ehvt1DwrY3\" width=\"600\" height=\"338\" frameborder=\"0\" marginwidth=\"0\" marginheight=\"0\" scrolling=\"no\"><\/iframe><\/p>\n<p>&nbsp;<\/p>\n<p>&nbsp;<\/p>\n","protected":false},"excerpt":{"rendered":"","protected":false},"author":2,"featured_media":16980,"comment_status":"open","ping_status":"open","sticky":false,"template":"","format":"standard","meta":{"_acf_changed":false,"jetpack_post_was_ever_published":false,"_jetpack_newsletter_access":"","_jetpack_dont_email_post_to_subs":false,"_jetpack_newsletter_tier_id":0,"_jetpack_memberships_contains_paywalled_content":false,"_jetpack_memberships_contains_paid_content":false,"footnotes":"","jetpack_publicize_message":"","jetpack_publicize_feature_enabled":true,"jetpack_social_post_already_shared":true,"jetpack_social_options":{"image_generator_settings":{"template":"highway","default_image_id":0,"font":"","enabled":false},"version":2}},"categories":[10,3],"tags":[],"class_list":["post-16979","post","type-post","status-publish","format-standard","has-post-thumbnail","hentry","category-izlozbe","category-novosti"],"acf":{"facebook_opis":""},"jetpack_publicize_connections":[],"jetpack_featured_media_url":"https:\/\/i0.wp.com\/historiografija.hr\/wp-content\/uploads\/2019\/10\/zemljotres.jpg?fit=960%2C573&ssl=1","jetpack_sharing_enabled":true,"jetpack-related-posts":[{"id":52505,"url":"https:\/\/historiografija.hr\/?p=52505","url_meta":{"origin":16979,"position":0},"title":"Izlo\u017eba &#8220;Eschenstock \/ Jasenov prut&#8221;","author":"Branimir Jankovi\u0107","date":"17. travnja 2026.","format":false,"excerpt":"Srpsko narodno vije\u0107e (SNV) i Vizura aperta postavljaju izlo\u017ebu \u0161vicarskog slikara Velimira Ili\u0161evi\u0107a: Eschenstock \/ Jasenov prut. Izlo\u017eba se uz prisustvo autora otvara povodom 81. godi\u0161njice proboja logora\u0161a iz usta\u0161kog logora smrti Jasenovac 22. aprila 2026. u 19 sati u Srpskom kulturnom centru (SKC) u Preradovi\u0107evoj ulici 21 u Zagrebu.\u2026","rel":"","context":"U &quot;Izlo\u017ebe&quot;","block_context":{"text":"Izlo\u017ebe","link":"https:\/\/historiografija.hr\/?cat=10"},"img":{"alt_text":"","src":"https:\/\/i0.wp.com\/historiografija.hr\/wp-content\/uploads\/2026\/04\/Jasenov_prut.jpg?fit=1024%2C640&ssl=1&resize=350%2C200","width":350,"height":200,"srcset":"https:\/\/i0.wp.com\/historiografija.hr\/wp-content\/uploads\/2026\/04\/Jasenov_prut.jpg?fit=1024%2C640&ssl=1&resize=350%2C200 1x, https:\/\/i0.wp.com\/historiografija.hr\/wp-content\/uploads\/2026\/04\/Jasenov_prut.jpg?fit=1024%2C640&ssl=1&resize=525%2C300 1.5x, https:\/\/i0.wp.com\/historiografija.hr\/wp-content\/uploads\/2026\/04\/Jasenov_prut.jpg?fit=1024%2C640&ssl=1&resize=700%2C400 2x"},"classes":[]},{"id":52575,"url":"https:\/\/historiografija.hr\/?p=52575","url_meta":{"origin":16979,"position":1},"title":"Izlo\u017eba dje\u010djih radova \u201cU po\u010detku bija\u0161e crte\u017e\u2026\u201d","author":"Branimir Jankovi\u0107","date":"21. travnja 2026.","format":false,"excerpt":"U subotu, 25. travnja 2026. u 11 sati u Galeriji Klovi\u0107evi dvori sve\u010dano otvaramo izlo\u017ebu dje\u010djih radova pod nazivom U po\u010detku bija\u0161e crte\u017e\u2026 Radovi su nastali u sklopu likovnih radionica uz izlo\u017ebu U po\u010detku bija\u0161e kraljevstvo \u2013 izlo\u017eba povodom 1100 godina Hrvatskoga Kraljevstva. Na brojnim likovnim radionicama, uz \u0161kolsku djecu,\u2026","rel":"","context":"U &quot;Izlo\u017ebe&quot;","block_context":{"text":"Izlo\u017ebe","link":"https:\/\/historiografija.hr\/?cat=10"},"img":{"alt_text":"","src":"https:\/\/i0.wp.com\/historiografija.hr\/wp-content\/uploads\/2025\/10\/Klovicevi_sluzbeni-plakat.png?fit=840%2C1200&ssl=1&resize=350%2C200","width":350,"height":200,"srcset":"https:\/\/i0.wp.com\/historiografija.hr\/wp-content\/uploads\/2025\/10\/Klovicevi_sluzbeni-plakat.png?fit=840%2C1200&ssl=1&resize=350%2C200 1x, https:\/\/i0.wp.com\/historiografija.hr\/wp-content\/uploads\/2025\/10\/Klovicevi_sluzbeni-plakat.png?fit=840%2C1200&ssl=1&resize=525%2C300 1.5x, https:\/\/i0.wp.com\/historiografija.hr\/wp-content\/uploads\/2025\/10\/Klovicevi_sluzbeni-plakat.png?fit=840%2C1200&ssl=1&resize=700%2C400 2x"},"classes":[]},{"id":52511,"url":"https:\/\/historiografija.hr\/?p=52511","url_meta":{"origin":16979,"position":2},"title":"Izlo\u017eba &#8220;Lica Sljemena&#8221;","author":"Branimir Jankovi\u0107","date":"17. travnja 2026.","format":false,"excerpt":"Srda\u010dno vas pozivamo na otvorenje izlo\u017ebe Lica Sljemena koje \u0107e se odr\u017eati u srijedu 22. travnja 2026. u 18 h ispred Muzeja Prigorja (Trg Dragutina Domjani\u0107a 5, Sesvete). Izlo\u017eba proizlazi iz istra\u017eivanja Nevene \u0160krbi\u0107 Alempijevi\u0107, Petre Kelemen i Sanje Potkonjak te intervjua sa Sljemena\u0161icama i Sljemena\u0161ima, koji su provedeni u\u2026","rel":"","context":"U &quot;Izlo\u017ebe&quot;","block_context":{"text":"Izlo\u017ebe","link":"https:\/\/historiografija.hr\/?cat=10"},"img":{"alt_text":"","src":"https:\/\/i0.wp.com\/historiografija.hr\/wp-content\/uploads\/2026\/04\/Izlozba-Lica-Sljemena.png?fit=1080%2C686&ssl=1&resize=350%2C200","width":350,"height":200,"srcset":"https:\/\/i0.wp.com\/historiografija.hr\/wp-content\/uploads\/2026\/04\/Izlozba-Lica-Sljemena.png?fit=1080%2C686&ssl=1&resize=350%2C200 1x, https:\/\/i0.wp.com\/historiografija.hr\/wp-content\/uploads\/2026\/04\/Izlozba-Lica-Sljemena.png?fit=1080%2C686&ssl=1&resize=525%2C300 1.5x, https:\/\/i0.wp.com\/historiografija.hr\/wp-content\/uploads\/2026\/04\/Izlozba-Lica-Sljemena.png?fit=1080%2C686&ssl=1&resize=700%2C400 2x, https:\/\/i0.wp.com\/historiografija.hr\/wp-content\/uploads\/2026\/04\/Izlozba-Lica-Sljemena.png?fit=1080%2C686&ssl=1&resize=1050%2C600 3x"},"classes":[]},{"id":52666,"url":"https:\/\/historiografija.hr\/?p=52666","url_meta":{"origin":16979,"position":3},"title":"Najava programa Festivala povijesti Kliofest (5-8. V. 2026)","author":"Branimir Jankovi\u0107","date":"24. travnja 2026.","format":false,"excerpt":"Po trinaesti put odr\u017eava se Festival povijesti Kliofest! Do petka \u0107emo odr\u017eati osam okruglih stolova i dva kolokvija te niz predstavljanja knjiga i projekata razli\u010dite tematike, od antike do suvremenosti. Bit \u0107e predstavljeno i nekoliko izlo\u017ebi te odr\u017ean jedan povijesni kviz. Prikazat \u0107emo i jedan film \u2013 o generalu Boroevi\u0107u.\u2026","rel":"","context":"U &quot;Novosti&quot;","block_context":{"text":"Novosti","link":"https:\/\/historiografija.hr\/?cat=3"},"img":{"alt_text":"","src":"https:\/\/i0.wp.com\/historiografija.hr\/wp-content\/uploads\/2026\/04\/Kliofest-2026.jpg?fit=526%2C526&ssl=1&resize=350%2C200","width":350,"height":200,"srcset":"https:\/\/i0.wp.com\/historiografija.hr\/wp-content\/uploads\/2026\/04\/Kliofest-2026.jpg?fit=526%2C526&ssl=1&resize=350%2C200 1x, https:\/\/i0.wp.com\/historiografija.hr\/wp-content\/uploads\/2026\/04\/Kliofest-2026.jpg?fit=526%2C526&ssl=1&resize=525%2C300 1.5x"},"classes":[]},{"id":52592,"url":"https:\/\/historiografija.hr\/?p=52592","url_meta":{"origin":16979,"position":4},"title":"Predstavljanje knjige &#8220;Turska ku\u0107a u Rijeci&#8221; u Zagrebu","author":"Branimir Jankovi\u0107","date":"22. travnja 2026.","format":false,"excerpt":"U prostorijama Turskog kulturnog centra Yunus Emre u Zagrebu, u utorak 21. travnja 2026. godine, odr\u017eano je sve\u010dano predstavljanje dopunjenog izdanja knjige Turska ku\u0107a u Rijeci, u organizaciji Hrvatsko-turskog dru\u0161tva Rijeka i partnerstvu sa Skupinom prijateljstva Hrvatska-Turska Hrvatskog sabora, Veleposlanstvom Republike Turske u Republici Hrvatskoj te Turskim kulturnim centrom Yunus\u2026","rel":"","context":"U &quot;Novosti&quot;","block_context":{"text":"Novosti","link":"https:\/\/historiografija.hr\/?cat=3"},"img":{"alt_text":"","src":"https:\/\/i0.wp.com\/historiografija.hr\/wp-content\/uploads\/2026\/04\/Turska-kuca-ZG.jpg?fit=1200%2C800&ssl=1&resize=350%2C200","width":350,"height":200,"srcset":"https:\/\/i0.wp.com\/historiografija.hr\/wp-content\/uploads\/2026\/04\/Turska-kuca-ZG.jpg?fit=1200%2C800&ssl=1&resize=350%2C200 1x, https:\/\/i0.wp.com\/historiografija.hr\/wp-content\/uploads\/2026\/04\/Turska-kuca-ZG.jpg?fit=1200%2C800&ssl=1&resize=525%2C300 1.5x, https:\/\/i0.wp.com\/historiografija.hr\/wp-content\/uploads\/2026\/04\/Turska-kuca-ZG.jpg?fit=1200%2C800&ssl=1&resize=700%2C400 2x, https:\/\/i0.wp.com\/historiografija.hr\/wp-content\/uploads\/2026\/04\/Turska-kuca-ZG.jpg?fit=1200%2C800&ssl=1&resize=1050%2C600 3x"},"classes":[]},{"id":52657,"url":"https:\/\/historiografija.hr\/?p=52657","url_meta":{"origin":16979,"position":5},"title":"[Predavanje] Jezik i drugost u (post)socijalisti\u010dkoj Srbiji: diskurzivne politike identiteta (YugoLab)","author":"Branimir Jankovi\u0107","date":"24. travnja 2026.","format":false,"excerpt":"U sklopu projekta Prizma \/ IMAGINATION (\u201eZami\u0161ljanje nacije: srpski nacionalni narativi u sporu (XX\u2013XXI vek)\u201c), koji se realizuje na Institutu za filozofiju i dru\u0161tvenu teoriju Univerziteta u Beogradu (2024\u20132027) uz finansijsku podr\u0161ku Fonda za nauku Republike Srbije, organizuje se serija predavanja na kojoj istra\u017eiva\u010di i istra\u017eiva\u010dice projekta predstavljaju rezultate svojih\u2026","rel":"","context":"U &quot;Novosti&quot;","block_context":{"text":"Novosti","link":"https:\/\/historiografija.hr\/?cat=3"},"img":{"alt_text":"","src":"https:\/\/i0.wp.com\/historiografija.hr\/wp-content\/uploads\/2026\/04\/IFDT_28_IV.png?fit=1200%2C675&ssl=1&resize=350%2C200","width":350,"height":200,"srcset":"https:\/\/i0.wp.com\/historiografija.hr\/wp-content\/uploads\/2026\/04\/IFDT_28_IV.png?fit=1200%2C675&ssl=1&resize=350%2C200 1x, https:\/\/i0.wp.com\/historiografija.hr\/wp-content\/uploads\/2026\/04\/IFDT_28_IV.png?fit=1200%2C675&ssl=1&resize=525%2C300 1.5x, https:\/\/i0.wp.com\/historiografija.hr\/wp-content\/uploads\/2026\/04\/IFDT_28_IV.png?fit=1200%2C675&ssl=1&resize=700%2C400 2x, https:\/\/i0.wp.com\/historiografija.hr\/wp-content\/uploads\/2026\/04\/IFDT_28_IV.png?fit=1200%2C675&ssl=1&resize=1050%2C600 3x"},"classes":[]}],"_links":{"self":[{"href":"https:\/\/historiografija.hr\/index.php?rest_route=\/wp\/v2\/posts\/16979","targetHints":{"allow":["GET"]}}],"collection":[{"href":"https:\/\/historiografija.hr\/index.php?rest_route=\/wp\/v2\/posts"}],"about":[{"href":"https:\/\/historiografija.hr\/index.php?rest_route=\/wp\/v2\/types\/post"}],"author":[{"embeddable":true,"href":"https:\/\/historiografija.hr\/index.php?rest_route=\/wp\/v2\/users\/2"}],"replies":[{"embeddable":true,"href":"https:\/\/historiografija.hr\/index.php?rest_route=%2Fwp%2Fv2%2Fcomments&post=16979"}],"version-history":[{"count":5,"href":"https:\/\/historiografija.hr\/index.php?rest_route=\/wp\/v2\/posts\/16979\/revisions"}],"predecessor-version":[{"id":19808,"href":"https:\/\/historiografija.hr\/index.php?rest_route=\/wp\/v2\/posts\/16979\/revisions\/19808"}],"wp:featuredmedia":[{"embeddable":true,"href":"https:\/\/historiografija.hr\/index.php?rest_route=\/wp\/v2\/media\/16980"}],"wp:attachment":[{"href":"https:\/\/historiografija.hr\/index.php?rest_route=%2Fwp%2Fv2%2Fmedia&parent=16979"}],"wp:term":[{"taxonomy":"category","embeddable":true,"href":"https:\/\/historiografija.hr\/index.php?rest_route=%2Fwp%2Fv2%2Fcategories&post=16979"},{"taxonomy":"post_tag","embeddable":true,"href":"https:\/\/historiografija.hr\/index.php?rest_route=%2Fwp%2Fv2%2Ftags&post=16979"}],"curies":[{"name":"wp","href":"https:\/\/api.w.org\/{rel}","templated":true}]}}