{"id":16899,"date":"2019-10-22T19:20:27","date_gmt":"2019-10-22T19:20:27","guid":{"rendered":"http:\/\/historiografija.hr\/?p=16899"},"modified":"2019-10-22T19:26:38","modified_gmt":"2019-10-22T19:26:38","slug":"the-force-of-comparison-a-new-perspective-on-modern-european-history-and-the-contemporary-world-edited-by-willibald-steinmetz","status":"publish","type":"post","link":"https:\/\/historiografija.hr\/?p=16899","title":{"rendered":"The Force of Comparison: A New Perspective on Modern European History and the Contemporary World. Edited by Willibald Steinmetz"},"content":{"rendered":"<p>U rujnu 2019. godine objavljen je zbornik o fenomenu komparacije kao sredi\u0161njoj pokreta\u010dkoj snazi koja je doprinosila \u2013 i jo\u0161 uvijek to \u010dini \u2013 dinamiziranju moderne europske povijesti i suvremenog svijeta.<\/p>\n<p>&nbsp;<\/p>\n<p>&#8212;<\/p>\n<p>&nbsp;<\/p>\n<p><strong>The Force of Comparison<\/strong><\/p>\n<p><strong>A New Perspective on Modern European History and the Contemporary World<\/strong><\/p>\n<p>Willibald Steinmetz<\/p>\n<p><strong>\u00a0<\/strong><\/p>\n<p>354 pages, 14 illus., bibliog., index<\/p>\n<p>September\u00a02019<\/p>\n<p>&nbsp;<\/p>\n<p><a href=\"https:\/\/www.berghahnbooks.com\/title\/SteinmetzForce\">https:\/\/www.berghahnbooks.com\/title\/SteinmetzForce<\/a><\/p>\n<p>&nbsp;<\/p>\n<p><strong>Reviews<\/strong><\/p>\n<p><em>\u201cBy studying practices of comparison both in historical reality and in the study of history, this book offers fresh and surprising insights into a much-discussed subject. The contributions are empirically rich, well-documented, and of great interest for many areas in history and other fields.\u201d<\/em> <strong>\u2022 J\u00fcrgen Kocka<\/strong>, WZB Berlin Social Science Center<\/p>\n<p><em>\u201cThis is an excellent collection of essays. Its scholarship is of a high standard, it demonstrates a degree of conceptual unity that is unusual for edited volumes, and it does a splendid job of vindicating the argument for the ubiquitous importance of comparison in modern life and thought.\u201d<\/em> <strong>\u2022 Luke O\u2019Sullivan<\/strong>, National University of Singapore<\/p>\n<p>&nbsp;<\/p>\n<p><strong>Description<\/strong><\/p>\n<p>In an era defined by daily polls, institutional rankings, and other forms of social quantification, it can be easy to forget that comparison has a long historical lineage. Presenting a range of multidisciplinary perspectives, this volume investigates the concepts and practices of comparison from the early modern period to the present. Each chapter demonstrates how comparison has helped to drive the seemingly irresistible dynamism of the modern world, exploring how comparatively minded assessors determine their units of analysis, the criteria they select or ignore, and just who it is that makes use of these comparisons\u2014and to what ends.<\/p>\n<p><strong>Willibald Steinmetz<\/strong> is Professor of Modern and Contemporary History at Bielefeld University. He has published widely on the history of concepts and political communication and is co-editor of the book series <a href=\"http:\/\/www.berghahnbooks.com\/series\/european-conceptual-history\"><em>European Conceptual History<\/em><\/a> with Berghahn Books<\/p>\n<p>&nbsp;<\/p>\n<p><strong>Contents<\/strong><\/p>\n<p>List of Figures and Tables<\/p>\n<p><a name=\"toc\"><\/a><\/p>\n<p><a href=\"http:\/\/www.berghahnbooks.com\/downloads\/intros\/SteinmetzForce_intro.pdf\"><strong>Introduction:<\/strong> Concepts and Practices of Comparison in Modern History<\/a><br \/>\n<em>Willibald Steinmetz<\/em><\/p>\n<p><strong>Chapter 1.<\/strong> Outlines of a Historical Epistemology of Comparison: From Descartes to the Early Nineteenth Century<br \/>\n<em>Michael Eggers<\/em><\/p>\n<p><strong>Chapter 2.<\/strong> Comparative Practices and their Implications: The Case of Comparative Viewing<br \/>\n<em>Johannes Grave<\/em><\/p>\n<p><strong>Chapter 3.<\/strong> Above\/Below, Better\/Worse, or Simply Different? Metamorphoses of Social Comparison, 1600\u20131900<br \/>\n<em>Willibald Steinmetz<\/em><\/p>\n<p><strong>Chapter 4.<\/strong> Empowering Comparisons? The Making of Republics in the Early Modern Period<br \/>\n<em>Lars Behrisch<\/em><\/p>\n<p><strong>Chapter 5. <\/strong>Comparing Europe and the Americas: The Dispute of the New World between the Sixteenth and Nineteenth Centuries<br \/>\n<em>Angelika Epple<\/em><\/p>\n<p><strong>Chapter 6.<\/strong> European Colonial Empires and Victorian Imperial Exceptionalism<br \/>\n<em>Alex Middleton<\/em><\/p>\n<p><strong>Chapter 7.<\/strong> Comparison and the Welfare State in Modern Europe, c. 1880\u20131945<br \/>\n<em>Julia Moses<\/em><\/p>\n<p><strong>Chapter 8.<\/strong> Comparison, Rivalry and Competition under Neo-Liberalism and State Socialism<br \/>\n<em>David Priestland<\/em><\/p>\n<p><strong>Chapter 9.<\/strong> Comparing Economic Activities on a Global Level in the 1920s and 1930s: Motives and Consequences<br \/>\n<em>Martin Bemmann<\/em><\/p>\n<p><strong>Chapter 10.<\/strong> In Search of A Global Centre of Calculation: The Washington Statistical Conferences of 1947<br \/>\n<em>Daniel Speich Chass\u00e9<\/em><\/p>\n<p><strong>Chapter 11.<\/strong> Formalized Comparisons: Rankings and Status in Higher Education<br \/>\n<em>Wendy Espeland<\/em><\/p>\n<p><strong>Chapter 12.<\/strong> Good \u2013 Better \u2013 Best: The Power of Ranking Orders<br \/>\n<em>Bettina Heintz<\/em><\/p>\n<p>Index<\/p>\n<p>&nbsp;<\/p>\n<p>&nbsp;<\/p>\n","protected":false},"excerpt":{"rendered":"","protected":false},"author":2,"featured_media":16900,"comment_status":"open","ping_status":"open","sticky":false,"template":"","format":"standard","meta":{"_acf_changed":false,"jetpack_post_was_ever_published":false,"_jetpack_newsletter_access":"","_jetpack_dont_email_post_to_subs":false,"_jetpack_newsletter_tier_id":0,"_jetpack_memberships_contains_paywalled_content":false,"_jetpack_memberships_contains_paid_content":false,"footnotes":"","jetpack_publicize_message":"","jetpack_publicize_feature_enabled":true,"jetpack_social_post_already_shared":true,"jetpack_social_options":{"image_generator_settings":{"template":"highway","default_image_id":0,"font":"","enabled":false},"version":2}},"categories":[8,3],"tags":[],"class_list":["post-16899","post","type-post","status-publish","format-standard","has-post-thumbnail","hentry","category-knjige","category-novosti"],"acf":{"facebook_opis":""},"jetpack_publicize_connections":[],"jetpack_featured_media_url":"https:\/\/i0.wp.com\/historiografija.hr\/wp-content\/uploads\/2019\/10\/SteinmetzForce.jpg?fit=400%2C600&ssl=1","jetpack_sharing_enabled":true,"jetpack-related-posts":[{"id":52531,"url":"https:\/\/historiografija.hr\/?p=52531","url_meta":{"origin":16899,"position":0},"title":"Jonathan G. Leslie, \u201eFear and Insecurity: Israel and the Iran Threat Narrative\u201c","author":"Branimir Jankovi\u0107","date":"17. travnja 2026.","format":false,"excerpt":"Why is Israel\u2019s former ally Iran now perceived as the country\u2019s greatest threat? Description To observers of the Iran-Israel conflict, its vitriolic rhetoric might suggest an ancient hatred between Jews and Muslims\u2013a biblical feud dating back hundreds, or thousands, of years. But this rivalry is a far more modern development.\u2026","rel":"","context":"U &quot;Knjige&quot;","block_context":{"text":"Knjige","link":"https:\/\/historiografija.hr\/?cat=8"},"img":{"alt_text":"","src":"https:\/\/i0.wp.com\/historiografija.hr\/wp-content\/uploads\/2026\/04\/Leslie.jpg?fit=391%2C612&ssl=1&resize=350%2C200","width":350,"height":200},"classes":[]},{"id":52516,"url":"https:\/\/historiografija.hr\/?p=52516","url_meta":{"origin":16899,"position":1},"title":"Marko Grde\u0161i\u0107, Mislav \u017ditko, \u201eSocialist Economics in Yugoslavia: A Critical History\u201c","author":"Branimir Jankovi\u0107","date":"17. travnja 2026.","format":false,"excerpt":"This book presents a critical history of Yugoslav socialist economics, from its inception in the late 1940s to its dissolution in the late 1980s. After the dramatic break with the Soviet Union in 1948, Yugoslavia found itself in urgent need of a third way: A socialist trajectory which would not\u2026","rel":"","context":"U &quot;Knjige&quot;","block_context":{"text":"Knjige","link":"https:\/\/historiografija.hr\/?cat=8"},"img":{"alt_text":"","src":"https:\/\/i0.wp.com\/historiografija.hr\/wp-content\/uploads\/2026\/04\/Zitko_Grdesic.jpg?fit=350%2C535&ssl=1&resize=350%2C200","width":350,"height":200},"classes":[]},{"id":52641,"url":"https:\/\/historiografija.hr\/?p=52641","url_meta":{"origin":16899,"position":2},"title":"CfP: WHO OWNS THE PAST? VERNACULAR MEMORY, STATE MEMORY, AND THE POLITICS OF OWNERSHIP","author":"Branimir Jankovi\u0107","date":"24. travnja 2026.","format":false,"excerpt":"VIENNA, 31ST AUGUST\u20133RD SEPTEMBER 2026 (DEADLINE: 24TH APRIL 2026) The Center for Austrian Studies at the European Forum at the Hebrew University and the Austrian Academy of Sciences\/Institute of Culture Studies invite early postdocs, PhD candidates, and advanced Master\u2019s students from the Hebrew University of Jerusalem and universities and academic\u2026","rel":"","context":"U &quot;Novosti&quot;","block_context":{"text":"Novosti","link":"https:\/\/historiografija.hr\/?cat=3"},"img":{"alt_text":"","src":"https:\/\/i0.wp.com\/historiografija.hr\/wp-content\/uploads\/2017\/10\/hsozkult.png?fit=1006%2C241&ssl=1&resize=350%2C200","width":350,"height":200,"srcset":"https:\/\/i0.wp.com\/historiografija.hr\/wp-content\/uploads\/2017\/10\/hsozkult.png?fit=1006%2C241&ssl=1&resize=350%2C200 1x, https:\/\/i0.wp.com\/historiografija.hr\/wp-content\/uploads\/2017\/10\/hsozkult.png?fit=1006%2C241&ssl=1&resize=525%2C300 1.5x, https:\/\/i0.wp.com\/historiografija.hr\/wp-content\/uploads\/2017\/10\/hsozkult.png?fit=1006%2C241&ssl=1&resize=700%2C400 2x"},"classes":[]},{"id":52664,"url":"https:\/\/historiografija.hr\/?p=52664","url_meta":{"origin":16899,"position":3},"title":"CfP: CONFERENCE OF THE HISTORY OF CONCEPTS GROUP, HELSINKI, 19TH\u201321ST AUGUST 2026 (DEADLINE: 30TH APRIL 2026)","author":"Branimir Jankovi\u0107","date":"24. travnja 2026.","format":false,"excerpt":"The annual conference of the History of Concepts Group is held at the University of Helsinki, 19-21 August 2026. Conference of the History of Concepts Group Conceptual history studies the use of concepts and tries to understand how historical actors have linguistically articulated views of the world. Studying concepts from\u2026","rel":"","context":"U &quot;Novosti&quot;","block_context":{"text":"Novosti","link":"https:\/\/historiografija.hr\/?cat=3"},"img":{"alt_text":"","src":"https:\/\/i0.wp.com\/historiografija.hr\/wp-content\/uploads\/2017\/10\/hsozkult.png?fit=1006%2C241&ssl=1&resize=350%2C200","width":350,"height":200,"srcset":"https:\/\/i0.wp.com\/historiografija.hr\/wp-content\/uploads\/2017\/10\/hsozkult.png?fit=1006%2C241&ssl=1&resize=350%2C200 1x, https:\/\/i0.wp.com\/historiografija.hr\/wp-content\/uploads\/2017\/10\/hsozkult.png?fit=1006%2C241&ssl=1&resize=525%2C300 1.5x, https:\/\/i0.wp.com\/historiografija.hr\/wp-content\/uploads\/2017\/10\/hsozkult.png?fit=1006%2C241&ssl=1&resize=700%2C400 2x"},"classes":[]},{"id":52520,"url":"https:\/\/historiografija.hr\/?p=52520","url_meta":{"origin":16899,"position":4},"title":"Predstavljanje knjige &#8220;Socialist Economics in Yugoslavia: A Critical History&#8221; u Zagrebu","author":"Branimir Jankovi\u0107","date":"17. travnja 2026.","format":false,"excerpt":"Pozivamo vas na predstavljanje knjige \"Socialist Economics in Yugoslavia: A Critical History\", autora Mislava \u00a0\u017ditka i Marka Grde\u0161i\u0107a (Routledge, 2026). Na predstavljanju \u0107e govoriti Branko Milanovi\u0107 (CUNY), Milica Uvali\u0107 (EUI), Zdravko Petak (FPZG) te autori.\u00a0 Predstavljanje \u0107e se odr\u017eati u srijedu 22. travnja u 16:00 sati na Fakultetu politi\u010dkih znanosti\u2026","rel":"","context":"U &quot;Novosti&quot;","block_context":{"text":"Novosti","link":"https:\/\/historiografija.hr\/?cat=3"},"img":{"alt_text":"","src":"https:\/\/i0.wp.com\/historiografija.hr\/wp-content\/uploads\/2026\/04\/Poziv-na-predstavljanje.png?fit=800%2C652&ssl=1&resize=350%2C200","width":350,"height":200,"srcset":"https:\/\/i0.wp.com\/historiografija.hr\/wp-content\/uploads\/2026\/04\/Poziv-na-predstavljanje.png?fit=800%2C652&ssl=1&resize=350%2C200 1x, https:\/\/i0.wp.com\/historiografija.hr\/wp-content\/uploads\/2026\/04\/Poziv-na-predstavljanje.png?fit=800%2C652&ssl=1&resize=525%2C300 1.5x, https:\/\/i0.wp.com\/historiografija.hr\/wp-content\/uploads\/2026\/04\/Poziv-na-predstavljanje.png?fit=800%2C652&ssl=1&resize=700%2C400 2x"},"classes":[]},{"id":52586,"url":"https:\/\/historiografija.hr\/?p=52586","url_meta":{"origin":16899,"position":5},"title":"Aur\u00e9lie Daher, \u201eHezbollah: Mobilisation and Power\u201c","author":"Branimir Jankovi\u0107","date":"22. travnja 2026.","format":false,"excerpt":"Morning Star \u2018Book of the Year\u2019 Social movement, liberation party or terrorist group? With Hezbollah\u2019s growing involvement in the war in Syria, this study of its impact on Lebanon, drawing heavily on first-hand interviews, could not be more timely. Description Almost forty years after its foundation, Hezbollah remains an enigma.\u2026","rel":"","context":"U &quot;Knjige&quot;","block_context":{"text":"Knjige","link":"https:\/\/historiografija.hr\/?cat=8"},"img":{"alt_text":"","src":"https:\/\/i0.wp.com\/historiografija.hr\/wp-content\/uploads\/2026\/04\/Daher-Hezbollah.jpg?fit=600%2C931&ssl=1&resize=350%2C200","width":350,"height":200,"srcset":"https:\/\/i0.wp.com\/historiografija.hr\/wp-content\/uploads\/2026\/04\/Daher-Hezbollah.jpg?fit=600%2C931&ssl=1&resize=350%2C200 1x, https:\/\/i0.wp.com\/historiografija.hr\/wp-content\/uploads\/2026\/04\/Daher-Hezbollah.jpg?fit=600%2C931&ssl=1&resize=525%2C300 1.5x"},"classes":[]}],"_links":{"self":[{"href":"https:\/\/historiografija.hr\/index.php?rest_route=\/wp\/v2\/posts\/16899","targetHints":{"allow":["GET"]}}],"collection":[{"href":"https:\/\/historiografija.hr\/index.php?rest_route=\/wp\/v2\/posts"}],"about":[{"href":"https:\/\/historiografija.hr\/index.php?rest_route=\/wp\/v2\/types\/post"}],"author":[{"embeddable":true,"href":"https:\/\/historiografija.hr\/index.php?rest_route=\/wp\/v2\/users\/2"}],"replies":[{"embeddable":true,"href":"https:\/\/historiografija.hr\/index.php?rest_route=%2Fwp%2Fv2%2Fcomments&post=16899"}],"version-history":[{"count":1,"href":"https:\/\/historiografija.hr\/index.php?rest_route=\/wp\/v2\/posts\/16899\/revisions"}],"predecessor-version":[{"id":16901,"href":"https:\/\/historiografija.hr\/index.php?rest_route=\/wp\/v2\/posts\/16899\/revisions\/16901"}],"wp:featuredmedia":[{"embeddable":true,"href":"https:\/\/historiografija.hr\/index.php?rest_route=\/wp\/v2\/media\/16900"}],"wp:attachment":[{"href":"https:\/\/historiografija.hr\/index.php?rest_route=%2Fwp%2Fv2%2Fmedia&parent=16899"}],"wp:term":[{"taxonomy":"category","embeddable":true,"href":"https:\/\/historiografija.hr\/index.php?rest_route=%2Fwp%2Fv2%2Fcategories&post=16899"},{"taxonomy":"post_tag","embeddable":true,"href":"https:\/\/historiografija.hr\/index.php?rest_route=%2Fwp%2Fv2%2Ftags&post=16899"}],"curies":[{"name":"wp","href":"https:\/\/api.w.org\/{rel}","templated":true}]}}