{"id":16889,"date":"2019-10-22T18:37:24","date_gmt":"2019-10-22T18:37:24","guid":{"rendered":"http:\/\/historiografija.hr\/?p=16889"},"modified":"2019-10-22T18:40:29","modified_gmt":"2019-10-22T18:40:29","slug":"mnemosyne-jasenovac-na-filmu","status":"publish","type":"post","link":"https:\/\/historiografija.hr\/?p=16889","title":{"rendered":"Mnemosyne: Jasenovac na filmu"},"content":{"rendered":"<p>Ana Kr\u0161ini\u0107 Lozica, Sonja Lebo\u0161, Nata\u0161a Matau\u0161i\u0107, Bogdan \u017di\u017ei\u0107<\/p>\n<p>&nbsp;<\/p>\n<p>25. 10. 2019. &#8211; 26. 10. 2019.<\/p>\n<p>&nbsp;<\/p>\n<p>Akademija dramske umjetnosti u Zagrebu &#8211; F22 (Frankopanska 22)<\/p>\n<p>&nbsp;<\/p>\n<p>PROGRAM:<\/p>\n<p>&nbsp;<\/p>\n<p><strong>25.10. petak, 17-19 h<\/strong><\/p>\n<p>Uvodna predavanja<\/p>\n<p>Sonja Lebo\u0161<br \/>\nMNEMOSYNE :: O proizvodnji onog \u0161to je bilo<\/p>\n<p>Ana Kr\u0161ini\u0107 Lozica<br \/>\nREPREZENTACIJE JASENOVCA NA FILMU<\/p>\n<p>&nbsp;<\/p>\n<p><strong>26.10. subota, 10.30 -13 h<\/strong><\/p>\n<p>Radionica analize filmova<\/p>\n<p>&nbsp;<\/p>\n<p>Na koji na\u010din se pro\u0161lost jasenova\u010dkog logora i 2. svjetskog rata uokviruje u filmskom vremenu? Kakvi se zna\u010denjski odnosi uspostavljaju izme\u0111u pro\u0161losti i sada\u0161njosti odnosno kakvi su re\u017eimi povijesnosti u filmovima o jasenova\u010dkom logoru? Kakav je dru\u0161tveni prostor filmskog prezenta? Iz koje pozicije se tuma\u010di pro\u0161lost? Koji su performativni aspekti filma? Kako danas govorimo o Jasenovcu? Ovo su samo neka pitanja na koje \u0107emo kroz radioni\u010dki format skicirati odgovore uz pomo\u0107 analize diskursa niza filmova posve\u0107enih jasenova\u010dkom logoru i traumama 2. svjetskog rata. Obra\u0111ivati \u0107e se filmovi zna\u010dajnih autora hrvatskog i jugoslavenskog filma poput Bogdana \u017di\u017ei\u0107a, Gojka Kastratovi\u0107a, Vladimira Tadeja, Vatroslava Mimice i drugih.<\/p>\n<p>Voditeljice radionice: Ana Kr\u0161ini\u0107 Lozica i Sonja Lebo\u0161<\/p>\n<p>&nbsp;<\/p>\n<p><strong>26.10. subota, 13-14<\/strong><\/p>\n<p>Tribina: Dokument, film, povijest<\/p>\n<p>&nbsp;<\/p>\n<p>Sudjeluju: Nata\u0161a Matau\u0161i\u0107 (Hrvatski povijesni muzej), Bogdan \u017di\u017ei\u0107 (autor filmova &#8220;Jasenovac&#8221;, 1966. i &#8220;Jasenova\u010dki memento&#8221;, 2015.), Dado \u0106osi\u0107, glumac (&#8220;Eichmann u Jerusalemu&#8221;, Zagreba\u010dko kazali\u0161te mladih, 2019.)<\/p>\n<p>&nbsp;<\/p>\n<p>Vi\u0161e informacija i biografije autora, sudionika i voditelja radionice na: www.uiii.hr<\/p>\n<p>&nbsp;<\/p>\n<p>Doga\u0111anje je besplatno i otvoreno za javnost, samo za radioni\u010dki format (koji je tako\u0111er besplatan) u subotu 26.10. od 10.30-13.00 molimo prijave na: udrugaiii@gmail.com do 24.10. u pono\u0107. Mjesta ima dovoljno, prijave su potrebne samo zato da znamo koliko pomo\u0107nog materijala da pripremimo.<\/p>\n<p>&nbsp;<\/p>\n<p>Koncept i organizacija:<\/p>\n<p>Udruga za interdisciplinarna i interkulturalna istra\u017eivanja (UIII, Zagreb) u suradnji s Akademijom dramske umjetnosti (ADU, Zagreb) i Centrom za kulturnu dekontaminaciju (CZKD, Beograd)<\/p>\n<p>&nbsp;<\/p>\n<p>Podr\u0161ka: Hrvatski audiovizualni centar (HAVC)<\/p>\n<p>Rad UIII-a institucionalno podr\u017eava Zaklada Kultura nova.<\/p>\n<p>&nbsp;<\/p>\n<p><strong>O autorima<\/strong><\/p>\n<p>&nbsp;<\/p>\n<p>ANA KR\u0160INI\u0106-LOZICA je diplomirala povijest umjetnosti i komparativnu knji\u017eevnost na Filozofskom fakultetu Sveu\u010dili\u0161ta u Zagrebu (2008.), gdje je trenutno doktorandica na Poslijediplomskom studiju knji\u017eevnosti, filma, izvedbenih umjetnosti i kulture pod mentorstvom dr. sc. Renate Jambre\u0161i\u0107-Kirin. Od 2005. godine radi kao free-lance kustosica i likovna kriti\u010darka, a od 2010. do 2017. godine radi kao znanstvena asistentica u Hrvatskom muzeju arhitekture HAZU. Za doktorsko istra\u017eivanje na temu (post)socijalisti\u010dke kulture sje\u0107anja u Hrvatskoj dobiva stipendiju Francuske vlade u sklopu koje provodi ak. god. 2014.\/15. na \u00c9cole des hautes \u00e9tudes en sciences sociales (EHESS) u Parizu pod vodstvom dr.sc. Erica Michauda. Bavi se temama koje se nalaze na presjeci\u0161tu arhitekture, vizualnih umjetnosti i knji\u017eevnosti, kroz prizmu odnosa pam\u0107enja, ideologije i kolektivnih identiteta u razdoblju od 2. svj. rata do danas.<\/p>\n<p>&nbsp;<\/p>\n<p>SONJA LEBO\u0160, autorica, urednica, kandidatkinja za doktoricu znanosti na Sveu\u010dili\u0161tu u Zadru (radni naslov: Grad na filmu, film u gradu), etnologinja i kult.antropologinja te hispanistica (FF u Zagrebu), ekspert za kulturni turizam (Sveu\u010dili\u0161te u Bolonji) i likovni pedagog (Freie Hochschule Stuttgart), studirala arhitekturu i scenografiju u Zagrebu i Pragu. Autorica projekta Mnemosyne, unutar kojeg je, izme\u0111u ostalog, predstavljena u Hrvatskoj i prva posthumna izlo\u017eba o Bogdanu Bogdanovi\u0107u.<\/p>\n<p>&nbsp;<\/p>\n<p>NATA\u0160A MATAU\u0160I\u0106, voditeljica Zbirke fotografija, filmova i negativa u Hrvatskom povijesnom muzeju. Prema vrsti materijala Zbirka je podijeljena na fotografije, filmove, negative, albume i dijapozitive.Zbirka sadr\u017ei reporta\u017enu ratnu fotografiju i to snimke fotografskih slu\u017ebi iz vremena Nezavisne Dr\u017eave Hrvatske (Foto ureda Dr\u017eavnog i promi\u010dbenog ureda kod Predsjedni\u010dtva vlade NDH, Hrvatske izvje\u0161tajne slu\u017ebe, Promi\u010dbe i fotografa u vojnim jedinicama), kao i fotografa u fotosekcijama Propagandnog odjela ZAVNOH-a (Zemaljskog antifa\u0161isti\u010dkog vije\u0107a narodnog oslobo\u0111enja Hrvatske), Oblasnog narodnooslobodila\u010dkog odbora Slavonije i Oblasnog narodnooslobodila\u010dkog odbora Dalmacije. Me\u0111u fotografima \u010dije se fotografije \u010duvaju u Zbirci svakako treba istaknuti Milenka Mitrakovi\u0107a, Gjuru Griesbacha, Mladena Gr\u010devi\u0107a, Edmunda St\u00f6gera, Ivana Softu, Dragutina Rajtari\u0107a, Milana Pavi\u0107a, Huge Fischer Ribari\u0107a, Elvire Kohn, Mladena Ivekovi\u0107a, Marijana Szaba, \u0110ure Vrkljana,Vladimira Bakari\u0107a\u2026Razdoblje socijalizma je zastupljeno s fotografijama obnove, izgradnje, radnih akcija, kongresa te fotografijama iz razdoblja planske privrede i tehnike. Osamostaljenje Republike Hrvatske i Domovinski rat dokumentira vi\u0161e od 3000 sakupljenih fotografija koje su snimili profesionalni fotoreporteri ali i fotografi amateri sudionici ratnih zbivanja.<\/p>\n<p>&nbsp;<\/p>\n<p>BOGDAN \u017dI\u017dI\u0106 hrvatski je reditelj i scenarist prete\u017eno kratkih i dokumentarnih filmova.Bogdan \u017di\u017ei\u0107 je ro\u0111en u Solinu, diplomirao je pravo na Pravnom fakultetu u Zagrebu. Jedan je od najplodnijih hrvatskih autora kratkometra\u017enih dokumentarnih i igranih (pokatkad i eksperimentalno usmjerenih) filmova, \u010desto nagra\u0111ivanih na me\u0111unarodnim festivalima (Oberhausen, Leipzig, Krakov, Sofija, Trst, New York, Atlanta i dr.). Od 1960-64. radi kao dramaturg u Zagreb filmu, a kao re\u017eiser debitira dokumentarnim filmom Poplava (1964.) o poznatoj velikoj poplavi u Zagrebu.<\/p>\n<p>Izbor iz filmografije:<\/p>\n<p>Ku\u0107a (1975.)<\/p>\n<p>Ne naginji se van (1977.)<\/p>\n<p>Daj \u0161to da\u0161 (1979.)<\/p>\n<p>Rani snijeg u M\u00fcnchenu (1984.)<\/p>\n<p>Cijena \u017eivota (1994.)<\/p>\n<p><strong>\u00a0<\/strong><\/p>\n<p>Izvor: <a href=\"http:\/\/uiii.hr\/exhibitions\/mnemosyne-jasenovac-na-filmu\">http:\/\/uiii.hr\/exhibitions\/mnemosyne-jasenovac-na-filmu<\/a><\/p>\n<p>&nbsp;<\/p>\n<p>&nbsp;<\/p>\n<p>&nbsp;<\/p>\n","protected":false},"excerpt":{"rendered":"","protected":false},"author":2,"featured_media":16890,"comment_status":"open","ping_status":"open","sticky":false,"template":"","format":"standard","meta":{"_acf_changed":false,"jetpack_post_was_ever_published":false,"_jetpack_newsletter_access":"","_jetpack_dont_email_post_to_subs":false,"_jetpack_newsletter_tier_id":0,"_jetpack_memberships_contains_paywalled_content":false,"_jetpack_memberships_contains_paid_content":false,"footnotes":"","jetpack_publicize_message":"","jetpack_publicize_feature_enabled":true,"jetpack_social_post_already_shared":true,"jetpack_social_options":{"image_generator_settings":{"template":"highway","default_image_id":0,"font":"","enabled":false},"version":2}},"categories":[13,3],"tags":[],"class_list":["post-16889","post","type-post","status-publish","format-standard","has-post-thumbnail","hentry","category-filmovi-i-serije","category-novosti"],"acf":{"facebook_opis":""},"jetpack_publicize_connections":[],"jetpack_featured_media_url":"https:\/\/i0.wp.com\/historiografija.hr\/wp-content\/uploads\/2019\/10\/jasenovac_foto-Damil-Kalogjera.jpg?fit=917%2C567&ssl=1","jetpack_sharing_enabled":true,"jetpack-related-posts":[{"id":52717,"url":"https:\/\/historiografija.hr\/?p=52717","url_meta":{"origin":16889,"position":0},"title":"Okrugli stol &#8220;Dvjestapedeset godina Sjedinjenih Ameri\u010dkih Dr\u017eava \u2013 od kolonije do prve zemlje svijeta i dalje&#8221;","author":"Filip \u0160imunjak","date":"29. travnja 2026.","format":false,"excerpt":"Ove godine obilje\u017eava se 250. obljetnica osnutka Sjedinjenih Ameri\u010dkih Dr\u017eava, povodom koje je pokrenut niz rasprava o ameri\u010dkoj povijesti, njezinoj globalnoj ulozi i naslje\u0111u koje se prote\u017ee od 1776. do danas. Obljetnica je ujedno prilika za promi\u0161ljanje o tome kako danas tuma\u010dimo ameri\u010dku pro\u0161lost, ali i (aktualnu) ulogu SAD-a u\u2026","rel":"","context":"U &quot;Novosti&quot;","block_context":{"text":"Novosti","link":"https:\/\/historiografija.hr\/?cat=3"},"img":{"alt_text":"","src":"https:\/\/i0.wp.com\/historiografija.hr\/wp-content\/uploads\/2026\/04\/Kliofest-01-utorak-I-02-OS-250-godina-SAD.jpg?fit=1200%2C566&ssl=1&resize=350%2C200","width":350,"height":200,"srcset":"https:\/\/i0.wp.com\/historiografija.hr\/wp-content\/uploads\/2026\/04\/Kliofest-01-utorak-I-02-OS-250-godina-SAD.jpg?fit=1200%2C566&ssl=1&resize=350%2C200 1x, https:\/\/i0.wp.com\/historiografija.hr\/wp-content\/uploads\/2026\/04\/Kliofest-01-utorak-I-02-OS-250-godina-SAD.jpg?fit=1200%2C566&ssl=1&resize=525%2C300 1.5x, https:\/\/i0.wp.com\/historiografija.hr\/wp-content\/uploads\/2026\/04\/Kliofest-01-utorak-I-02-OS-250-godina-SAD.jpg?fit=1200%2C566&ssl=1&resize=700%2C400 2x, https:\/\/i0.wp.com\/historiografija.hr\/wp-content\/uploads\/2026\/04\/Kliofest-01-utorak-I-02-OS-250-godina-SAD.jpg?fit=1200%2C566&ssl=1&resize=1050%2C600 3x"},"classes":[]},{"id":52619,"url":"https:\/\/historiografija.hr\/?p=52619","url_meta":{"origin":16889,"position":1},"title":"Predavanje \u0110ur\u0111ice Vitkovi\u0107 &#8220;Izme\u0111u pera i objektiva: Zagorka i Foto Tonka&#8221;","author":"Branimir Jankovi\u0107","date":"23. travnja 2026.","format":false,"excerpt":"Memorijalni stan Marije Juri\u0107 Zagorke poziva Vas na predavanje \u0110ur\u0111ice Vitkovi\u0107 \u201eIzme\u0111u pera i objektiva: Zagorka i Foto Tonka\u201c koje \u0107e se odr\u017eati u utorak, 28. travnja 2026. s po\u010detkom u 18 h u sklopu Ciklusa predavanja u Memorijalnom stanu Marije Juri\u0107 Zagorke. Kako su se susrele knji\u017eevnost i fotografija\u2026","rel":"","context":"U &quot;Novosti&quot;","block_context":{"text":"Novosti","link":"https:\/\/historiografija.hr\/?cat=3"},"img":{"alt_text":"","src":"https:\/\/i0.wp.com\/historiografija.hr\/wp-content\/uploads\/2024\/11\/Zagorka_ciklus.jpg?fit=1200%2C1006&ssl=1&resize=350%2C200","width":350,"height":200,"srcset":"https:\/\/i0.wp.com\/historiografija.hr\/wp-content\/uploads\/2024\/11\/Zagorka_ciklus.jpg?fit=1200%2C1006&ssl=1&resize=350%2C200 1x, https:\/\/i0.wp.com\/historiografija.hr\/wp-content\/uploads\/2024\/11\/Zagorka_ciklus.jpg?fit=1200%2C1006&ssl=1&resize=525%2C300 1.5x, https:\/\/i0.wp.com\/historiografija.hr\/wp-content\/uploads\/2024\/11\/Zagorka_ciklus.jpg?fit=1200%2C1006&ssl=1&resize=700%2C400 2x, https:\/\/i0.wp.com\/historiografija.hr\/wp-content\/uploads\/2024\/11\/Zagorka_ciklus.jpg?fit=1200%2C1006&ssl=1&resize=1050%2C600 3x"},"classes":[]},{"id":52511,"url":"https:\/\/historiografija.hr\/?p=52511","url_meta":{"origin":16889,"position":2},"title":"Izlo\u017eba &#8220;Lica Sljemena&#8221;","author":"Branimir Jankovi\u0107","date":"17. travnja 2026.","format":false,"excerpt":"Srda\u010dno vas pozivamo na otvorenje izlo\u017ebe Lica Sljemena koje \u0107e se odr\u017eati u srijedu 22. travnja 2026. u 18 h ispred Muzeja Prigorja (Trg Dragutina Domjani\u0107a 5, Sesvete). Izlo\u017eba proizlazi iz istra\u017eivanja Nevene \u0160krbi\u0107 Alempijevi\u0107, Petre Kelemen i Sanje Potkonjak te intervjua sa Sljemena\u0161icama i Sljemena\u0161ima, koji su provedeni u\u2026","rel":"","context":"U &quot;Izlo\u017ebe&quot;","block_context":{"text":"Izlo\u017ebe","link":"https:\/\/historiografija.hr\/?cat=10"},"img":{"alt_text":"","src":"https:\/\/i0.wp.com\/historiografija.hr\/wp-content\/uploads\/2026\/04\/Izlozba-Lica-Sljemena.png?fit=1080%2C686&ssl=1&resize=350%2C200","width":350,"height":200,"srcset":"https:\/\/i0.wp.com\/historiografija.hr\/wp-content\/uploads\/2026\/04\/Izlozba-Lica-Sljemena.png?fit=1080%2C686&ssl=1&resize=350%2C200 1x, https:\/\/i0.wp.com\/historiografija.hr\/wp-content\/uploads\/2026\/04\/Izlozba-Lica-Sljemena.png?fit=1080%2C686&ssl=1&resize=525%2C300 1.5x, https:\/\/i0.wp.com\/historiografija.hr\/wp-content\/uploads\/2026\/04\/Izlozba-Lica-Sljemena.png?fit=1080%2C686&ssl=1&resize=700%2C400 2x, https:\/\/i0.wp.com\/historiografija.hr\/wp-content\/uploads\/2026\/04\/Izlozba-Lica-Sljemena.png?fit=1080%2C686&ssl=1&resize=1050%2C600 3x"},"classes":[]},{"id":52657,"url":"https:\/\/historiografija.hr\/?p=52657","url_meta":{"origin":16889,"position":3},"title":"[Predavanje] Jezik i drugost u (post)socijalisti\u010dkoj Srbiji: diskurzivne politike identiteta (YugoLab)","author":"Branimir Jankovi\u0107","date":"24. travnja 2026.","format":false,"excerpt":"U sklopu projekta Prizma \/ IMAGINATION (\u201eZami\u0161ljanje nacije: srpski nacionalni narativi u sporu (XX\u2013XXI vek)\u201c), koji se realizuje na Institutu za filozofiju i dru\u0161tvenu teoriju Univerziteta u Beogradu (2024\u20132027) uz finansijsku podr\u0161ku Fonda za nauku Republike Srbije, organizuje se serija predavanja na kojoj istra\u017eiva\u010di i istra\u017eiva\u010dice projekta predstavljaju rezultate svojih\u2026","rel":"","context":"U &quot;Novosti&quot;","block_context":{"text":"Novosti","link":"https:\/\/historiografija.hr\/?cat=3"},"img":{"alt_text":"","src":"https:\/\/i0.wp.com\/historiografija.hr\/wp-content\/uploads\/2026\/04\/IFDT_28_IV.png?fit=1200%2C675&ssl=1&resize=350%2C200","width":350,"height":200,"srcset":"https:\/\/i0.wp.com\/historiografija.hr\/wp-content\/uploads\/2026\/04\/IFDT_28_IV.png?fit=1200%2C675&ssl=1&resize=350%2C200 1x, https:\/\/i0.wp.com\/historiografija.hr\/wp-content\/uploads\/2026\/04\/IFDT_28_IV.png?fit=1200%2C675&ssl=1&resize=525%2C300 1.5x, https:\/\/i0.wp.com\/historiografija.hr\/wp-content\/uploads\/2026\/04\/IFDT_28_IV.png?fit=1200%2C675&ssl=1&resize=700%2C400 2x, https:\/\/i0.wp.com\/historiografija.hr\/wp-content\/uploads\/2026\/04\/IFDT_28_IV.png?fit=1200%2C675&ssl=1&resize=1050%2C600 3x"},"classes":[]},{"id":52528,"url":"https:\/\/historiografija.hr\/?p=52528","url_meta":{"origin":16889,"position":4},"title":"[Promocija knjige] Banja Luka u ratu: Etnopolitika i svakodnevica (1990\u20131995) (ActiveLab, YugoLab)","author":"Branimir Jankovi\u0107","date":"17. travnja 2026.","format":false,"excerpt":"Institut za filozofiju i dru\u0161tvenu teoriju i O\u0161tra Nula organizuju promociju knjige Banja Luka u ratu: Etnopolitika i svakodnevica (1990\u20131995) autorke Armine Galija\u0161, koja \u0107e se odr\u017eati 20. aprila 2026. u 12.00 sati u prostorijama Instituta (Kraljice Natalije 45, Beograd). Re\u010d je o prvom nau\u010dno utemeljenom i sistematskom radu koji\u2026","rel":"","context":"U &quot;Novosti&quot;","block_context":{"text":"Novosti","link":"https:\/\/historiografija.hr\/?cat=3"},"img":{"alt_text":"","src":"https:\/\/i0.wp.com\/historiografija.hr\/wp-content\/uploads\/2026\/04\/20-april-RS.jpg?fit=1200%2C675&ssl=1&resize=350%2C200","width":350,"height":200,"srcset":"https:\/\/i0.wp.com\/historiografija.hr\/wp-content\/uploads\/2026\/04\/20-april-RS.jpg?fit=1200%2C675&ssl=1&resize=350%2C200 1x, https:\/\/i0.wp.com\/historiografija.hr\/wp-content\/uploads\/2026\/04\/20-april-RS.jpg?fit=1200%2C675&ssl=1&resize=525%2C300 1.5x, https:\/\/i0.wp.com\/historiografija.hr\/wp-content\/uploads\/2026\/04\/20-april-RS.jpg?fit=1200%2C675&ssl=1&resize=700%2C400 2x, https:\/\/i0.wp.com\/historiografija.hr\/wp-content\/uploads\/2026\/04\/20-april-RS.jpg?fit=1200%2C675&ssl=1&resize=1050%2C600 3x"},"classes":[]},{"id":52592,"url":"https:\/\/historiografija.hr\/?p=52592","url_meta":{"origin":16889,"position":5},"title":"Predstavljanje knjige &#8220;Turska ku\u0107a u Rijeci&#8221; u Zagrebu","author":"Branimir Jankovi\u0107","date":"22. travnja 2026.","format":false,"excerpt":"U prostorijama Turskog kulturnog centra Yunus Emre u Zagrebu, u utorak 21. travnja 2026. godine, odr\u017eano je sve\u010dano predstavljanje dopunjenog izdanja knjige Turska ku\u0107a u Rijeci, u organizaciji Hrvatsko-turskog dru\u0161tva Rijeka i partnerstvu sa Skupinom prijateljstva Hrvatska-Turska Hrvatskog sabora, Veleposlanstvom Republike Turske u Republici Hrvatskoj te Turskim kulturnim centrom Yunus\u2026","rel":"","context":"U &quot;Novosti&quot;","block_context":{"text":"Novosti","link":"https:\/\/historiografija.hr\/?cat=3"},"img":{"alt_text":"","src":"https:\/\/i0.wp.com\/historiografija.hr\/wp-content\/uploads\/2026\/04\/Turska-kuca-ZG.jpg?fit=1200%2C800&ssl=1&resize=350%2C200","width":350,"height":200,"srcset":"https:\/\/i0.wp.com\/historiografija.hr\/wp-content\/uploads\/2026\/04\/Turska-kuca-ZG.jpg?fit=1200%2C800&ssl=1&resize=350%2C200 1x, https:\/\/i0.wp.com\/historiografija.hr\/wp-content\/uploads\/2026\/04\/Turska-kuca-ZG.jpg?fit=1200%2C800&ssl=1&resize=525%2C300 1.5x, https:\/\/i0.wp.com\/historiografija.hr\/wp-content\/uploads\/2026\/04\/Turska-kuca-ZG.jpg?fit=1200%2C800&ssl=1&resize=700%2C400 2x, https:\/\/i0.wp.com\/historiografija.hr\/wp-content\/uploads\/2026\/04\/Turska-kuca-ZG.jpg?fit=1200%2C800&ssl=1&resize=1050%2C600 3x"},"classes":[]}],"_links":{"self":[{"href":"https:\/\/historiografija.hr\/index.php?rest_route=\/wp\/v2\/posts\/16889","targetHints":{"allow":["GET"]}}],"collection":[{"href":"https:\/\/historiografija.hr\/index.php?rest_route=\/wp\/v2\/posts"}],"about":[{"href":"https:\/\/historiografija.hr\/index.php?rest_route=\/wp\/v2\/types\/post"}],"author":[{"embeddable":true,"href":"https:\/\/historiografija.hr\/index.php?rest_route=\/wp\/v2\/users\/2"}],"replies":[{"embeddable":true,"href":"https:\/\/historiografija.hr\/index.php?rest_route=%2Fwp%2Fv2%2Fcomments&post=16889"}],"version-history":[{"count":4,"href":"https:\/\/historiografija.hr\/index.php?rest_route=\/wp\/v2\/posts\/16889\/revisions"}],"predecessor-version":[{"id":16894,"href":"https:\/\/historiografija.hr\/index.php?rest_route=\/wp\/v2\/posts\/16889\/revisions\/16894"}],"wp:featuredmedia":[{"embeddable":true,"href":"https:\/\/historiografija.hr\/index.php?rest_route=\/wp\/v2\/media\/16890"}],"wp:attachment":[{"href":"https:\/\/historiografija.hr\/index.php?rest_route=%2Fwp%2Fv2%2Fmedia&parent=16889"}],"wp:term":[{"taxonomy":"category","embeddable":true,"href":"https:\/\/historiografija.hr\/index.php?rest_route=%2Fwp%2Fv2%2Fcategories&post=16889"},{"taxonomy":"post_tag","embeddable":true,"href":"https:\/\/historiografija.hr\/index.php?rest_route=%2Fwp%2Fv2%2Ftags&post=16889"}],"curies":[{"name":"wp","href":"https:\/\/api.w.org\/{rel}","templated":true}]}}