{"id":16852,"date":"2019-10-19T19:48:28","date_gmt":"2019-10-19T19:48:28","guid":{"rendered":"http:\/\/historiografija.hr\/?p=16852"},"modified":"2019-10-19T20:22:38","modified_gmt":"2019-10-19T20:22:38","slug":"povodom-prijepora-o-upotrebi-cirilice-u-vukovaru","status":"publish","type":"post","link":"https:\/\/historiografija.hr\/?p=16852","title":{"rendered":"Povodom prijepora o upotrebi \u0107irilice u Vukovaru"},"content":{"rendered":"<p>U kontekstu prijedloga uvo\u0111enja novog praznika Dana sje\u0107anja na \u017ertve Domovinskog rata i Dana sje\u0107anja na \u017ertvu Vukovara i \u0160kabrnje ne bi bilo lo\u0161e voditi ra\u010duna o tome da politike povijesti \u010desto u praksi proizvode nove konflikte, kako se ju\u010der moglo vidjeti na primjeru lokalne politike u Vukovaru.\u00a0 I dok se o prijepornom i osjetljivom pitanju upotrebe \u0107irilice u Vukovaru trenutno izja\u0161njavaju Ustavni sud, dr\u017eavne i lokalne vlasti, stranke i politi\u010dari te gra\u0111ani Vukovara, \u0107irili\u0107no pismo u takvoj se atmosferi gleda u najgorem slu\u010daju samo kao \u201cagresorsko pismo\u201d ili u najboljem tek kao manjinsko pitanje Srba u Hrvatskoj. Pri tome u javnosti potpuno izostaje isticanje va\u017enosti \u0107irilice za hrvatsku kulturu koja je osim toga i njezin dio kao kulturna ba\u0161tina Srba u Hrvatskoj. Iako o tome znanstvenici kontinuirano govore u stru\u010dnim forumima, bilo bi dobro kad bi se institucije ili grupe znanstvenika oglasili i javnim priop\u0107enjima. Pitanje \u0107irilice, dru\u0161tvenih sukoba i odnosa prema pro\u0161losti ne bismo trebali ostaviti samo politici, sudstvu ili medijima, svakako i zbog toga \u0161to o\u010dito utje\u010du na na\u010dine na koje \u0107e se u javnosti gledati na povijest i kulturu. Bit \u0107e to javna\/dru\u0161tvena znanja s kojima \u0107e djeca i mladi dolaziti na \u0161kole i fakultete.<\/p>\n<p>&nbsp;<\/p>\n<p>Urednik<\/p>\n<p>&nbsp;<\/p>\n<p>&#8212;<\/p>\n<p>&nbsp;<\/p>\n<p><strong>Burna sjednica Gradskog vije\u0107a Grada Vukovara protekla u incidentnom tonu, donesena odluka da nisu ste\u010deni uvjeti za pove\u0107anje prava za pripadnike srpske nacionalne manjine<\/strong><\/p>\n<p><a href=\"https:\/\/www.vecernji.hr\/vijesti\/ivan-penava-nisu-se-stekli-uvjeti-za-prosirenje-prava-srpskoj-manjini-1353153\">https:\/\/www.vecernji.hr\/vijesti\/ivan-penava-nisu-se-stekli-uvjeti-za-prosirenje-prava-srpskoj-manjini-1353153<\/a><\/p>\n<p><a href=\"http:\/\/hr.n1info.com\/Vijesti\/a452543\/Incident-u-Vukovaru-SDSS-ovac-Penavi-dao-statut-na-cirilici-on-ga-bacio-na-pod.html\">http:\/\/hr.n1info.com\/Vijesti\/a452543\/Incident-u-Vukovaru-SDSS-ovac-Penavi-dao-statut-na-cirilici-on-ga-bacio-na-pod.html<\/a><\/p>\n<p><a href=\"https:\/\/vijesti.hrt.hr\/551211\/penava-vukovar-kleknut-i-past-u-velikosprsku-retoriku-nece\">https:\/\/vijesti.hrt.hr\/551211\/penava-vukovar-kleknut-i-past-u-velikosprsku-retoriku-nece<\/a><\/p>\n<p><a href=\"https:\/\/www.jutarnji.hr\/vijesti\/hrvatska\/penava-komentirao-incident-na-sjednici-moja-danasnja-reakcija-uopce-nije-bila-burna-nego-je-bila-sasvim-normalna-s-obzirom-na-okolnosti-u-vukovaru\/9506483\/\">https:\/\/www.jutarnji.hr\/vijesti\/hrvatska\/penava-komentirao-incident-na-sjednici-moja-danasnja-reakcija-uopce-nije-bila-burna-nego-je-bila-sasvim-normalna-s-obzirom-na-okolnosti-u-vukovaru\/9506483\/<\/a><\/p>\n<p>&nbsp;<\/p>\n<p>&nbsp;<\/p>\n<p><strong>Kampanja SNV-a \u2018Da se bolje razumijemo\u2019 za \u201cskidanje stigme sa \u0107irilice\u201d<\/strong><\/p>\n<p><a href=\"http:\/\/hr.n1info.com\/Vijesti\/a452351\/SNV-najavio-pocetak-kampanje-za-skidanje-stigme-sa-cirilice.html\">http:\/\/hr.n1info.com\/Vijesti\/a452351\/SNV-najavio-pocetak-kampanje-za-skidanje-stigme-sa-cirilice.html<\/a><\/p>\n<p><a href=\"https:\/\/www.portalnovosti.com\/snv-kampanjom-da-se-bolje-razumijemo-trazi-da-se-skine-stigma-s-cirilice\">https:\/\/www.portalnovosti.com\/snv-kampanjom-da-se-bolje-razumijemo-trazi-da-se-skine-stigma-s-cirilice<\/a><\/p>\n<p>&nbsp;<\/p>\n<p>&nbsp;<\/p>\n<p><strong>Kampanje protiv \u0107irilice i dr.<\/strong><\/p>\n<p>Nas Hrvate nitko ne mora podu\u010davati \u0161to je \u0107irilica. Mi jako dobro znamo kako je ona u pro\u0161losti bila i hrvatsko pismo, ali ovdje je u pitanju ODNOS PREMA PUZAJU\u0106OJ AGRESIJI I \u0106IRILICI KAO SREDSTVU GRUBE PROVOKACIJE I PONOVNE VIKTIMIZACIJE \u017dRTAVA U VUKOVARU, ALI I SVIH DRUGIH \u017dRTAVA KOJE JO\u0160 UVIJEK NISU DO\u010cEKALE ZADOVOLJ\u0160TINU KA\u017dNJAVANJA NAJVE\u0106IH I NAJGORIH RATNIH ZLO\u010cINACA I SILOVATELJA.<\/p>\n<p><a href=\"https:\/\/kamenjar.com\/cirilici-nije-mjesto-u-vukovaru-ona-u-ovom-slucaju-nije-obicno-pismo-nego-sredstvo-agresije\/\">https:\/\/kamenjar.com\/cirilici-nije-mjesto-u-vukovaru-ona-u-ovom-slucaju-nije-obicno-pismo-nego-sredstvo-agresije\/<\/a><\/p>\n<p><a href=\"https:\/\/www.portalnovosti.com\/plakati-po-petrinji-protiv-festivala-ojkace\">https:\/\/www.portalnovosti.com\/plakati-po-petrinji-protiv-festivala-ojkace<\/a><\/p>\n<p>&nbsp;<\/p>\n<p>&nbsp;<\/p>\n<p><strong>\u0106irilica je i hrvatsko pismo<\/strong><\/p>\n<p>Vinko Tadi\u0107<\/p>\n<p><strong>2018.<\/strong><\/p>\n<p>Povodom najnovijih reagiranja lokalnih politi\u010dara u po\u017ee\u0161kom kraju na sasvim slu\u010dajnu pojavu \u0107irilice u jednom matemati\u010dkom zadatku te bure neprimjerenih osuda upotrebe \u0107irilice u \u0161koli<\/p>\n<p><a href=\"https:\/\/www.portalnovosti.com\/cirilica-je-i-hrvatsko-pismo\">https:\/\/www.portalnovosti.com\/cirilica-je-i-hrvatsko-pismo<\/a><\/p>\n<p>&nbsp;<\/p>\n<p>&nbsp;<\/p>\n<p>&#8212;<\/p>\n<p>&nbsp;<\/p>\n<p>&nbsp;<\/p>\n<p>MATEO \u017dAGAR, PALEOSLAVIST I SVEU\u010cILI\u0160NI PROFESOR<\/p>\n<p><strong>Hrvatska \u0107irilica dio je bogatstva hrvatske povijesne raznolikosti<\/strong><\/p>\n<p>Razgovarala Mira Muhoberac<\/p>\n<p><strong>2012.<\/strong><\/p>\n<p><em>\u0160utnja oko 500. obljetnice na\u0161ega \u0107irili\u010dkog prvotiska rje\u010dito je upozorila da ne\u0161to u koncepciji na\u0161e filologije nije u redu, ali isto tako da i u \u0161iroj javnosti, umjesto ponosa, postoji stanovit zazor prema tre\u0107emu hrvatskom pismu \/ Osnovna namjera skupa jest intenzivirati prou\u010davanje zanemarenoga \u0107irili\u010dkog korpusa u svim aspektima te time osvijestiti njegovu uklju\u010denost u hrvatsku povijest i kulturu \/ \u0106irilica nije slu\u017eila kao neko rezervno pismo, samo gdjegdje, i to u odabranim prilikama, ve\u0107 upravo suprotno, bila je ona dominantno hrvatsko pismo na \u0161iroku prostoru \/ Spremni smo potisnuti i dio sebe samo kako bismo izbjegli strah od poistovje\u0107ivanja s onom kulturom u ime koje se nerijetko negirala na\u0161a <\/em><\/p>\n<p><a href=\"http:\/\/www.matica.hr\/vijenac\/488\/hrvatska-cirilica-dio-je-bogatstva-hrvatske-povijesne-raznolikosti-18705\/\">http:\/\/www.matica.hr\/vijenac\/488\/hrvatska-cirilica-dio-je-bogatstva-hrvatske-povijesne-raznolikosti-18705\/<\/a><\/p>\n<p>&nbsp;<\/p>\n<p>&nbsp;<\/p>\n<p><strong>Hrvatska \u0107irili\u010dna ba\u0161tina<\/strong><\/p>\n<p>Hrvatska revija, <strong>2012.<\/strong><\/p>\n<p><a href=\"http:\/\/www.matica.hr\/media\/uploads\/hr\/2012\/hr-2012-4.pdf\">http:\/\/www.matica.hr\/media\/uploads\/hr\/2012\/hr-2012-4.pdf<\/a><\/p>\n<p>&nbsp;<\/p>\n<p>&nbsp;<\/p>\n<p><strong>U povodu 500. obljetnice izdan <em>Hrvatski \u0107irili\u010dni molitvenik <\/em>iz 1512. godine<\/strong><\/p>\n<p>Najstarija hrvatska \u0107irilicom tiskana knjiga<\/p>\n<p>Stjepan Damjanovi\u0107<\/p>\n<p><strong>2014.<\/strong><\/p>\n<p><a href=\"http:\/\/www.matica.hr\/vijenac\/520\/najstarija-hrvatska-cirilicom-tiskana-knjiga-22828\/\">http:\/\/www.matica.hr\/vijenac\/520\/najstarija-hrvatska-cirilicom-tiskana-knjiga-22828\/<\/a><\/p>\n<p>&nbsp;<\/p>\n<p>&nbsp;<\/p>\n<p><strong>Hrvatski \u0107irili\u010dni Molitvenik na \u010dast je hrvatskoj kulturi<\/strong><\/p>\n<p>Denis Derk<\/p>\n<p><strong>2014.<\/strong><\/p>\n<p>Hrvatski domoljubi u svojim bi bibliotekama trebali imati ovu knji\u017enicu na \u0107irilici jer je \u0107irilica bila \u017eivo pismo na velikim dijelu hrvatskog prostora od 11. do 13. stolje\u0107a<\/p>\n<p><a href=\"https:\/\/www.vecernji.hr\/kultura\/sreca-da-andro-vlahusic-nije-prior-samostana-953455\">https:\/\/www.vecernji.hr\/kultura\/sreca-da-andro-vlahusic-nije-prior-samostana-953455<\/a><\/p>\n<p>&nbsp;<\/p>\n<p>&nbsp;<\/p>\n<p><strong>Hrvatska \u0107irilica se razlikuje od gr\u010dke, srpske i bugarske ili ruske<\/strong><\/p>\n<p><strong>2016.<\/strong><\/p>\n<p>\u0106irilicu su, uz glagoljicu i latinicu, u privatne i slu\u017ebene svrhe rabili \u010dlanovi poznatih hrvatskih obitelji: Frankopani, Zrinski, Keglevi\u0107i, Petar Kru\u017ei\u0107, Nikola Juri\u0161i\u0107\u2026<\/p>\n<p><a href=\"http:\/\/www.tjedno.hr\/hrvatska-cirilica-se-razlikuje-od-grcke-srpske-i-bugarske-ili-ruske\/\">http:\/\/www.tjedno.hr\/hrvatska-cirilica-se-razlikuje-od-grcke-srpske-i-bugarske-ili-ruske\/<\/a><\/p>\n<p>&nbsp;<\/p>\n<p>&nbsp;<\/p>\n<p><strong>Emisija \u201ePovijesne kontroverze\u201c: \u0106irilica u hrvatskoj kulturnoj povijesti<\/strong><\/p>\n<p>Ivan Botica<\/p>\n<p><strong>2017.<\/strong><\/p>\n<p><a href=\"https:\/\/historiografija.hr\/?p=3218\">https:\/\/historiografija.hr\/?p=3218<\/a><\/p>\n<p>&nbsp;<\/p>\n<p>&nbsp;<\/p>\n<p><strong>Predstavljena knjiga \u201eAlbum hrvatske \u0107irilice u Zbirci rukopisa i starih knjiga Nacionalne i sveu\u010dili\u0161ne knji\u017enice u Zagrebu\u201c<\/strong><\/p>\n<p><strong>2019.<\/strong><\/p>\n<p><a href=\"http:\/\/www.nsk.hr\/predstavljena-knjiga-album-hrvatske-cirilice-u-zbirci-rukopisa-i-starih-knjiga-nacionalne-i-sveucilisne-knjiznice-u-zagrebu\/\">http:\/\/www.nsk.hr\/predstavljena-knjiga-album-hrvatske-cirilice-u-zbirci-rukopisa-i-starih-knjiga-nacionalne-i-sveucilisne-knjiznice-u-zagrebu\/<\/a><\/p>\n<p>&nbsp;<\/p>\n<p>&nbsp;<\/p>\n<p><strong>Eduard Hercigonja, \u201cTropismena i trojezi\u010dna kultura hrvatskoga srednjovjekovlja\u201d (1994-2019)<\/strong><\/p>\n<p><a href=\"https:\/\/historiografija.hr\/?p=16550\">https:\/\/historiografija.hr\/?p=16550<\/a><\/p>\n<p>&nbsp;<\/p>\n<p>&nbsp;<\/p>\n<p>&#8212;<\/p>\n<p>&nbsp;<\/p>\n<p>&nbsp;<\/p>\n<p><strong>Prijeti li \u0107irilici izumiranje?<\/strong><\/p>\n<p>Od prvih pisanih spomenika \u0107irilicu nalazimo jednako na prostoru dana\u0161nje Bosne i Hercegovine, Srbije i dijelom Hrvatske.<\/p>\n<p><strong>2019.<\/strong><\/p>\n<p><a href=\"http:\/\/balkans.aljazeera.net\/vijesti\/prijeti-li-cirilici-izumiranje\">http:\/\/balkans.aljazeera.net\/vijesti\/prijeti-li-cirilici-izumiranje<\/a><\/p>\n<p>&nbsp;<\/p>\n<p>&nbsp;<\/p>\n<p>&nbsp;<\/p>\n","protected":false},"excerpt":{"rendered":"","protected":false},"author":2,"featured_media":16855,"comment_status":"open","ping_status":"open","sticky":false,"template":"","format":"standard","meta":{"_acf_changed":false,"jetpack_post_was_ever_published":false,"_jetpack_newsletter_access":"","_jetpack_dont_email_post_to_subs":false,"_jetpack_newsletter_tier_id":0,"_jetpack_memberships_contains_paywalled_content":false,"_jetpack_memberships_contains_paid_content":false,"footnotes":"","jetpack_publicize_message":"","jetpack_publicize_feature_enabled":true,"jetpack_social_post_already_shared":true,"jetpack_social_options":{"image_generator_settings":{"template":"highway","default_image_id":0,"font":"","enabled":false},"version":2}},"categories":[3,17],"tags":[],"class_list":["post-16852","post","type-post","status-publish","format-standard","has-post-thumbnail","hentry","category-novosti","category-rasprave"],"acf":{"facebook_opis":""},"jetpack_publicize_connections":[],"jetpack_featured_media_url":"https:\/\/i0.wp.com\/historiografija.hr\/wp-content\/uploads\/2019\/10\/album-hrvatske-cirilice-1.jpg?fit=381%2C406&ssl=1","jetpack_sharing_enabled":true,"jetpack-related-posts":[{"id":52502,"url":"https:\/\/historiografija.hr\/?p=52502","url_meta":{"origin":16852,"position":0},"title":"Novi znanstveni projekt Hrvatskog instituta za povijest: \u201c\u017drtve ratova i dr\u017eavnog\/politi\u010dkog nasilja u hrvatskoj povijesti 20. stolje\u0107a\u201d","author":"Branimir Jankovi\u0107","date":"17. travnja 2026.","format":false,"excerpt":"Na redovitoj sjednici Vlade RH, 16. travnja 2026., donijet je Zaklju\u010dak kojim se pokre\u0107e znanstveni projekt \u201c\u017drtve ratova i dr\u017eavnog\/politi\u010dkog nasilja u hrvatskoj povijesti 20. stolje\u0107a\u201d. Projekt \u0107e provoditi i koordinirati Hrvatski institut za povijest u razdoblju trajanja projekta od pet godina. Zakljucak Vlade RH Iz teksta projektnog prijedloga: Problematika\u2026","rel":"","context":"U &quot;Novosti&quot;","block_context":{"text":"Novosti","link":"https:\/\/historiografija.hr\/?cat=3"},"img":{"alt_text":"","src":"https:\/\/i0.wp.com\/historiografija.hr\/wp-content\/uploads\/2026\/04\/Vlada-RH.jpg?fit=1200%2C557&ssl=1&resize=350%2C200","width":350,"height":200,"srcset":"https:\/\/i0.wp.com\/historiografija.hr\/wp-content\/uploads\/2026\/04\/Vlada-RH.jpg?fit=1200%2C557&ssl=1&resize=350%2C200 1x, https:\/\/i0.wp.com\/historiografija.hr\/wp-content\/uploads\/2026\/04\/Vlada-RH.jpg?fit=1200%2C557&ssl=1&resize=525%2C300 1.5x, https:\/\/i0.wp.com\/historiografija.hr\/wp-content\/uploads\/2026\/04\/Vlada-RH.jpg?fit=1200%2C557&ssl=1&resize=700%2C400 2x, https:\/\/i0.wp.com\/historiografija.hr\/wp-content\/uploads\/2026\/04\/Vlada-RH.jpg?fit=1200%2C557&ssl=1&resize=1050%2C600 3x"},"classes":[]},{"id":52505,"url":"https:\/\/historiografija.hr\/?p=52505","url_meta":{"origin":16852,"position":1},"title":"Izlo\u017eba &#8220;Eschenstock \/ Jasenov prut&#8221;","author":"Branimir Jankovi\u0107","date":"17. travnja 2026.","format":false,"excerpt":"Srpsko narodno vije\u0107e (SNV) i Vizura aperta postavljaju izlo\u017ebu \u0161vicarskog slikara Velimira Ili\u0161evi\u0107a: Eschenstock \/ Jasenov prut. Izlo\u017eba se uz prisustvo autora otvara povodom 81. godi\u0161njice proboja logora\u0161a iz usta\u0161kog logora smrti Jasenovac 22. aprila 2026. u 19 sati u Srpskom kulturnom centru (SKC) u Preradovi\u0107evoj ulici 21 u Zagrebu.\u2026","rel":"","context":"U &quot;Izlo\u017ebe&quot;","block_context":{"text":"Izlo\u017ebe","link":"https:\/\/historiografija.hr\/?cat=10"},"img":{"alt_text":"","src":"https:\/\/i0.wp.com\/historiografija.hr\/wp-content\/uploads\/2026\/04\/Jasenov_prut.jpg?fit=1024%2C640&ssl=1&resize=350%2C200","width":350,"height":200,"srcset":"https:\/\/i0.wp.com\/historiografija.hr\/wp-content\/uploads\/2026\/04\/Jasenov_prut.jpg?fit=1024%2C640&ssl=1&resize=350%2C200 1x, https:\/\/i0.wp.com\/historiografija.hr\/wp-content\/uploads\/2026\/04\/Jasenov_prut.jpg?fit=1024%2C640&ssl=1&resize=525%2C300 1.5x, https:\/\/i0.wp.com\/historiografija.hr\/wp-content\/uploads\/2026\/04\/Jasenov_prut.jpg?fit=1024%2C640&ssl=1&resize=700%2C400 2x"},"classes":[]},{"id":52536,"url":"https:\/\/historiografija.hr\/?p=52536","url_meta":{"origin":16852,"position":2},"title":"Kader Abdolah, \u201ePrije nego \u0161to bude kasno\u201c","author":"Branimir Jankovi\u0107","date":"20. travnja 2026.","format":false,"excerpt":"Kader Abdolah \u017eeli se vratiti ku\u0107i. Ali povratak je nemogu\u0107: u Iranu bi bio uhap\u0161en. Pod la\u017enim imenom i s krivotvorenim paso\u0161em ipak uspijeva u\u0107i u domovinu i sti\u017ee do roditeljske ku\u0107e, visoko u planinama. Majka ga ne prepoznaje, otac je mrtav, a sve \u0161to je tra\u017eio izmi\u010de mu pred\u2026","rel":"","context":"U &quot;Novosti&quot;","block_context":{"text":"Novosti","link":"https:\/\/historiografija.hr\/?cat=3"},"img":{"alt_text":"","src":"https:\/\/i0.wp.com\/historiografija.hr\/wp-content\/uploads\/2026\/04\/Prije-nego-sto-bude-kasno.webp?fit=566%2C872&ssl=1&resize=350%2C200","width":350,"height":200,"srcset":"https:\/\/i0.wp.com\/historiografija.hr\/wp-content\/uploads\/2026\/04\/Prije-nego-sto-bude-kasno.webp?fit=566%2C872&ssl=1&resize=350%2C200 1x, https:\/\/i0.wp.com\/historiografija.hr\/wp-content\/uploads\/2026\/04\/Prije-nego-sto-bude-kasno.webp?fit=566%2C872&ssl=1&resize=525%2C300 1.5x"},"classes":[]},{"id":52573,"url":"https:\/\/historiografija.hr\/?p=52573","url_meta":{"origin":16852,"position":3},"title":"Znanstvena konferencija &#8220;Filozofija odgoja: povijest, praksa, perspektive&#8221;","author":"Branimir Jankovi\u0107","date":"21. travnja 2026.","format":false,"excerpt":"Znanstvena konferencija \"Filozofija odgoja: povijest, praksa, perspektive\" odr\u017eat \u0107e se 23. i 24. travnja 2026. u Konferencijskoj dvorani Knji\u017enice Filozofskog fakulteta u Zagrebu (2. kat).\u00a0Konferencija je organizirana u okviru projekta\u00a0SUMKOS (voditeljica prof. dr. sc. Ivana Zagorac, financiran\u00a0sredstvima NextGenerationEU), uz potporu Odsjeka za filozofiju.\u00a0 Uz izlaga\u010dki dio, konferencija obuhva\u0107a i izlo\u017ebu\u2026","rel":"","context":"U &quot;Novosti&quot;","block_context":{"text":"Novosti","link":"https:\/\/historiografija.hr\/?cat=3"},"img":{"alt_text":"","src":"","width":0,"height":0},"classes":[]},{"id":52592,"url":"https:\/\/historiografija.hr\/?p=52592","url_meta":{"origin":16852,"position":4},"title":"Predstavljanje knjige &#8220;Turska ku\u0107a u Rijeci&#8221; u Zagrebu","author":"Branimir Jankovi\u0107","date":"22. travnja 2026.","format":false,"excerpt":"U prostorijama Turskog kulturnog centra Yunus Emre u Zagrebu, u utorak 21. travnja 2026. godine, odr\u017eano je sve\u010dano predstavljanje dopunjenog izdanja knjige Turska ku\u0107a u Rijeci, u organizaciji Hrvatsko-turskog dru\u0161tva Rijeka i partnerstvu sa Skupinom prijateljstva Hrvatska-Turska Hrvatskog sabora, Veleposlanstvom Republike Turske u Republici Hrvatskoj te Turskim kulturnim centrom Yunus\u2026","rel":"","context":"U &quot;Novosti&quot;","block_context":{"text":"Novosti","link":"https:\/\/historiografija.hr\/?cat=3"},"img":{"alt_text":"","src":"https:\/\/i0.wp.com\/historiografija.hr\/wp-content\/uploads\/2026\/04\/Turska-kuca-ZG.jpg?fit=1200%2C800&ssl=1&resize=350%2C200","width":350,"height":200,"srcset":"https:\/\/i0.wp.com\/historiografija.hr\/wp-content\/uploads\/2026\/04\/Turska-kuca-ZG.jpg?fit=1200%2C800&ssl=1&resize=350%2C200 1x, https:\/\/i0.wp.com\/historiografija.hr\/wp-content\/uploads\/2026\/04\/Turska-kuca-ZG.jpg?fit=1200%2C800&ssl=1&resize=525%2C300 1.5x, https:\/\/i0.wp.com\/historiografija.hr\/wp-content\/uploads\/2026\/04\/Turska-kuca-ZG.jpg?fit=1200%2C800&ssl=1&resize=700%2C400 2x, https:\/\/i0.wp.com\/historiografija.hr\/wp-content\/uploads\/2026\/04\/Turska-kuca-ZG.jpg?fit=1200%2C800&ssl=1&resize=1050%2C600 3x"},"classes":[]},{"id":52657,"url":"https:\/\/historiografija.hr\/?p=52657","url_meta":{"origin":16852,"position":5},"title":"[Predavanje] Jezik i drugost u (post)socijalisti\u010dkoj Srbiji: diskurzivne politike identiteta (YugoLab)","author":"Branimir Jankovi\u0107","date":"24. travnja 2026.","format":false,"excerpt":"U sklopu projekta Prizma \/ IMAGINATION (\u201eZami\u0161ljanje nacije: srpski nacionalni narativi u sporu (XX\u2013XXI vek)\u201c), koji se realizuje na Institutu za filozofiju i dru\u0161tvenu teoriju Univerziteta u Beogradu (2024\u20132027) uz finansijsku podr\u0161ku Fonda za nauku Republike Srbije, organizuje se serija predavanja na kojoj istra\u017eiva\u010di i istra\u017eiva\u010dice projekta predstavljaju rezultate svojih\u2026","rel":"","context":"U &quot;Novosti&quot;","block_context":{"text":"Novosti","link":"https:\/\/historiografija.hr\/?cat=3"},"img":{"alt_text":"","src":"https:\/\/i0.wp.com\/historiografija.hr\/wp-content\/uploads\/2026\/04\/IFDT_28_IV.png?fit=1200%2C675&ssl=1&resize=350%2C200","width":350,"height":200,"srcset":"https:\/\/i0.wp.com\/historiografija.hr\/wp-content\/uploads\/2026\/04\/IFDT_28_IV.png?fit=1200%2C675&ssl=1&resize=350%2C200 1x, https:\/\/i0.wp.com\/historiografija.hr\/wp-content\/uploads\/2026\/04\/IFDT_28_IV.png?fit=1200%2C675&ssl=1&resize=525%2C300 1.5x, https:\/\/i0.wp.com\/historiografija.hr\/wp-content\/uploads\/2026\/04\/IFDT_28_IV.png?fit=1200%2C675&ssl=1&resize=700%2C400 2x, https:\/\/i0.wp.com\/historiografija.hr\/wp-content\/uploads\/2026\/04\/IFDT_28_IV.png?fit=1200%2C675&ssl=1&resize=1050%2C600 3x"},"classes":[]}],"_links":{"self":[{"href":"https:\/\/historiografija.hr\/index.php?rest_route=\/wp\/v2\/posts\/16852","targetHints":{"allow":["GET"]}}],"collection":[{"href":"https:\/\/historiografija.hr\/index.php?rest_route=\/wp\/v2\/posts"}],"about":[{"href":"https:\/\/historiografija.hr\/index.php?rest_route=\/wp\/v2\/types\/post"}],"author":[{"embeddable":true,"href":"https:\/\/historiografija.hr\/index.php?rest_route=\/wp\/v2\/users\/2"}],"replies":[{"embeddable":true,"href":"https:\/\/historiografija.hr\/index.php?rest_route=%2Fwp%2Fv2%2Fcomments&post=16852"}],"version-history":[{"count":7,"href":"https:\/\/historiografija.hr\/index.php?rest_route=\/wp\/v2\/posts\/16852\/revisions"}],"predecessor-version":[{"id":16861,"href":"https:\/\/historiografija.hr\/index.php?rest_route=\/wp\/v2\/posts\/16852\/revisions\/16861"}],"wp:featuredmedia":[{"embeddable":true,"href":"https:\/\/historiografija.hr\/index.php?rest_route=\/wp\/v2\/media\/16855"}],"wp:attachment":[{"href":"https:\/\/historiografija.hr\/index.php?rest_route=%2Fwp%2Fv2%2Fmedia&parent=16852"}],"wp:term":[{"taxonomy":"category","embeddable":true,"href":"https:\/\/historiografija.hr\/index.php?rest_route=%2Fwp%2Fv2%2Fcategories&post=16852"},{"taxonomy":"post_tag","embeddable":true,"href":"https:\/\/historiografija.hr\/index.php?rest_route=%2Fwp%2Fv2%2Ftags&post=16852"}],"curies":[{"name":"wp","href":"https:\/\/api.w.org\/{rel}","templated":true}]}}