{"id":16821,"date":"2019-10-18T13:00:03","date_gmt":"2019-10-18T13:00:03","guid":{"rendered":"http:\/\/historiografija.hr\/?p=16821"},"modified":"2019-10-18T13:05:53","modified_gmt":"2019-10-18T13:05:53","slug":"ii-international-conference-in-historiography-debrecen-17-19th-october-2019","status":"publish","type":"post","link":"https:\/\/historiografija.hr\/?p=16821","title":{"rendered":"II International Conference in Historiography (Debrecen, 17-19th October 2019)"},"content":{"rendered":"<p>To the memory of Istv\u00e1n Szab\u00f3 (1898-1969)<\/p>\n<p>To the memory of Georg G. Iggers (1926-2017)<\/p>\n<p>Book and journal presentations (The Engaged Historian. Edited by Stefan Berger, Basingstoke, 2019. Aetas, 2019\/2. Storia della storiografia, 2018\/1)<\/p>\n<p>&nbsp;<\/p>\n<p>&#8212;<\/p>\n<p>&nbsp;<\/p>\n<p><strong>II International Conference in Historiography<\/strong><\/p>\n<p>&nbsp;<\/p>\n<p>Venue: University of Debrecen, Egyetem square 1., Main Building, Room: 316. Library, Institute for History<\/p>\n<p>&nbsp;<\/p>\n<p>Programme:<\/p>\n<p>&nbsp;<\/p>\n<p><strong>17th, October (In Hungarian): To the memory of Istv\u00e1n Szab\u00f3 (1898-1969)<\/strong><\/p>\n<p><strong>\u00a0<\/strong><\/p>\n<p><em>13h<\/em>: Opening, greetings.<\/p>\n<p>&nbsp;<\/p>\n<p>Chair: P\u00f3k Attila (Budapest)<\/p>\n<p>&nbsp;<\/p>\n<p><em>13.30-14h<\/em>: Orosz Istv\u00e1n (Debrecen): Szab\u00f3 Istv\u00e1n k\u00e9t tanulm\u00e1nya a magyar jobb\u00e1gys\u00e1g t\u00f6rt\u00e9net\u00e9r\u0151l. (Istv\u00e1n Szab\u00f3\u2019s two studies about the history of peasantry).<\/p>\n<p><em>14-14.30h<\/em>: K\u00f6v\u00e9r Gy\u00f6rgy (Budapest): Munkak\u00f6z\u00f6ss\u00e9g az oszt\u00e1lyharc frontvonal\u00e1n (1950-1952). (A research group on the frontline of\u00a0 the class struggle [1950-1952])<\/p>\n<p><em>14.30-15.00h<\/em>: Er\u0151s Vilmos (Debrecen): Egy polg\u00e1ri t\u00f6rt\u00e9n\u00e9sz (Szab\u00f3 Istv\u00e1n) \u00fcld\u00f6ztet\u00e9sei az 1950-es \u00e9vekben. (The persecutions of a \u201ebourgeois\u201d historian [Istv\u00e1n Szab\u00f3] in the 1950s.)<\/p>\n<p>&nbsp;<\/p>\n<p><em>15.00-15.30h<\/em>: Discussion, coffee-break.<\/p>\n<p>&nbsp;<\/p>\n<p>Chair: K\u00f6v\u00e9r Gy\u00f6rgy (Budapest)<\/p>\n<p>&nbsp;<\/p>\n<p><em>15.30-16.00h<\/em>: T\u00f6r\u0151 L\u00e1szl\u00f3 D\u00e1vid (Debrecen): A Burgenland-atlas (1941) keletkez\u00e9se \u00e9s t\u00f6rt\u00e9neti koncepci\u00f3ja. (The genesis of the Burgenland-atlas [1941] and its conception of history.)<\/p>\n<p><em>16.00-16.30h<\/em>: P\u00f3k Attila (Budapest): Szem\u00e9lyes eml\u00e9kek Georg G. Iggersr\u0151l. (Personal reminiscence about Georg G. Iggers).<\/p>\n<p>&nbsp;<\/p>\n<p><em>16.30-17.00h<\/em>: Discussion.<\/p>\n<p>&nbsp;<\/p>\n<p><strong>18th, October (In English): To the memory of Georg G. Iggers (1926-2017)<\/strong><\/p>\n<p><strong>\u00a0<\/strong><\/p>\n<p>Chair:\u00a0 Er\u0151s Vilmos (Debrecen)<\/p>\n<p>&nbsp;<\/p>\n<p><em>10.00-11.00h<\/em>: Stefan Berger (Bochum): History Writing and Collective Identity Formation: what is the Relationship Today?<\/p>\n<p><em>11.00-11.30h<\/em>: Monika Ba\u00e1r (Leiden): New Directions in Social History: Writing the History of Disability.<\/p>\n<p><em>11.30-12.00h<\/em>: L\u00e9vai Csaba (Debrecen): A Classic in Social History, or a Masterpiece of Microhistory. The Genesis of \u201eSalem Possessed\u201d by Paul Boyer and Steven Nissenbaum.<\/p>\n<p><em>11-30-12.h<\/em>: S\u00e9llei N\u00f3ra (Debrecen): Gender Troubles in Hungary.<\/p>\n<p>&nbsp;<\/p>\n<p><em>12-12.30h<\/em>: Discussion, coffee-break.<\/p>\n<p><em>12.30-14h<\/em>: Lunch.<\/p>\n<p>&nbsp;<\/p>\n<p>Chair: Monika Ba\u00e1r (Leiden)<\/p>\n<p>&nbsp;<\/p>\n<p><em>14.00-14.30h<\/em>: Kir\u00e1ly Bodn\u00e1r Tibor (Budapest): Critical Methods and the Late Enlightement History. Martin Schwartner (1759-1823) and the Reappraisal of Diplomatics.<\/p>\n<p><em>14.30-15.00h<\/em>: Lajtai L\u00e1szl\u00f3 (Budapest): Reconsidered rootedness. P\u00e1l Hunfalvy (1810-1891) and the rewriting of ethnogenesis and ethnic past in Dualist Hungary.<\/p>\n<p><em>15.00-15.30h<\/em>:\u00a0 Moln\u00e1r G\u00e9za (Budapest): The Hungarian Diplomacy about the Italian Fascism between the two World Wars.<\/p>\n<p>&nbsp;<\/p>\n<p><em>15.30-16.00h<\/em>: Discussion, coffee-break.<\/p>\n<p>&nbsp;<\/p>\n<p><em>16.00-17h<\/em>: Book and journal presentations. (The Engaged Historian. Ed. by: Stefan Berger, Basingstoke, 2019. Aetas, 2019\/2. Storia della storiografia, 2018\/1.)<\/p>\n<p>&nbsp;<\/p>\n<p><strong>\u00a019th, October (In German and English): To the memory of Georg G. Iggers (1926-2017)<\/strong><\/p>\n<p><strong>\u00a0<\/strong><\/p>\n<p>Chair: Er\u0151s Vilmos (Debrecen)<\/p>\n<p>&nbsp;<\/p>\n<p><em>10.00-10.30h<\/em>: Kiss Endre (Budapest): Perspektivismus und Autoritaet des grossen Historikers. Der Fall Jacob Burckhardt.<\/p>\n<p><em>10.30-11h<\/em>: Paul Maurice (Paris): Die ambivalenten Verhaeltnisse des marxistischen Wirtschaftshistorikers J\u00fcrgen Kyczinski zu der politischen Macht in der DDR Historiographie.<\/p>\n<p>&nbsp;<\/p>\n<p>Chair: L\u00e9vai Csaba (Debrecen)<\/p>\n<p>&nbsp;<\/p>\n<p><em>11.00-11.30h<\/em>: T\u00f6r\u0151 L\u00e1szl\u00f3 D\u00e1vid (Debrecen): The Burgerland-debate between the Austrian and Hungarian historians in the first half of the 1930s.<\/p>\n<p><em>11.30-12.00h<\/em>: Martina Pillingov\u00e1 (Slovakia): The dissolution of the Austro-Hungarian Monarchy and the creation of Czechoslovakia in Slovak vocational school textbooks.<\/p>\n<p><em>12.00-12.30h<\/em>: Er\u0151s Vilmos (Debrecen): About the Concept of Historiography. Paradigms in the Modern European Historical Writing.<\/p>\n<p>&nbsp;<\/p>\n<p><em>12.30-13. 00h<\/em>: Discussion. Closing remarks to the conference.<\/p>\n<p>&nbsp;<\/p>\n<p><strong>\u00a0 <\/strong><\/p>\n<p><strong>II. Nemzetk\u00f6zi Historiogr\u00e1fiai Konferencia<\/strong><\/p>\n<p>&nbsp;<\/p>\n<p><a href=\"https:\/\/hirek.unideb.hu\/hu\/esemeny\/191014_ii-nemzetkozi-historiografiai-konferencia\">https:\/\/hirek.unideb.hu\/hu\/esemeny\/191014_ii-nemzetkozi-historiografiai-konferencia<\/a><\/p>\n<p>&nbsp;<\/p>\n<p><a href=\"https:\/\/hirek.unideb.hu\/sites\/hirek.unideb.hu\/files\/20191017konferencia.pdf\">https:\/\/hirek.unideb.hu\/sites\/hirek.unideb.hu\/files\/20191017konferencia.pdf<\/a><\/p>\n<p>&nbsp;<\/p>\n<p>&nbsp;<\/p>\n","protected":false},"excerpt":{"rendered":"","protected":false},"author":2,"featured_media":16822,"comment_status":"open","ping_status":"open","sticky":false,"template":"","format":"standard","meta":{"_acf_changed":false,"jetpack_post_was_ever_published":false,"_jetpack_newsletter_access":"","_jetpack_dont_email_post_to_subs":false,"_jetpack_newsletter_tier_id":0,"_jetpack_memberships_contains_paywalled_content":false,"_jetpack_memberships_contains_paid_content":false,"footnotes":"","jetpack_publicize_message":"","jetpack_publicize_feature_enabled":true,"jetpack_social_post_already_shared":true,"jetpack_social_options":{"image_generator_settings":{"template":"highway","default_image_id":0,"font":"","enabled":false},"version":2}},"categories":[3,9],"tags":[],"class_list":["post-16821","post","type-post","status-publish","format-standard","has-post-thumbnail","hentry","category-novosti","category-skupovi"],"acf":{"facebook_opis":""},"jetpack_publicize_connections":[],"jetpack_featured_media_url":"https:\/\/i0.wp.com\/historiografija.hr\/wp-content\/uploads\/2019\/10\/Debrecen.png?fit=225%2C225&ssl=1","jetpack_sharing_enabled":true,"jetpack-related-posts":[{"id":52641,"url":"https:\/\/historiografija.hr\/?p=52641","url_meta":{"origin":16821,"position":0},"title":"CfP: WHO OWNS THE PAST? VERNACULAR MEMORY, STATE MEMORY, AND THE POLITICS OF OWNERSHIP","author":"Branimir Jankovi\u0107","date":"24. travnja 2026.","format":false,"excerpt":"VIENNA, 31ST AUGUST\u20133RD SEPTEMBER 2026 (DEADLINE: 24TH APRIL 2026) The Center for Austrian Studies at the European Forum at the Hebrew University and the Austrian Academy of Sciences\/Institute of Culture Studies invite early postdocs, PhD candidates, and advanced Master\u2019s students from the Hebrew University of Jerusalem and universities and academic\u2026","rel":"","context":"U &quot;Novosti&quot;","block_context":{"text":"Novosti","link":"https:\/\/historiografija.hr\/?cat=3"},"img":{"alt_text":"","src":"https:\/\/i0.wp.com\/historiografija.hr\/wp-content\/uploads\/2017\/10\/hsozkult.png?fit=1006%2C241&ssl=1&resize=350%2C200","width":350,"height":200,"srcset":"https:\/\/i0.wp.com\/historiografija.hr\/wp-content\/uploads\/2017\/10\/hsozkult.png?fit=1006%2C241&ssl=1&resize=350%2C200 1x, https:\/\/i0.wp.com\/historiografija.hr\/wp-content\/uploads\/2017\/10\/hsozkult.png?fit=1006%2C241&ssl=1&resize=525%2C300 1.5x, https:\/\/i0.wp.com\/historiografija.hr\/wp-content\/uploads\/2017\/10\/hsozkult.png?fit=1006%2C241&ssl=1&resize=700%2C400 2x"},"classes":[]},{"id":52580,"url":"https:\/\/historiografija.hr\/?p=52580","url_meta":{"origin":16821,"position":1},"title":"Conference &#8220;Living in the aftermaths: Trauma, politics and survival in Yugoslavia and successor states, 1945 \u2013 present&#8221;","author":"Branimir Jankovi\u0107","date":"21. travnja 2026.","format":false,"excerpt":"The conference aims to explore how war-related psychological distress was experienced, narrated, debated and reframed in Yugoslavia in the second half of the twentieth century. It asks how the theme of wounded psyche and wartime suffering was addressed and acknowledged in political, psychiatric and broader cultural discourses of socialist Yugoslavia,\u2026","rel":"","context":"U &quot;Novosti&quot;","block_context":{"text":"Novosti","link":"https:\/\/historiografija.hr\/?cat=3"},"img":{"alt_text":"","src":"https:\/\/i0.wp.com\/historiografija.hr\/wp-content\/uploads\/2026\/04\/Battle_of_Neretva_Picasso_poster-Conference-Living-in-the-aftermaths.webp?fit=564%2C954&ssl=1&resize=350%2C200","width":350,"height":200,"srcset":"https:\/\/i0.wp.com\/historiografija.hr\/wp-content\/uploads\/2026\/04\/Battle_of_Neretva_Picasso_poster-Conference-Living-in-the-aftermaths.webp?fit=564%2C954&ssl=1&resize=350%2C200 1x, https:\/\/i0.wp.com\/historiografija.hr\/wp-content\/uploads\/2026\/04\/Battle_of_Neretva_Picasso_poster-Conference-Living-in-the-aftermaths.webp?fit=564%2C954&ssl=1&resize=525%2C300 1.5x"},"classes":[]},{"id":52664,"url":"https:\/\/historiografija.hr\/?p=52664","url_meta":{"origin":16821,"position":2},"title":"CfP: CONFERENCE OF THE HISTORY OF CONCEPTS GROUP, HELSINKI, 19TH\u201321ST AUGUST 2026 (DEADLINE: 30TH APRIL 2026)","author":"Branimir Jankovi\u0107","date":"24. travnja 2026.","format":false,"excerpt":"The annual conference of the History of Concepts Group is held at the University of Helsinki, 19-21 August 2026. Conference of the History of Concepts Group Conceptual history studies the use of concepts and tries to understand how historical actors have linguistically articulated views of the world. Studying concepts from\u2026","rel":"","context":"U &quot;Novosti&quot;","block_context":{"text":"Novosti","link":"https:\/\/historiografija.hr\/?cat=3"},"img":{"alt_text":"","src":"https:\/\/i0.wp.com\/historiografija.hr\/wp-content\/uploads\/2017\/10\/hsozkult.png?fit=1006%2C241&ssl=1&resize=350%2C200","width":350,"height":200,"srcset":"https:\/\/i0.wp.com\/historiografija.hr\/wp-content\/uploads\/2017\/10\/hsozkult.png?fit=1006%2C241&ssl=1&resize=350%2C200 1x, https:\/\/i0.wp.com\/historiografija.hr\/wp-content\/uploads\/2017\/10\/hsozkult.png?fit=1006%2C241&ssl=1&resize=525%2C300 1.5x, https:\/\/i0.wp.com\/historiografija.hr\/wp-content\/uploads\/2017\/10\/hsozkult.png?fit=1006%2C241&ssl=1&resize=700%2C400 2x"},"classes":[]},{"id":52622,"url":"https:\/\/historiografija.hr\/?p=52622","url_meta":{"origin":16821,"position":3},"title":"Annual CAPONEU conference: Political Novel in Europe Between Democracy and Authoritarianism","author":"Branimir Jankovi\u0107","date":"23. travnja 2026.","format":false,"excerpt":"Caponeu event 22.04.2026 - 24.04.2026 Location: The Faculty of Polish and Classical Philology AMU (Fredry 10, Pozna\u0144)Organized by: Tomasz Mizerkiewicz, Krystyna Pieni\u0105\u017cek-Markovi\u0107, Anna Gawarecka, Ewa Szperlik, Magda Potok, B\u0142a\u017cej Warkocki, Gerard Ronge (all Adam Mickiewicz University in Pozna\u0144)Contact: gerron@amu.edu.pl The Adam Mickiewicz University team, as part of the international CAPONEU\u2026","rel":"","context":"U &quot;Novosti&quot;","block_context":{"text":"Novosti","link":"https:\/\/historiografija.hr\/?cat=3"},"img":{"alt_text":"","src":"https:\/\/i0.wp.com\/historiografija.hr\/wp-content\/uploads\/2026\/04\/Caponeu-political-novel.jpg?fit=500%2C261&ssl=1&resize=350%2C200","width":350,"height":200},"classes":[]},{"id":52516,"url":"https:\/\/historiografija.hr\/?p=52516","url_meta":{"origin":16821,"position":4},"title":"Marko Grde\u0161i\u0107, Mislav \u017ditko, \u201eSocialist Economics in Yugoslavia: A Critical History\u201c","author":"Branimir Jankovi\u0107","date":"17. travnja 2026.","format":false,"excerpt":"This book presents a critical history of Yugoslav socialist economics, from its inception in the late 1940s to its dissolution in the late 1980s. After the dramatic break with the Soviet Union in 1948, Yugoslavia found itself in urgent need of a third way: A socialist trajectory which would not\u2026","rel":"","context":"U &quot;Knjige&quot;","block_context":{"text":"Knjige","link":"https:\/\/historiografija.hr\/?cat=8"},"img":{"alt_text":"","src":"https:\/\/i0.wp.com\/historiografija.hr\/wp-content\/uploads\/2026\/04\/Zitko_Grdesic.jpg?fit=350%2C535&ssl=1&resize=350%2C200","width":350,"height":200},"classes":[]},{"id":52531,"url":"https:\/\/historiografija.hr\/?p=52531","url_meta":{"origin":16821,"position":5},"title":"Jonathan G. Leslie, \u201eFear and Insecurity: Israel and the Iran Threat Narrative\u201c","author":"Branimir Jankovi\u0107","date":"17. travnja 2026.","format":false,"excerpt":"Why is Israel\u2019s former ally Iran now perceived as the country\u2019s greatest threat? Description To observers of the Iran-Israel conflict, its vitriolic rhetoric might suggest an ancient hatred between Jews and Muslims\u2013a biblical feud dating back hundreds, or thousands, of years. But this rivalry is a far more modern development.\u2026","rel":"","context":"U &quot;Knjige&quot;","block_context":{"text":"Knjige","link":"https:\/\/historiografija.hr\/?cat=8"},"img":{"alt_text":"","src":"https:\/\/i0.wp.com\/historiografija.hr\/wp-content\/uploads\/2026\/04\/Leslie.jpg?fit=391%2C612&ssl=1&resize=350%2C200","width":350,"height":200},"classes":[]}],"_links":{"self":[{"href":"https:\/\/historiografija.hr\/index.php?rest_route=\/wp\/v2\/posts\/16821","targetHints":{"allow":["GET"]}}],"collection":[{"href":"https:\/\/historiografija.hr\/index.php?rest_route=\/wp\/v2\/posts"}],"about":[{"href":"https:\/\/historiografija.hr\/index.php?rest_route=\/wp\/v2\/types\/post"}],"author":[{"embeddable":true,"href":"https:\/\/historiografija.hr\/index.php?rest_route=\/wp\/v2\/users\/2"}],"replies":[{"embeddable":true,"href":"https:\/\/historiografija.hr\/index.php?rest_route=%2Fwp%2Fv2%2Fcomments&post=16821"}],"version-history":[{"count":4,"href":"https:\/\/historiografija.hr\/index.php?rest_route=\/wp\/v2\/posts\/16821\/revisions"}],"predecessor-version":[{"id":16826,"href":"https:\/\/historiografija.hr\/index.php?rest_route=\/wp\/v2\/posts\/16821\/revisions\/16826"}],"wp:featuredmedia":[{"embeddable":true,"href":"https:\/\/historiografija.hr\/index.php?rest_route=\/wp\/v2\/media\/16822"}],"wp:attachment":[{"href":"https:\/\/historiografija.hr\/index.php?rest_route=%2Fwp%2Fv2%2Fmedia&parent=16821"}],"wp:term":[{"taxonomy":"category","embeddable":true,"href":"https:\/\/historiografija.hr\/index.php?rest_route=%2Fwp%2Fv2%2Fcategories&post=16821"},{"taxonomy":"post_tag","embeddable":true,"href":"https:\/\/historiografija.hr\/index.php?rest_route=%2Fwp%2Fv2%2Ftags&post=16821"}],"curies":[{"name":"wp","href":"https:\/\/api.w.org\/{rel}","templated":true}]}}