{"id":16700,"date":"2019-10-12T09:40:07","date_gmt":"2019-10-12T09:40:07","guid":{"rendered":"http:\/\/historiografija.hr\/?p=16700"},"modified":"2019-10-12T19:21:33","modified_gmt":"2019-10-12T19:21:33","slug":"marijan-kraljevic-prikaz-knjige-enzo-traverso-melankolija-ljevice-snaga-jedne-skrivene-tradicije-xix-xx-stoljece-2018","status":"publish","type":"post","link":"https:\/\/historiografija.hr\/?p=16700","title":{"rendered":"Marijan Kraljevi\u0107 &#8211; prikaz knjige &#8211; Enzo Traverso, &#8220;Melankolija ljevice: Snaga jedne skrivene tradicije (XIX.\u2013XX. stolje\u0107e)&#8221;, 2018."},"content":{"rendered":"<p>&nbsp;<\/p>\n<p><strong>Enzo Traverso, <em>Melankolija ljevice: Snaga jedne skrivene tradicije (XIX. \u2013 XX. stolje\u0107e)<\/em>, preveo s francuskog Rade Kalanj, TIM Press, Zagreb 2018., 235 str.<\/strong><\/p>\n<p>&nbsp;<\/p>\n<p>Pisanje o povijesti ljevice i pojedinim ljevi\u010darskim pokretima uvijek sa sobom naravno nosi problem teorijskog, eksplicitnog ili implicitnog, modela na temelju kojeg \u0107emo pisati historiju ljevice. Taj problem postaje utoliko ve\u0107i ako se bavimo povije\u0161\u0107u komunisti\u010dke ljevice, povije\u0161\u0107u koja je izrazito kontroverzna i \u010dije su historiografske interpretacije \u010desto opre\u010dne. Danas je posebno u slu\u010daju komunisti\u010dke ljevice, barem u Hrvatskoj, dobrim dijelom i dalje dominantan totalitarni model. Razli\u010diti autori razli\u010dito primjenjuju ovaj model i sam koncept totalitarizma, no u svakom slu\u010daju svi autori koji ga koriste nagla\u0161avaju autoritarizam, fanatizam, netoleranciju ovih pokreta kao i navodno totalitarnu vlast komunisti\u010dkih re\u017eima, a neki autori pritom nagla\u0161avaju navodne poveznice izme\u0111u totalitarnih ideologija fa\u0161izma i nacizma s jedne i komunizma s druge strane. Taj model je u me\u0111unarodnoj historiografiji pretrpio zna\u010dajan udarac, pogotovo na podru\u010dju historije SSSR-a od strane tzv. revizionisti\u010dke \u0161kole (Sheila Fitzpatrick, Ronald G. Suny i dr.). Me\u0111utim u Hrvatskoj je totalitarni model i dalje uglavnom dominantan. U ovom kontekstu djelo <em>Melankolija ljevice <\/em>Enza Traversa je prili\u010dno zna\u010dajno po\u0161to predstavlja druga\u010diji pristup neoptere\u0107en konceptom totalitarizma te naj\u010de\u0161\u0107e implicitno, a u nekim trenucima i eksplicitno, kritizira model koji se nekada shva\u0107a kao jedini odgovaraju\u0107i model.<\/p>\n<p>Enzo Traverso je talijanski histori\u010dar, koji je dugo radio u Francuskoj, a trenutno je zaposlen kao profesor Sveu\u010dili\u0161ta Cornell. Traversov fokus uglavnom je na modernoj i suvremenoj povijesti, pri \u010demu je glavno podru\u010dje njegova istra\u017eivanja intelektualna historija, no bavi se tako\u0111er i historijom nasilja u 20. stolje\u0107u, primjerice nacisti\u010dkim nasiljem u djelu <em>The Origins of Nazi Violence<\/em>. Unutar poddiscipline intelektualne historije bavi se razli\u010ditim temama kao \u0161to su marksisti\u010dke debate o \u017eidovskom pitanju, \u017eidovska modernost i antisemitizam, mjesto Holokausta u poslijeratnom razdoblju, intelektualci i upotreba povijesti, koncept totalitarizma i njegov razvoj kroz povijest. Djelo <em>Melankolija ljevice<\/em> tako\u0111er spada u intelektualnu historiju, a pritom Traverso melankoliju ljevice ne analizira samo kao intelektualne proizvode ve\u0107 i ljevi\u010darsku strukturu sje\u0107anja koja je za njega usko povezana sa samom melankolijom ljevice. Uz <em>Melankoliju ljevice<\/em>, na hrvatski jezik prevedeni su 2018. godine i njegova knjiga <em>Nova lica fa\u0161izma<\/em> i \u010dlanak \u201eTotalitarizam. Povijest i aporije koncepta\u201c.<\/p>\n<p><em>Melankolija ljevice: Snaga jedne skrivene tradicije (XIX. \u2013 XX. stolje\u0107e)<\/em> u francuskom izvorniku objavljena je 2016. godine pod nazivom <em>M\u00e9lancolie de gauche\u00a0: La force d\u2019une tradition cach\u00e9e (XIXe-XXIe si\u00e8cle)<\/em>. Djelo se sastoji od pet poglavlja u kojima Traverso prvo definira \u0161to je to zapravo melankolija ljevice kao \u201cskrivena tradicija\u201d ljevice. Nakon toga istra\u017euje razvoj ove tradicije kroz povijest, od njene pojave u Marxovim djelima sredinom 19. stolje\u0107a, sve do njenih manifestacija krajem 20. stolje\u0107a, npr. u djelima Daniela Bensa\u00efda. Melankoliju ljevice analizira i kroz slikarska, knji\u017eevna te filmska djela, a posebno se osvr\u0107e na melankoliju proiza\u0161lu iz propu\u0161tenog susreta zapadnog marksizma i antikolonijalizma. Pritom poku\u0161ava dokazati da je melankolija ljevice postojala prakti\u010dki od njenih po\u010detaka, no tek nakon trijumfa liberalizma nad socijalizmom 1989. postaje vidljiva.<\/p>\n<p>Traverso melankoliju ljevice smatra jednom dimenzijom kulture ljevice. Autor od Hanne Arendt preuzima koncept skrivene tradicije te ga primjenjuje na melankoliju ljevice \u2013 melankolija ljevice je skrivena tradicija zato \u0161to ne pripada kanonskim elementima socijalizma i komunizma, naime \u201eona sa slavnom epohom, u ve\u0107ini slu\u010dajeva iluzornom i pogre\u0161nom, uglavnom ne dijeli trijumfe i velika postignu\u0107a\u201d (str. 11). Svaku vrstu melankolije uzrokuje te\u017eina nekog poraza ili gubitka, tako i melankoliju ljevice uzrokuju \u010desto krvavi i brutalni porazi ljevi\u010darskih snaga, od gu\u0161enja Pari\u0161ke komune 1871. do dr\u017eavnog udara protiv socijalisti\u010dke vlade \u010dileanskog predsjednika Salvadora Allendea 11. rujna 1973. Iz ovoga proizlazi da je melankolija ljevice usko povezana s pam\u0107enjem ljevice. Kroz ve\u0107i dio povijesti ljevice marksizam slu\u017ei ljevici, izme\u0111u ostalog, i kao \u201cprijenosnik klasnog pam\u0107enja, emancipacijskih borbi i revolucija\u201d (str. 68). No isto kao i same borbe, i porazi u borbama su bili dio pam\u0107enja ljevice koje je marksizam prenosio i \u010duvao.<\/p>\n<p>Prema Traversu melankolija ljevice se sve do 1989. u kulturi ljevice pojavljuje kao skrivena tradicija. Bila je skrivena zbog specifi\u010dnosti strukture pam\u0107enja u marksizmu \u2013 u marksizmu je pam\u0107enje uvijek bilo usmjereno prema budu\u0107nosti, tj. prema budu\u0107im revolucionarnim borbama i na kraju prema komunisti\u010dkom dru\u0161tvu koje je trebalo biti rezultat tih borbi. Unutar takve strukture pam\u0107enja stvorio se dijalekti\u010dki odnos izme\u0111u s jedne strane melankolije koja nastaje zbog poraza u revolucionarnim borbama te navodne neizbje\u017enosti pobjede revolucije u budu\u0107nosti. Marksisti\u010dka struktura pam\u0107enja je, kao i melankolija ljevice, stoga bila usko vezana uz teleolo\u0161ku interpretaciju tijeka povijesti u kojoj je pobjeda revolucije bila neizbje\u017ena.<\/p>\n<p>Autor navodi mnogo primjera koji oslikavaju ovakvu pojavu melankolije. Marx u svojem djelu <em>Osamnaesti brumaire Louisa Bonapartea<\/em> iz 1852. pi\u0161e da proleterske revolucije stalno kritiziraju same sebe, u\u010de iz svojih pro\u0161lih poraza i gre\u0161aka, samo da bi na kraju pobijedile. Skoro dvadeset godina kasnije u djelu <em>Gra\u0111anski rat u Francuskoj<\/em> Marx jo\u0161 ja\u010de isti\u010de ve\u0107 prije nazna\u010denu viziju povijesti i mjesto koje porazi zauzimaju u njoj: \u201eRadni\u010dki Pariz, sa svojom Komunom, bit \u0107e zauvijek slavljen kao ponosni prete\u010da novog dru\u0161tva\u201c (str. 40). Na sli\u010dan na\u010din Rosa Luxemburg 1919. nekoliko dana prije smaknu\u0107a pi\u0161e \u010dlanak u kojem sve povijesne poraze ljevice, uklju\u010duju\u0107i i poraz spartakisti\u010dkog ustanka koji je i sama do\u017eivjela, predstavlja samo kao privremene poraze te zaklju\u010duje da je nakon svakog poraza komunisti\u010dki pokret postao jo\u0161 ja\u010di, pa \u0107e tome biti tako i nakon poraza spartakisti\u010dkog ustanka. Ovakva vrsta melankolije koja je slu\u017eila potvr\u0111ivanju vjere u pobjedu u budu\u0107nosti pojavljuje se i u brojnim filmovima. Gillo Pontecorvo u filmu <em>Queimada<\/em> prikazuje borbu koju antikolonijalni vo\u0111a Jos\u00e9 Dolores vodi protiv britanskih kolonista na jednom karipskom otoku \u2013 Doloresa pogubljuju kolonisti krajem filma, me\u0111utim njegova smrt je prikazana samo kao nagovje\u0161taj budu\u0107e pobjede antikolonijalne borbe. Sli\u010dnu ideju o neizbje\u017enosti pobjede antikolonijalnih snaga mo\u017eemo primijetiti i u njegovom ranijem filmu <em>Bitka za Al\u017eir<\/em> u kojem francuske kolonijalne snage uspijevaju u potpunosti uni\u0161titi nacionalno-oslobodila\u010dki pokret u gradu Al\u017eiru i ubijaju glavnog lika, no na kraju ipak dolazi do oslobo\u0111enja.<\/p>\n<p>Iako su se u nekim trenucima pojedini ljevi\u010dari odrekli ovakve teleolo\u0161ke vizije povijesti i priznali mogu\u0107nost kona\u010dnog poraza, npr. Rosa Luxemburg je 1915. napisala da se bur\u017eoasko dru\u0161tvo mo\u017ee transformirati u socijalizam, ali isto tako postoji mogu\u0107nost da skrene i u barbarizam \u010diji je primjer vidjela u u\u017easima Prvog svjetskog rata. Me\u0111utim sve do 1989. teleolo\u0161ka vizija povijesti je ostala dominantna unutar marksizma te je izra\u017eavanje melankolije uvijek bilo vezano uz neizbje\u017enost budu\u0107e pobjede. Tu dominaciju ovakve vizije mo\u017eemo vidjeti i kod same Rose Luxemburg koja je, kao \u0161to smo ve\u0107 istaknuli, 1919. godine ponovno govorila o neizbje\u017enosti pobjede komunisti\u010dkog pokreta.<\/p>\n<p>Godina 1989. i pad komunisti\u010dkih re\u017eima i navodno kona\u010dna delegitimizacija marksizma prema autoru ozna\u010davaju jasnu prekretnicu u razvoju melankolije ljevice. Svi prija\u0161nji porazi su, barem u o\u010dima samih ljevi\u010dara, izazivali divljenje i osna\u017eivali vjeru u budu\u0107u pobjedu. Me\u0111utim poraz 1989. je bio druga\u010dije naravi, ovom porazu nije prethodila velika bitka niti je bilo tipi\u010dnog ponosa pobije\u0111enih ljevi\u010dara. Izvori komunisti\u010dke utopije i nade u pobjedu su 1989. iscrpljeni \u2013 utopijske ideje postaju stvar pro\u0161losti te ostaje samo melankolija koja je sada iza\u0161la iz sjene velikih nada. Stoga ovaj poraz u autorovoj interpretaciji predstavlja kona\u010dan prekid dijalektike izme\u0111u melankolije koja proizlazi iz poraza s jedne i nade u socijalisti\u010dku budu\u0107nost s druge strane.<\/p>\n<p>Traverso me\u0111utim ovaj poraz i otkrivanje melankolije ljevice vidi kao pogodan trenutak za introspekciju i samokritiku same ljevice upravo kroz prizmu melankolije i odbijanja teleolo\u0161ke vizije povijesti. Prema njemu upravo melankoli\u010dna vizija poti\u010de izvan\u0161tenje i tako omogu\u0107uje kriti\u010dki pristup pro\u0161losti. Autor se osim toga poziva i na tezu Reinharta Kosellecka o epistemolo\u0161koj prednosti pobije\u0111enih prema kojoj su pobjednici apologetski nastrojeni, a pora\u017eeni se moraju suo\u010diti s iskustvom poraza te tako zadobivaju druga\u010diji spoznajni potencijal. Osim \u0161to prihva\u0107anje i otkrivanje melankolije omogu\u0107uje kriti\u010dki pogled, prema autoru melankolija omogu\u0107uje i o\u017eivljavanje pora\u017eenih i uni\u0161tenih nada, odnosno kako to ka\u017ee sam autor: \u201eZa razliku od prevladavaju\u0107eg humanitarnog diskursa koji sakralizira sje\u0107anje na <em>\u017ertve<\/em> ignoriraju\u0107i ili odbacuju\u0107i njihove anga\u017emane, revolucionarna melankolija svoj pogled usmjerava na <em>pobije\u0111ene<\/em>. Tragedije povezane s pro\u0161lim izgubljenim bitkama ona gleda kao breme i dug koji sadr\u017ee i obe\u0107anje oslobo\u0111enja.\u201d (str. 10). Ovakva perspektiva zasigurno pru\u017ea druga\u010diji i inovativni pogled na ljevicu izbjegavaju\u0107i pritom potpuno osu\u0111ivanje ljevi\u010darskih nada s jedne kao i nekriti\u010dku glorifikaciju svih ljevi\u010darskih re\u017eima s druge strane.<\/p>\n<p>U takvoj interpretaciji autora liberali su zapravo oni koji su apologetski nastrojeni \u2013 liberalni povjesni\u010dari poput Fran\u00e7oisa Fureta preuzimaju teleolo\u0161ku viziju povijesti u kojoj je pobjeda liberalizma \u0161to ju predstavljaju doga\u0111aji 1989. bila neizbje\u017ena, dok Eric Hobsbawm pi\u0161e sa svije\u0161\u0107u o porazu njegove ideje. Marksisti op\u0107enito po\u010dinju prihva\u0107ati mogu\u0107nost kona\u010dnog poraza, a Perry Anderson ka\u017ee da je mogu\u0107e da \u0107e ideja komunizma biti o\u017eivljena sli\u010dno kao i ideja liberalizma u dana\u0161njem neoliberalizmu, no pritom napominje da je jednako tako mogu\u0107e i da \u0107e komunizam biti zaboravljen. Daniel Bensa\u00efd \u2013 kada pi\u0161e nakon 1989. \u2013 tako\u0111er odbija teleolo\u0161ku viziju pro\u0161losti i tvrdi da je povijest otvoreno polje, citiraju\u0107i Gramscija koji ka\u017ee da se mo\u017ee predvidjeti samo borba. Godina 1989. predstavlja prekretnicu i u odnosu na filmove koji se bave ljevicom. Kao \u0161to smo ve\u0107 vidjeli kod Pontecorva, takvi filmovi \u2013 kada su uop\u0107e prikazivali poraze \u2013 odr\u017eavali su dijalektiku izme\u0111u bolnih poraza i neizbje\u017enosti budu\u0107e pobjede. Nakon 1989. ova dijalektika je razbijena i u filmu, a dobar primjer koji potvr\u0111uje ovu tezu je film Theodorosa Angelopoulusa <em>Odisejev pogled<\/em>. U filmu glavni junak putuje u ratom zahva\u0107eno Sarajevo da bi na\u0161ao prve filmove snimljene u Gr\u010dkoj stare jedno stolje\u0107e. Tijekom putovanja glavnog lika vidimo i\u0161\u010dupan Lenjinov kip koji na splavi pluta Dunavom. Za Traversa ovo predstavlja istovremeno silazak komunizma s pozornice povijesti, kao i povratak izvorima i ponovno osmi\u0161ljavanje komunizma, naime taj kip \u0107e na kraju ipak zavr\u0161iti u Njema\u010dkoj gdje je u 19. stolje\u0107u nastala ideja komunizma.<\/p>\n<p>Smatram da ovo djelo ima dvije glavne kvalitete koje ga \u010dine zna\u010dajnim. Na prvom mjestu tu je koncept melankolije ljevice i dva oblika njegove pojave. Traverso uz pomo\u0107 ovog koncepta otkriva dosad uglavnom zanemarenu dimenziju povijesti ljevice, njen odnos prema vlastitim historijskim porazima. Koncept melankolije ljevice Traversu omogu\u0107ava i kritiku teleolo\u0161ke vizije povijesti koja je obilje\u017eavala marksizam op\u0107enito i pogotovo razmi\u0161ljanje ljevice o vlastitim porazima \u2013 otkrivanje melankolije nu\u017eno podrazumijeva priznanje da postoji mogu\u0107nost kona\u010dnog poraza ljevice. Druga va\u017ena kvaliteta ovog djela je empati\u010dan, ali ipak kriti\u010dki pogled na historiju ljevice. Takav pogled omogu\u0107ava odbacivanje (neo)liberalne teleologije koja pobjedu liberalizma vidi kao kona\u010dnu i historijski neizbje\u017enu, sli\u010dno kao \u0161to su nekada marksisti pobjedu komunizma smatrali neizbje\u017enom. \u010cak i ako se ne sla\u017eemo s autorovim nastojanjima da se ideje ljevice o\u017eive kroz samokriti\u010dku refleksiju, takav pogled mo\u017ee nam pribli\u017eiti ove ideje i objasniti za\u0161to su upravo te ideje i pokreti u nekim situacijama u\u017eivali \u0161iroku podr\u0161ku, izazivali divljenje, a naposljetku i inspirirali mnoge na \u017ertvovanje za njih.<\/p>\n<p>&nbsp;<\/p>\n<p><em>Marijan Kraljevi\u0107<\/em><\/p>\n<p>&nbsp;<\/p>\n<p>&nbsp;<\/p>\n","protected":false},"excerpt":{"rendered":"","protected":false},"author":2,"featured_media":0,"comment_status":"open","ping_status":"open","sticky":false,"template":"","format":"standard","meta":{"_acf_changed":false,"jetpack_post_was_ever_published":false,"_jetpack_newsletter_access":"","_jetpack_dont_email_post_to_subs":false,"_jetpack_newsletter_tier_id":0,"_jetpack_memberships_contains_paywalled_content":false,"_jetpack_memberships_contains_paid_content":false,"footnotes":"","jetpack_publicize_message":"","jetpack_publicize_feature_enabled":true,"jetpack_social_post_already_shared":true,"jetpack_social_options":{"image_generator_settings":{"template":"highway","default_image_id":0,"font":"","enabled":false},"version":2}},"categories":[4],"tags":[],"class_list":["post-16700","post","type-post","status-publish","format-standard","hentry","category-osvrti"],"acf":{"facebook_opis":""},"jetpack_publicize_connections":[],"jetpack_featured_media_url":"","jetpack_sharing_enabled":true,"jetpack-related-posts":[{"id":52628,"url":"https:\/\/historiografija.hr\/?p=52628","url_meta":{"origin":16700,"position":0},"title":"Predavanje dopisnog \u010dlana HAZU Alaina Finkielkrauta Izrael, Europa, antisemitizam","author":"Branimir Jankovi\u0107","date":"23. travnja 2026.","format":false,"excerpt":"Francuski filozof Alain Finkielkraut, redoviti \u010dlan Francuske akademije i dopisni \u010dlan HAZU, odr\u017eat \u0107e predavanje\u00a0Izrael, Europa, antisemitizam u utorak 28. travnja 2026. u 13 sati u Knji\u017enici HAZU,\u00a0Strossmayerov trg 14 u Zagrebu. Uvodne rije\u010di odr\u017eat \u0107e\u00a0akademkinja \u017deljka \u010corak i\u00a0akademik Dra\u017een Katunari\u0107. Predavanje \u0107e se odr\u017eati na francuskom jeziku uz konsekutivno\u2026","rel":"","context":"U &quot;Novosti&quot;","block_context":{"text":"Novosti","link":"https:\/\/historiografija.hr\/?cat=3"},"img":{"alt_text":"","src":"https:\/\/i0.wp.com\/historiografija.hr\/wp-content\/uploads\/2026\/04\/Alain_Finkielkraut.jpg?fit=350%2C407&ssl=1&resize=350%2C200","width":350,"height":200},"classes":[]},{"id":52666,"url":"https:\/\/historiografija.hr\/?p=52666","url_meta":{"origin":16700,"position":1},"title":"Najava programa Festivala povijesti Kliofest (5-8. V. 2026)","author":"Branimir Jankovi\u0107","date":"24. travnja 2026.","format":false,"excerpt":"Po trinaesti put odr\u017eava se Festival povijesti Kliofest! Do petka \u0107emo odr\u017eati osam okruglih stolova i dva kolokvija te niz predstavljanja knjiga i projekata razli\u010dite tematike, od antike do suvremenosti. Bit \u0107e predstavljeno i nekoliko izlo\u017ebi te odr\u017ean jedan povijesni kviz. Prikazat \u0107emo i jedan film \u2013 o generalu Boroevi\u0107u.\u2026","rel":"","context":"U &quot;Novosti&quot;","block_context":{"text":"Novosti","link":"https:\/\/historiografija.hr\/?cat=3"},"img":{"alt_text":"","src":"https:\/\/i0.wp.com\/historiografija.hr\/wp-content\/uploads\/2026\/04\/Kliofest-2026.jpg?fit=526%2C526&ssl=1&resize=350%2C200","width":350,"height":200,"srcset":"https:\/\/i0.wp.com\/historiografija.hr\/wp-content\/uploads\/2026\/04\/Kliofest-2026.jpg?fit=526%2C526&ssl=1&resize=350%2C200 1x, https:\/\/i0.wp.com\/historiografija.hr\/wp-content\/uploads\/2026\/04\/Kliofest-2026.jpg?fit=526%2C526&ssl=1&resize=525%2C300 1.5x"},"classes":[]},{"id":52657,"url":"https:\/\/historiografija.hr\/?p=52657","url_meta":{"origin":16700,"position":2},"title":"[Predavanje] Jezik i drugost u (post)socijalisti\u010dkoj Srbiji: diskurzivne politike identiteta (YugoLab)","author":"Branimir Jankovi\u0107","date":"24. travnja 2026.","format":false,"excerpt":"U sklopu projekta Prizma \/ IMAGINATION (\u201eZami\u0161ljanje nacije: srpski nacionalni narativi u sporu (XX\u2013XXI vek)\u201c), koji se realizuje na Institutu za filozofiju i dru\u0161tvenu teoriju Univerziteta u Beogradu (2024\u20132027) uz finansijsku podr\u0161ku Fonda za nauku Republike Srbije, organizuje se serija predavanja na kojoj istra\u017eiva\u010di i istra\u017eiva\u010dice projekta predstavljaju rezultate svojih\u2026","rel":"","context":"U &quot;Novosti&quot;","block_context":{"text":"Novosti","link":"https:\/\/historiografija.hr\/?cat=3"},"img":{"alt_text":"","src":"https:\/\/i0.wp.com\/historiografija.hr\/wp-content\/uploads\/2026\/04\/IFDT_28_IV.png?fit=1200%2C675&ssl=1&resize=350%2C200","width":350,"height":200,"srcset":"https:\/\/i0.wp.com\/historiografija.hr\/wp-content\/uploads\/2026\/04\/IFDT_28_IV.png?fit=1200%2C675&ssl=1&resize=350%2C200 1x, https:\/\/i0.wp.com\/historiografija.hr\/wp-content\/uploads\/2026\/04\/IFDT_28_IV.png?fit=1200%2C675&ssl=1&resize=525%2C300 1.5x, https:\/\/i0.wp.com\/historiografija.hr\/wp-content\/uploads\/2026\/04\/IFDT_28_IV.png?fit=1200%2C675&ssl=1&resize=700%2C400 2x, https:\/\/i0.wp.com\/historiografija.hr\/wp-content\/uploads\/2026\/04\/IFDT_28_IV.png?fit=1200%2C675&ssl=1&resize=1050%2C600 3x"},"classes":[]},{"id":52578,"url":"https:\/\/historiografija.hr\/?p=52578","url_meta":{"origin":16700,"position":3},"title":"Poziv za sudjelovanje: XXII. Dani Julija Bene\u0161i\u0107a u Iloku","author":"Branimir Jankovi\u0107","date":"21. travnja 2026.","format":false,"excerpt":"Zavod za lingvisti\u010dka istra\u017eivanja Hrvatske akademije znanosti i umjetnosti, zajedno s Muzejom grada Iloka, organizira XXII. Dane Julija Bene\u0161i\u0107a, koji \u0107e se odr\u017eati od 28. do 30. listopada 2026. u Iloku.\u00a0Teme ovogodi\u0161njih Dana podijeljene su u dvije cjeline: Knji\u017eevno-jezikoslovni d\u00ecv\u0101n s Bene\u0161i\u0107em te Ilok i Srijem u povijesnim stalnicama i\u2026","rel":"","context":"U &quot;Novosti&quot;","block_context":{"text":"Novosti","link":"https:\/\/historiografija.hr\/?cat=3"},"img":{"alt_text":"","src":"https:\/\/i0.wp.com\/historiografija.hr\/wp-content\/uploads\/2019\/10\/HE2_Benesic.jpg?fit=413%2C591&ssl=1&resize=350%2C200","width":350,"height":200},"classes":[]},{"id":52569,"url":"https:\/\/historiografija.hr\/?p=52569","url_meta":{"origin":16700,"position":4},"title":"[Predavanje] Ne \u010dekaju\u0107i inspiraciju \u2013 anga\u017eovane intelektualne, kulturalne i umetni\u010dke prakse u me\u0111uratnom periodu: teorija i praksa kriti\u010dke levice u jugoslovenskoj kulturi (YugoLab)","author":"Branimir Jankovi\u0107","date":"21. travnja 2026.","format":false,"excerpt":"U vreme agresivnog ja\u010danja globalne desnice, (pro)fa\u0161isti\u010dkih, rasisti\u010dkih i imperijalisti\u010dkih politika, dok je istovremeno globalna levica izrazito slaba, a progresivni pokreti atomizirani i fragmentisani, va\u017eno je iz savremene perspektive vratiti se revolucionarnim i emancipatorskim zbivanjima u jugoslovenskom (ali i s njima u vezi internacionalnim de\u0161avanjima), kao i dru\u0161tvenoj ulozi kulturalnih\u2026","rel":"","context":"U &quot;Novosti&quot;","block_context":{"text":"Novosti","link":"https:\/\/historiografija.hr\/?cat=3"},"img":{"alt_text":"","src":"","width":0,"height":0},"classes":[]},{"id":52505,"url":"https:\/\/historiografija.hr\/?p=52505","url_meta":{"origin":16700,"position":5},"title":"Izlo\u017eba &#8220;Eschenstock \/ Jasenov prut&#8221;","author":"Branimir Jankovi\u0107","date":"17. travnja 2026.","format":false,"excerpt":"Srpsko narodno vije\u0107e (SNV) i Vizura aperta postavljaju izlo\u017ebu \u0161vicarskog slikara Velimira Ili\u0161evi\u0107a: Eschenstock \/ Jasenov prut. Izlo\u017eba se uz prisustvo autora otvara povodom 81. godi\u0161njice proboja logora\u0161a iz usta\u0161kog logora smrti Jasenovac 22. aprila 2026. u 19 sati u Srpskom kulturnom centru (SKC) u Preradovi\u0107evoj ulici 21 u Zagrebu.\u2026","rel":"","context":"U &quot;Izlo\u017ebe&quot;","block_context":{"text":"Izlo\u017ebe","link":"https:\/\/historiografija.hr\/?cat=10"},"img":{"alt_text":"","src":"https:\/\/i0.wp.com\/historiografija.hr\/wp-content\/uploads\/2026\/04\/Jasenov_prut.jpg?fit=1024%2C640&ssl=1&resize=350%2C200","width":350,"height":200,"srcset":"https:\/\/i0.wp.com\/historiografija.hr\/wp-content\/uploads\/2026\/04\/Jasenov_prut.jpg?fit=1024%2C640&ssl=1&resize=350%2C200 1x, https:\/\/i0.wp.com\/historiografija.hr\/wp-content\/uploads\/2026\/04\/Jasenov_prut.jpg?fit=1024%2C640&ssl=1&resize=525%2C300 1.5x, https:\/\/i0.wp.com\/historiografija.hr\/wp-content\/uploads\/2026\/04\/Jasenov_prut.jpg?fit=1024%2C640&ssl=1&resize=700%2C400 2x"},"classes":[]}],"_links":{"self":[{"href":"https:\/\/historiografija.hr\/index.php?rest_route=\/wp\/v2\/posts\/16700","targetHints":{"allow":["GET"]}}],"collection":[{"href":"https:\/\/historiografija.hr\/index.php?rest_route=\/wp\/v2\/posts"}],"about":[{"href":"https:\/\/historiografija.hr\/index.php?rest_route=\/wp\/v2\/types\/post"}],"author":[{"embeddable":true,"href":"https:\/\/historiografija.hr\/index.php?rest_route=\/wp\/v2\/users\/2"}],"replies":[{"embeddable":true,"href":"https:\/\/historiografija.hr\/index.php?rest_route=%2Fwp%2Fv2%2Fcomments&post=16700"}],"version-history":[{"count":6,"href":"https:\/\/historiografija.hr\/index.php?rest_route=\/wp\/v2\/posts\/16700\/revisions"}],"predecessor-version":[{"id":16719,"href":"https:\/\/historiografija.hr\/index.php?rest_route=\/wp\/v2\/posts\/16700\/revisions\/16719"}],"wp:attachment":[{"href":"https:\/\/historiografija.hr\/index.php?rest_route=%2Fwp%2Fv2%2Fmedia&parent=16700"}],"wp:term":[{"taxonomy":"category","embeddable":true,"href":"https:\/\/historiografija.hr\/index.php?rest_route=%2Fwp%2Fv2%2Fcategories&post=16700"},{"taxonomy":"post_tag","embeddable":true,"href":"https:\/\/historiografija.hr\/index.php?rest_route=%2Fwp%2Fv2%2Ftags&post=16700"}],"curies":[{"name":"wp","href":"https:\/\/api.w.org\/{rel}","templated":true}]}}