{"id":16680,"date":"2019-10-10T20:43:43","date_gmt":"2019-10-10T20:43:43","guid":{"rendered":"http:\/\/historiografija.hr\/?p=16680"},"modified":"2019-10-10T20:43:43","modified_gmt":"2019-10-10T20:43:43","slug":"objavljen-katalog-stecci-i-drugi-kasnosrednjovjekovni-nadgrobni-spomenici-zapadnoga-dubrovackog-podrucja","status":"publish","type":"post","link":"https:\/\/historiografija.hr\/?p=16680","title":{"rendered":"Objavljen katalog &#8220;Ste\u0107ci i drugi kasnosrednjovjekovni nadgrobni spomenici zapadnoga dubrova\u010dkog podru\u010dja&#8221;"},"content":{"rendered":"<p>\u201cSte\u0107ci i drugi kasnosrednjovjekovni nadgrobni spomenici zapadnoga dubrova\u010dkog podru\u010dja\u201c autora dr. sc. Domagoja Perki\u0107a novo je vrijedno izdanje Dubrova\u010dkih muzeja. Katalog je posve\u0107en Zdenku \u017deravici, preminulom kustosu Arheolo\u0161kog muzeja Dubrova\u010dkih muzeja, koji je vodio projekte obrade kasnosrednjovjekovnih kamenih nadgrobnjaka na podru\u010dju \u017dupe dubrova\u010dke i Konavala.<\/p>\n<p>&nbsp;<\/p>\n<p>Kasnosrednjovjekovni nadgrobni spomenici zapadnoga dubrova\u010dkog podru\u010dja do ove studije nisu bili obra\u0111eni iako je rije\u010d o izrazito vrijednom prostoru, s brojnim lokalitetima. Rije\u010d je o prostoru od Omble i Rijeke dubrova\u010dke na istoku do Imotice i Bistrine na zapadu te od Elafita na jugu do granice s Bosnom i Hercegovinom na sjeveru.<\/p>\n<p>&nbsp;<\/p>\n<p>Studijom je obuhva\u0107en vremenski okvir od 13. do 15. stolje\u0107a, a doneseni su osnovni podaci o ste\u0107cima i drugim kasnosrednjovjekovnim nadgrobnim spomenicima. Analizirani su oblici i motivi, dat je topografski pregled lokaliteta te je katalo\u0161ki obra\u0111eno 296 najzna\u010dajnijih primjeraka.<\/p>\n<p>&nbsp;<\/p>\n<p>Od 73 lokaliteta, 39 ih je isklju\u010divo sa ste\u0107cima, dok su preostali predstavljeni nalazima kasnosrednjovjekovnih nadgrobnih plo\u010da i u\u010delaka, odnosno kasnosrednjovjekovnih kamenoloma. Spomenuti su i lokaliteti gdje su navodno nekada bili ste\u0107ci, no tijekom vremena su nestali, uglavnom zbog raznih obnova i rekonstrukcija grobalja uokolo crkava.<\/p>\n<p>&nbsp;<\/p>\n<p>Studija pokazuje kako ste\u0107ke uglavnom nalazimo na prostoru koji dolazi u okrilje Dubrova\u010dke Republike nakon 1399. godine te da ih gotovo nema na povijesnom prostoru Astareje. S druge strane, na prostorima koji predstavljaju prvotni prostor Republike ili su u ranijim razdobljima dospjeli pod njezinu vlast, u pravilu nalazimo nadgrobne plo\u010de i u\u010delke.<\/p>\n<p>&nbsp;<\/p>\n<p>Perki\u0107 je ovom studijom nedvojbeno utvrdio da je doma\u0107e plemstvo nastavilo prakticirati obi\u010daj pokapanja pod ste\u0107cima i nakon 1399., odnosno tijekom cijeloga 15. stolje\u0107a, iako su postojale stroge zabrane koje su uklju\u010divale i oduzimanje plemi\u0107kog statusa. Posebnost \u0161ireg dubrova\u010dkog prostora, kao i prostora u njegovoj neposrednoj blizini, jest \u010dinjenica da se 90 posto lokaliteta sa ste\u0107cima nalazi uokolo crkava iako se izbor i u\u010destalost pojedinih motiva podudaraju s onima u povijesnim podru\u010djima Zahumlja i Travunije.<\/p>\n<p>&nbsp;<\/p>\n<p><strong>\u0160to su ste\u0107ci?<\/strong><\/p>\n<p>&nbsp;<\/p>\n<p>Ste\u0107ci su jedinstveni kameni nadgrobni spomenici kasnoga srednjeg vijeka zapadnog Balkana. Obi\u010dno ozna\u010duju jedan, ali katkad i vi\u0161e grobova. Nalazimo ih na podru\u010dju dana\u0161nje Bosne i Hercegovine, zapadne Srbije, Crne Gore, Kosova, te sredi\u0161nje i ju\u017ene Hrvatske. Pretpostavlja se da ih je do danas sa\u010duvano oko 70.000 na oko 3300 lokaliteta.<\/p>\n<p>&nbsp;<\/p>\n<p>U Hrvatskoj je najgu\u0161\u0107a koncentracija ste\u0107aka na podru\u010dju Dalmatinske zagore, \u0161irem podru\u010dju Neretvanske doline i dubrova\u010dkom podru\u010dju. Na podru\u010dju Dubrova\u010dko-neretvanske \u017eupanije evidentirano je 115 lokaliteta, s ukupno 1428 ste\u0107aka. Od toga je 48 lokaliteta na podru\u010dju hrvatskog dijela Donjeg Poneretvlja, 29 lokaliteta u Dubrova\u010dkom primorju, 10 lokaliteta na administrativnom prostoru grada Dubrovnika, 4 su lokaliteta u \u017dupi dubrova\u010dkoj te 24 lokaliteta u Konavlima.<\/p>\n<p>&nbsp;<\/p>\n<p><strong>Srednjovjekovne nadgrobne plo\u010de<\/strong><\/p>\n<p>&nbsp;<\/p>\n<p>Nadgrobne plo\u010de javljaju se isklju\u010divo u sklopu grobalja uz crkve ili samostane, kako u urbanim tako i ruralnim sredinama, po cijelom dalmatinskom priobalnom dijelu i otocima, za razliku od ste\u0107aka koji su u pravilu u ruralnim krajevima. Vrlo su \u010desto bile ukra\u0161avane motivima koje nalazimo i na ste\u0107cima: \u0161tit i ma\u010d, luk i strijela, rozete, polumjesec, pa su \u010desto i poistovje\u0107ivane sa ste\u0107cima u obliku plo\u010da. Me\u0111utim, za razliku od ste\u0107aka, one nemaju rubne ukrase, znatno su finije obrade i stilski dora\u0111enijih motiva, a obi\u010dno su i tanje. Razlika se ogleda i u \u010dinjenici \u0161to se nadgrobne plo\u010de u svojim varijacijama nastavljaju upotrebljavati nakon ste\u0107aka, kroz gotovo cijeli novi vijek.<\/p>\n<p>&nbsp;<\/p>\n<p><strong>Nadgrobni u\u010delci<\/strong><\/p>\n<p>&nbsp;<\/p>\n<p>Nadgrobni u\u010delci su kamene plo\u010de vertikalno polo\u017eene iznad pokojnikove glave, jednim dijelom ukopane u zemlju, a ve\u0107im dijelom iznad zemlje, u svrhu ozna\u010divanja mjesta groba. U tom smislu imaju sli\u010dnu funkciju kao i ve\u0107ina nadgrobnih spomenika od antike do danas. Takvi u\u010delci katkad su jednostavne plo\u010de bez ukrasa, a dio njih na sebi ima prikaz kri\u017ea. Nadgrobni u\u010delci s reljefnim prikazom kri\u017ea naj\u010de\u0161\u0107e se javljaju na nekada\u0161njem podru\u010dju Dubrova\u010dke Republike, a vrlo rijetko i na ostalom dijelu priobalja i unutra\u0161njosti. Stoga se opravdano mo\u017ee pretpostaviti njihovo ishodi\u0161te na dubrova\u010dkom podru\u010dju. Vremenski se smje\u0161taju u razdoblje gotike, od 14. do 15. stolje\u0107a.<\/p>\n<p>&nbsp;<\/p>\n<p>Izvori:<\/p>\n<p>&nbsp;<\/p>\n<p><a href=\"http:\/\/www.mdc.hr\/\">http:\/\/www.mdc.hr\/<\/a><\/p>\n<p>&nbsp;<\/p>\n<p><a href=\"https:\/\/radio.hrt.hr\/radio-dubrovnik\/clanak\/objavljen-katalog-stecci-i-drugi-kasnosrednjovjekovni-nadgrobni-spomenici\/210217\/\">https:\/\/radio.hrt.hr\/radio-dubrovnik\/clanak\/objavljen-katalog-stecci-i-drugi-kasnosrednjovjekovni-nadgrobni-spomenici\/210217\/<\/a><\/p>\n<p>&nbsp;<\/p>\n<p>&nbsp;<\/p>\n","protected":false},"excerpt":{"rendered":"","protected":false},"author":2,"featured_media":16681,"comment_status":"open","ping_status":"open","sticky":false,"template":"","format":"standard","meta":{"_acf_changed":false,"jetpack_post_was_ever_published":false,"_jetpack_newsletter_access":"","_jetpack_dont_email_post_to_subs":false,"_jetpack_newsletter_tier_id":0,"_jetpack_memberships_contains_paywalled_content":false,"_jetpack_memberships_contains_paid_content":false,"footnotes":"","jetpack_publicize_message":"","jetpack_publicize_feature_enabled":true,"jetpack_social_post_already_shared":true,"jetpack_social_options":{"image_generator_settings":{"template":"highway","default_image_id":0,"font":"","enabled":false},"version":2}},"categories":[8,3],"tags":[],"class_list":["post-16680","post","type-post","status-publish","format-standard","has-post-thumbnail","hentry","category-knjige","category-novosti"],"acf":{"facebook_opis":""},"jetpack_publicize_connections":[],"jetpack_featured_media_url":"https:\/\/i0.wp.com\/historiografija.hr\/wp-content\/uploads\/2019\/10\/stecci.jpg?fit=800%2C400&ssl=1","jetpack_sharing_enabled":true,"jetpack-related-posts":[{"id":52633,"url":"https:\/\/historiografija.hr\/?p=52633","url_meta":{"origin":16680,"position":0},"title":"POVIJEST TRE\u0160NJEVA\u010cKE GLAZBE: prikupljanje virtualnog fundusa Muzeja susjedstva Tre\u0161njevka","author":"Branimir Jankovi\u0107","date":"23. travnja 2026.","format":false,"excerpt":"utorak 28. 4. 2026. 14 - 18 h Nova BAZA, Nova cesta 66, Zagreb Prvi su dani ljeta 1957. godine. Bo\u017eica Kalafati\u0107 poha\u0111a drugi razred Osnovne \u0161kole Bratstvo i jedinstvo, danas kralja Tomislava, a ide i na muzi\u010dke satove u Mo\u0161\u0107eni\u010dkoj ulici. Na fotografiji s harmonikom u rukama stoji u\u2026","rel":"","context":"U &quot;Novosti&quot;","block_context":{"text":"Novosti","link":"https:\/\/historiografija.hr\/?cat=3"},"img":{"alt_text":"","src":"https:\/\/i0.wp.com\/historiografija.hr\/wp-content\/uploads\/2026\/04\/MST_prikupljanje.jpg?fit=380%2C475&ssl=1&resize=350%2C200","width":350,"height":200},"classes":[]},{"id":52578,"url":"https:\/\/historiografija.hr\/?p=52578","url_meta":{"origin":16680,"position":1},"title":"Poziv za sudjelovanje: XXII. Dani Julija Bene\u0161i\u0107a u Iloku","author":"Branimir Jankovi\u0107","date":"21. travnja 2026.","format":false,"excerpt":"Zavod za lingvisti\u010dka istra\u017eivanja Hrvatske akademije znanosti i umjetnosti, zajedno s Muzejom grada Iloka, organizira XXII. Dane Julija Bene\u0161i\u0107a, koji \u0107e se odr\u017eati od 28. do 30. listopada 2026. u Iloku.\u00a0Teme ovogodi\u0161njih Dana podijeljene su u dvije cjeline: Knji\u017eevno-jezikoslovni d\u00ecv\u0101n s Bene\u0161i\u0107em te Ilok i Srijem u povijesnim stalnicama i\u2026","rel":"","context":"U &quot;Novosti&quot;","block_context":{"text":"Novosti","link":"https:\/\/historiografija.hr\/?cat=3"},"img":{"alt_text":"","src":"https:\/\/i0.wp.com\/historiografija.hr\/wp-content\/uploads\/2019\/10\/HE2_Benesic.jpg?fit=413%2C591&ssl=1&resize=350%2C200","width":350,"height":200},"classes":[]},{"id":52511,"url":"https:\/\/historiografija.hr\/?p=52511","url_meta":{"origin":16680,"position":2},"title":"Izlo\u017eba &#8220;Lica Sljemena&#8221;","author":"Branimir Jankovi\u0107","date":"17. travnja 2026.","format":false,"excerpt":"Srda\u010dno vas pozivamo na otvorenje izlo\u017ebe Lica Sljemena koje \u0107e se odr\u017eati u srijedu 22. travnja 2026. u 18 h ispred Muzeja Prigorja (Trg Dragutina Domjani\u0107a 5, Sesvete). Izlo\u017eba proizlazi iz istra\u017eivanja Nevene \u0160krbi\u0107 Alempijevi\u0107, Petre Kelemen i Sanje Potkonjak te intervjua sa Sljemena\u0161icama i Sljemena\u0161ima, koji su provedeni u\u2026","rel":"","context":"U &quot;Izlo\u017ebe&quot;","block_context":{"text":"Izlo\u017ebe","link":"https:\/\/historiografija.hr\/?cat=10"},"img":{"alt_text":"","src":"https:\/\/i0.wp.com\/historiografija.hr\/wp-content\/uploads\/2026\/04\/Izlozba-Lica-Sljemena.png?fit=1080%2C686&ssl=1&resize=350%2C200","width":350,"height":200,"srcset":"https:\/\/i0.wp.com\/historiografija.hr\/wp-content\/uploads\/2026\/04\/Izlozba-Lica-Sljemena.png?fit=1080%2C686&ssl=1&resize=350%2C200 1x, https:\/\/i0.wp.com\/historiografija.hr\/wp-content\/uploads\/2026\/04\/Izlozba-Lica-Sljemena.png?fit=1080%2C686&ssl=1&resize=525%2C300 1.5x, https:\/\/i0.wp.com\/historiografija.hr\/wp-content\/uploads\/2026\/04\/Izlozba-Lica-Sljemena.png?fit=1080%2C686&ssl=1&resize=700%2C400 2x, https:\/\/i0.wp.com\/historiografija.hr\/wp-content\/uploads\/2026\/04\/Izlozba-Lica-Sljemena.png?fit=1080%2C686&ssl=1&resize=1050%2C600 3x"},"classes":[]},{"id":52666,"url":"https:\/\/historiografija.hr\/?p=52666","url_meta":{"origin":16680,"position":3},"title":"Najava programa Festivala povijesti Kliofest (5-8. V. 2026)","author":"Branimir Jankovi\u0107","date":"24. travnja 2026.","format":false,"excerpt":"Po trinaesti put odr\u017eava se Festival povijesti Kliofest! Do petka \u0107emo odr\u017eati osam okruglih stolova i dva kolokvija te niz predstavljanja knjiga i projekata razli\u010dite tematike, od antike do suvremenosti. Bit \u0107e predstavljeno i nekoliko izlo\u017ebi te odr\u017ean jedan povijesni kviz. Prikazat \u0107emo i jedan film \u2013 o generalu Boroevi\u0107u.\u2026","rel":"","context":"U &quot;Novosti&quot;","block_context":{"text":"Novosti","link":"https:\/\/historiografija.hr\/?cat=3"},"img":{"alt_text":"","src":"https:\/\/i0.wp.com\/historiografija.hr\/wp-content\/uploads\/2026\/04\/Kliofest-2026.jpg?fit=526%2C526&ssl=1&resize=350%2C200","width":350,"height":200,"srcset":"https:\/\/i0.wp.com\/historiografija.hr\/wp-content\/uploads\/2026\/04\/Kliofest-2026.jpg?fit=526%2C526&ssl=1&resize=350%2C200 1x, https:\/\/i0.wp.com\/historiografija.hr\/wp-content\/uploads\/2026\/04\/Kliofest-2026.jpg?fit=526%2C526&ssl=1&resize=525%2C300 1.5x"},"classes":[]},{"id":52508,"url":"https:\/\/historiografija.hr\/?p=52508","url_meta":{"origin":16680,"position":4},"title":"Glazbena radionica \u201eDUGMETARA REVISITED\u201c","author":"Branimir Jankovi\u0107","date":"17. travnja 2026.","format":false,"excerpt":"DUGMETARA REVISITED glazbena radionica vodi: Ana Horvat 13., 20. i 27. travnja, od 18 do 20 sati Radiona, Nova cesta 186 Na tri radioni\u010dka susreta uranjamo u naslje\u0111e Dugmetare, biv\u0161e tvornice dugmadi na Savskoj cesti koja je po\u010detkom 2000-ih igrom slu\u010daja postala \u017eivo, jedinstveno mjesto glazbene proizvodnje. Svoje su probe\u2026","rel":"","context":"U &quot;Novosti&quot;","block_context":{"text":"Novosti","link":"https:\/\/historiografija.hr\/?cat=3"},"img":{"alt_text":"","src":"https:\/\/i0.wp.com\/historiografija.hr\/wp-content\/uploads\/2026\/04\/TRESNJA_TRESTI.jpg?fit=380%2C475&ssl=1&resize=350%2C200","width":350,"height":200},"classes":[]},{"id":52505,"url":"https:\/\/historiografija.hr\/?p=52505","url_meta":{"origin":16680,"position":5},"title":"Izlo\u017eba &#8220;Eschenstock \/ Jasenov prut&#8221;","author":"Branimir Jankovi\u0107","date":"17. travnja 2026.","format":false,"excerpt":"Srpsko narodno vije\u0107e (SNV) i Vizura aperta postavljaju izlo\u017ebu \u0161vicarskog slikara Velimira Ili\u0161evi\u0107a: Eschenstock \/ Jasenov prut. Izlo\u017eba se uz prisustvo autora otvara povodom 81. godi\u0161njice proboja logora\u0161a iz usta\u0161kog logora smrti Jasenovac 22. aprila 2026. u 19 sati u Srpskom kulturnom centru (SKC) u Preradovi\u0107evoj ulici 21 u Zagrebu.\u2026","rel":"","context":"U &quot;Izlo\u017ebe&quot;","block_context":{"text":"Izlo\u017ebe","link":"https:\/\/historiografija.hr\/?cat=10"},"img":{"alt_text":"","src":"https:\/\/i0.wp.com\/historiografija.hr\/wp-content\/uploads\/2026\/04\/Jasenov_prut.jpg?fit=1024%2C640&ssl=1&resize=350%2C200","width":350,"height":200,"srcset":"https:\/\/i0.wp.com\/historiografija.hr\/wp-content\/uploads\/2026\/04\/Jasenov_prut.jpg?fit=1024%2C640&ssl=1&resize=350%2C200 1x, https:\/\/i0.wp.com\/historiografija.hr\/wp-content\/uploads\/2026\/04\/Jasenov_prut.jpg?fit=1024%2C640&ssl=1&resize=525%2C300 1.5x, https:\/\/i0.wp.com\/historiografija.hr\/wp-content\/uploads\/2026\/04\/Jasenov_prut.jpg?fit=1024%2C640&ssl=1&resize=700%2C400 2x"},"classes":[]}],"_links":{"self":[{"href":"https:\/\/historiografija.hr\/index.php?rest_route=\/wp\/v2\/posts\/16680","targetHints":{"allow":["GET"]}}],"collection":[{"href":"https:\/\/historiografija.hr\/index.php?rest_route=\/wp\/v2\/posts"}],"about":[{"href":"https:\/\/historiografija.hr\/index.php?rest_route=\/wp\/v2\/types\/post"}],"author":[{"embeddable":true,"href":"https:\/\/historiografija.hr\/index.php?rest_route=\/wp\/v2\/users\/2"}],"replies":[{"embeddable":true,"href":"https:\/\/historiografija.hr\/index.php?rest_route=%2Fwp%2Fv2%2Fcomments&post=16680"}],"version-history":[{"count":1,"href":"https:\/\/historiografija.hr\/index.php?rest_route=\/wp\/v2\/posts\/16680\/revisions"}],"predecessor-version":[{"id":16682,"href":"https:\/\/historiografija.hr\/index.php?rest_route=\/wp\/v2\/posts\/16680\/revisions\/16682"}],"wp:featuredmedia":[{"embeddable":true,"href":"https:\/\/historiografija.hr\/index.php?rest_route=\/wp\/v2\/media\/16681"}],"wp:attachment":[{"href":"https:\/\/historiografija.hr\/index.php?rest_route=%2Fwp%2Fv2%2Fmedia&parent=16680"}],"wp:term":[{"taxonomy":"category","embeddable":true,"href":"https:\/\/historiografija.hr\/index.php?rest_route=%2Fwp%2Fv2%2Fcategories&post=16680"},{"taxonomy":"post_tag","embeddable":true,"href":"https:\/\/historiografija.hr\/index.php?rest_route=%2Fwp%2Fv2%2Ftags&post=16680"}],"curies":[{"name":"wp","href":"https:\/\/api.w.org\/{rel}","templated":true}]}}