{"id":16644,"date":"2019-10-08T13:00:15","date_gmt":"2019-10-08T13:00:15","guid":{"rendered":"http:\/\/historiografija.hr\/?p=16644"},"modified":"2019-10-08T13:00:15","modified_gmt":"2019-10-08T13:00:15","slug":"1991-monografija-zorana-filipovica","status":"publish","type":"post","link":"https:\/\/historiografija.hr\/?p=16644","title":{"rendered":"1991. &#8211; monografija Zorana Filipovi\u0107a"},"content":{"rendered":"<p>Fotografije iz ove knjige dio su fotografske zbirke Hrvatskog dr\u017eavnog arhiva, gdje se \u010duvaju pod oznakom HR-HDA-2037, Zbirka fotografija Zoran Filipovi\u0107. Dio reproduciranih fotografija iz ove knjige dio su fotografske zbirke originalnih autorskih analognih signiranih pove\u0107anja Hrvatskog povijesnog muzeja, gdje se \u010duvaju pod nazivom Dnevnik smrti, Zoran Filipovi\u0107.<\/p>\n<p>Monografska knjiga \u201c1991.\u201d autora Zorana Filipovi\u0107a divot je izdanje posve\u0107eno vremenu ponosa i slave prve godine Domovinskog rata, na rati\u0161tima od Vukovara do Dubrovnika.<\/p>\n<p>Knjiga je to velikog enciklopedijskog formata 27,0 x 32,0 cm, opsega 288 stranica, tiskana najfinijim peterobojnim tiskom u FM (frekventno-moduliranom) rasteru na najfinijem 170 gr\/m2 matt papiru, te tvrdoga uveza s pokaznom i kapitalnom vrpcom.<\/p>\n<p>&nbsp;<\/p>\n<p>Iz Prologa:<\/p>\n<p>\u2026Kada sam odlu\u010dio napraviti knjigu o ovim doga\u0111ajima, zami\u0161ljao sam je, uglavnom, kao knjigu fotografija. Tekst je, kako sam smatrao, trebao napisati netko drugi. Muriel Jancard, urednica u pari\u0161koj izdava\u010dkoj ku\u0107i Arthaud i ujedno urednica moje knjige, na moje pitanje tko \u0107e napisati tekst, odgovorila je: TI. Na moj prosvjed da ja nisam pisac, nego fotograf, rekla je da je ona, sude\u0107i prema mojim fotografijama, uvjerena da sam odli\u010dan pisac, i u tome je ustrajala. Tako sam postao i pisac\u2026<\/p>\n<p>&#8211; Zoran Filipovi\u0107<\/p>\n<p>&nbsp;<\/p>\n<p>O autoru<\/p>\n<ul>\n<li>Ro\u0111en je 27. travnja 1959. u Br\u010dkom, Bosna i Hercegovina.<\/li>\n<li>Profesionalni je fotograf i pisac, a posljednjih se godina sve vi\u0161e bavi grafi\u010dkim i produkt dizajnom.<\/li>\n<li>Profesionalnu karijeru zapo\u010deo je u zagreba\u010dkom magazinu \u201eStart \u201d i tjedniku \u201eDanas\u201d.<\/li>\n<li>Dosada je objavio vi\u0161e autorskih knjiga, u kojima \u010desto kombinira svoje fotografsko i knji\u017eevno umije\u0107e, a koautor je i na vi\u0161e skupnih knjiga.<\/li>\n<li>Knjige objavljuje u zemlji i inozemstvu.<\/li>\n<li>Za svoj fotografski i knji\u017eevni rad vi\u0161e je puta nagra\u0111ivan, uglavnom u inozemstvu.<\/li>\n<li>Njema\u010dko izdanje njegove knjige Ein Jahr in der H\u00f6lle (Sezona pakla \u2013 Sarajevo Anno Domini 1993) progla\u0161eno je u Njema\u010dkoj knjigom mjeseca.<\/li>\n<li>Knjiga Entseeltes Land, koju je 1995. objavio jedan od najuglednijih njema\u010dkih nakladnika Herder Verlag iz Freiburga, bila je pri vrhu njema\u010dkih bestseler ljestvica.<\/li>\n<li>U kazali\u0161noj sezoni 1995\/96. be\u010dki Theater der Jugend postavlja kazali\u0161nu predstavu u kojoj se koriste dijelovima tekstova iz njegovih knjiga Dnevnik smrti i Sezona pakla.<\/li>\n<li>Knjiga Papa u Hrvata dobila je bron\u010danu plaketu SAPPI u konkurenciji najbolje tiskanih knjiga svijeta za 1997., a knjiga Papa u Sarajevu srebrnu plaketu za 1998..<\/li>\n<li>Suradnik je vi\u0161e uglednih svjetskih revija i magazina (\u201eLe Figaro Magazine\u201d, \u201eParis Match\u201d, \u201eLife\u201d, \u201eDie Zeit\u201d, \u201eFrankfurter Allgemeine Magazin\u201d, \u201eVogue\/GQ\u201d, \u201ePhoto\u201d i dr.).<\/li>\n<li>Tijekom suradnje s glasovitom agencijom Magnum Photos (Pariz, London, New York, Tokio) potpisivao se pseudonimom ZORO, pod kojim je poznat svjetskoj fotografskoj javnosti.<\/li>\n<li>Izlagao u najuglednijim svjetskim galerijama i muzejima (Stockholm, Kopenhagen, Be\u010d, Prag, Bratislava, Frankfurt, Perpignan, Valencija, Sarajevo, Zagreb, Abu Dhabi, Kairo, New York, Teheran, Mexico City, Rabat (Maroko) i dr.).<\/li>\n<li>O njemu i njegovu radu snimljeno je u inozemstvu vi\u0161e dokumentarnih filmova, npr. Njema\u010dke dr\u017eavne TV ku\u0107e ARD.<\/li>\n<li>\u010clan je Zajednice umjetnika Hrvatske, Hrvatskog novinarskog dru\u0161tva i International Federation of Journalists.<\/li>\n<li>Od 1978. \u017eivi i radi u Zagrebu.<\/li>\n<\/ul>\n<p>&nbsp;<\/p>\n<p>Izdava\u010d: LIKARIJA<\/p>\n<p>&nbsp;<\/p>\n<p>Broj stranica: 288<\/p>\n<p>&nbsp;<\/p>\n<p>Godina izdanja: 2019<\/p>\n<p>&nbsp;<\/p>\n<p>Izvor: <a href=\"https:\/\/shop.skolskaknjiga.hr\/najnovije\/1991-monografija-zorana-filipovica.html\">https:\/\/shop.skolskaknjiga.hr\/najnovije\/1991-monografija-zorana-filipovica.html<\/a><\/p>\n<p>&nbsp;<\/p>\n<p>&nbsp;<\/p>\n","protected":false},"excerpt":{"rendered":"","protected":false},"author":2,"featured_media":16645,"comment_status":"open","ping_status":"open","sticky":false,"template":"","format":"standard","meta":{"_acf_changed":false,"jetpack_post_was_ever_published":false,"_jetpack_newsletter_access":"","_jetpack_dont_email_post_to_subs":false,"_jetpack_newsletter_tier_id":0,"_jetpack_memberships_contains_paywalled_content":false,"_jetpack_memberships_contains_paid_content":false,"footnotes":"","jetpack_publicize_message":"","jetpack_publicize_feature_enabled":true,"jetpack_social_post_already_shared":true,"jetpack_social_options":{"image_generator_settings":{"template":"highway","default_image_id":0,"font":"","enabled":false},"version":2}},"categories":[8,3],"tags":[],"class_list":["post-16644","post","type-post","status-publish","format-standard","has-post-thumbnail","hentry","category-knjige","category-novosti"],"acf":{"facebook_opis":""},"jetpack_publicize_connections":[],"jetpack_featured_media_url":"https:\/\/i0.wp.com\/historiografija.hr\/wp-content\/uploads\/2019\/10\/1991.jpg?fit=793%2C750&ssl=1","jetpack_sharing_enabled":true,"jetpack-related-posts":[{"id":52592,"url":"https:\/\/historiografija.hr\/?p=52592","url_meta":{"origin":16644,"position":0},"title":"Predstavljanje knjige &#8220;Turska ku\u0107a u Rijeci&#8221; u Zagrebu","author":"Branimir Jankovi\u0107","date":"22. travnja 2026.","format":false,"excerpt":"U prostorijama Turskog kulturnog centra Yunus Emre u Zagrebu, u utorak 21. travnja 2026. godine, odr\u017eano je sve\u010dano predstavljanje dopunjenog izdanja knjige Turska ku\u0107a u Rijeci, u organizaciji Hrvatsko-turskog dru\u0161tva Rijeka i partnerstvu sa Skupinom prijateljstva Hrvatska-Turska Hrvatskog sabora, Veleposlanstvom Republike Turske u Republici Hrvatskoj te Turskim kulturnim centrom Yunus\u2026","rel":"","context":"U &quot;Novosti&quot;","block_context":{"text":"Novosti","link":"https:\/\/historiografija.hr\/?cat=3"},"img":{"alt_text":"","src":"https:\/\/i0.wp.com\/historiografija.hr\/wp-content\/uploads\/2026\/04\/Turska-kuca-ZG.jpg?fit=1200%2C800&ssl=1&resize=350%2C200","width":350,"height":200,"srcset":"https:\/\/i0.wp.com\/historiografija.hr\/wp-content\/uploads\/2026\/04\/Turska-kuca-ZG.jpg?fit=1200%2C800&ssl=1&resize=350%2C200 1x, https:\/\/i0.wp.com\/historiografija.hr\/wp-content\/uploads\/2026\/04\/Turska-kuca-ZG.jpg?fit=1200%2C800&ssl=1&resize=525%2C300 1.5x, https:\/\/i0.wp.com\/historiografija.hr\/wp-content\/uploads\/2026\/04\/Turska-kuca-ZG.jpg?fit=1200%2C800&ssl=1&resize=700%2C400 2x, https:\/\/i0.wp.com\/historiografija.hr\/wp-content\/uploads\/2026\/04\/Turska-kuca-ZG.jpg?fit=1200%2C800&ssl=1&resize=1050%2C600 3x"},"classes":[]},{"id":52603,"url":"https:\/\/historiografija.hr\/?p=52603","url_meta":{"origin":16644,"position":1},"title":"No\u0107 knjige: Carska i kraljevska kuhinja","author":"Branimir Jankovi\u0107","date":"22. travnja 2026.","format":false,"excerpt":"Pozivamo vas da nam se pridru\u017eite 23. travnja 2026. u 18 sati u obilje\u017eavanju No\u0107i knjige u Pivnici Bobi&Rudi na Trgu Ivana Me\u0161trovi\u0107a u Zapru\u0111u u Zagrebu gdje uz kavu \u010ditamo recepte iz zemalja Austro-Ugarske Monarhije iz knjige Carska i kraljevska kuhinja, autora Roberta Mak\u0142owicza, u prijevodu Damira Agi\u010di\u0107a. Izvor:\u2026","rel":"","context":"U &quot;Novosti&quot;","block_context":{"text":"Novosti","link":"https:\/\/historiografija.hr\/?cat=3"},"img":{"alt_text":"","src":"https:\/\/i0.wp.com\/historiografija.hr\/wp-content\/uploads\/2026\/04\/Noc-knjige-Carska-i-kraljevska.jpg?fit=1200%2C1200&ssl=1&resize=350%2C200","width":350,"height":200,"srcset":"https:\/\/i0.wp.com\/historiografija.hr\/wp-content\/uploads\/2026\/04\/Noc-knjige-Carska-i-kraljevska.jpg?fit=1200%2C1200&ssl=1&resize=350%2C200 1x, https:\/\/i0.wp.com\/historiografija.hr\/wp-content\/uploads\/2026\/04\/Noc-knjige-Carska-i-kraljevska.jpg?fit=1200%2C1200&ssl=1&resize=525%2C300 1.5x, https:\/\/i0.wp.com\/historiografija.hr\/wp-content\/uploads\/2026\/04\/Noc-knjige-Carska-i-kraljevska.jpg?fit=1200%2C1200&ssl=1&resize=700%2C400 2x, https:\/\/i0.wp.com\/historiografija.hr\/wp-content\/uploads\/2026\/04\/Noc-knjige-Carska-i-kraljevska.jpg?fit=1200%2C1200&ssl=1&resize=1050%2C600 3x"},"classes":[]},{"id":52666,"url":"https:\/\/historiografija.hr\/?p=52666","url_meta":{"origin":16644,"position":2},"title":"Najava programa Festivala povijesti Kliofest (5-8. V. 2026)","author":"Branimir Jankovi\u0107","date":"24. travnja 2026.","format":false,"excerpt":"Po trinaesti put odr\u017eava se Festival povijesti Kliofest! Do petka \u0107emo odr\u017eati osam okruglih stolova i dva kolokvija te niz predstavljanja knjiga i projekata razli\u010dite tematike, od antike do suvremenosti. Bit \u0107e predstavljeno i nekoliko izlo\u017ebi te odr\u017ean jedan povijesni kviz. Prikazat \u0107emo i jedan film \u2013 o generalu Boroevi\u0107u.\u2026","rel":"","context":"U &quot;Novosti&quot;","block_context":{"text":"Novosti","link":"https:\/\/historiografija.hr\/?cat=3"},"img":{"alt_text":"","src":"https:\/\/i0.wp.com\/historiografija.hr\/wp-content\/uploads\/2026\/04\/Kliofest-2026.jpg?fit=526%2C526&ssl=1&resize=350%2C200","width":350,"height":200,"srcset":"https:\/\/i0.wp.com\/historiografija.hr\/wp-content\/uploads\/2026\/04\/Kliofest-2026.jpg?fit=526%2C526&ssl=1&resize=350%2C200 1x, https:\/\/i0.wp.com\/historiografija.hr\/wp-content\/uploads\/2026\/04\/Kliofest-2026.jpg?fit=526%2C526&ssl=1&resize=525%2C300 1.5x"},"classes":[]},{"id":52589,"url":"https:\/\/historiografija.hr\/?p=52589","url_meta":{"origin":16644,"position":3},"title":"Predstavljena knjiga Miomira \u017du\u017eula &#8220;Dayton: Diplomacija &#8211; druga strana rata&#8221;","author":"Branimir Jankovi\u0107","date":"22. travnja 2026.","format":false,"excerpt":"Knjiga Miomira \u017du\u017eula \u201eDayton: Diplomacija \u2013 druga strana rata\u201d predstavljena je u srijedu, 22. travnja 2026. godine u foajeu Hrvatskoga narodnog kazali\u0161ta u Zagrebu. Op\u0161irnije: https:\/\/vijesti.hrt.hr\/hrvatska\/predstavljena-knjiga-miomira-zuzula-dayton-diplomacija-druga-strana-rata-12683259 https:\/\/www.vecernji.ba\/amp\/vijesti\/zuzulova-knjiga-o-daytonu-predstavljena-u-zagrebu-diplomacija-kao-druga-strana-rata-1953700 https:\/\/www.tportal.hr\/vijesti\/clanak\/bivsi-sanaderov-ministar-odrzao-promociju-evo-tko-je-sve-dosao-na-predstavljanje-knjige-miomira-zuzula-foto-20260422 https:\/\/direktno.hr\/zivot\/kultura\/zuzul-otkrio-sve-o-drugoj-strani-rata-za-hrvatsku-se-nije-libio-povuci-nekoga-i-za-kosu-395042 https:\/\/www.24sata.hr\/news\/miomir-zuzul-predstavio-je-knjigu-o-daytonu-diplomacija-je-bila-druga-strana-rata-1123152 https:\/\/www.vecernji.hr\/kultura\/kolinda-grabar-kitarovic-otvoreno-miomir-zuzul-nije-vukao-samo-za-rukav-nego-i-za-kosu-1953722 https:\/\/www.vecernji.hr\/kultura\/i-papa-lav-xiv-eksplicitno-je-daytonski-sporazum-istaknuo-kao-primjer-uspjesna-rjesavanja-sukoba-1952215","rel":"","context":"U &quot;Novosti&quot;","block_context":{"text":"Novosti","link":"https:\/\/historiografija.hr\/?cat=3"},"img":{"alt_text":"","src":"https:\/\/i0.wp.com\/historiografija.hr\/wp-content\/uploads\/2026\/04\/Dayton.jpg?fit=1024%2C683&ssl=1&resize=350%2C200","width":350,"height":200,"srcset":"https:\/\/i0.wp.com\/historiografija.hr\/wp-content\/uploads\/2026\/04\/Dayton.jpg?fit=1024%2C683&ssl=1&resize=350%2C200 1x, https:\/\/i0.wp.com\/historiografija.hr\/wp-content\/uploads\/2026\/04\/Dayton.jpg?fit=1024%2C683&ssl=1&resize=525%2C300 1.5x, https:\/\/i0.wp.com\/historiografija.hr\/wp-content\/uploads\/2026\/04\/Dayton.jpg?fit=1024%2C683&ssl=1&resize=700%2C400 2x"},"classes":[]},{"id":52528,"url":"https:\/\/historiografija.hr\/?p=52528","url_meta":{"origin":16644,"position":4},"title":"[Promocija knjige] Banja Luka u ratu: Etnopolitika i svakodnevica (1990\u20131995) (ActiveLab, YugoLab)","author":"Branimir Jankovi\u0107","date":"17. travnja 2026.","format":false,"excerpt":"Institut za filozofiju i dru\u0161tvenu teoriju i O\u0161tra Nula organizuju promociju knjige Banja Luka u ratu: Etnopolitika i svakodnevica (1990\u20131995) autorke Armine Galija\u0161, koja \u0107e se odr\u017eati 20. aprila 2026. u 12.00 sati u prostorijama Instituta (Kraljice Natalije 45, Beograd). Re\u010d je o prvom nau\u010dno utemeljenom i sistematskom radu koji\u2026","rel":"","context":"U &quot;Novosti&quot;","block_context":{"text":"Novosti","link":"https:\/\/historiografija.hr\/?cat=3"},"img":{"alt_text":"","src":"https:\/\/i0.wp.com\/historiografija.hr\/wp-content\/uploads\/2026\/04\/20-april-RS.jpg?fit=1200%2C675&ssl=1&resize=350%2C200","width":350,"height":200,"srcset":"https:\/\/i0.wp.com\/historiografija.hr\/wp-content\/uploads\/2026\/04\/20-april-RS.jpg?fit=1200%2C675&ssl=1&resize=350%2C200 1x, https:\/\/i0.wp.com\/historiografija.hr\/wp-content\/uploads\/2026\/04\/20-april-RS.jpg?fit=1200%2C675&ssl=1&resize=525%2C300 1.5x, https:\/\/i0.wp.com\/historiografija.hr\/wp-content\/uploads\/2026\/04\/20-april-RS.jpg?fit=1200%2C675&ssl=1&resize=700%2C400 2x, https:\/\/i0.wp.com\/historiografija.hr\/wp-content\/uploads\/2026\/04\/20-april-RS.jpg?fit=1200%2C675&ssl=1&resize=1050%2C600 3x"},"classes":[]},{"id":52552,"url":"https:\/\/historiografija.hr\/?p=52552","url_meta":{"origin":16644,"position":5},"title":"Besplatni glazbeni antikvarijat","author":"Branimir Jankovi\u0107","date":"20. travnja 2026.","format":false,"excerpt":"Muzi\u010dka akademija Sveu\u010dili\u0161ta u Zagrebu 23. travnja 2026. od 10 do 17 sati Pozivamo Vas na Besplatni glazbeni antikvarijat, koji u sklopu manifestacije No\u0107 knjige 2026. organizira Hrvatska udruga muzi\u010dkih knji\u017enica, arhiva i dokumentacijskih centara (HUMKAD). Antikvarijat \u0107e se odr\u017eati na Svjetski dan knjige \u2013 u \u010detvrtak 23. travnja 2026.\u2026","rel":"","context":"U &quot;Novosti&quot;","block_context":{"text":"Novosti","link":"https:\/\/historiografija.hr\/?cat=3"},"img":{"alt_text":"","src":"https:\/\/i0.wp.com\/historiografija.hr\/wp-content\/uploads\/2026\/04\/Besplatni-glazbeni-antikvarijat-23.-4.-2026.jpg?fit=1200%2C848&ssl=1&resize=350%2C200","width":350,"height":200,"srcset":"https:\/\/i0.wp.com\/historiografija.hr\/wp-content\/uploads\/2026\/04\/Besplatni-glazbeni-antikvarijat-23.-4.-2026.jpg?fit=1200%2C848&ssl=1&resize=350%2C200 1x, https:\/\/i0.wp.com\/historiografija.hr\/wp-content\/uploads\/2026\/04\/Besplatni-glazbeni-antikvarijat-23.-4.-2026.jpg?fit=1200%2C848&ssl=1&resize=525%2C300 1.5x, https:\/\/i0.wp.com\/historiografija.hr\/wp-content\/uploads\/2026\/04\/Besplatni-glazbeni-antikvarijat-23.-4.-2026.jpg?fit=1200%2C848&ssl=1&resize=700%2C400 2x, https:\/\/i0.wp.com\/historiografija.hr\/wp-content\/uploads\/2026\/04\/Besplatni-glazbeni-antikvarijat-23.-4.-2026.jpg?fit=1200%2C848&ssl=1&resize=1050%2C600 3x"},"classes":[]}],"_links":{"self":[{"href":"https:\/\/historiografija.hr\/index.php?rest_route=\/wp\/v2\/posts\/16644","targetHints":{"allow":["GET"]}}],"collection":[{"href":"https:\/\/historiografija.hr\/index.php?rest_route=\/wp\/v2\/posts"}],"about":[{"href":"https:\/\/historiografija.hr\/index.php?rest_route=\/wp\/v2\/types\/post"}],"author":[{"embeddable":true,"href":"https:\/\/historiografija.hr\/index.php?rest_route=\/wp\/v2\/users\/2"}],"replies":[{"embeddable":true,"href":"https:\/\/historiografija.hr\/index.php?rest_route=%2Fwp%2Fv2%2Fcomments&post=16644"}],"version-history":[{"count":1,"href":"https:\/\/historiografija.hr\/index.php?rest_route=\/wp\/v2\/posts\/16644\/revisions"}],"predecessor-version":[{"id":16646,"href":"https:\/\/historiografija.hr\/index.php?rest_route=\/wp\/v2\/posts\/16644\/revisions\/16646"}],"wp:featuredmedia":[{"embeddable":true,"href":"https:\/\/historiografija.hr\/index.php?rest_route=\/wp\/v2\/media\/16645"}],"wp:attachment":[{"href":"https:\/\/historiografija.hr\/index.php?rest_route=%2Fwp%2Fv2%2Fmedia&parent=16644"}],"wp:term":[{"taxonomy":"category","embeddable":true,"href":"https:\/\/historiografija.hr\/index.php?rest_route=%2Fwp%2Fv2%2Fcategories&post=16644"},{"taxonomy":"post_tag","embeddable":true,"href":"https:\/\/historiografija.hr\/index.php?rest_route=%2Fwp%2Fv2%2Ftags&post=16644"}],"curies":[{"name":"wp","href":"https:\/\/api.w.org\/{rel}","templated":true}]}}