{"id":16623,"date":"2019-10-05T21:14:29","date_gmt":"2019-10-05T21:14:29","guid":{"rendered":"http:\/\/historiografija.hr\/?p=16623"},"modified":"2019-10-05T21:14:29","modified_gmt":"2019-10-05T21:14:29","slug":"the-engaged-historian-perspectives-on-the-intersections-of-politics-activism-and-the-historical-profession-edited-by-stefan-berger","status":"publish","type":"post","link":"https:\/\/historiografija.hr\/?p=16623","title":{"rendered":"The Engaged Historian: Perspectives on the Intersections of Politics, Activism and the Historical Profession. Edited by Stefan Berger"},"content":{"rendered":"<p>Povjesni\u010dar Stefan Berger uredio je 2019. godine zbornik koji dovodi u pitanje uvrije\u017eenu pretpostavku o nespojivosti povijesne znanosti i politi\u010dkog anga\u017emana ukazuju\u0107i nasuprot tome na kontinuiranu povezanost politi\u010dkog djelovanja i profesije povjesni\u010dara.<\/p>\n<p>&nbsp;<\/p>\n<p>&#8212;<\/p>\n<p>&nbsp;<\/p>\n<p><strong>The Engaged Historian<\/strong><\/p>\n<p><strong>Perspectives on the Intersections of Politics, Activism and the Historical Profession<\/strong><\/p>\n<p>&nbsp;<\/p>\n<p>Edited by Stefan Berger<\/p>\n<p>&nbsp;<\/p>\n<p>Afterword by Georg G. Iggers\u2020<\/p>\n<p>&nbsp;<\/p>\n<p><strong>Berghahn Books <\/strong><\/p>\n<p>2019<\/p>\n<p>322 pages<\/p>\n<p>&nbsp;<\/p>\n<p><strong>Description<\/strong><\/p>\n<p>On the surface, historical scholarship might seem thoroughly incompatible with political engagement: the ideal historian, many imagine, is a disinterested observer focused exclusively on the past. In truth, however, political action and historical research have been deeply intertwined for as long as the historical profession has existed. In this insightful collection, practicing historians analyze, reflect on, and share their experiences of this complex relationship. From the influence of historical scholarship on world political leaders to the present-day participation of researchers in post-conflict societies and the Occupy movement, these studies afford distinctive, humane, and stimulating views on historical practice and practitioners<\/p>\n<p>&nbsp;<\/p>\n<p><strong>About the Author<\/strong><\/p>\n<p><strong>Stefan Berger<\/strong> has directed the Institute for Social Movements at the Ruhr University Bochum and served as the Chairman of the History of the Ruhr Foundation since 2011. Since 2016 he has been Honorary Professor at Cardiff University in the UK. Previously he held the position of Professor of Modern German and Comparative European History at the University of Manchester.<\/p>\n<p>&nbsp;<\/p>\n<p><strong>Contents<\/strong><\/p>\n<p>List of Illustrations<\/p>\n<p>&nbsp;<\/p>\n<p><strong>Introduction:<\/strong> Historical Writing and Civic Engagement: A Symbiotic Relationship<br \/>\n<em>Stefan Berger<\/em><\/p>\n<p>&nbsp;<\/p>\n<p><strong>Chapter 1. <\/strong>Engagement: Metahistorical Considerations on a Disputed Attitude in Historical Studies<br \/>\n<em>J\u00f6rn R\u00fcsen<\/em><\/p>\n<p>&nbsp;<\/p>\n<p><strong>Chapter 2.<\/strong> The Ideal of Justice and Its Significance for Historians as Engaged Intellectuals<br \/>\n<em>Martin Wiklund<\/em><\/p>\n<p>&nbsp;<\/p>\n<p><strong>Chapter 3.<\/strong> Committed Writing: History and Narrative Communication Revisited<br \/>\n<em>Kalle Pihlainen<\/em><\/p>\n<p>&nbsp;<\/p>\n<p><strong>Chapter 4.<\/strong> The Historian-King: Political Leaders, Historical Consciousness and Wise Government<br \/>\n<em>Antoon de Baets<\/em><\/p>\n<p>&nbsp;<\/p>\n<p><strong>Chapter 5.<\/strong> Historians with a Cause: Refugees\u2019 Memory and Historical Practices in Interwar Greece<br \/>\n<em>Emilia Salvanou<\/em><\/p>\n<p>&nbsp;<\/p>\n<p><strong>Chapter 6.<\/strong> The Making of the Zhanguo Ce Clique: The Politicization of History Knowledge in Wartime China<br \/>\n<em>Xin Fan<\/em><\/p>\n<p>&nbsp;<\/p>\n<p><strong>Chapter 7.<\/strong> The Historicization of World War II in Greece After the Civil War: Looking Back on the Public Debate over a Lecture by British Historian C. M. Woodhouse<br \/>\n<em>Manos Avgeridis<\/em><\/p>\n<p>&nbsp;<\/p>\n<p><strong>Chapter 8.<\/strong> Historians as Dissidents: Intellectual \u2018Eros\u2019 in Action<br \/>\n<em>Nina Witoszek<\/em><\/p>\n<p>&nbsp;<\/p>\n<p><strong>Chapter 9.<\/strong> The Social Movement History as a social movement in and of itself<br \/>\n<em>Michihiro Okamoto<\/em><\/p>\n<p>&nbsp;<\/p>\n<p><strong>Chapter 10.<\/strong> Professional Historical Writing and Human Rights Engagement in the Twenty-First Century: Innovative Approaches and their Dilemmas<br \/>\n<em>Nina Schneider<\/em><\/p>\n<p>&nbsp;<\/p>\n<p><strong>Chapter 11.<\/strong> Using the Past: The Brazilian Cinema between Censorship and Representation<br \/>\n<em>Meize Lucas<\/em><\/p>\n<p>&nbsp;<\/p>\n<p><strong>Chapter 12.<\/strong> Historians and the Trauma of the Past: The Destruction of Security Files on Citizens in Greece, 1989<br \/>\n<em>Vangelis Karamanolakis<\/em><\/p>\n<p>&nbsp;<\/p>\n<p><strong>Chapter 13.<\/strong> Historians and\/in the New Media<br \/>\n<em>Effi Gazi<\/em><\/p>\n<p>&nbsp;<\/p>\n<p><strong>Chapter 14.<\/strong> Street History: Coming to Terms with the Past in Occupy Movements<br \/>\n<em>Antonis Liakos<\/em><\/p>\n<p>&nbsp;<\/p>\n<p><strong>Afterword:<\/strong> The Historian as an Engaged Intellectual: Historical Writing and Social Criticism \u2013 A Personal Retrospective<br \/>\n<em>Georg G. Iggers<\/em><\/p>\n<p>&nbsp;<\/p>\n<p>Index<\/p>\n<p>&nbsp;<\/p>\n<p><strong>Reviews<\/strong><\/p>\n<p><em>\u201cThis collection of essays succeeds wonderfully well in revealing and analyzing the intellectual and actual challenges facing historians as they enter public affairs. It is a fitting addition to the literature on public intellectuals available to contemporary readers.\u201d<\/em> <strong>\u2022 James M. Banner, Jr.<\/strong>, historian and author of <em>Being a Historian: An Introduction to the Professional World of History<\/em><\/p>\n<p>&nbsp;<\/p>\n<p><em>\u201cThis book is incredibly timely, given the current state of politics in the world, and the pressure on historians to become more engaged in conflicts of the day.<\/em> The Engaged Historian <em>is essential reading for every historian trying to negotiate their role as an engaged citizen.\u201d<\/em> <strong>\u2022 Robert B. Townsend<\/strong>, American Academy of Arts and Sciences<\/p>\n<p>&nbsp;<\/p>\n<p><a href=\"https:\/\/www.berghahnbooks.com\/title\/BergerEngaged\">https:\/\/www.berghahnbooks.com\/title\/BergerEngaged<\/a><\/p>\n<p>&nbsp;<\/p>\n<p>&nbsp;<\/p>\n","protected":false},"excerpt":{"rendered":"","protected":false},"author":2,"featured_media":16624,"comment_status":"open","ping_status":"open","sticky":false,"template":"","format":"standard","meta":{"_acf_changed":false,"jetpack_post_was_ever_published":false,"_jetpack_newsletter_access":"","_jetpack_dont_email_post_to_subs":false,"_jetpack_newsletter_tier_id":0,"_jetpack_memberships_contains_paywalled_content":false,"_jetpack_memberships_contains_paid_content":false,"footnotes":"","jetpack_publicize_message":"","jetpack_publicize_feature_enabled":true,"jetpack_social_post_already_shared":true,"jetpack_social_options":{"image_generator_settings":{"template":"highway","default_image_id":0,"font":"","enabled":false},"version":2}},"categories":[8,3],"tags":[],"class_list":["post-16623","post","type-post","status-publish","format-standard","has-post-thumbnail","hentry","category-knjige","category-novosti"],"acf":{"facebook_opis":""},"jetpack_publicize_connections":[],"jetpack_featured_media_url":"https:\/\/i0.wp.com\/historiografija.hr\/wp-content\/uploads\/2019\/10\/Engaged-Historian.jpg?fit=333%2C499&ssl=1","jetpack_sharing_enabled":true,"jetpack-related-posts":[{"id":52641,"url":"https:\/\/historiografija.hr\/?p=52641","url_meta":{"origin":16623,"position":0},"title":"CfP: WHO OWNS THE PAST? VERNACULAR MEMORY, STATE MEMORY, AND THE POLITICS OF OWNERSHIP","author":"Branimir Jankovi\u0107","date":"24. travnja 2026.","format":false,"excerpt":"VIENNA, 31ST AUGUST\u20133RD SEPTEMBER 2026 (DEADLINE: 24TH APRIL 2026) The Center for Austrian Studies at the European Forum at the Hebrew University and the Austrian Academy of Sciences\/Institute of Culture Studies invite early postdocs, PhD candidates, and advanced Master\u2019s students from the Hebrew University of Jerusalem and universities and academic\u2026","rel":"","context":"U &quot;Novosti&quot;","block_context":{"text":"Novosti","link":"https:\/\/historiografija.hr\/?cat=3"},"img":{"alt_text":"","src":"https:\/\/i0.wp.com\/historiografija.hr\/wp-content\/uploads\/2017\/10\/hsozkult.png?fit=1006%2C241&ssl=1&resize=350%2C200","width":350,"height":200,"srcset":"https:\/\/i0.wp.com\/historiografija.hr\/wp-content\/uploads\/2017\/10\/hsozkult.png?fit=1006%2C241&ssl=1&resize=350%2C200 1x, https:\/\/i0.wp.com\/historiografija.hr\/wp-content\/uploads\/2017\/10\/hsozkult.png?fit=1006%2C241&ssl=1&resize=525%2C300 1.5x, https:\/\/i0.wp.com\/historiografija.hr\/wp-content\/uploads\/2017\/10\/hsozkult.png?fit=1006%2C241&ssl=1&resize=700%2C400 2x"},"classes":[]},{"id":52664,"url":"https:\/\/historiografija.hr\/?p=52664","url_meta":{"origin":16623,"position":1},"title":"CfP: CONFERENCE OF THE HISTORY OF CONCEPTS GROUP, HELSINKI, 19TH\u201321ST AUGUST 2026 (DEADLINE: 30TH APRIL 2026)","author":"Branimir Jankovi\u0107","date":"24. travnja 2026.","format":false,"excerpt":"The annual conference of the History of Concepts Group is held at the University of Helsinki, 19-21 August 2026. Conference of the History of Concepts Group Conceptual history studies the use of concepts and tries to understand how historical actors have linguistically articulated views of the world. Studying concepts from\u2026","rel":"","context":"U &quot;Novosti&quot;","block_context":{"text":"Novosti","link":"https:\/\/historiografija.hr\/?cat=3"},"img":{"alt_text":"","src":"https:\/\/i0.wp.com\/historiografija.hr\/wp-content\/uploads\/2017\/10\/hsozkult.png?fit=1006%2C241&ssl=1&resize=350%2C200","width":350,"height":200,"srcset":"https:\/\/i0.wp.com\/historiografija.hr\/wp-content\/uploads\/2017\/10\/hsozkult.png?fit=1006%2C241&ssl=1&resize=350%2C200 1x, https:\/\/i0.wp.com\/historiografija.hr\/wp-content\/uploads\/2017\/10\/hsozkult.png?fit=1006%2C241&ssl=1&resize=525%2C300 1.5x, https:\/\/i0.wp.com\/historiografija.hr\/wp-content\/uploads\/2017\/10\/hsozkult.png?fit=1006%2C241&ssl=1&resize=700%2C400 2x"},"classes":[]},{"id":52516,"url":"https:\/\/historiografija.hr\/?p=52516","url_meta":{"origin":16623,"position":2},"title":"Marko Grde\u0161i\u0107, Mislav \u017ditko, \u201eSocialist Economics in Yugoslavia: A Critical History\u201c","author":"Branimir Jankovi\u0107","date":"17. travnja 2026.","format":false,"excerpt":"This book presents a critical history of Yugoslav socialist economics, from its inception in the late 1940s to its dissolution in the late 1980s. After the dramatic break with the Soviet Union in 1948, Yugoslavia found itself in urgent need of a third way: A socialist trajectory which would not\u2026","rel":"","context":"U &quot;Knjige&quot;","block_context":{"text":"Knjige","link":"https:\/\/historiografija.hr\/?cat=8"},"img":{"alt_text":"","src":"https:\/\/i0.wp.com\/historiografija.hr\/wp-content\/uploads\/2026\/04\/Zitko_Grdesic.jpg?fit=350%2C535&ssl=1&resize=350%2C200","width":350,"height":200},"classes":[]},{"id":52586,"url":"https:\/\/historiografija.hr\/?p=52586","url_meta":{"origin":16623,"position":3},"title":"Aur\u00e9lie Daher, \u201eHezbollah: Mobilisation and Power\u201c","author":"Branimir Jankovi\u0107","date":"22. travnja 2026.","format":false,"excerpt":"Morning Star \u2018Book of the Year\u2019 Social movement, liberation party or terrorist group? With Hezbollah\u2019s growing involvement in the war in Syria, this study of its impact on Lebanon, drawing heavily on first-hand interviews, could not be more timely. Description Almost forty years after its foundation, Hezbollah remains an enigma.\u2026","rel":"","context":"U &quot;Knjige&quot;","block_context":{"text":"Knjige","link":"https:\/\/historiografija.hr\/?cat=8"},"img":{"alt_text":"","src":"https:\/\/i0.wp.com\/historiografija.hr\/wp-content\/uploads\/2026\/04\/Daher-Hezbollah.jpg?fit=600%2C931&ssl=1&resize=350%2C200","width":350,"height":200,"srcset":"https:\/\/i0.wp.com\/historiografija.hr\/wp-content\/uploads\/2026\/04\/Daher-Hezbollah.jpg?fit=600%2C931&ssl=1&resize=350%2C200 1x, https:\/\/i0.wp.com\/historiografija.hr\/wp-content\/uploads\/2026\/04\/Daher-Hezbollah.jpg?fit=600%2C931&ssl=1&resize=525%2C300 1.5x"},"classes":[]},{"id":52531,"url":"https:\/\/historiografija.hr\/?p=52531","url_meta":{"origin":16623,"position":4},"title":"Jonathan G. Leslie, \u201eFear and Insecurity: Israel and the Iran Threat Narrative\u201c","author":"Branimir Jankovi\u0107","date":"17. travnja 2026.","format":false,"excerpt":"Why is Israel\u2019s former ally Iran now perceived as the country\u2019s greatest threat? Description To observers of the Iran-Israel conflict, its vitriolic rhetoric might suggest an ancient hatred between Jews and Muslims\u2013a biblical feud dating back hundreds, or thousands, of years. But this rivalry is a far more modern development.\u2026","rel":"","context":"U &quot;Knjige&quot;","block_context":{"text":"Knjige","link":"https:\/\/historiografija.hr\/?cat=8"},"img":{"alt_text":"","src":"https:\/\/i0.wp.com\/historiografija.hr\/wp-content\/uploads\/2026\/04\/Leslie.jpg?fit=391%2C612&ssl=1&resize=350%2C200","width":350,"height":200},"classes":[]},{"id":52622,"url":"https:\/\/historiografija.hr\/?p=52622","url_meta":{"origin":16623,"position":5},"title":"Annual CAPONEU conference: Political Novel in Europe Between Democracy and Authoritarianism","author":"Branimir Jankovi\u0107","date":"23. travnja 2026.","format":false,"excerpt":"Caponeu event 22.04.2026 - 24.04.2026 Location: The Faculty of Polish and Classical Philology AMU (Fredry 10, Pozna\u0144)Organized by: Tomasz Mizerkiewicz, Krystyna Pieni\u0105\u017cek-Markovi\u0107, Anna Gawarecka, Ewa Szperlik, Magda Potok, B\u0142a\u017cej Warkocki, Gerard Ronge (all Adam Mickiewicz University in Pozna\u0144)Contact: gerron@amu.edu.pl The Adam Mickiewicz University team, as part of the international CAPONEU\u2026","rel":"","context":"U &quot;Novosti&quot;","block_context":{"text":"Novosti","link":"https:\/\/historiografija.hr\/?cat=3"},"img":{"alt_text":"","src":"https:\/\/i0.wp.com\/historiografija.hr\/wp-content\/uploads\/2026\/04\/Caponeu-political-novel.jpg?fit=500%2C261&ssl=1&resize=350%2C200","width":350,"height":200},"classes":[]}],"_links":{"self":[{"href":"https:\/\/historiografija.hr\/index.php?rest_route=\/wp\/v2\/posts\/16623","targetHints":{"allow":["GET"]}}],"collection":[{"href":"https:\/\/historiografija.hr\/index.php?rest_route=\/wp\/v2\/posts"}],"about":[{"href":"https:\/\/historiografija.hr\/index.php?rest_route=\/wp\/v2\/types\/post"}],"author":[{"embeddable":true,"href":"https:\/\/historiografija.hr\/index.php?rest_route=\/wp\/v2\/users\/2"}],"replies":[{"embeddable":true,"href":"https:\/\/historiografija.hr\/index.php?rest_route=%2Fwp%2Fv2%2Fcomments&post=16623"}],"version-history":[{"count":1,"href":"https:\/\/historiografija.hr\/index.php?rest_route=\/wp\/v2\/posts\/16623\/revisions"}],"predecessor-version":[{"id":16625,"href":"https:\/\/historiografija.hr\/index.php?rest_route=\/wp\/v2\/posts\/16623\/revisions\/16625"}],"wp:featuredmedia":[{"embeddable":true,"href":"https:\/\/historiografija.hr\/index.php?rest_route=\/wp\/v2\/media\/16624"}],"wp:attachment":[{"href":"https:\/\/historiografija.hr\/index.php?rest_route=%2Fwp%2Fv2%2Fmedia&parent=16623"}],"wp:term":[{"taxonomy":"category","embeddable":true,"href":"https:\/\/historiografija.hr\/index.php?rest_route=%2Fwp%2Fv2%2Fcategories&post=16623"},{"taxonomy":"post_tag","embeddable":true,"href":"https:\/\/historiografija.hr\/index.php?rest_route=%2Fwp%2Fv2%2Ftags&post=16623"}],"curies":[{"name":"wp","href":"https:\/\/api.w.org\/{rel}","templated":true}]}}