{"id":16550,"date":"2019-10-01T16:28:05","date_gmt":"2019-10-01T16:28:05","guid":{"rendered":"http:\/\/historiografija.hr\/?p=16550"},"modified":"2019-10-01T16:29:54","modified_gmt":"2019-10-01T16:29:54","slug":"eduard-hercigonja-tropismena-i-trojezicna-kultura-hrvatskoga-srednjovjekovlja-1994-2019","status":"publish","type":"post","link":"https:\/\/historiografija.hr\/?p=16550","title":{"rendered":"Eduard Hercigonja, &#8220;Tropismena i trojezi\u010dna kultura hrvatskoga srednjovjekovlja&#8221; (1994-2019)"},"content":{"rendered":"<p>\u201cSvojevrstan prezir prema \u201enadvladanim\u201c konceptima nacionalne kulture, kojemu smo u razli\u010ditim ina\u010dicama sve \u010de\u0161\u0107e svjedoci i \u017ertve, sudara se s druge strane s iznova ustalim poku\u0161ajima inzistiranja prema pravocrtnom, monofonom i jednodimenzionalnom tuma\u010denju nacionalne knji\u017eevnosti i kulturnog identiteta, inzistiranju na isklju\u010divosti, utemeljenu na prevladanoj ideji nacionalne uzvi\u0161enosti, \u201ekrvlju i tlom\u201c odre\u0111ene i razgrani\u010dene. Nekriti\u010dki bijeg od razumijevanja i prihva\u0107anja (ju\u017eno)slavenskog okru\u017eja, od \u0107irilometodskoga narativa, zazor od primjerenog razumijevanja odnosa srednjoju\u017enoslavenskih standardnih jezika \u2013 time i hrvatskoga \u2013 prema \u0161tokavskoj govornoj osnovici, upravo strah od neprijepornosti da se, na primjer, velik dio ju\u017enoslavenskoga \u0107irili\u010dkoga korpusa ne mo\u017ee razrezati po nacionalnom klju\u010du, ali da to nipo\u0161to ne umanjuje njegovu va\u017enost u hrvatskome knji\u017eevnom korpusu, sve su to orijentacijske to\u010dke onih koji u Hercigonjinoj knjizi vide ugrozu.\u201d (Mateo \u017dagar)<\/p>\n<p>&nbsp;<\/p>\n<p>&#8212;<\/p>\n<p><em>\u00a0<\/em><\/p>\n<p><em>Vijenac<\/em>, 667 &#8211; 26. rujna 2019.<\/p>\n<p><a href=\"http:\/\/www.matica.hr\/vijenac\/667\/r\/jezikoslovlje\/\">http:\/\/www.matica.hr\/vijenac\/667\/r\/jezikoslovlje\/<\/a><\/p>\n<p>&nbsp;<\/p>\n<p>Uz 90. ro\u0111endan akademika Eduarda Hercigonje, 20. kolovoza<\/p>\n<p><strong>Profesore, sretna Vam devedeseta!<\/strong><\/p>\n<p>Pi\u0161e STJEPAN DAMJANOVI\u0106<\/p>\n<p>Prihvatimo li podjelu koja znanstvenike dijeli na one koji idu utrtim stazama i grade na ure\u0111enim gradili\u0161tima i na one koji probijaju nove putove, Hercigonja nedvojbeno pripada drugima<\/p>\n<p>Jedan od najistaknutijih hrvatskih filologa na\u0161ega vremena akademik Eduard Hercigonja 20. kolovoza ove godine napunio je 90 godina. Siguran sam da bi svatko upu\u0107en u hrvatsku filologiju na\u0161ega vremena me\u0111u osobe koje su ostvarile vrijedno i poticajno filolo\u0161ko djelo ubrojio i akademika Eduarda Hercigonju.<\/p>\n<p>&nbsp;<\/p>\n<p><strong><em>Cijeli \u010dlanak dostupan je na poveznici:<\/em><\/strong><\/p>\n<p><a href=\"http:\/\/www.matica.hr\/vijenac\/667\/profesore-sretna-vam-devedeseta-29463\/\">http:\/\/www.matica.hr\/vijenac\/667\/profesore-sretna-vam-devedeseta-29463\/<\/a><\/p>\n<p>&nbsp;<\/p>\n<p>&#8212;<\/p>\n<p>&nbsp;<\/p>\n<p>O 90. ro\u0111endanu akademika Eduarda Hercigonje<\/p>\n<p><strong>Arhitekt nacionalne filologije<\/strong><\/p>\n<p>Pi\u0161e MATEO \u017dAGAR<\/p>\n<p>Osmisliv\u0161i hrvatsku srednjovjekovnu knji\u017eevnost (u osnovi kroz prizmu op\u0107enite \u201epismenosti\u201c) zacrtao je i arhitekturu cijele nacionalne filologije, te sasvim sigurno i kompletno poimanje hrvatske kulture<\/p>\n<p>&nbsp;<\/p>\n<p>(\u2026)<\/p>\n<p>&nbsp;<\/p>\n<p>Koncept nacionalne filologije, u koji dokraja vjeruje i koji cijelim svojim opusom potkrepljuje, propituju\u0107i modalitete knji\u017eevnosti oblikovane na \u201erubovima dviju Europa\u201c, uz mogu\u0107nost konceptualiziranja na temelju iznimne raznolikosti (geografske, jezi\u010dne, politi\u010dke, etni\u010dke&#8230;), uskladio je Hercigonja u potpunosti s filolo\u0161kim modernitetom 20. stolje\u0107a. Upravo u svojoj <strong><em>Tropismenoj i trojezi\u010dnoj kulturi hrvatskoga srednjovjekovlja <\/em><\/strong>(1994, 2006), kojoj ove godine pratimo 25. godi\u0161njicu prvotiska, jasno je afirmirao vrijednost raznolikosti umjesto uniformnosti, bogatstva regionalnosti umjesto centralizma, \u0161irine demokrati\u010dnosti pisarske i \u010ditala\u010dke kulture uz visoke dosege elitizma, funkcionalne vi\u0161ejezi\u010dnosti i vi\u0161epismovnosti, mnogolike orijentacije prema uzorima iz razli\u010ditih europskih kulturnih zona, dinamike prostora namjesto isklju\u010divosti uzvi\u0161ene nacionalne koncepcije 19. stolje\u0107a, inkluzivnosti ili preklapanja umjesto isklju\u010divosti, kulturolo\u0161ke \u0161irine naspram povremene filolo\u0161ke autisti\u010dnosti, filolo\u0161koga intenziteta i odgovornosti umjesto kulturolo\u0161ke povr\u0161nosti i pau\u0161alnosti. Tako osmisliv\u0161i hrvatsku srednjovjekovnu knji\u017eevnost (u osnovi kroz prizmu op\u0107enite \u201epismenosti\u201c) zacrtao je i arhitekturu cijele nacionalne filologije, te sasvim sigurno i kompletno poimanje hrvatske kulture.<\/p>\n<p>&nbsp;<\/p>\n<p>(\u2026)<\/p>\n<p>&nbsp;<\/p>\n<p>Svojevrstan prezir prema \u201enadvladanim\u201c konceptima nacionalne kulture, kojemu smo u razli\u010ditim ina\u010dicama sve \u010de\u0161\u0107e svjedoci i \u017ertve, sudara se s druge strane s iznova ustalim poku\u0161ajima inzistiranja prema pravocrtnom, monofonom i jednodimenzionalnom tuma\u010denju nacionalne knji\u017eevnosti i kulturnog identiteta, inzistiranju na isklju\u010divosti, utemeljenu na prevladanoj ideji nacionalne uzvi\u0161enosti, \u201ekrvlju i tlom\u201c odre\u0111ene i razgrani\u010dene. Nekriti\u010dki bijeg od razumijevanja i prihva\u0107anja (ju\u017eno)slavenskog okru\u017eja, od \u0107irilometodskoga narativa, zazor od primjerenog razumijevanja odnosa srednjoju\u017enoslavenskih standardnih jezika \u2013 time i hrvatskoga \u2013 prema \u0161tokavskoj govornoj osnovici, upravo strah od neprijepornosti da se, na primjer, velik dio ju\u017enoslavenskoga \u0107irili\u010dkoga korpusa ne mo\u017ee razrezati po nacionalnom klju\u010du, ali da to nipo\u0161to ne umanjuje njegovu va\u017enost u hrvatskome knji\u017eevnom korpusu, sve su to orijentacijske to\u010dke onih koji u Hercigonjinoj knjizi vide ugrozu.<\/p>\n<p>&nbsp;<\/p>\n<p>(\u2026)<\/p>\n<p>&nbsp;<\/p>\n<p><strong><em>Cijeli \u010dlanak dostupan je na poveznici:<\/em><\/strong><\/p>\n<p><a href=\"http:\/\/www.matica.hr\/vijenac\/667\/arhitekt-nacionalne-filologije-29464\/\">http:\/\/www.matica.hr\/vijenac\/667\/arhitekt-nacionalne-filologije-29464\/<\/a><\/p>\n<p>&nbsp;<\/p>\n<p>&#8212;<\/p>\n<p>&nbsp;<\/p>\n<p>Eduard Hercigonja<\/p>\n<p><strong><em>Tropismena i trojezi\u010dna kultura hrvatskoga srednjovjekovlja<\/em><\/strong><\/p>\n<p><strong><em>\u00a0<\/em><\/strong><\/p>\n<p>KAZALO<\/p>\n<p>&nbsp;<\/p>\n<p>PREDGOVOR<\/p>\n<p>OD 9-12. STOLJE\u0106A<\/p>\n<p>Po\u010deci pismenosti<\/p>\n<p>Latinska epigrafika<\/p>\n<p>Prvi spomenici slavenske pismenosti. Najstarija glagoljska epigrafika<\/p>\n<p>Latinska diplomati\u010dka gra\u0111a<\/p>\n<p>Latinska liturgijska knjiga, Biblija, teologija, enciklopedistika<\/p>\n<p>Glagolji\u010dki liturgijski tekstovi<\/p>\n<p>&nbsp;<\/p>\n<p>OD 12. DO KRAJA 14. STOLJE\u0106A<\/p>\n<p>Glagoljica. Op\u0107e zna\u010dajke razvoja glagolja\u0161ke knjige u ovom razdoblju<\/p>\n<p>Biblijsko-liturgijski glagolji\u010dki tekstovi<\/p>\n<p>Glagolji\u010dka neliturgijska proza. Stihovi<\/p>\n<p>&#8216;Acta croatica&#8217; I.<\/p>\n<p>Glagolji\u010dki natpisi, grafiti i zapisi<\/p>\n<p>Glagoljica u Europi 14. stolje\u0107a<\/p>\n<p>Hrvatska \u0107irilica<\/p>\n<p>Latini\u010dki hrvatski tekstovi<\/p>\n<p>Latinska pismenost. Notarijat. Pravni tekstovi<\/p>\n<p>Dubrova\u010dka &#8216;slavenska kancelarija&#8217;. Pisari. Knji\u017eevno obrazovanje<\/p>\n<p>Statuti. Prvi sa\u010duvani zapisnik hrvatskoga sabora. Kartulari. Matrikule<\/p>\n<p>Historija<\/p>\n<p>Fabulama proza<\/p>\n<p>Prirodnoznanstveni spisi. Medicinski traktati<\/p>\n<p>Teologija<\/p>\n<p>Liturgijski rukopisi<\/p>\n<p>Legenda aurea<\/p>\n<p>Natpisi<\/p>\n<p>Pismenost i knji\u017eevnost<\/p>\n<p>&nbsp;<\/p>\n<p>OD PO\u010cETKA 15. STOLJE\u0106A DO BROZI\u0106EVA BREVIJARA (1561)<\/p>\n<p>Latinska tradicija<\/p>\n<p>Glagolji\u010dka liturgijska knjiga<\/p>\n<p>Izvorni, glagolji\u010dki i latini\u010dki, pjesni\u010dki i dramski tekstovi<\/p>\n<p>Glagolja\u0161ki zbornici<\/p>\n<p>Hrvatski latini\u010dki prozni spisi i pjesni\u010dke zbirke<\/p>\n<p>&#8216;Acta croatica&#8217; II.<\/p>\n<p>Bilje\u0161ke, zapisi, grafiti<\/p>\n<p>Napuci za lije\u010denje, magijski zapisi, zaklinjanja, amuleti<\/p>\n<p>Pisma<\/p>\n<p>Hrvatski natpisi<\/p>\n<p>Mije\u0161anje pisama i jezika u istom tekstu<\/p>\n<p>Tisak<\/p>\n<p>&nbsp;<\/p>\n<p>KAZALO IMENA<\/p>\n<p>TABLE<\/p>\n<p>BILJE\u0160KA O PISCU<\/p>\n<p>&nbsp;<\/p>\n<p><a href=\"http:\/\/www.matica.hr\/knjige\/tropismena-i-trojezicna-kultura-hrvatskoga-srednjovjekovlja-87\/\">http:\/\/www.matica.hr\/knjige\/tropismena-i-trojezicna-kultura-hrvatskoga-srednjovjekovlja-87\/<\/a><\/p>\n<p>&nbsp;<\/p>\n<p><strong>Eduard Hercigonja<\/strong><\/p>\n<p>Filolog, kroatist i povjesni\u010dar knji\u017eevnosti. Sveu\u010dili\u0161ni profesor u miru i redoviti \u010dlan HAZU. Ro\u0111en 1929. u Zagrebu. Autor nekolicine temeljnih djela o hrvatskoj srednjevjekovnoj knji\u017eevnosti i kulturi.<\/p>\n<p>&nbsp;<\/p>\n<p>&nbsp;<\/p>\n","protected":false},"excerpt":{"rendered":"","protected":false},"author":2,"featured_media":16554,"comment_status":"open","ping_status":"open","sticky":false,"template":"","format":"standard","meta":{"_acf_changed":false,"jetpack_post_was_ever_published":false,"_jetpack_newsletter_access":"","_jetpack_dont_email_post_to_subs":false,"_jetpack_newsletter_tier_id":0,"_jetpack_memberships_contains_paywalled_content":false,"_jetpack_memberships_contains_paid_content":false,"footnotes":"","jetpack_publicize_message":"","jetpack_publicize_feature_enabled":true,"jetpack_social_post_already_shared":true,"jetpack_social_options":{"image_generator_settings":{"template":"highway","default_image_id":0,"font":"","enabled":false},"version":2}},"categories":[3],"tags":[],"class_list":["post-16550","post","type-post","status-publish","format-standard","has-post-thumbnail","hentry","category-novosti"],"acf":{"facebook_opis":""},"jetpack_publicize_connections":[],"jetpack_featured_media_url":"https:\/\/i0.wp.com\/historiografija.hr\/wp-content\/uploads\/2019\/10\/tropismena-i-trojezicna-kultura.jpg?fit=533%2C388&ssl=1","jetpack_sharing_enabled":true,"jetpack-related-posts":[{"id":52496,"url":"https:\/\/historiografija.hr\/?p=52496","url_meta":{"origin":16550,"position":0},"title":"30 godina Podru\u017enice \u2013 Javno predavanje Matea \u010calu\u0161i\u0107a \u201eSlavonski Brod u Domovinskom ratu\u201c","author":"Branimir Jankovi\u0107","date":"17. travnja 2026.","format":false,"excerpt":"U 2026. navr\u0161ava se trideset godina od osnutka Podru\u017enice za povijest Slavonije, Srijema i Baranje Hrvatskoga instituta za povijest. Obilje\u017eavanje ove zna\u010dajne obljetnice zapo\u010dinje ciklusom javnih povijesnih predavanja znanstvenika Instituta. Tre\u0107e po redu je predavanje Matea \u010calu\u0161i\u0107a \u2013 \u201eSLAVONSKI BROD U DOMOVINSKOM RATU\u201c. Predavanje \u0107e se odr\u017eati 21. travnja 2026.\u2026","rel":"","context":"U &quot;Novosti&quot;","block_context":{"text":"Novosti","link":"https:\/\/historiografija.hr\/?cat=3"},"img":{"alt_text":"","src":"https:\/\/i0.wp.com\/historiografija.hr\/wp-content\/uploads\/2026\/04\/Predavanje-Calusic.png?fit=860%2C1200&ssl=1&resize=350%2C200","width":350,"height":200,"srcset":"https:\/\/i0.wp.com\/historiografija.hr\/wp-content\/uploads\/2026\/04\/Predavanje-Calusic.png?fit=860%2C1200&ssl=1&resize=350%2C200 1x, https:\/\/i0.wp.com\/historiografija.hr\/wp-content\/uploads\/2026\/04\/Predavanje-Calusic.png?fit=860%2C1200&ssl=1&resize=525%2C300 1.5x, https:\/\/i0.wp.com\/historiografija.hr\/wp-content\/uploads\/2026\/04\/Predavanje-Calusic.png?fit=860%2C1200&ssl=1&resize=700%2C400 2x"},"classes":[]},{"id":52575,"url":"https:\/\/historiografija.hr\/?p=52575","url_meta":{"origin":16550,"position":1},"title":"Izlo\u017eba dje\u010djih radova \u201cU po\u010detku bija\u0161e crte\u017e\u2026\u201d","author":"Branimir Jankovi\u0107","date":"21. travnja 2026.","format":false,"excerpt":"U subotu, 25. travnja 2026. u 11 sati u Galeriji Klovi\u0107evi dvori sve\u010dano otvaramo izlo\u017ebu dje\u010djih radova pod nazivom U po\u010detku bija\u0161e crte\u017e\u2026 Radovi su nastali u sklopu likovnih radionica uz izlo\u017ebu U po\u010detku bija\u0161e kraljevstvo \u2013 izlo\u017eba povodom 1100 godina Hrvatskoga Kraljevstva. Na brojnim likovnim radionicama, uz \u0161kolsku djecu,\u2026","rel":"","context":"U &quot;Izlo\u017ebe&quot;","block_context":{"text":"Izlo\u017ebe","link":"https:\/\/historiografija.hr\/?cat=10"},"img":{"alt_text":"","src":"https:\/\/i0.wp.com\/historiografija.hr\/wp-content\/uploads\/2025\/10\/Klovicevi_sluzbeni-plakat.png?fit=840%2C1200&ssl=1&resize=350%2C200","width":350,"height":200,"srcset":"https:\/\/i0.wp.com\/historiografija.hr\/wp-content\/uploads\/2025\/10\/Klovicevi_sluzbeni-plakat.png?fit=840%2C1200&ssl=1&resize=350%2C200 1x, https:\/\/i0.wp.com\/historiografija.hr\/wp-content\/uploads\/2025\/10\/Klovicevi_sluzbeni-plakat.png?fit=840%2C1200&ssl=1&resize=525%2C300 1.5x, https:\/\/i0.wp.com\/historiografija.hr\/wp-content\/uploads\/2025\/10\/Klovicevi_sluzbeni-plakat.png?fit=840%2C1200&ssl=1&resize=700%2C400 2x"},"classes":[]},{"id":52539,"url":"https:\/\/historiografija.hr\/?p=52539","url_meta":{"origin":16550,"position":2},"title":"Drugi po redu studentski simpozij &#8220;In fonte veritas&#8221;","author":"Branimir Jankovi\u0107","date":"20. travnja 2026.","format":false,"excerpt":"U srijedu, 22. travnja 2026. godine, u dvorani C 0.4 na Hrvatskom katoli\u010dkom sveu\u010dili\u0161tu odr\u017eat \u0107e se drugi studentski simpozij \u201eIn fonte veritas\". Ovogodi\u0161nja sredi\u0161nja tema simpozija je Papinstvo. Kroz istra\u017eiva\u010dko suo\u010davanje s povijesnim izvorima deset \u0107e studenata predstaviti rezultate svojih istra\u017eivanja o instituciji koja je stolje\u0107ima oblikovala europsku i\u2026","rel":"","context":"U &quot;Novosti&quot;","block_context":{"text":"Novosti","link":"https:\/\/historiografija.hr\/?cat=3"},"img":{"alt_text":"","src":"https:\/\/i0.wp.com\/historiografija.hr\/wp-content\/uploads\/2026\/04\/Papinstvo.png?fit=1024%2C500&ssl=1&resize=350%2C200","width":350,"height":200,"srcset":"https:\/\/i0.wp.com\/historiografija.hr\/wp-content\/uploads\/2026\/04\/Papinstvo.png?fit=1024%2C500&ssl=1&resize=350%2C200 1x, https:\/\/i0.wp.com\/historiografija.hr\/wp-content\/uploads\/2026\/04\/Papinstvo.png?fit=1024%2C500&ssl=1&resize=525%2C300 1.5x, https:\/\/i0.wp.com\/historiografija.hr\/wp-content\/uploads\/2026\/04\/Papinstvo.png?fit=1024%2C500&ssl=1&resize=700%2C400 2x"},"classes":[]},{"id":52499,"url":"https:\/\/historiografija.hr\/?p=52499","url_meta":{"origin":16550,"position":3},"title":"POTPISAN UGOVOR O ZNANSTVENO-ISTRA\u017dIVA\u010cKOJ SURADNJI: PROJEKT \u201eTEMELJI HRVATSKE SAMOSTALNOSTI\u201d","author":"Branimir Jankovi\u0107","date":"17. travnja 2026.","format":false,"excerpt":"Hrvatski institut za povijest, Sveu\u010dili\u0161te obrane i sigurnosti \u201eDr. Franjo Tu\u0111man\u201d, Institut dru\u0161tvenih znanosti Ivo Pilar i Hrvatski dr\u017eavni arhiv\u00a0potpisali su 23. o\u017eujka 2026.\u00a0Ugovor o znanstveno-istra\u017eiva\u010dkoj suradnji s ciljem provedbe projekta \u201eTemelji hrvatske samostalnosti\u201d. Tim projektom obuhva\u0107a se istra\u017eivanje arhivskoga gradiva, priprema znanstvenih publikacija, digitalizacija i javna prezentacija rezultata istra\u017eivanja\u2026","rel":"","context":"U &quot;Novosti&quot;","block_context":{"text":"Novosti","link":"https:\/\/historiografija.hr\/?cat=3"},"img":{"alt_text":"","src":"https:\/\/i0.wp.com\/historiografija.hr\/wp-content\/uploads\/2026\/04\/THS_sporazum.jpg?fit=1200%2C583&ssl=1&resize=350%2C200","width":350,"height":200,"srcset":"https:\/\/i0.wp.com\/historiografija.hr\/wp-content\/uploads\/2026\/04\/THS_sporazum.jpg?fit=1200%2C583&ssl=1&resize=350%2C200 1x, https:\/\/i0.wp.com\/historiografija.hr\/wp-content\/uploads\/2026\/04\/THS_sporazum.jpg?fit=1200%2C583&ssl=1&resize=525%2C300 1.5x, https:\/\/i0.wp.com\/historiografija.hr\/wp-content\/uploads\/2026\/04\/THS_sporazum.jpg?fit=1200%2C583&ssl=1&resize=700%2C400 2x, https:\/\/i0.wp.com\/historiografija.hr\/wp-content\/uploads\/2026\/04\/THS_sporazum.jpg?fit=1200%2C583&ssl=1&resize=1050%2C600 3x"},"classes":[]},{"id":52631,"url":"https:\/\/historiografija.hr\/?p=52631","url_meta":{"origin":16550,"position":4},"title":"Predavanje Ivana Tepe\u0161a: Djelovanje hrvatske politi\u010dke emigracije","author":"Branimir Jankovi\u0107","date":"23. travnja 2026.","format":false,"excerpt":"Odjel za me\u0111unarodnu suradnju i iseljeni\u0161tvo Matice hrvatske Predavanje Ivana Tepe\u0161a: Djelovanje hrvatske politi\u010dke emigracije Utorak, 28. travnja 2026. u 18:00 sati, Dvorana Ljudevita Jonkea (Mala dvorana MH), Strossmayerov trg 4, Zagreb dr. sc. Ivan Tepe\u0161, Institut za istra\u017eivanje migracija Hrvatska politi\u010dka emigracija obilje\u017eila je polustoljetnu hrvatsku povijest u drugoj\u2026","rel":"","context":"U &quot;Novosti&quot;","block_context":{"text":"Novosti","link":"https:\/\/historiografija.hr\/?cat=3"},"img":{"alt_text":"","src":"","width":0,"height":0},"classes":[]},{"id":52563,"url":"https:\/\/historiografija.hr\/?p=52563","url_meta":{"origin":16550,"position":5},"title":"Predavanje Nenada Fabijani\u0107a o stadionu Poljud u Splitu","author":"Branimir Jankovi\u0107","date":"21. travnja 2026.","format":false,"excerpt":"Znanstveno vije\u0107e za arhitekturu, urbanizam i ure\u0111enje prostora Hrvatske akademije znanosti i umjetnosti organizira predavanje \u201cPo Poljudu\u201d koje \u0107e u srijedu 22. travnja 2026. s po\u010detkom u 14 sati u Knji\u017enici HAZU, Strossmayerov trg 14 u Zagrebu, odr\u017eati\u00a0prof. emerit. dr. art. Nenad Fabijani\u0107,\u00a0\u010dlan suradnik HAZU. Predavanje \u201ePo Poljudu\u201c (Projekt obnove)\u2026","rel":"","context":"U &quot;Novosti&quot;","block_context":{"text":"Novosti","link":"https:\/\/historiografija.hr\/?cat=3"},"img":{"alt_text":"","src":"https:\/\/i0.wp.com\/historiografija.hr\/wp-content\/uploads\/2026\/04\/Poljud-scaled.jpeg?fit=1200%2C800&ssl=1&resize=350%2C200","width":350,"height":200,"srcset":"https:\/\/i0.wp.com\/historiografija.hr\/wp-content\/uploads\/2026\/04\/Poljud-scaled.jpeg?fit=1200%2C800&ssl=1&resize=350%2C200 1x, https:\/\/i0.wp.com\/historiografija.hr\/wp-content\/uploads\/2026\/04\/Poljud-scaled.jpeg?fit=1200%2C800&ssl=1&resize=525%2C300 1.5x, https:\/\/i0.wp.com\/historiografija.hr\/wp-content\/uploads\/2026\/04\/Poljud-scaled.jpeg?fit=1200%2C800&ssl=1&resize=700%2C400 2x, https:\/\/i0.wp.com\/historiografija.hr\/wp-content\/uploads\/2026\/04\/Poljud-scaled.jpeg?fit=1200%2C800&ssl=1&resize=1050%2C600 3x"},"classes":[]}],"_links":{"self":[{"href":"https:\/\/historiografija.hr\/index.php?rest_route=\/wp\/v2\/posts\/16550","targetHints":{"allow":["GET"]}}],"collection":[{"href":"https:\/\/historiografija.hr\/index.php?rest_route=\/wp\/v2\/posts"}],"about":[{"href":"https:\/\/historiografija.hr\/index.php?rest_route=\/wp\/v2\/types\/post"}],"author":[{"embeddable":true,"href":"https:\/\/historiografija.hr\/index.php?rest_route=\/wp\/v2\/users\/2"}],"replies":[{"embeddable":true,"href":"https:\/\/historiografija.hr\/index.php?rest_route=%2Fwp%2Fv2%2Fcomments&post=16550"}],"version-history":[{"count":1,"href":"https:\/\/historiografija.hr\/index.php?rest_route=\/wp\/v2\/posts\/16550\/revisions"}],"predecessor-version":[{"id":16552,"href":"https:\/\/historiografija.hr\/index.php?rest_route=\/wp\/v2\/posts\/16550\/revisions\/16552"}],"wp:featuredmedia":[{"embeddable":true,"href":"https:\/\/historiografija.hr\/index.php?rest_route=\/wp\/v2\/media\/16554"}],"wp:attachment":[{"href":"https:\/\/historiografija.hr\/index.php?rest_route=%2Fwp%2Fv2%2Fmedia&parent=16550"}],"wp:term":[{"taxonomy":"category","embeddable":true,"href":"https:\/\/historiografija.hr\/index.php?rest_route=%2Fwp%2Fv2%2Fcategories&post=16550"},{"taxonomy":"post_tag","embeddable":true,"href":"https:\/\/historiografija.hr\/index.php?rest_route=%2Fwp%2Fv2%2Ftags&post=16550"}],"curies":[{"name":"wp","href":"https:\/\/api.w.org\/{rel}","templated":true}]}}