{"id":16535,"date":"2019-09-30T15:48:55","date_gmt":"2019-09-30T15:48:55","guid":{"rendered":"http:\/\/historiografija.hr\/?p=16535"},"modified":"2019-09-30T15:48:55","modified_gmt":"2019-09-30T15:48:55","slug":"goran-tribuson-otac-od-bronce","status":"publish","type":"post","link":"https:\/\/historiografija.hr\/?p=16535","title":{"rendered":"Goran Tribuson, \u201cOtac od bronce\u201d"},"content":{"rendered":"<p>Izdava\u010d Mozaik knjiga objavila je 2019. godine roman Gorana Tribusona \u201cOtac od bronce\u201d koji tematizira rat i promjene u Hrvatskoj 1990-ih godina, kao i razdoblje neposredno nakon 1945. godine.<\/p>\n<p>&nbsp;<\/p>\n<p>&#8212;<\/p>\n<p>&nbsp;<\/p>\n<p>OTAC OD BRONCE novi je roman Gorana Tribusona, jednog od najproduktivnijih i naj\u010ditanijih hrvatskih prozaika.<\/p>\n<p>Nakon nekoliko godina provedenih u Austriji gdje se bavio mutnim poslovima i bez prevelikih kontakata s vlastitom obitelji, \u017dak Kralj vra\u0107a se u rodni grad gdje ga \u010dekaju tetka, rat koji kuca na vrata i mrtav otac s kojim se nije rastao u dobrim odnosima.<\/p>\n<p>Povratak ovog karizmati\u010dnog junaka, kakve na stranice vrhunske proze zna dovesti samo Goran Tribuson, bit \u0107e otvaranje svojevrsne Pandorine kutije koje \u0107e mnogim ljudima oko njega zauvijek promijeniti \u017eivot. Biv\u0161i \u0161kolski kolege, obiteljski odvjetnici i lije\u010dnici, propu\u0161tene ljubavne prilike, prevareni mu\u017eevi, konvertiti \u0161to preko no\u0107i mijenjaju uniforme i zastave, \u017eivopisni su likovi ovoga romana koji, osim \u0161to sjajno i to\u010dno evocira jedno vrijeme, donosi jednu od najljep\u0161ih ljubavnih pri\u010da novije hrvatske knji\u017eevnosti.<\/p>\n<p>&nbsp;<\/p>\n<p>Izvor:<\/p>\n<p>&nbsp;<\/p>\n<p><a href=\"https:\/\/mozaik-knjiga.hr\/proizvod\/otac-od-bronce\/\">https:\/\/mozaik-knjiga.hr\/proizvod\/otac-od-bronce\/<\/a><\/p>\n<p>&nbsp;<\/p>\n<p>Odjeci:<\/p>\n<p>&nbsp;<\/p>\n<p><a href=\"https:\/\/www.tportal.hr\/kultura\/clanak\/goran-tribuson-predstavio-novu-knjigu-otac-od-bronce-20190508\">https:\/\/www.tportal.hr\/kultura\/clanak\/goran-tribuson-predstavio-novu-knjigu-otac-od-bronce-20190508<\/a><\/p>\n<p>&nbsp;<\/p>\n<p><a href=\"https:\/\/www.vecernji.hr\/premium\/topla-knjiga-snaznih-likova-u-kojoj-tribuson-ismijava-i-ideologije-i-literarno-dociranje-1312574\">https:\/\/www.vecernji.hr\/premium\/topla-knjiga-snaznih-likova-u-kojoj-tribuson-ismijava-i-ideologije-i-literarno-dociranje-1312574<\/a><\/p>\n<p>&nbsp;<\/p>\n<p><a href=\"http:\/\/www.novilist.hr\/Kultura\/Knjizevnost\/Goran-Tribuson-Otac-od-bronce-Kosmar-nesavrsenog-i-nezrelog-drustva\">http:\/\/www.novilist.hr\/Kultura\/Knjizevnost\/Goran-Tribuson-Otac-od-bronce-Kosmar-nesavrsenog-i-nezrelog-drustva<\/a><\/p>\n<p>&nbsp;<\/p>\n<p><a href=\"http:\/\/www.matica.hr\/vijenac\/667\/etika-ratnih-pobjednika-29468\/\">http:\/\/www.matica.hr\/vijenac\/667\/etika-ratnih-pobjednika-29468\/<\/a><\/p>\n<p>&nbsp;<\/p>\n<p><a href=\"http:\/\/www.glas-slavonije.hr\/402312\/11\/Od-sjena-proslosti-bjezati-je-uzalud\">http:\/\/www.glas-slavonije.hr\/402312\/11\/Od-sjena-proslosti-bjezati-je-uzalud<\/a><\/p>\n<p>&nbsp;<\/p>\n<p>&nbsp;<\/p>\n<p>&nbsp;<\/p>\n<p>&nbsp;<\/p>\n","protected":false},"excerpt":{"rendered":"","protected":false},"author":2,"featured_media":16536,"comment_status":"open","ping_status":"open","sticky":false,"template":"","format":"standard","meta":{"_acf_changed":false,"jetpack_post_was_ever_published":false,"_jetpack_newsletter_access":"","_jetpack_dont_email_post_to_subs":false,"_jetpack_newsletter_tier_id":0,"_jetpack_memberships_contains_paywalled_content":false,"_jetpack_memberships_contains_paid_content":false,"footnotes":"","jetpack_publicize_message":"","jetpack_publicize_feature_enabled":true,"jetpack_social_post_already_shared":true,"jetpack_social_options":{"image_generator_settings":{"template":"highway","default_image_id":0,"font":"","enabled":false},"version":2}},"categories":[3,12],"tags":[],"class_list":["post-16535","post","type-post","status-publish","format-standard","has-post-thumbnail","hentry","category-novosti","category-knjizevnost"],"acf":{"facebook_opis":""},"jetpack_publicize_connections":[],"jetpack_featured_media_url":"https:\/\/i0.wp.com\/historiografija.hr\/wp-content\/uploads\/2019\/09\/Otac-od-bronce.jpg?fit=749%2C1024&ssl=1","jetpack_sharing_enabled":true,"jetpack-related-posts":[{"id":52536,"url":"https:\/\/historiografija.hr\/?p=52536","url_meta":{"origin":16535,"position":0},"title":"Kader Abdolah, \u201ePrije nego \u0161to bude kasno\u201c","author":"Branimir Jankovi\u0107","date":"20. travnja 2026.","format":false,"excerpt":"Kader Abdolah \u017eeli se vratiti ku\u0107i. Ali povratak je nemogu\u0107: u Iranu bi bio uhap\u0161en. Pod la\u017enim imenom i s krivotvorenim paso\u0161em ipak uspijeva u\u0107i u domovinu i sti\u017ee do roditeljske ku\u0107e, visoko u planinama. Majka ga ne prepoznaje, otac je mrtav, a sve \u0161to je tra\u017eio izmi\u010de mu pred\u2026","rel":"","context":"U &quot;Novosti&quot;","block_context":{"text":"Novosti","link":"https:\/\/historiografija.hr\/?cat=3"},"img":{"alt_text":"","src":"https:\/\/i0.wp.com\/historiografija.hr\/wp-content\/uploads\/2026\/04\/Prije-nego-sto-bude-kasno.webp?fit=566%2C872&ssl=1&resize=350%2C200","width":350,"height":200,"srcset":"https:\/\/i0.wp.com\/historiografija.hr\/wp-content\/uploads\/2026\/04\/Prije-nego-sto-bude-kasno.webp?fit=566%2C872&ssl=1&resize=350%2C200 1x, https:\/\/i0.wp.com\/historiografija.hr\/wp-content\/uploads\/2026\/04\/Prije-nego-sto-bude-kasno.webp?fit=566%2C872&ssl=1&resize=525%2C300 1.5x"},"classes":[]},{"id":52733,"url":"https:\/\/historiografija.hr\/?p=52733","url_meta":{"origin":16535,"position":1},"title":"Vlado Raji\u0107 \u201eGranica na kraju stolje\u0107a\u201c","author":"Filip \u0160imunjak","date":"29. travnja 2026.","format":false,"excerpt":"U suizdanju Durieuxa i Beletre objavljena je 2025. godine knjiga Granica na kraju stolje\u0107a autora Vlade Raji\u0107a.\u00a0 O knjizi\u00a0 Romansirana biografija Vladimira Iblera mnogo je vi\u0161e od zanimljive pri\u010de o privatnom \u017eivotu i impresivnoj profesionalnoj karijeri istaknutog stru\u010dnjaka za me\u0111unarodno pravo i dugo\u00adgodi\u0161njeg profesora na zagreba\u010dkom Pravnom fakultetu, akademika, koji\u2026","rel":"","context":"U &quot;Knjige&quot;","block_context":{"text":"Knjige","link":"https:\/\/historiografija.hr\/?cat=8"},"img":{"alt_text":"","src":"https:\/\/i0.wp.com\/historiografija.hr\/wp-content\/uploads\/2026\/04\/VLADO-RAJIC-GRANICA-NA-KRAJU-STOLJECA.jpg?fit=450%2C650&ssl=1&resize=350%2C200","width":350,"height":200},"classes":[]},{"id":52547,"url":"https:\/\/historiografija.hr\/?p=52547","url_meta":{"origin":16535,"position":2},"title":"ISHA Zagreb \u2013 Filmska ve\u010der: Povratak Martina Guerrea","author":"Branimir Jankovi\u0107","date":"20. travnja 2026.","format":false,"excerpt":"Klub studenata povijesti \u2013 ISHA Zagreb poziva Vas na filmsku ve\u010der na kojoj \u0107e se prikazivati \u201ePovratak Martina Guerrea\u201c, povijesna drama iz 1982. godine s radnjom smje\u0161tenom u 16. stolje\u0107u. Radnja je utemeljena na stvarnoj povijesnoj li\u010dnosti Martina Guerrea koji se nakon mnogo godina izbivanja vra\u0107a u svoje rodno mjesto\u2026","rel":"","context":"U &quot;Filmovi i serije&quot;","block_context":{"text":"Filmovi i serije","link":"https:\/\/historiografija.hr\/?cat=13"},"img":{"alt_text":"","src":"https:\/\/i0.wp.com\/historiografija.hr\/wp-content\/uploads\/2026\/04\/M-Guerre.png?fit=702%2C1006&ssl=1&resize=350%2C200","width":350,"height":200,"srcset":"https:\/\/i0.wp.com\/historiografija.hr\/wp-content\/uploads\/2026\/04\/M-Guerre.png?fit=702%2C1006&ssl=1&resize=350%2C200 1x, https:\/\/i0.wp.com\/historiografija.hr\/wp-content\/uploads\/2026\/04\/M-Guerre.png?fit=702%2C1006&ssl=1&resize=525%2C300 1.5x, https:\/\/i0.wp.com\/historiografija.hr\/wp-content\/uploads\/2026\/04\/M-Guerre.png?fit=702%2C1006&ssl=1&resize=700%2C400 2x"},"classes":[]},{"id":52717,"url":"https:\/\/historiografija.hr\/?p=52717","url_meta":{"origin":16535,"position":3},"title":"Okrugli stol &#8220;Dvjestapedeset godina Sjedinjenih Ameri\u010dkih Dr\u017eava \u2013 od kolonije do prve zemlje svijeta i dalje&#8221;","author":"Filip \u0160imunjak","date":"29. travnja 2026.","format":false,"excerpt":"Ove godine obilje\u017eava se 250. obljetnica osnutka Sjedinjenih Ameri\u010dkih Dr\u017eava, povodom koje je pokrenut niz rasprava o ameri\u010dkoj povijesti, njezinoj globalnoj ulozi i naslje\u0111u koje se prote\u017ee od 1776. do danas. Obljetnica je ujedno prilika za promi\u0161ljanje o tome kako danas tuma\u010dimo ameri\u010dku pro\u0161lost, ali i (aktualnu) ulogu SAD-a u\u2026","rel":"","context":"U &quot;Novosti&quot;","block_context":{"text":"Novosti","link":"https:\/\/historiografija.hr\/?cat=3"},"img":{"alt_text":"","src":"https:\/\/i0.wp.com\/historiografija.hr\/wp-content\/uploads\/2026\/04\/Kliofest-01-utorak-I-02-OS-250-godina-SAD.jpg?fit=1200%2C566&ssl=1&resize=350%2C200","width":350,"height":200,"srcset":"https:\/\/i0.wp.com\/historiografija.hr\/wp-content\/uploads\/2026\/04\/Kliofest-01-utorak-I-02-OS-250-godina-SAD.jpg?fit=1200%2C566&ssl=1&resize=350%2C200 1x, https:\/\/i0.wp.com\/historiografija.hr\/wp-content\/uploads\/2026\/04\/Kliofest-01-utorak-I-02-OS-250-godina-SAD.jpg?fit=1200%2C566&ssl=1&resize=525%2C300 1.5x, https:\/\/i0.wp.com\/historiografija.hr\/wp-content\/uploads\/2026\/04\/Kliofest-01-utorak-I-02-OS-250-godina-SAD.jpg?fit=1200%2C566&ssl=1&resize=700%2C400 2x, https:\/\/i0.wp.com\/historiografija.hr\/wp-content\/uploads\/2026\/04\/Kliofest-01-utorak-I-02-OS-250-godina-SAD.jpg?fit=1200%2C566&ssl=1&resize=1050%2C600 3x"},"classes":[]},{"id":52704,"url":"https:\/\/historiografija.hr\/?p=52704","url_meta":{"origin":16535,"position":4},"title":"Predstavljanje knjige &#8220;Vladimir Vasiljevi\u0107: Moji do\u017eivljaji. Dnevni\u010dki zapisi iz Prvoga svjetskog rata i poratnoga vremena&#8221;","author":"Filip \u0160imunjak","date":"29. travnja 2026.","format":false,"excerpt":"Doga\u0111anja ovogodi\u0161njega Festivala povijesti Kliofest zapo\u010dinjemo ve\u0107 i prije samoga slu\u017ebenog otvaranja, predstavljanjem knjige \u201eMoji do\u017eivljaji. Dnevni\u010dki zapisi iz Prvoga svjetskog rata i poratnoga vremena\u201d Vladimira Vasiljevi\u0107a, koju su priredili Karlo Rukavina i Damir Agi\u010di\u0107. Pozivamo Vas na predstavljanje koje \u0107e se odr\u017eati u ponedjeljak 4. svibnja, s po\u010detkom u\u2026","rel":"","context":"U &quot;Knjige&quot;","block_context":{"text":"Knjige","link":"https:\/\/historiografija.hr\/?cat=8"},"img":{"alt_text":"","src":"https:\/\/i0.wp.com\/historiografija.hr\/wp-content\/uploads\/2026\/04\/Naslovna-V.-Vasiljevic.webp?fit=1200%2C600&ssl=1&resize=350%2C200","width":350,"height":200,"srcset":"https:\/\/i0.wp.com\/historiografija.hr\/wp-content\/uploads\/2026\/04\/Naslovna-V.-Vasiljevic.webp?fit=1200%2C600&ssl=1&resize=350%2C200 1x, https:\/\/i0.wp.com\/historiografija.hr\/wp-content\/uploads\/2026\/04\/Naslovna-V.-Vasiljevic.webp?fit=1200%2C600&ssl=1&resize=525%2C300 1.5x, https:\/\/i0.wp.com\/historiografija.hr\/wp-content\/uploads\/2026\/04\/Naslovna-V.-Vasiljevic.webp?fit=1200%2C600&ssl=1&resize=700%2C400 2x, https:\/\/i0.wp.com\/historiografija.hr\/wp-content\/uploads\/2026\/04\/Naslovna-V.-Vasiljevic.webp?fit=1200%2C600&ssl=1&resize=1050%2C600 3x"},"classes":[]},{"id":52633,"url":"https:\/\/historiografija.hr\/?p=52633","url_meta":{"origin":16535,"position":5},"title":"POVIJEST TRE\u0160NJEVA\u010cKE GLAZBE: prikupljanje virtualnog fundusa Muzeja susjedstva Tre\u0161njevka","author":"Branimir Jankovi\u0107","date":"23. travnja 2026.","format":false,"excerpt":"utorak 28. 4. 2026. 14 - 18 h Nova BAZA, Nova cesta 66, Zagreb Prvi su dani ljeta 1957. godine. Bo\u017eica Kalafati\u0107 poha\u0111a drugi razred Osnovne \u0161kole Bratstvo i jedinstvo, danas kralja Tomislava, a ide i na muzi\u010dke satove u Mo\u0161\u0107eni\u010dkoj ulici. Na fotografiji s harmonikom u rukama stoji u\u2026","rel":"","context":"U &quot;Novosti&quot;","block_context":{"text":"Novosti","link":"https:\/\/historiografija.hr\/?cat=3"},"img":{"alt_text":"","src":"https:\/\/i0.wp.com\/historiografija.hr\/wp-content\/uploads\/2026\/04\/MST_prikupljanje.jpg?fit=380%2C475&ssl=1&resize=350%2C200","width":350,"height":200},"classes":[]}],"_links":{"self":[{"href":"https:\/\/historiografija.hr\/index.php?rest_route=\/wp\/v2\/posts\/16535","targetHints":{"allow":["GET"]}}],"collection":[{"href":"https:\/\/historiografija.hr\/index.php?rest_route=\/wp\/v2\/posts"}],"about":[{"href":"https:\/\/historiografija.hr\/index.php?rest_route=\/wp\/v2\/types\/post"}],"author":[{"embeddable":true,"href":"https:\/\/historiografija.hr\/index.php?rest_route=\/wp\/v2\/users\/2"}],"replies":[{"embeddable":true,"href":"https:\/\/historiografija.hr\/index.php?rest_route=%2Fwp%2Fv2%2Fcomments&post=16535"}],"version-history":[{"count":1,"href":"https:\/\/historiografija.hr\/index.php?rest_route=\/wp\/v2\/posts\/16535\/revisions"}],"predecessor-version":[{"id":16537,"href":"https:\/\/historiografija.hr\/index.php?rest_route=\/wp\/v2\/posts\/16535\/revisions\/16537"}],"wp:featuredmedia":[{"embeddable":true,"href":"https:\/\/historiografija.hr\/index.php?rest_route=\/wp\/v2\/media\/16536"}],"wp:attachment":[{"href":"https:\/\/historiografija.hr\/index.php?rest_route=%2Fwp%2Fv2%2Fmedia&parent=16535"}],"wp:term":[{"taxonomy":"category","embeddable":true,"href":"https:\/\/historiografija.hr\/index.php?rest_route=%2Fwp%2Fv2%2Fcategories&post=16535"},{"taxonomy":"post_tag","embeddable":true,"href":"https:\/\/historiografija.hr\/index.php?rest_route=%2Fwp%2Fv2%2Ftags&post=16535"}],"curies":[{"name":"wp","href":"https:\/\/api.w.org\/{rel}","templated":true}]}}