{"id":16509,"date":"2019-09-27T12:52:46","date_gmt":"2019-09-27T12:52:46","guid":{"rendered":"http:\/\/historiografija.hr\/?p=16509"},"modified":"2019-09-27T13:59:56","modified_gmt":"2019-09-27T13:59:56","slug":"an-emerging-modern-world-1750-1870-edited-by-sebastian-conrad-and-jurgen-osterhammel","status":"publish","type":"post","link":"https:\/\/historiografija.hr\/?p=16509","title":{"rendered":"An Emerging Modern World: 1750\u20131870. Edited by Sebastian Conrad and J\u00fcrgen Osterhammel"},"content":{"rendered":"<p>Godine 2018. objavljen je \u010detvrti svezak povijesti me\u0111usobno povezanog svijeta koji su uredili Sebastian Conrad\u00a0i J\u00fcrgen Osterhammel \u2013 specijalisti za globalnu\u00a0povijest \u2013 o kojima smo ve\u0107 pisali na portalu.<\/p>\n<p>&nbsp;<\/p>\n<p>&#8212;<\/p>\n<p>&nbsp;<\/p>\n<p><strong>An Emerging Modern World<\/strong><\/p>\n<p><strong>1750\u20131870<\/strong><\/p>\n<p>&nbsp;<\/p>\n<p>Edited by Sebastian Conrad<\/p>\n<p>J\u00fcrgen Osterhammel<\/p>\n<p>General Editor Akira Iriye<\/p>\n<p>J\u00fcrgen Osterhammel<\/p>\n<p>&nbsp;<\/p>\n<p>2018<\/p>\n<p>&nbsp;<\/p>\n<p><a href=\"https:\/\/www.hup.harvard.edu\/catalog.php?isbn=9780674047204&amp;content=toc\">https:\/\/www.hup.harvard.edu\/catalog.php?isbn=9780674047204&amp;content=toc<\/a><\/p>\n<p>&nbsp;<\/p>\n<p>&nbsp;<\/p>\n<p>For as long as there have been nations, there has been an \u201cinternational\u201d\u2014a sphere of cross-border relations. But for most of human history, this space was sparsely occupied. States and regions were connected by long-distance commerce and the spasms of war, yet in their development they remained essentially separate. The century after 1750 marked a major shift. Fleeting connection gave way to durable integration. Culture, politics, and society were increasingly, and indelibly, entangled across continents. <em>An Emerging Modern World<\/em> charts this transformative period, addressing major questions about the roots of the present from a distinctly global perspective.<\/p>\n<p>Why, for instance, did industrialization begin in England and not in China? Was there early capitalist development outside of the West? Was the Enlightenment exclusively a European event? Led by editors <strong>Sebastian Conrad<\/strong> and <strong>J\u00fcrgen Osterhammel<\/strong>, a distinguished group of historians tackles these issues, along with the roles of nomads and enslaved people in fostering global integration, the development of a bourgeoisie outside Euro-America, Hinduism\u2019s transformation from local practices into a universal system, the invention of pan-Islamic identity, and the causes and effects of the revolution in time regimes. The world appeared to be undergoing such a radical renewal that the impression of an epochal watershed was widespread.<\/p>\n<p>This fourth volume in the six-volume series <em>A History of the World<\/em> engages the political, economic, social, and intellectual ferment of the eighteenth and nineteenth centuries outside Europe and North America. In doing so, it bears witness to the birth of the modern world.<\/p>\n<p>&nbsp;<\/p>\n<p><strong>Table of Contents<\/strong><\/p>\n<p>&nbsp;<\/p>\n<ul>\n<li>Introduction [Sebastian Conrad and J\u00fcrgen Osterhammel]<\/li>\n<li>Regions and Empires in the Political History of the Long Nineteenth Century [Cemil Aydin]\n<ul>\n<li>Introduction<\/li>\n<li>From the World of Regions to a Globalized Imperial World<\/li>\n<li>The Era of Imperial Self-Strengthening<\/li>\n<li>Re-regionalization of the Imperial World Order<\/li>\n<li>Regional, Ethnic, and Geopolitical Roots and Consequences of an Inter-imperial War<\/li>\n<\/ul>\n<\/li>\n<li>Possibilities of Plenty and the Persistence of Poverty: Industrialization and International Trade [R. Bin Wong]\n<ul>\n<li>Introduction<\/li>\n<li>The Legacy of Preindustrial Political Economies<\/li>\n<li>Nineteenth-Century Industrialization: Foundations of a European Century in Global History<\/li>\n<li>Nineteenth-Century Economic Trajectories in the Americas<\/li>\n<li>The Atlantic World\u2019s Late Nineteenth-Century Industrial Capitalism<\/li>\n<li>Nineteenth-Century Economies in the World of Western Colonization<\/li>\n<li>East Asia: Industry, Trade, and Capitalism<\/li>\n<li>The Global Economy of Late Nineteenth-Century Industrial Capitalism<\/li>\n<\/ul>\n<\/li>\n<li>A Cultural History of Global Transformation [Sebastian Conrad]\n<ul>\n<li>Introduction<\/li>\n<li>Regions, Integration, and Global Awareness: A Changing World Order<\/li>\n<li>The Global History of the Enlightenment<\/li>\n<li>\u201cNothing Is the Way It Should Be\u201d: The Organization of Time<\/li>\n<li>Religion in the Global World<\/li>\n<\/ul>\n<\/li>\n<li>Hierarchies and Connections: Aspects of a Global Social History [J\u00fcrgen Osterhammel]\n<ul>\n<li>Introduction<\/li>\n<li>Discovering the Social<\/li>\n<li>The Road to a World Society<\/li>\n<li>Hierarchies<\/li>\n<li>Mobilities and Networks<\/li>\n<\/ul>\n<\/li>\n<li>Notes<\/li>\n<li>Selected Bibliography<\/li>\n<li>Contributors<\/li>\n<li>Index<\/li>\n<\/ul>\n<p>&nbsp;<\/p>\n<p>&nbsp;<\/p>\n<p><strong>Sebastian Conrad<\/strong> is Professor of Modern History at the Free University of Berlin.<\/p>\n<p><strong>J\u00fcrgen Osterhammel<\/strong> is Professor of Modern History at the University of Konstanz.<\/p>\n<p><strong>Akira Iriye<\/strong> is Charles Warren Professor of American History, Emeritus, at Harvard University.<\/p>\n<p>&nbsp;<\/p>\n<p>&#8212;<\/p>\n<p>&nbsp;<\/p>\n<p><strong>A History of the World<\/strong><\/p>\n<p>Tracing the evolution of global society from prehistoric times to the present, this innovative six-volume history of an interconnected world offers an exciting challenge to traditional understandings of familiar events and eras. Eschewing the customary encyclopedic approach of myriad short entries, each volume offers substantive interpretive essays by prominent historians who systematically explore developments and trends within a global historical framework. This integrated history is a joint publication of Harvard University Press and <u>C. H. Beck<\/u>.<\/p>\n<p>Below is a list of in-print works in this collection, presented in series order or publication order as applicable.<\/p>\n<p>&nbsp;<\/p>\n<p>&nbsp;<\/p>\n<p><strong>Empires and Encounters: 1350\u20131750<\/strong><\/p>\n<p>Reinhard, Wolfgang<\/p>\n<p>Between 1350 and 1750 the world reached a tipping point of global connectedness. In this volume of the acclaimed History of the World series, noted international scholars examine five critical geographical areas where exploration and empire building led to expanding interaction\u2014early signals on every continent of a shrinking globe.<\/p>\n<p>&nbsp;<\/p>\n<p><strong>An Emerging Modern World: 1750\u20131870<\/strong><\/p>\n<p>Conrad, Sebastian<\/p>\n<p>Osterhammel, J\u00fcrgen<\/p>\n<p>For most of human history, states and regions were connected by long-distance commerce and war, yet they developed essentially separately. The century after 1750 marked a major shift. An Emerging Modern World, fourth in the six-volume series A History of the World, charts this transformative period outside the West.<\/p>\n<p>&nbsp;<\/p>\n<p><strong>A World Connecting: 1870\u20131945<\/strong><\/p>\n<p>Rosenberg, Emily S.<\/p>\n<p>Between 1870 and 1945, advances in communication and transportation simultaneously expanded and shrank the world. In five interpretive essays, A World Connecting goes beyond nations, empires, and world wars to capture the era\u2019s defining feature: the profound and disruptive shift toward an ever more rapidly integrating world.<\/p>\n<p>&nbsp;<\/p>\n<p><strong>Global Interdependence: The World after 1945<\/strong><\/p>\n<p>Iriye, Akira<\/p>\n<p>Global Interdependence provides a new account of world history from the end of WWII to the present, an era when transnational communities challenged the long domination of the nation-state. Leading scholars elucidate the political, economic, cultural, and environmental forces that have shaped the planet in the past sixty years.<\/p>\n<p>&nbsp;<\/p>\n<p>&nbsp;<\/p>\n","protected":false},"excerpt":{"rendered":"","protected":false},"author":2,"featured_media":16510,"comment_status":"open","ping_status":"open","sticky":false,"template":"","format":"standard","meta":{"_acf_changed":false,"jetpack_post_was_ever_published":false,"_jetpack_newsletter_access":"","_jetpack_dont_email_post_to_subs":false,"_jetpack_newsletter_tier_id":0,"_jetpack_memberships_contains_paywalled_content":false,"_jetpack_memberships_contains_paid_content":false,"footnotes":"","jetpack_publicize_message":"","jetpack_publicize_feature_enabled":true,"jetpack_social_post_already_shared":true,"jetpack_social_options":{"image_generator_settings":{"template":"highway","default_image_id":0,"font":"","enabled":false},"version":2}},"categories":[8,3],"tags":[],"class_list":["post-16509","post","type-post","status-publish","format-standard","has-post-thumbnail","hentry","category-knjige","category-novosti"],"acf":{"facebook_opis":""},"jetpack_publicize_connections":[],"jetpack_featured_media_url":"https:\/\/i0.wp.com\/historiografija.hr\/wp-content\/uploads\/2019\/09\/modern-world.jpg?fit=471%2C680&ssl=1","jetpack_sharing_enabled":true,"jetpack-related-posts":[{"id":52664,"url":"https:\/\/historiografija.hr\/?p=52664","url_meta":{"origin":16509,"position":0},"title":"CfP: CONFERENCE OF THE HISTORY OF CONCEPTS GROUP, HELSINKI, 19TH\u201321ST AUGUST 2026 (DEADLINE: 30TH APRIL 2026)","author":"Branimir Jankovi\u0107","date":"24. travnja 2026.","format":false,"excerpt":"The annual conference of the History of Concepts Group is held at the University of Helsinki, 19-21 August 2026. Conference of the History of Concepts Group Conceptual history studies the use of concepts and tries to understand how historical actors have linguistically articulated views of the world. Studying concepts from\u2026","rel":"","context":"U &quot;Novosti&quot;","block_context":{"text":"Novosti","link":"https:\/\/historiografija.hr\/?cat=3"},"img":{"alt_text":"","src":"https:\/\/i0.wp.com\/historiografija.hr\/wp-content\/uploads\/2017\/10\/hsozkult.png?fit=1006%2C241&ssl=1&resize=350%2C200","width":350,"height":200,"srcset":"https:\/\/i0.wp.com\/historiografija.hr\/wp-content\/uploads\/2017\/10\/hsozkult.png?fit=1006%2C241&ssl=1&resize=350%2C200 1x, https:\/\/i0.wp.com\/historiografija.hr\/wp-content\/uploads\/2017\/10\/hsozkult.png?fit=1006%2C241&ssl=1&resize=525%2C300 1.5x, https:\/\/i0.wp.com\/historiografija.hr\/wp-content\/uploads\/2017\/10\/hsozkult.png?fit=1006%2C241&ssl=1&resize=700%2C400 2x"},"classes":[]},{"id":52531,"url":"https:\/\/historiografija.hr\/?p=52531","url_meta":{"origin":16509,"position":1},"title":"Jonathan G. Leslie, \u201eFear and Insecurity: Israel and the Iran Threat Narrative\u201c","author":"Branimir Jankovi\u0107","date":"17. travnja 2026.","format":false,"excerpt":"Why is Israel\u2019s former ally Iran now perceived as the country\u2019s greatest threat? Description To observers of the Iran-Israel conflict, its vitriolic rhetoric might suggest an ancient hatred between Jews and Muslims\u2013a biblical feud dating back hundreds, or thousands, of years. But this rivalry is a far more modern development.\u2026","rel":"","context":"U &quot;Knjige&quot;","block_context":{"text":"Knjige","link":"https:\/\/historiografija.hr\/?cat=8"},"img":{"alt_text":"","src":"https:\/\/i0.wp.com\/historiografija.hr\/wp-content\/uploads\/2026\/04\/Leslie.jpg?fit=391%2C612&ssl=1&resize=350%2C200","width":350,"height":200},"classes":[]},{"id":52516,"url":"https:\/\/historiografija.hr\/?p=52516","url_meta":{"origin":16509,"position":2},"title":"Marko Grde\u0161i\u0107, Mislav \u017ditko, \u201eSocialist Economics in Yugoslavia: A Critical History\u201c","author":"Branimir Jankovi\u0107","date":"17. travnja 2026.","format":false,"excerpt":"This book presents a critical history of Yugoslav socialist economics, from its inception in the late 1940s to its dissolution in the late 1980s. After the dramatic break with the Soviet Union in 1948, Yugoslavia found itself in urgent need of a third way: A socialist trajectory which would not\u2026","rel":"","context":"U &quot;Knjige&quot;","block_context":{"text":"Knjige","link":"https:\/\/historiografija.hr\/?cat=8"},"img":{"alt_text":"","src":"https:\/\/i0.wp.com\/historiografija.hr\/wp-content\/uploads\/2026\/04\/Zitko_Grdesic.jpg?fit=350%2C535&ssl=1&resize=350%2C200","width":350,"height":200},"classes":[]}],"_links":{"self":[{"href":"https:\/\/historiografija.hr\/index.php?rest_route=\/wp\/v2\/posts\/16509","targetHints":{"allow":["GET"]}}],"collection":[{"href":"https:\/\/historiografija.hr\/index.php?rest_route=\/wp\/v2\/posts"}],"about":[{"href":"https:\/\/historiografija.hr\/index.php?rest_route=\/wp\/v2\/types\/post"}],"author":[{"embeddable":true,"href":"https:\/\/historiografija.hr\/index.php?rest_route=\/wp\/v2\/users\/2"}],"replies":[{"embeddable":true,"href":"https:\/\/historiografija.hr\/index.php?rest_route=%2Fwp%2Fv2%2Fcomments&post=16509"}],"version-history":[{"count":3,"href":"https:\/\/historiografija.hr\/index.php?rest_route=\/wp\/v2\/posts\/16509\/revisions"}],"predecessor-version":[{"id":16517,"href":"https:\/\/historiografija.hr\/index.php?rest_route=\/wp\/v2\/posts\/16509\/revisions\/16517"}],"wp:featuredmedia":[{"embeddable":true,"href":"https:\/\/historiografija.hr\/index.php?rest_route=\/wp\/v2\/media\/16510"}],"wp:attachment":[{"href":"https:\/\/historiografija.hr\/index.php?rest_route=%2Fwp%2Fv2%2Fmedia&parent=16509"}],"wp:term":[{"taxonomy":"category","embeddable":true,"href":"https:\/\/historiografija.hr\/index.php?rest_route=%2Fwp%2Fv2%2Fcategories&post=16509"},{"taxonomy":"post_tag","embeddable":true,"href":"https:\/\/historiografija.hr\/index.php?rest_route=%2Fwp%2Fv2%2Ftags&post=16509"}],"curies":[{"name":"wp","href":"https:\/\/api.w.org\/{rel}","templated":true}]}}