{"id":16506,"date":"2019-09-27T12:43:07","date_gmt":"2019-09-27T12:43:07","guid":{"rendered":"http:\/\/historiografija.hr\/?p=16506"},"modified":"2019-09-27T12:43:07","modified_gmt":"2019-09-27T12:43:07","slug":"global-history-globally-research-and-practice-around-the-world-edited-by-sven-beckert-and-dominic-sachsenmaier","status":"publish","type":"post","link":"https:\/\/historiografija.hr\/?p=16506","title":{"rendered":"Global History, Globally: Research and Practice around the World. Edited by Sven Beckert and Dominic Sachsenmaier"},"content":{"rendered":"<p>Objavljen je 2018. godine zbornik \u201cGlobal History, Globally: Research and Practice around the World\u201d s namjerom davanja pregleda stanja s globalnom historijom diljem svijeta, kao poku\u0161aja transnacionaliziranja i globaliziranja na\u0161ih pogleda na pro\u0161lost.<\/p>\n<p>&nbsp;<\/p>\n<p>&#8212;<\/p>\n<p>&nbsp;<\/p>\n<p><strong>Global History, Globally <\/strong><\/p>\n<p><strong>Research and Practice around the World <\/strong><\/p>\n<p>&nbsp;<\/p>\n<p>Editor(s): Sven Beckert, Dominic Sachsenmaier<\/p>\n<p>&nbsp;<\/p>\n<p>Bloomsbury Academic<\/p>\n<p>&nbsp;<\/p>\n<p>2018<\/p>\n<p>&nbsp;<\/p>\n<p><a href=\"https:\/\/www.bloomsbury.com\/uk\/global-history-globally-9781350036376\/\">https:\/\/www.bloomsbury.com\/uk\/global-history-globally-9781350036376\/<\/a><\/p>\n<p>&nbsp;<\/p>\n<p><strong>About Global History, Globally<\/strong><\/p>\n<p>In recent years historians in many different parts of the world have sought to transnationalize and globalize their perspectives on the past. Despite all these efforts to gain new global historical visions, however, the debates surrounding this movement have remained rather provincial in scope. <em>Global History, Globally<\/em> addresses this lacuna by surveying the state of global history in different world regions.<\/p>\n<p>Divided into three distinct but tightly interweaved sections, the book&#8217;s chapters provide regional surveys of the practice of global history on all continents, review some of the research in four core fields of global history and consider a number of problems that global historians have contended with in their work. The authors hail from various world regions and are themselves leading global historians. Collectively, they provide an unprecedented survey of what today is the most dynamic field in the discipline of history.<\/p>\n<p>As one of the first books to systematically discuss the international dimensions of global historical scholarship and address a wealth of questions emanating from them, <em>Global History, Globally <\/em>is a must-read book for all students and scholars of global history.<\/p>\n<p>&nbsp;<\/p>\n<p><strong>Table of contents<\/strong><\/p>\n<p>Introduction: Global History, Globally <em>Sven Beckert (Harvard University, USA) and Dominic Sachsenmaier (Georg August University, G\u00f6ttingen, Germany)<\/em><br \/>\n<strong>Part 1: Regions<\/strong><br \/>\n1. Global History in (Western) Europe: Explorations and Debates <em>Gareth Austin (Cambridge University, UK)<\/em><br \/>\n2. Re-presenting Asia on the Global Stage: The Rise of Global History Study in East Asia <em>Qingjia Edward Wang (Beijing University, China\/Rowan University, Glassboro, New Jersey, USA)<\/em><br \/>\n3. Latin America and the Caribbean: Traditions of Global History <em>Rafael Marquese and Jo\u00e3o Paulo Garrido Pimenta (both of University of Sao Paolo, Brazil)<\/em><br \/>\n4. African History and Global History: Revisiting Paradigms <em>Omar Gueye (Cheikh Anta Diop, University, Dakar, Senegal)<\/em><br \/>\n5. Deconstructing Imperial and National Narratives in Turkey and the Arab Middle East <em>Selcuk Esenbel and Meltem Toks\u00f6z (both of Bogazi\u00e7i University, Istanbul, Turkey)<\/em><br \/>\n6. The World History Project: Global History in North American Context <em>Jerry H. Bentley (University of Hawai&#8217;i at Manoa, \u2020)<\/em><br \/>\n<strong>Part 2: Central Themes in Global History<\/strong><br \/>\n7. New Perspectives on Workers and the History of Work: Global Labor History <em>Andreas Eckert (Humboldt University Berlin, Germany) and Marcel Van der Linden (University of Amsterdam, the Netherlands)<\/em><br \/>\n8. Scale, Scope, and Scholarship: Regional Practices and Global Economic Histories <em>Kenneth Pomeranz (University of Chicago, USA)<\/em><br \/>\n9. Global Histories of Migration(s): Dialectics and Dialogic of Perspectives and Primacies <em>Amit Mishra (University of Hyderabad, India)<br \/>\n<\/em>10. The Challenge of the \u201cGlobal\u201d in Intellectual History<em> Dominic Sachsenmaier (Georg August University, G\u00f6ttingen, Germany) and Andrew Sartori (New York University, USA)<\/em><br \/>\n<strong>Part 3: Problems in the Practice of Global History<\/strong><br \/>\n11. Writing World History in Africa: Conditions, Stakes, and Challenges <em>David Simo (University of Yaounde, Cameroon)<\/em><br \/>\n12. World History, Nationally: How Has the National Appropriated the Transnational in East Asian Historiography? <em>Lim Jie-Hyun (Sogang University, Seoul, South Korea)<\/em><br \/>\n13. Writing the Globe from the Edges: Approaches to the Making of Global History in Australia <em>Marnie Hughes-Warrington (Australian National University, Canberra, Australia)<br \/>\n<\/em>14. Japanese Efforts to Overcome Eurocentric Paradigms in the Study of Global History<em> Shigeru Akita (Osaka University, Japan)<\/em><br \/>\nIndex<\/p>\n<p>&nbsp;<\/p>\n<p><strong>Reviews<\/strong><\/p>\n<p>\u201cBringing together editorial competence in American, Chinese and European history and authors from all parts of the world, this superb collection inaugurates a new phase in the observation of what global historians are actually doing. It takes stock of past achievements, discusses the challenges of the present, and outlines visions for the future. &#8216;Practice&#8217; here includes the politics of global history in a broad range of regional contexts. No previous book has explained it with greater clarity.\u201d\u00a0\u2013\u00a0 J\u00fcrgen Osterhammel, Professor of History, University of Konstanz, Germany<\/p>\n<p>\u201cGlobal history is a great rejuvenator of history; it is also in need of a re-set in these times. This book is indispensable for both. It illuminates the ways in which global history revives the study of the past by transcending methodological nationalism. It also gives readers a plenitude of perspectives and problems on what a global past means. Here is an anthology endowed with a unique ability to motivate our ambitions while reminding us of our limits, to dream globally but with humility.\u201d\u00a0\u2013\u00a0 Jeremy Adelman, Henry Charles Lea Professor of History, Princeton University, USA<\/p>\n<p>\u201cExpansive and seemingly unstoppable as it is, global history so far has been a remarkably one-sided affair. While it has incorporated ever more \u201cother\u201d pasts, a true dialogue across continents, languages, and national traditions has not yet emerged. This fascinating collection takes an important stride in that direction, demonstrating forcefully that the \u201cworld\u201d does look very different depending on from where we look.\u201d\u00a0\u2013\u00a0 Sebastian Conrad, Professor of History, Free University of Berlin, Germany<\/p>\n<p>&nbsp;<\/p>\n<p>&nbsp;<\/p>\n<p>&nbsp;<\/p>\n","protected":false},"excerpt":{"rendered":"","protected":false},"author":2,"featured_media":16507,"comment_status":"open","ping_status":"open","sticky":false,"template":"","format":"standard","meta":{"_acf_changed":false,"jetpack_post_was_ever_published":false,"_jetpack_newsletter_access":"","_jetpack_dont_email_post_to_subs":false,"_jetpack_newsletter_tier_id":0,"_jetpack_memberships_contains_paywalled_content":false,"_jetpack_memberships_contains_paid_content":false,"footnotes":"","jetpack_publicize_message":"","jetpack_publicize_feature_enabled":true,"jetpack_social_post_already_shared":true,"jetpack_social_options":{"image_generator_settings":{"template":"highway","default_image_id":0,"font":"","enabled":false},"version":2}},"categories":[8,3],"tags":[],"class_list":["post-16506","post","type-post","status-publish","format-standard","has-post-thumbnail","hentry","category-knjige","category-novosti"],"acf":{"facebook_opis":""},"jetpack_publicize_connections":[],"jetpack_featured_media_url":"https:\/\/i0.wp.com\/historiografija.hr\/wp-content\/uploads\/2019\/09\/globally.jpg?fit=420%2C630&ssl=1","jetpack_sharing_enabled":true,"jetpack-related-posts":[{"id":52531,"url":"https:\/\/historiografija.hr\/?p=52531","url_meta":{"origin":16506,"position":0},"title":"Jonathan G. Leslie, \u201eFear and Insecurity: Israel and the Iran Threat Narrative\u201c","author":"Branimir Jankovi\u0107","date":"17. travnja 2026.","format":false,"excerpt":"Why is Israel\u2019s former ally Iran now perceived as the country\u2019s greatest threat? Description To observers of the Iran-Israel conflict, its vitriolic rhetoric might suggest an ancient hatred between Jews and Muslims\u2013a biblical feud dating back hundreds, or thousands, of years. But this rivalry is a far more modern development.\u2026","rel":"","context":"U &quot;Knjige&quot;","block_context":{"text":"Knjige","link":"https:\/\/historiografija.hr\/?cat=8"},"img":{"alt_text":"","src":"https:\/\/i0.wp.com\/historiografija.hr\/wp-content\/uploads\/2026\/04\/Leslie.jpg?fit=391%2C612&ssl=1&resize=350%2C200","width":350,"height":200},"classes":[]},{"id":52664,"url":"https:\/\/historiografija.hr\/?p=52664","url_meta":{"origin":16506,"position":1},"title":"CfP: CONFERENCE OF THE HISTORY OF CONCEPTS GROUP, HELSINKI, 19TH\u201321ST AUGUST 2026 (DEADLINE: 30TH APRIL 2026)","author":"Branimir Jankovi\u0107","date":"24. travnja 2026.","format":false,"excerpt":"The annual conference of the History of Concepts Group is held at the University of Helsinki, 19-21 August 2026. Conference of the History of Concepts Group Conceptual history studies the use of concepts and tries to understand how historical actors have linguistically articulated views of the world. Studying concepts from\u2026","rel":"","context":"U &quot;Novosti&quot;","block_context":{"text":"Novosti","link":"https:\/\/historiografija.hr\/?cat=3"},"img":{"alt_text":"","src":"https:\/\/i0.wp.com\/historiografija.hr\/wp-content\/uploads\/2017\/10\/hsozkult.png?fit=1006%2C241&ssl=1&resize=350%2C200","width":350,"height":200,"srcset":"https:\/\/i0.wp.com\/historiografija.hr\/wp-content\/uploads\/2017\/10\/hsozkult.png?fit=1006%2C241&ssl=1&resize=350%2C200 1x, https:\/\/i0.wp.com\/historiografija.hr\/wp-content\/uploads\/2017\/10\/hsozkult.png?fit=1006%2C241&ssl=1&resize=525%2C300 1.5x, https:\/\/i0.wp.com\/historiografija.hr\/wp-content\/uploads\/2017\/10\/hsozkult.png?fit=1006%2C241&ssl=1&resize=700%2C400 2x"},"classes":[]},{"id":52643,"url":"https:\/\/historiografija.hr\/?p=52643","url_meta":{"origin":16506,"position":2},"title":"BRACEWELL TRAVELLING SCHOLARSHIP\u202fFOR PHD STUDENTS (DEADLINE: 30TH APRIL 2026)","author":"Branimir Jankovi\u0107","date":"24. travnja 2026.","format":false,"excerpt":"The Bracewell Travelling Scholarship\u202fis funded by a gift from SSEES Emeritus Professor of History Wendy Bracewell, whose research examines South Slav history, and travel writing in eastern Europe. The Scholarship honours the long tradition of mutual curiosity between the UK and eastern, central and southeastern Europe by supporting PhD students\u2026","rel":"","context":"U &quot;Novosti&quot;","block_context":{"text":"Novosti","link":"https:\/\/historiografija.hr\/?cat=3"},"img":{"alt_text":"","src":"https:\/\/i0.wp.com\/historiografija.hr\/wp-content\/uploads\/2026\/04\/Bracewell-Travelling-Scholarship-.webp?fit=980%2C700&ssl=1&resize=350%2C200","width":350,"height":200,"srcset":"https:\/\/i0.wp.com\/historiografija.hr\/wp-content\/uploads\/2026\/04\/Bracewell-Travelling-Scholarship-.webp?fit=980%2C700&ssl=1&resize=350%2C200 1x, https:\/\/i0.wp.com\/historiografija.hr\/wp-content\/uploads\/2026\/04\/Bracewell-Travelling-Scholarship-.webp?fit=980%2C700&ssl=1&resize=525%2C300 1.5x, https:\/\/i0.wp.com\/historiografija.hr\/wp-content\/uploads\/2026\/04\/Bracewell-Travelling-Scholarship-.webp?fit=980%2C700&ssl=1&resize=700%2C400 2x"},"classes":[]},{"id":52641,"url":"https:\/\/historiografija.hr\/?p=52641","url_meta":{"origin":16506,"position":3},"title":"CfP: WHO OWNS THE PAST? VERNACULAR MEMORY, STATE MEMORY, AND THE POLITICS OF OWNERSHIP","author":"Branimir Jankovi\u0107","date":"24. travnja 2026.","format":false,"excerpt":"VIENNA, 31ST AUGUST\u20133RD SEPTEMBER 2026 (DEADLINE: 24TH APRIL 2026) The Center for Austrian Studies at the European Forum at the Hebrew University and the Austrian Academy of Sciences\/Institute of Culture Studies invite early postdocs, PhD candidates, and advanced Master\u2019s students from the Hebrew University of Jerusalem and universities and academic\u2026","rel":"","context":"U &quot;Novosti&quot;","block_context":{"text":"Novosti","link":"https:\/\/historiografija.hr\/?cat=3"},"img":{"alt_text":"","src":"https:\/\/i0.wp.com\/historiografija.hr\/wp-content\/uploads\/2017\/10\/hsozkult.png?fit=1006%2C241&ssl=1&resize=350%2C200","width":350,"height":200,"srcset":"https:\/\/i0.wp.com\/historiografija.hr\/wp-content\/uploads\/2017\/10\/hsozkult.png?fit=1006%2C241&ssl=1&resize=350%2C200 1x, https:\/\/i0.wp.com\/historiografija.hr\/wp-content\/uploads\/2017\/10\/hsozkult.png?fit=1006%2C241&ssl=1&resize=525%2C300 1.5x, https:\/\/i0.wp.com\/historiografija.hr\/wp-content\/uploads\/2017\/10\/hsozkult.png?fit=1006%2C241&ssl=1&resize=700%2C400 2x"},"classes":[]},{"id":52586,"url":"https:\/\/historiografija.hr\/?p=52586","url_meta":{"origin":16506,"position":4},"title":"Aur\u00e9lie Daher, \u201eHezbollah: Mobilisation and Power\u201c","author":"Branimir Jankovi\u0107","date":"22. travnja 2026.","format":false,"excerpt":"Morning Star \u2018Book of the Year\u2019 Social movement, liberation party or terrorist group? With Hezbollah\u2019s growing involvement in the war in Syria, this study of its impact on Lebanon, drawing heavily on first-hand interviews, could not be more timely. Description Almost forty years after its foundation, Hezbollah remains an enigma.\u2026","rel":"","context":"U &quot;Knjige&quot;","block_context":{"text":"Knjige","link":"https:\/\/historiografija.hr\/?cat=8"},"img":{"alt_text":"","src":"https:\/\/i0.wp.com\/historiografija.hr\/wp-content\/uploads\/2026\/04\/Daher-Hezbollah.jpg?fit=600%2C931&ssl=1&resize=350%2C200","width":350,"height":200,"srcset":"https:\/\/i0.wp.com\/historiografija.hr\/wp-content\/uploads\/2026\/04\/Daher-Hezbollah.jpg?fit=600%2C931&ssl=1&resize=350%2C200 1x, https:\/\/i0.wp.com\/historiografija.hr\/wp-content\/uploads\/2026\/04\/Daher-Hezbollah.jpg?fit=600%2C931&ssl=1&resize=525%2C300 1.5x"},"classes":[]},{"id":52580,"url":"https:\/\/historiografija.hr\/?p=52580","url_meta":{"origin":16506,"position":5},"title":"Conference &#8220;Living in the aftermaths: Trauma, politics and survival in Yugoslavia and successor states, 1945 \u2013 present&#8221;","author":"Branimir Jankovi\u0107","date":"21. travnja 2026.","format":false,"excerpt":"The conference aims to explore how war-related psychological distress was experienced, narrated, debated and reframed in Yugoslavia in the second half of the twentieth century. It asks how the theme of wounded psyche and wartime suffering was addressed and acknowledged in political, psychiatric and broader cultural discourses of socialist Yugoslavia,\u2026","rel":"","context":"U &quot;Novosti&quot;","block_context":{"text":"Novosti","link":"https:\/\/historiografija.hr\/?cat=3"},"img":{"alt_text":"","src":"https:\/\/i0.wp.com\/historiografija.hr\/wp-content\/uploads\/2026\/04\/Battle_of_Neretva_Picasso_poster-Conference-Living-in-the-aftermaths.webp?fit=564%2C954&ssl=1&resize=350%2C200","width":350,"height":200,"srcset":"https:\/\/i0.wp.com\/historiografija.hr\/wp-content\/uploads\/2026\/04\/Battle_of_Neretva_Picasso_poster-Conference-Living-in-the-aftermaths.webp?fit=564%2C954&ssl=1&resize=350%2C200 1x, https:\/\/i0.wp.com\/historiografija.hr\/wp-content\/uploads\/2026\/04\/Battle_of_Neretva_Picasso_poster-Conference-Living-in-the-aftermaths.webp?fit=564%2C954&ssl=1&resize=525%2C300 1.5x"},"classes":[]}],"_links":{"self":[{"href":"https:\/\/historiografija.hr\/index.php?rest_route=\/wp\/v2\/posts\/16506","targetHints":{"allow":["GET"]}}],"collection":[{"href":"https:\/\/historiografija.hr\/index.php?rest_route=\/wp\/v2\/posts"}],"about":[{"href":"https:\/\/historiografija.hr\/index.php?rest_route=\/wp\/v2\/types\/post"}],"author":[{"embeddable":true,"href":"https:\/\/historiografija.hr\/index.php?rest_route=\/wp\/v2\/users\/2"}],"replies":[{"embeddable":true,"href":"https:\/\/historiografija.hr\/index.php?rest_route=%2Fwp%2Fv2%2Fcomments&post=16506"}],"version-history":[{"count":1,"href":"https:\/\/historiografija.hr\/index.php?rest_route=\/wp\/v2\/posts\/16506\/revisions"}],"predecessor-version":[{"id":16508,"href":"https:\/\/historiografija.hr\/index.php?rest_route=\/wp\/v2\/posts\/16506\/revisions\/16508"}],"wp:featuredmedia":[{"embeddable":true,"href":"https:\/\/historiografija.hr\/index.php?rest_route=\/wp\/v2\/media\/16507"}],"wp:attachment":[{"href":"https:\/\/historiografija.hr\/index.php?rest_route=%2Fwp%2Fv2%2Fmedia&parent=16506"}],"wp:term":[{"taxonomy":"category","embeddable":true,"href":"https:\/\/historiografija.hr\/index.php?rest_route=%2Fwp%2Fv2%2Fcategories&post=16506"},{"taxonomy":"post_tag","embeddable":true,"href":"https:\/\/historiografija.hr\/index.php?rest_route=%2Fwp%2Fv2%2Ftags&post=16506"}],"curies":[{"name":"wp","href":"https:\/\/api.w.org\/{rel}","templated":true}]}}