{"id":16481,"date":"2019-09-26T09:22:32","date_gmt":"2019-09-26T09:22:32","guid":{"rendered":"http:\/\/historiografija.hr\/?p=16481"},"modified":"2019-09-26T09:22:32","modified_gmt":"2019-09-26T09:22:32","slug":"knjizevno-znanstveni-kolokvij-iskustvo-pisanja-i-citanja-o-ratu-u-vremenu-poslije-u-vukovaru","status":"publish","type":"post","link":"https:\/\/historiografija.hr\/?p=16481","title":{"rendered":"Knji\u017eevno-znanstveni kolokvij &#8220;Iskustvo pisanja i \u010ditanja o ratu \u2013 u vremenu poslije&#8221; u Vukovaru"},"content":{"rendered":"<p><span style=\"color: #000000; font-family: Calibri; font-size: medium;\">Knji\u017eevno-znanstveni kolokvij &#8220;Iskustvo pisanja i \u010ditanja o ratu \u2013 u vremenu poslije&#8221; u organizaciji Zavoda za znanstvenoistra\u017eiva\u010dki i umjetni\u010dki rad HAZU u Vukovaru i u suradnji s Gradskim muzejom Vukovar odr\u017eat \u0107e se u Gradskom muzeju Vukovar 27. rujna 2019. godine.<\/span><\/p>\n<p><span style=\"color: #000000; font-family: Calibri; font-size: medium;\">\u00a0<\/span><\/p>\n<p><span style=\"color: #000000; font-family: Calibri; font-size: medium;\">Program:<\/span><\/p>\n<p><a href=\"http:\/\/info.hazu.hr\/upload\/File\/2019\/Vukovar-CITANJE.pdf\">http:\/\/info.hazu.hr\/upload\/File\/2019\/Vukovar-CITANJE.pdf<\/a><\/p>\n<p><span style=\"color: #000000; font-family: Calibri; font-size: medium;\">\u00a0<\/span><\/p>\n<p><span style=\"color: #000000; font-family: Calibri; font-size: medium;\">Izvor:<\/span><\/p>\n<p><a href=\"http:\/\/info.hazu.hr\/\">http:\/\/info.hazu.hr\/<\/a><\/p>\n<p><span style=\"color: #000000; font-family: Calibri; font-size: medium;\">\u00a0<\/span><\/p>\n<p>&nbsp;<\/p>\n","protected":false},"excerpt":{"rendered":"","protected":false},"author":2,"featured_media":16482,"comment_status":"open","ping_status":"open","sticky":false,"template":"","format":"standard","meta":{"_acf_changed":false,"jetpack_post_was_ever_published":false,"_jetpack_newsletter_access":"","_jetpack_dont_email_post_to_subs":false,"_jetpack_newsletter_tier_id":0,"_jetpack_memberships_contains_paywalled_content":false,"_jetpack_memberships_contains_paid_content":false,"footnotes":"","jetpack_publicize_message":"","jetpack_publicize_feature_enabled":true,"jetpack_social_post_already_shared":true,"jetpack_social_options":{"image_generator_settings":{"template":"highway","default_image_id":0,"font":"","enabled":false},"version":2}},"categories":[3,9],"tags":[],"class_list":["post-16481","post","type-post","status-publish","format-standard","has-post-thumbnail","hentry","category-novosti","category-skupovi"],"acf":{"facebook_opis":""},"jetpack_publicize_connections":[],"jetpack_featured_media_url":"https:\/\/i0.wp.com\/historiografija.hr\/wp-content\/uploads\/2019\/09\/vukovar-citanje.jpg?fit=678%2C960&ssl=1","jetpack_sharing_enabled":true,"jetpack-related-posts":[{"id":52528,"url":"https:\/\/historiografija.hr\/?p=52528","url_meta":{"origin":16481,"position":0},"title":"[Promocija knjige] Banja Luka u ratu: Etnopolitika i svakodnevica (1990\u20131995) (ActiveLab, YugoLab)","author":"Branimir Jankovi\u0107","date":"17. travnja 2026.","format":false,"excerpt":"Institut za filozofiju i dru\u0161tvenu teoriju i O\u0161tra Nula organizuju promociju knjige Banja Luka u ratu: Etnopolitika i svakodnevica (1990\u20131995) autorke Armine Galija\u0161, koja \u0107e se odr\u017eati 20. aprila 2026. u 12.00 sati u prostorijama Instituta (Kraljice Natalije 45, Beograd). Re\u010d je o prvom nau\u010dno utemeljenom i sistematskom radu koji\u2026","rel":"","context":"U &quot;Novosti&quot;","block_context":{"text":"Novosti","link":"https:\/\/historiografija.hr\/?cat=3"},"img":{"alt_text":"","src":"https:\/\/i0.wp.com\/historiografija.hr\/wp-content\/uploads\/2026\/04\/20-april-RS.jpg?fit=1200%2C675&ssl=1&resize=350%2C200","width":350,"height":200,"srcset":"https:\/\/i0.wp.com\/historiografija.hr\/wp-content\/uploads\/2026\/04\/20-april-RS.jpg?fit=1200%2C675&ssl=1&resize=350%2C200 1x, https:\/\/i0.wp.com\/historiografija.hr\/wp-content\/uploads\/2026\/04\/20-april-RS.jpg?fit=1200%2C675&ssl=1&resize=525%2C300 1.5x, https:\/\/i0.wp.com\/historiografija.hr\/wp-content\/uploads\/2026\/04\/20-april-RS.jpg?fit=1200%2C675&ssl=1&resize=700%2C400 2x, https:\/\/i0.wp.com\/historiografija.hr\/wp-content\/uploads\/2026\/04\/20-april-RS.jpg?fit=1200%2C675&ssl=1&resize=1050%2C600 3x"},"classes":[]},{"id":52559,"url":"https:\/\/historiografija.hr\/?p=52559","url_meta":{"origin":16481,"position":1},"title":"Dobitnici dr\u017eavne nagrade za znanost za 2024. godinu","author":"Branimir Jankovi\u0107","date":"20. travnja 2026.","format":false,"excerpt":"Na sjednici Odbora za podjelu dr\u017eavnih nagrada za znanost odr\u017eanoj 16. travnja 2026. godine donesena je Odluka o dodjeli dr\u017eavnih nagrada za znanost za 2024. godinu. Godi\u0161njom nagradom za popularizaciju i promid\u017ebu znanosti nagra\u0111eni su u podru\u010dju humanisti\u010dkih znanosti znanstveni suradnici dr. sc. Josip Mihaljevi\u0107 i dr. sc. Gordan Ravan\u010di\u0107,\u2026","rel":"","context":"U &quot;Novosti&quot;","block_context":{"text":"Novosti","link":"https:\/\/historiografija.hr\/?cat=3"},"img":{"alt_text":"","src":"https:\/\/i0.wp.com\/historiografija.hr\/wp-content\/uploads\/2021\/12\/povijesne-kontroverze.jpg?fit=1200%2C675&ssl=1&resize=350%2C200","width":350,"height":200,"srcset":"https:\/\/i0.wp.com\/historiografija.hr\/wp-content\/uploads\/2021\/12\/povijesne-kontroverze.jpg?fit=1200%2C675&ssl=1&resize=350%2C200 1x, https:\/\/i0.wp.com\/historiografija.hr\/wp-content\/uploads\/2021\/12\/povijesne-kontroverze.jpg?fit=1200%2C675&ssl=1&resize=525%2C300 1.5x, https:\/\/i0.wp.com\/historiografija.hr\/wp-content\/uploads\/2021\/12\/povijesne-kontroverze.jpg?fit=1200%2C675&ssl=1&resize=700%2C400 2x, https:\/\/i0.wp.com\/historiografija.hr\/wp-content\/uploads\/2021\/12\/povijesne-kontroverze.jpg?fit=1200%2C675&ssl=1&resize=1050%2C600 3x"},"classes":[]},{"id":52502,"url":"https:\/\/historiografija.hr\/?p=52502","url_meta":{"origin":16481,"position":2},"title":"Novi znanstveni projekt Hrvatskog instituta za povijest: \u201c\u017drtve ratova i dr\u017eavnog\/politi\u010dkog nasilja u hrvatskoj povijesti 20. stolje\u0107a\u201d","author":"Branimir Jankovi\u0107","date":"17. travnja 2026.","format":false,"excerpt":"Na redovitoj sjednici Vlade RH, 16. travnja 2026., donijet je Zaklju\u010dak kojim se pokre\u0107e znanstveni projekt \u201c\u017drtve ratova i dr\u017eavnog\/politi\u010dkog nasilja u hrvatskoj povijesti 20. stolje\u0107a\u201d. Projekt \u0107e provoditi i koordinirati Hrvatski institut za povijest u razdoblju trajanja projekta od pet godina. Zakljucak Vlade RH Iz teksta projektnog prijedloga: Problematika\u2026","rel":"","context":"U &quot;Novosti&quot;","block_context":{"text":"Novosti","link":"https:\/\/historiografija.hr\/?cat=3"},"img":{"alt_text":"","src":"https:\/\/i0.wp.com\/historiografija.hr\/wp-content\/uploads\/2026\/04\/Vlada-RH.jpg?fit=1200%2C557&ssl=1&resize=350%2C200","width":350,"height":200,"srcset":"https:\/\/i0.wp.com\/historiografija.hr\/wp-content\/uploads\/2026\/04\/Vlada-RH.jpg?fit=1200%2C557&ssl=1&resize=350%2C200 1x, https:\/\/i0.wp.com\/historiografija.hr\/wp-content\/uploads\/2026\/04\/Vlada-RH.jpg?fit=1200%2C557&ssl=1&resize=525%2C300 1.5x, https:\/\/i0.wp.com\/historiografija.hr\/wp-content\/uploads\/2026\/04\/Vlada-RH.jpg?fit=1200%2C557&ssl=1&resize=700%2C400 2x, https:\/\/i0.wp.com\/historiografija.hr\/wp-content\/uploads\/2026\/04\/Vlada-RH.jpg?fit=1200%2C557&ssl=1&resize=1050%2C600 3x"},"classes":[]},{"id":52660,"url":"https:\/\/historiografija.hr\/?p=52660","url_meta":{"origin":16481,"position":3},"title":"Medijski odjeci \u010dlanka Steve \u0110ura\u0161kovi\u0107a \u201e\u017dupanovljeva ne\u017eeljena djeca: ideolo\u0161ko pribli\u017eavanje neoliberala i kr\u0161\u0107anske radikalne desnice u Hrvatskoj\u201c","author":"Branimir Jankovi\u0107","date":"24. travnja 2026.","format":false,"excerpt":"U sklopu projekta \u201eIzazovi intelektualne povijesti: recepcije, preobrazbe i upotrebe politi\u010dkih ideja\u201c objavljen je polemi\u010dki \u010dlanak Steve \u0110ura\u0161kovi\u0107a \u201e\u017dupanovljeva ne\u017eeljena djeca: ideolo\u0161ko pribli\u017eavanje neoliberala i kr\u0161\u0107anske radikalne desnice u Hrvatskoj\u201c, koji je izazvao odre\u0111ene medijske reakcije. Stevo \u0110ura\u0161kovi\u0107 \u017dupanovljeva ne\u017eeljena djeca: ideolo\u0161ko pribli\u017eavanje neoliberala i kr\u0161\u0107anske radikalne desnice u Hrvatskoj\u2026","rel":"","context":"U &quot;Novosti&quot;","block_context":{"text":"Novosti","link":"https:\/\/historiografija.hr\/?cat=3"},"img":{"alt_text":"","src":"https:\/\/i0.wp.com\/historiografija.hr\/wp-content\/uploads\/2026\/04\/SD.png?fit=809%2C821&ssl=1&resize=350%2C200","width":350,"height":200,"srcset":"https:\/\/i0.wp.com\/historiografija.hr\/wp-content\/uploads\/2026\/04\/SD.png?fit=809%2C821&ssl=1&resize=350%2C200 1x, https:\/\/i0.wp.com\/historiografija.hr\/wp-content\/uploads\/2026\/04\/SD.png?fit=809%2C821&ssl=1&resize=525%2C300 1.5x, https:\/\/i0.wp.com\/historiografija.hr\/wp-content\/uploads\/2026\/04\/SD.png?fit=809%2C821&ssl=1&resize=700%2C400 2x"},"classes":[]},{"id":52496,"url":"https:\/\/historiografija.hr\/?p=52496","url_meta":{"origin":16481,"position":4},"title":"30 godina Podru\u017enice \u2013 Javno predavanje Matea \u010calu\u0161i\u0107a \u201eSlavonski Brod u Domovinskom ratu\u201c","author":"Branimir Jankovi\u0107","date":"17. travnja 2026.","format":false,"excerpt":"U 2026. navr\u0161ava se trideset godina od osnutka Podru\u017enice za povijest Slavonije, Srijema i Baranje Hrvatskoga instituta za povijest. Obilje\u017eavanje ove zna\u010dajne obljetnice zapo\u010dinje ciklusom javnih povijesnih predavanja znanstvenika Instituta. Tre\u0107e po redu je predavanje Matea \u010calu\u0161i\u0107a \u2013 \u201eSLAVONSKI BROD U DOMOVINSKOM RATU\u201c. Predavanje \u0107e se odr\u017eati 21. travnja 2026.\u2026","rel":"","context":"U &quot;Novosti&quot;","block_context":{"text":"Novosti","link":"https:\/\/historiografija.hr\/?cat=3"},"img":{"alt_text":"","src":"https:\/\/i0.wp.com\/historiografija.hr\/wp-content\/uploads\/2026\/04\/Predavanje-Calusic.png?fit=860%2C1200&ssl=1&resize=350%2C200","width":350,"height":200,"srcset":"https:\/\/i0.wp.com\/historiografija.hr\/wp-content\/uploads\/2026\/04\/Predavanje-Calusic.png?fit=860%2C1200&ssl=1&resize=350%2C200 1x, https:\/\/i0.wp.com\/historiografija.hr\/wp-content\/uploads\/2026\/04\/Predavanje-Calusic.png?fit=860%2C1200&ssl=1&resize=525%2C300 1.5x, https:\/\/i0.wp.com\/historiografija.hr\/wp-content\/uploads\/2026\/04\/Predavanje-Calusic.png?fit=860%2C1200&ssl=1&resize=700%2C400 2x"},"classes":[]},{"id":52578,"url":"https:\/\/historiografija.hr\/?p=52578","url_meta":{"origin":16481,"position":5},"title":"Poziv za sudjelovanje: XXII. Dani Julija Bene\u0161i\u0107a u Iloku","author":"Branimir Jankovi\u0107","date":"21. travnja 2026.","format":false,"excerpt":"Zavod za lingvisti\u010dka istra\u017eivanja Hrvatske akademije znanosti i umjetnosti, zajedno s Muzejom grada Iloka, organizira XXII. Dane Julija Bene\u0161i\u0107a, koji \u0107e se odr\u017eati od 28. do 30. listopada 2026. u Iloku.\u00a0Teme ovogodi\u0161njih Dana podijeljene su u dvije cjeline: Knji\u017eevno-jezikoslovni d\u00ecv\u0101n s Bene\u0161i\u0107em te Ilok i Srijem u povijesnim stalnicama i\u2026","rel":"","context":"U &quot;Novosti&quot;","block_context":{"text":"Novosti","link":"https:\/\/historiografija.hr\/?cat=3"},"img":{"alt_text":"","src":"https:\/\/i0.wp.com\/historiografija.hr\/wp-content\/uploads\/2019\/10\/HE2_Benesic.jpg?fit=413%2C591&ssl=1&resize=350%2C200","width":350,"height":200},"classes":[]}],"_links":{"self":[{"href":"https:\/\/historiografija.hr\/index.php?rest_route=\/wp\/v2\/posts\/16481","targetHints":{"allow":["GET"]}}],"collection":[{"href":"https:\/\/historiografija.hr\/index.php?rest_route=\/wp\/v2\/posts"}],"about":[{"href":"https:\/\/historiografija.hr\/index.php?rest_route=\/wp\/v2\/types\/post"}],"author":[{"embeddable":true,"href":"https:\/\/historiografija.hr\/index.php?rest_route=\/wp\/v2\/users\/2"}],"replies":[{"embeddable":true,"href":"https:\/\/historiografija.hr\/index.php?rest_route=%2Fwp%2Fv2%2Fcomments&post=16481"}],"version-history":[{"count":1,"href":"https:\/\/historiografija.hr\/index.php?rest_route=\/wp\/v2\/posts\/16481\/revisions"}],"predecessor-version":[{"id":16483,"href":"https:\/\/historiografija.hr\/index.php?rest_route=\/wp\/v2\/posts\/16481\/revisions\/16483"}],"wp:featuredmedia":[{"embeddable":true,"href":"https:\/\/historiografija.hr\/index.php?rest_route=\/wp\/v2\/media\/16482"}],"wp:attachment":[{"href":"https:\/\/historiografija.hr\/index.php?rest_route=%2Fwp%2Fv2%2Fmedia&parent=16481"}],"wp:term":[{"taxonomy":"category","embeddable":true,"href":"https:\/\/historiografija.hr\/index.php?rest_route=%2Fwp%2Fv2%2Fcategories&post=16481"},{"taxonomy":"post_tag","embeddable":true,"href":"https:\/\/historiografija.hr\/index.php?rest_route=%2Fwp%2Fv2%2Ftags&post=16481"}],"curies":[{"name":"wp","href":"https:\/\/api.w.org\/{rel}","templated":true}]}}