{"id":16470,"date":"2019-09-26T08:19:26","date_gmt":"2019-09-26T08:19:26","guid":{"rendered":"http:\/\/historiografija.hr\/?p=16470"},"modified":"2019-09-26T08:19:26","modified_gmt":"2019-09-26T08:19:26","slug":"1918-1919-und-das-jahrhundert-danach-der-zerfall-osterreich-ungarns-und-die-anfange-des-heutigen-mitteleuropas","status":"publish","type":"post","link":"https:\/\/historiografija.hr\/?p=16470","title":{"rendered":"1918-1919 und das Jahrhundert danach. Der Zerfall \u00d6sterreich-Ungarns und die Anf\u00e4nge des heutigen Mitteleuropas"},"content":{"rendered":"<p>U Be\u010du je u srijedu, 25. rujna 2019. odr\u017ean kolokvij o raspadu Austro-Ugarske Monarhije i po\u010decima dana\u0161nje Srednje Europe.<\/p>\n<p>&nbsp;<\/p>\n<p>Am Ende des ersten Weltkrieges zerfiel \u00d6sterreich-Ungarn in seine Nationalen Bestandteile. Die Veranstaltung besch\u00e4ftigt sich mit der Frage wie sich die neu entstandene L\u00e4nder Mitteleuropas nach dem ersten Weltkrieg innenpolitisch konsolidierten und au\u00dfenpolitisch positionierten. Die erste Probe f\u00fcr die Beziehungen zwischen diesen neuen Staaten bot die Pariser Friedenskonferenz, die Anfang 1919 in Paris begann. Mit ihren Beschl\u00fcssen legte sie die Grundlage f\u00fcr die weitere Entwicklung Mitteleuropas. Die politische Neuordnung war ein Ausgangspunkt, der schon 1919 wie auch heute viele M\u00f6glichkeiten zur Zusammenarbeit bot, aber auch Konfliktpotenzial enthielt. Schlagworte wie Nationalismus, Separatismus, Migration usw. pr\u00e4gten Mitteleuropa damals wie heute.<\/p>\n<p>&nbsp;<\/p>\n<p><strong>Programm<\/strong><\/p>\n<p>&nbsp;<\/p>\n<p>&nbsp;<\/p>\n<p>13.45 Registrierung<\/p>\n<p>&nbsp;<\/p>\n<p>Tagesmoderation:<\/p>\n<p>&nbsp;<\/p>\n<p>Mag. Daniel Mart\u00ednek<\/p>\n<p>Institut f\u00fcr den Donauraum und Mitteleuropa (IDM), Wien<\/p>\n<p>&nbsp;<\/p>\n<p>14.00 Begr\u00fc\u00dfung<\/p>\n<p>&nbsp;<\/p>\n<p>Mag. Agnieszka Ko\u015bciuszko<\/p>\n<p>Polnische Akademie der Wissenschaften<\/p>\n<p>Wissenschaftliches Zentrum, Wien<\/p>\n<p>&nbsp;<\/p>\n<p>Mag. Sebastian Sch\u00e4ffer, MA<\/p>\n<p>Institut f\u00fcr den Donauraum und Mitteleuropa (IDM), Wien<\/p>\n<p>&nbsp;<\/p>\n<p>Dr. Petra Svolj\u0161ak<\/p>\n<p>Milko Kos Historisches Institut, ZRC SAZU, Ljubljana<\/p>\n<p>&nbsp;<\/p>\n<p>14.15 Keynote<\/p>\n<p>&nbsp;<\/p>\n<p>Bot. Dr. Emil Brix<\/p>\n<p>Diplomatische Akademie Wien<\/p>\n<p>&nbsp;<\/p>\n<p>14.30 Vortr\u00e4ge<\/p>\n<p>&nbsp;<\/p>\n<p>14.30 Em. Univ. Prof. Arnold Suppan<\/p>\n<p>\u00d6sterreichische Akademie der Wissenschaften, Wien<\/p>\n<p>&nbsp;<\/p>\n<p>15.00 Dr. Lubo\u0161 Velek<\/p>\n<p>Masaryk-Institut und Archiv der Akademie der Wissenschaften der Tschechischen Republik, Prag<\/p>\n<p>&nbsp;<\/p>\n<p>15.30 Prof. Martin Pek\u00e1r<\/p>\n<p>Pavol Jozef \u0160af\u00e1rik Universit\u00e4t, Ko\u0161ice<\/p>\n<p>&nbsp;<\/p>\n<p>16.00 Ass.-Prof. Dr. Gergely Romsics<\/p>\n<p>Ungarische Akademie der Wissenschaften, Budapest<\/p>\n<p>&nbsp;<\/p>\n<p>16.30 Kaffeepause<\/p>\n<p>&nbsp;<\/p>\n<p>16.45 Ass.-Prof. Dr. Kamil Rusza\u0142a<\/p>\n<p>Jagiellonen-Universit\u00e4t, Krakau<\/p>\n<p>&nbsp;<\/p>\n<p>17.15 Dr. Gregor Antoli\u010di\u010d<\/p>\n<p>Milko Kos Historisches Institut, ZRC SAZU, Ljubljana<\/p>\n<p>&nbsp;<\/p>\n<p>17.45 Bot. Dr. Andrej Rahten<\/p>\n<p>Milko Kos Historisches Institut, ZRC SAZU, Ljubljana<\/p>\n<p>&nbsp;<\/p>\n<p>18.15 Abschlussdiskussion<\/p>\n<p>&nbsp;<\/p>\n<p>Moderation: Mag. Daniel Mart\u00ednek<\/p>\n<p>Institut f\u00fcr den Donauraum und Mitteleuropa (IDM), Wien<\/p>\n<p>&nbsp;<\/p>\n<p>19.00 Buchpr\u00e4sentation<\/p>\n<p>&nbsp;<\/p>\n<p>NACHBARN. Ein \u00f6sterreichisch-tschechisches Geschichtsbuch<\/p>\n<p>Hg. von Niklas Perzi, Hildegard Schmoller, Ota Konr\u00e1d u. V\u00e1clav \u0160midrkal. Verlag Bibliothek der Provinz, Weitra 2019<\/p>\n<p>&nbsp;<\/p>\n<p>Vorstellung des Bandes:<\/p>\n<p>&nbsp;<\/p>\n<p>Dr. Lubo\u0161 Velek<\/p>\n<p>Masaryk-Institut und Archiv der Akademie der Wissenschaften der Tschechischen Republik, Prag<\/p>\n<p>&nbsp;<\/p>\n<p>Dr. Hildegard Schmoller<\/p>\n<p>Institut f\u00fcr Osteurop\u00e4ische Geschichte der Universit\u00e4t Wien, Wien<\/p>\n<p>&nbsp;<\/p>\n<p>&nbsp;<\/p>\n<p><a href=\"http:\/\/www.idm.at\/veranstaltungen\/aktuelle-veranstaltungen\/item\/1918-1919-und-das-jahrhundert-danach-der-zerfall-%C3%B6sterreich-ungarns-und-die-anf%C3%A4nge-des-heutigen-mitteleuropas\">http:\/\/www.idm.at\/veranstaltungen\/aktuelle-veranstaltungen\/item\/1918-1919-und-das-jahrhundert-danach-der-zerfall-%C3%B6sterreich-ungarns-und-die-anf%C3%A4nge-des-heutigen-mitteleuropas<\/a><\/p>\n<p>&nbsp;<\/p>\n<p><a href=\"https:\/\/www.hsozkult.de\/event\/id\/termine-41134\">https:\/\/www.hsozkult.de\/event\/id\/termine-41134<\/a><\/p>\n<p>&nbsp;<\/p>\n<p>&nbsp;<\/p>\n<p>&nbsp;<\/p>\n","protected":false},"excerpt":{"rendered":"","protected":false},"author":2,"featured_media":16471,"comment_status":"open","ping_status":"open","sticky":false,"template":"","format":"standard","meta":{"_acf_changed":false,"jetpack_post_was_ever_published":false,"_jetpack_newsletter_access":"","_jetpack_dont_email_post_to_subs":false,"_jetpack_newsletter_tier_id":0,"_jetpack_memberships_contains_paywalled_content":false,"_jetpack_memberships_contains_paid_content":false,"footnotes":"","jetpack_publicize_message":"","jetpack_publicize_feature_enabled":true,"jetpack_social_post_already_shared":true,"jetpack_social_options":{"image_generator_settings":{"template":"highway","default_image_id":0,"font":"","enabled":false},"version":2}},"categories":[3,9],"tags":[],"class_list":["post-16470","post","type-post","status-publish","format-standard","has-post-thumbnail","hentry","category-novosti","category-skupovi"],"acf":{"facebook_opis":""},"jetpack_publicize_connections":[],"jetpack_featured_media_url":"https:\/\/i0.wp.com\/historiografija.hr\/wp-content\/uploads\/2019\/09\/Austria_Hungary.png?fit=440%2C340&ssl=1","jetpack_sharing_enabled":true,"jetpack-related-posts":[{"id":52505,"url":"https:\/\/historiografija.hr\/?p=52505","url_meta":{"origin":16470,"position":0},"title":"Izlo\u017eba &#8220;Eschenstock \/ Jasenov prut&#8221;","author":"Branimir Jankovi\u0107","date":"17. travnja 2026.","format":false,"excerpt":"Srpsko narodno vije\u0107e (SNV) i Vizura aperta postavljaju izlo\u017ebu \u0161vicarskog slikara Velimira Ili\u0161evi\u0107a: Eschenstock \/ Jasenov prut. Izlo\u017eba se uz prisustvo autora otvara povodom 81. godi\u0161njice proboja logora\u0161a iz usta\u0161kog logora smrti Jasenovac 22. aprila 2026. u 19 sati u Srpskom kulturnom centru (SKC) u Preradovi\u0107evoj ulici 21 u Zagrebu.\u2026","rel":"","context":"U &quot;Izlo\u017ebe&quot;","block_context":{"text":"Izlo\u017ebe","link":"https:\/\/historiografija.hr\/?cat=10"},"img":{"alt_text":"","src":"https:\/\/i0.wp.com\/historiografija.hr\/wp-content\/uploads\/2026\/04\/Jasenov_prut.jpg?fit=1024%2C640&ssl=1&resize=350%2C200","width":350,"height":200,"srcset":"https:\/\/i0.wp.com\/historiografija.hr\/wp-content\/uploads\/2026\/04\/Jasenov_prut.jpg?fit=1024%2C640&ssl=1&resize=350%2C200 1x, https:\/\/i0.wp.com\/historiografija.hr\/wp-content\/uploads\/2026\/04\/Jasenov_prut.jpg?fit=1024%2C640&ssl=1&resize=525%2C300 1.5x, https:\/\/i0.wp.com\/historiografija.hr\/wp-content\/uploads\/2026\/04\/Jasenov_prut.jpg?fit=1024%2C640&ssl=1&resize=700%2C400 2x"},"classes":[]},{"id":52563,"url":"https:\/\/historiografija.hr\/?p=52563","url_meta":{"origin":16470,"position":1},"title":"Predavanje Nenada Fabijani\u0107a o stadionu Poljud u Splitu","author":"Branimir Jankovi\u0107","date":"21. travnja 2026.","format":false,"excerpt":"Znanstveno vije\u0107e za arhitekturu, urbanizam i ure\u0111enje prostora Hrvatske akademije znanosti i umjetnosti organizira predavanje \u201cPo Poljudu\u201d koje \u0107e u srijedu 22. travnja 2026. s po\u010detkom u 14 sati u Knji\u017enici HAZU, Strossmayerov trg 14 u Zagrebu, odr\u017eati\u00a0prof. emerit. dr. art. Nenad Fabijani\u0107,\u00a0\u010dlan suradnik HAZU. Predavanje \u201ePo Poljudu\u201c (Projekt obnove)\u2026","rel":"","context":"U &quot;Novosti&quot;","block_context":{"text":"Novosti","link":"https:\/\/historiografija.hr\/?cat=3"},"img":{"alt_text":"","src":"https:\/\/i0.wp.com\/historiografija.hr\/wp-content\/uploads\/2026\/04\/Poljud-scaled.jpeg?fit=1200%2C800&ssl=1&resize=350%2C200","width":350,"height":200,"srcset":"https:\/\/i0.wp.com\/historiografija.hr\/wp-content\/uploads\/2026\/04\/Poljud-scaled.jpeg?fit=1200%2C800&ssl=1&resize=350%2C200 1x, https:\/\/i0.wp.com\/historiografija.hr\/wp-content\/uploads\/2026\/04\/Poljud-scaled.jpeg?fit=1200%2C800&ssl=1&resize=525%2C300 1.5x, https:\/\/i0.wp.com\/historiografija.hr\/wp-content\/uploads\/2026\/04\/Poljud-scaled.jpeg?fit=1200%2C800&ssl=1&resize=700%2C400 2x, https:\/\/i0.wp.com\/historiografija.hr\/wp-content\/uploads\/2026\/04\/Poljud-scaled.jpeg?fit=1200%2C800&ssl=1&resize=1050%2C600 3x"},"classes":[]},{"id":52613,"url":"https:\/\/historiografija.hr\/?p=52613","url_meta":{"origin":16470,"position":2},"title":"No\u0107 knjige u Hrvatskom dr\u017eavnom arhivu","author":"Branimir Jankovi\u0107","date":"22. travnja 2026.","format":false,"excerpt":"Predstavljanje knjige Rajke Bu\u0107in \u201dLije\u010denje i zbrinjavanje \u017didova u Bolnici sestara milosrdnica u Zagrebu 1941. \u2013 1945.\u201d u \u010detvrtak, 23. travnja 2026. u 13 sati u Hrvatskom dr\u017eavnom arhivu u Zagrebu. Izvor: https:\/\/www.arhiv.hr\/hr-hr\/Kulturno-prosvjetne-aktivnosti\/ArticleId\/1986\/oamid\/1633","rel":"","context":"U &quot;Novosti&quot;","block_context":{"text":"Novosti","link":"https:\/\/historiografija.hr\/?cat=3"},"img":{"alt_text":"","src":"https:\/\/i0.wp.com\/historiografija.hr\/wp-content\/uploads\/2026\/04\/noc_knjige_2026.jpg?fit=680%2C276&ssl=1&resize=350%2C200","width":350,"height":200,"srcset":"https:\/\/i0.wp.com\/historiografija.hr\/wp-content\/uploads\/2026\/04\/noc_knjige_2026.jpg?fit=680%2C276&ssl=1&resize=350%2C200 1x, https:\/\/i0.wp.com\/historiografija.hr\/wp-content\/uploads\/2026\/04\/noc_knjige_2026.jpg?fit=680%2C276&ssl=1&resize=525%2C300 1.5x"},"classes":[]},{"id":52654,"url":"https:\/\/historiografija.hr\/?p=52654","url_meta":{"origin":16470,"position":3},"title":"Gostuju\u0107e predavanje &#8211; Danijel D\u017eino \u201eKasnoanti\u010dke i ranosrednjovjekovne gra\u0111evine u Brezi: Spomenici nepotpune biografije\u201c","author":"Branimir Jankovi\u0107","date":"24. travnja 2026.","format":false,"excerpt":"Doktorski studij predmoderne povijesti poziva na predavanje \"Kasnoanti\u010dke i ranosrednjovjekovne gra\u0111evine u Brezi: Spomenici nepotpune biografije\u201d koje \u0107e odr\u017eati profesor Danijel D\u017eino sa Sveu\u010dili\u0161ta Macquarie u Sydneyu u\u00a0utorak 28. travnja 2026. u 17h u Konferencijskoj dvorani Knji\u017enice Filozofskog fakulteta u Zagrebu. Predavanje \u0107e predo\u010diti nova saznanja dobivena kroz arhivsko-dokumentarna istra\u017eivanja\u2026","rel":"","context":"U &quot;Novosti&quot;","block_context":{"text":"Novosti","link":"https:\/\/historiografija.hr\/?cat=3"},"img":{"alt_text":"","src":"https:\/\/i0.wp.com\/historiografija.hr\/wp-content\/uploads\/2026\/04\/Dzino.jpg?fit=980%2C819&ssl=1&resize=350%2C200","width":350,"height":200,"srcset":"https:\/\/i0.wp.com\/historiografija.hr\/wp-content\/uploads\/2026\/04\/Dzino.jpg?fit=980%2C819&ssl=1&resize=350%2C200 1x, https:\/\/i0.wp.com\/historiografija.hr\/wp-content\/uploads\/2026\/04\/Dzino.jpg?fit=980%2C819&ssl=1&resize=525%2C300 1.5x, https:\/\/i0.wp.com\/historiografija.hr\/wp-content\/uploads\/2026\/04\/Dzino.jpg?fit=980%2C819&ssl=1&resize=700%2C400 2x"},"classes":[]},{"id":52651,"url":"https:\/\/historiografija.hr\/?p=52651","url_meta":{"origin":16470,"position":4},"title":"Promocija knjige Emira O. Filipovi\u0107a \u201cVite\u0161tvo u srednjovjekovnoj Bosni\u201d u Sarajevu","author":"Branimir Jankovi\u0107","date":"24. travnja 2026.","format":false,"excerpt":"Knji\u017eevni korner poziva na promociju knjige Emira O. Filipovi\u0107a \u201cVite\u0161tvo u srednjovjekovnoj Bosni\u201d koja \u0107e se odr\u017eati u srijedu, 29. aprila 2026. u 18 sati u Evropskoj ku\u0107i kulture i nacionalnih manjina (Austrijska ku\u0107a) u Sarajevu. Na promociji \u0107e govoriti Mirsad Sijari\u0107, Ema Mazrak i autor, a moderirat \u0107e Nikola\u2026","rel":"","context":"U &quot;Novosti&quot;","block_context":{"text":"Novosti","link":"https:\/\/historiografija.hr\/?cat=3"},"img":{"alt_text":"","src":"https:\/\/i0.wp.com\/historiografija.hr\/wp-content\/uploads\/2026\/04\/Vitestvo.jpg?fit=1080%2C565&ssl=1&resize=350%2C200","width":350,"height":200,"srcset":"https:\/\/i0.wp.com\/historiografija.hr\/wp-content\/uploads\/2026\/04\/Vitestvo.jpg?fit=1080%2C565&ssl=1&resize=350%2C200 1x, https:\/\/i0.wp.com\/historiografija.hr\/wp-content\/uploads\/2026\/04\/Vitestvo.jpg?fit=1080%2C565&ssl=1&resize=525%2C300 1.5x, https:\/\/i0.wp.com\/historiografija.hr\/wp-content\/uploads\/2026\/04\/Vitestvo.jpg?fit=1080%2C565&ssl=1&resize=700%2C400 2x, https:\/\/i0.wp.com\/historiografija.hr\/wp-content\/uploads\/2026\/04\/Vitestvo.jpg?fit=1080%2C565&ssl=1&resize=1050%2C600 3x"},"classes":[]},{"id":52569,"url":"https:\/\/historiografija.hr\/?p=52569","url_meta":{"origin":16470,"position":5},"title":"[Predavanje] Ne \u010dekaju\u0107i inspiraciju \u2013 anga\u017eovane intelektualne, kulturalne i umetni\u010dke prakse u me\u0111uratnom periodu: teorija i praksa kriti\u010dke levice u jugoslovenskoj kulturi (YugoLab)","author":"Branimir Jankovi\u0107","date":"21. travnja 2026.","format":false,"excerpt":"U vreme agresivnog ja\u010danja globalne desnice, (pro)fa\u0161isti\u010dkih, rasisti\u010dkih i imperijalisti\u010dkih politika, dok je istovremeno globalna levica izrazito slaba, a progresivni pokreti atomizirani i fragmentisani, va\u017eno je iz savremene perspektive vratiti se revolucionarnim i emancipatorskim zbivanjima u jugoslovenskom (ali i s njima u vezi internacionalnim de\u0161avanjima), kao i dru\u0161tvenoj ulozi kulturalnih\u2026","rel":"","context":"U &quot;Novosti&quot;","block_context":{"text":"Novosti","link":"https:\/\/historiografija.hr\/?cat=3"},"img":{"alt_text":"","src":"","width":0,"height":0},"classes":[]}],"_links":{"self":[{"href":"https:\/\/historiografija.hr\/index.php?rest_route=\/wp\/v2\/posts\/16470","targetHints":{"allow":["GET"]}}],"collection":[{"href":"https:\/\/historiografija.hr\/index.php?rest_route=\/wp\/v2\/posts"}],"about":[{"href":"https:\/\/historiografija.hr\/index.php?rest_route=\/wp\/v2\/types\/post"}],"author":[{"embeddable":true,"href":"https:\/\/historiografija.hr\/index.php?rest_route=\/wp\/v2\/users\/2"}],"replies":[{"embeddable":true,"href":"https:\/\/historiografija.hr\/index.php?rest_route=%2Fwp%2Fv2%2Fcomments&post=16470"}],"version-history":[{"count":1,"href":"https:\/\/historiografija.hr\/index.php?rest_route=\/wp\/v2\/posts\/16470\/revisions"}],"predecessor-version":[{"id":16472,"href":"https:\/\/historiografija.hr\/index.php?rest_route=\/wp\/v2\/posts\/16470\/revisions\/16472"}],"wp:featuredmedia":[{"embeddable":true,"href":"https:\/\/historiografija.hr\/index.php?rest_route=\/wp\/v2\/media\/16471"}],"wp:attachment":[{"href":"https:\/\/historiografija.hr\/index.php?rest_route=%2Fwp%2Fv2%2Fmedia&parent=16470"}],"wp:term":[{"taxonomy":"category","embeddable":true,"href":"https:\/\/historiografija.hr\/index.php?rest_route=%2Fwp%2Fv2%2Fcategories&post=16470"},{"taxonomy":"post_tag","embeddable":true,"href":"https:\/\/historiografija.hr\/index.php?rest_route=%2Fwp%2Fv2%2Ftags&post=16470"}],"curies":[{"name":"wp","href":"https:\/\/api.w.org\/{rel}","templated":true}]}}