{"id":16463,"date":"2019-09-25T17:32:37","date_gmt":"2019-09-25T17:32:37","guid":{"rendered":"http:\/\/historiografija.hr\/?p=16463"},"modified":"2019-09-25T17:32:37","modified_gmt":"2019-09-25T17:32:37","slug":"45-znanstveni-skup-pazinski-memorijal-u-pazinu","status":"publish","type":"post","link":"https:\/\/historiografija.hr\/?p=16463","title":{"rendered":"45. znanstveni skup \u201cPazinski memorijal\u201d u Pazinu"},"content":{"rendered":"<p>U petak, 27. rujna 2019., s po\u010detkom u 9 sati u Spomen domu u Pazinu (dvorana Istra) odr\u017eat \u0107e se 45. izdanje znanstvenog skupa \u201cPazinski memorijal\u201d s temom \u201c100. obljetnica nastanka fa\u0161izma i prvi otpori u Istri\u201d te \u201cPo\u010detci industrijske preobrazbe Istre\u201d. Organizator je Katedra \u010cakavskog sabora za povijest Istre Pazin.<\/p>\n<p>&nbsp;<\/p>\n<p>Pozivnica i program:<\/p>\n<p>&nbsp;<\/p>\n<p><a href=\"http:\/\/ipd-ssi.hr\/wp-content\/uploads\/2019\/09\/Pozivnica2.pdf\">http:\/\/ipd-ssi.hr\/wp-content\/uploads\/2019\/09\/Pozivnica2.pdf<\/a><\/p>\n<p>&nbsp;<\/p>\n<p>Izvor:<\/p>\n<p>&nbsp;<\/p>\n<p><a href=\"https:\/\/ipd-ssi.hr\/?p=15045\">https:\/\/ipd-ssi.hr\/?p=15045<\/a><\/p>\n<p>&nbsp;<\/p>\n<p><a href=\"https:\/\/www.pazin.hr\/45-pazinski-memorijal-odrzava-se-u-petak-27-rujna\/\">https:\/\/www.pazin.hr\/45-pazinski-memorijal-odrzava-se-u-petak-27-rujna\/<\/a><\/p>\n<p>&nbsp;<\/p>\n<p>&nbsp;<\/p>\n<p>&nbsp;<\/p>\n","protected":false},"excerpt":{"rendered":"","protected":false},"author":2,"featured_media":16464,"comment_status":"open","ping_status":"open","sticky":false,"template":"","format":"standard","meta":{"_acf_changed":false,"jetpack_post_was_ever_published":false,"_jetpack_newsletter_access":"","_jetpack_dont_email_post_to_subs":false,"_jetpack_newsletter_tier_id":0,"_jetpack_memberships_contains_paywalled_content":false,"_jetpack_memberships_contains_paid_content":false,"footnotes":"","jetpack_publicize_message":"","jetpack_publicize_feature_enabled":true,"jetpack_social_post_already_shared":true,"jetpack_social_options":{"image_generator_settings":{"template":"highway","default_image_id":0,"font":"","enabled":false},"version":2}},"categories":[3,9],"tags":[],"class_list":["post-16463","post","type-post","status-publish","format-standard","has-post-thumbnail","hentry","category-novosti","category-skupovi"],"acf":{"facebook_opis":""},"jetpack_publicize_connections":[],"jetpack_featured_media_url":"https:\/\/i0.wp.com\/historiografija.hr\/wp-content\/uploads\/2019\/09\/paz-memorijal.jpg?fit=360%2C240&ssl=1","jetpack_sharing_enabled":true,"jetpack-related-posts":[{"id":52520,"url":"https:\/\/historiografija.hr\/?p=52520","url_meta":{"origin":16463,"position":0},"title":"Predstavljanje knjige &#8220;Socialist Economics in Yugoslavia: A Critical History&#8221; u Zagrebu","author":"Branimir Jankovi\u0107","date":"17. travnja 2026.","format":false,"excerpt":"Pozivamo vas na predstavljanje knjige \"Socialist Economics in Yugoslavia: A Critical History\", autora Mislava \u00a0\u017ditka i Marka Grde\u0161i\u0107a (Routledge, 2026). Na predstavljanju \u0107e govoriti Branko Milanovi\u0107 (CUNY), Milica Uvali\u0107 (EUI), Zdravko Petak (FPZG) te autori.\u00a0 Predstavljanje \u0107e se odr\u017eati u srijedu 22. travnja u 16:00 sati na Fakultetu politi\u010dkih znanosti\u2026","rel":"","context":"U &quot;Novosti&quot;","block_context":{"text":"Novosti","link":"https:\/\/historiografija.hr\/?cat=3"},"img":{"alt_text":"","src":"https:\/\/i0.wp.com\/historiografija.hr\/wp-content\/uploads\/2026\/04\/Poziv-na-predstavljanje.png?fit=800%2C652&ssl=1&resize=350%2C200","width":350,"height":200,"srcset":"https:\/\/i0.wp.com\/historiografija.hr\/wp-content\/uploads\/2026\/04\/Poziv-na-predstavljanje.png?fit=800%2C652&ssl=1&resize=350%2C200 1x, https:\/\/i0.wp.com\/historiografija.hr\/wp-content\/uploads\/2026\/04\/Poziv-na-predstavljanje.png?fit=800%2C652&ssl=1&resize=525%2C300 1.5x, https:\/\/i0.wp.com\/historiografija.hr\/wp-content\/uploads\/2026\/04\/Poziv-na-predstavljanje.png?fit=800%2C652&ssl=1&resize=700%2C400 2x"},"classes":[]},{"id":52657,"url":"https:\/\/historiografija.hr\/?p=52657","url_meta":{"origin":16463,"position":1},"title":"[Predavanje] Jezik i drugost u (post)socijalisti\u010dkoj Srbiji: diskurzivne politike identiteta (YugoLab)","author":"Branimir Jankovi\u0107","date":"24. travnja 2026.","format":false,"excerpt":"U sklopu projekta Prizma \/ IMAGINATION (\u201eZami\u0161ljanje nacije: srpski nacionalni narativi u sporu (XX\u2013XXI vek)\u201c), koji se realizuje na Institutu za filozofiju i dru\u0161tvenu teoriju Univerziteta u Beogradu (2024\u20132027) uz finansijsku podr\u0161ku Fonda za nauku Republike Srbije, organizuje se serija predavanja na kojoj istra\u017eiva\u010di i istra\u017eiva\u010dice projekta predstavljaju rezultate svojih\u2026","rel":"","context":"U &quot;Novosti&quot;","block_context":{"text":"Novosti","link":"https:\/\/historiografija.hr\/?cat=3"},"img":{"alt_text":"","src":"https:\/\/i0.wp.com\/historiografija.hr\/wp-content\/uploads\/2026\/04\/IFDT_28_IV.png?fit=1200%2C675&ssl=1&resize=350%2C200","width":350,"height":200,"srcset":"https:\/\/i0.wp.com\/historiografija.hr\/wp-content\/uploads\/2026\/04\/IFDT_28_IV.png?fit=1200%2C675&ssl=1&resize=350%2C200 1x, https:\/\/i0.wp.com\/historiografija.hr\/wp-content\/uploads\/2026\/04\/IFDT_28_IV.png?fit=1200%2C675&ssl=1&resize=525%2C300 1.5x, https:\/\/i0.wp.com\/historiografija.hr\/wp-content\/uploads\/2026\/04\/IFDT_28_IV.png?fit=1200%2C675&ssl=1&resize=700%2C400 2x, https:\/\/i0.wp.com\/historiografija.hr\/wp-content\/uploads\/2026\/04\/IFDT_28_IV.png?fit=1200%2C675&ssl=1&resize=1050%2C600 3x"},"classes":[]},{"id":52528,"url":"https:\/\/historiografija.hr\/?p=52528","url_meta":{"origin":16463,"position":2},"title":"[Promocija knjige] Banja Luka u ratu: Etnopolitika i svakodnevica (1990\u20131995) (ActiveLab, YugoLab)","author":"Branimir Jankovi\u0107","date":"17. travnja 2026.","format":false,"excerpt":"Institut za filozofiju i dru\u0161tvenu teoriju i O\u0161tra Nula organizuju promociju knjige Banja Luka u ratu: Etnopolitika i svakodnevica (1990\u20131995) autorke Armine Galija\u0161, koja \u0107e se odr\u017eati 20. aprila 2026. u 12.00 sati u prostorijama Instituta (Kraljice Natalije 45, Beograd). Re\u010d je o prvom nau\u010dno utemeljenom i sistematskom radu koji\u2026","rel":"","context":"U &quot;Novosti&quot;","block_context":{"text":"Novosti","link":"https:\/\/historiografija.hr\/?cat=3"},"img":{"alt_text":"","src":"https:\/\/i0.wp.com\/historiografija.hr\/wp-content\/uploads\/2026\/04\/20-april-RS.jpg?fit=1200%2C675&ssl=1&resize=350%2C200","width":350,"height":200,"srcset":"https:\/\/i0.wp.com\/historiografija.hr\/wp-content\/uploads\/2026\/04\/20-april-RS.jpg?fit=1200%2C675&ssl=1&resize=350%2C200 1x, https:\/\/i0.wp.com\/historiografija.hr\/wp-content\/uploads\/2026\/04\/20-april-RS.jpg?fit=1200%2C675&ssl=1&resize=525%2C300 1.5x, https:\/\/i0.wp.com\/historiografija.hr\/wp-content\/uploads\/2026\/04\/20-april-RS.jpg?fit=1200%2C675&ssl=1&resize=700%2C400 2x, https:\/\/i0.wp.com\/historiografija.hr\/wp-content\/uploads\/2026\/04\/20-april-RS.jpg?fit=1200%2C675&ssl=1&resize=1050%2C600 3x"},"classes":[]},{"id":52569,"url":"https:\/\/historiografija.hr\/?p=52569","url_meta":{"origin":16463,"position":3},"title":"[Predavanje] Ne \u010dekaju\u0107i inspiraciju \u2013 anga\u017eovane intelektualne, kulturalne i umetni\u010dke prakse u me\u0111uratnom periodu: teorija i praksa kriti\u010dke levice u jugoslovenskoj kulturi (YugoLab)","author":"Branimir Jankovi\u0107","date":"21. travnja 2026.","format":false,"excerpt":"U vreme agresivnog ja\u010danja globalne desnice, (pro)fa\u0161isti\u010dkih, rasisti\u010dkih i imperijalisti\u010dkih politika, dok je istovremeno globalna levica izrazito slaba, a progresivni pokreti atomizirani i fragmentisani, va\u017eno je iz savremene perspektive vratiti se revolucionarnim i emancipatorskim zbivanjima u jugoslovenskom (ali i s njima u vezi internacionalnim de\u0161avanjima), kao i dru\u0161tvenoj ulozi kulturalnih\u2026","rel":"","context":"U &quot;Novosti&quot;","block_context":{"text":"Novosti","link":"https:\/\/historiografija.hr\/?cat=3"},"img":{"alt_text":"","src":"","width":0,"height":0},"classes":[]},{"id":52578,"url":"https:\/\/historiografija.hr\/?p=52578","url_meta":{"origin":16463,"position":4},"title":"Poziv za sudjelovanje: XXII. Dani Julija Bene\u0161i\u0107a u Iloku","author":"Branimir Jankovi\u0107","date":"21. travnja 2026.","format":false,"excerpt":"Zavod za lingvisti\u010dka istra\u017eivanja Hrvatske akademije znanosti i umjetnosti, zajedno s Muzejom grada Iloka, organizira XXII. Dane Julija Bene\u0161i\u0107a, koji \u0107e se odr\u017eati od 28. do 30. listopada 2026. u Iloku.\u00a0Teme ovogodi\u0161njih Dana podijeljene su u dvije cjeline: Knji\u017eevno-jezikoslovni d\u00ecv\u0101n s Bene\u0161i\u0107em te Ilok i Srijem u povijesnim stalnicama i\u2026","rel":"","context":"U &quot;Novosti&quot;","block_context":{"text":"Novosti","link":"https:\/\/historiografija.hr\/?cat=3"},"img":{"alt_text":"","src":"https:\/\/i0.wp.com\/historiografija.hr\/wp-content\/uploads\/2019\/10\/HE2_Benesic.jpg?fit=413%2C591&ssl=1&resize=350%2C200","width":350,"height":200},"classes":[]},{"id":52613,"url":"https:\/\/historiografija.hr\/?p=52613","url_meta":{"origin":16463,"position":5},"title":"No\u0107 knjige u Hrvatskom dr\u017eavnom arhivu","author":"Branimir Jankovi\u0107","date":"22. travnja 2026.","format":false,"excerpt":"Predstavljanje knjige Rajke Bu\u0107in \u201dLije\u010denje i zbrinjavanje \u017didova u Bolnici sestara milosrdnica u Zagrebu 1941. \u2013 1945.\u201d u \u010detvrtak, 23. travnja 2026. u 13 sati u Hrvatskom dr\u017eavnom arhivu u Zagrebu. Izvor: https:\/\/www.arhiv.hr\/hr-hr\/Kulturno-prosvjetne-aktivnosti\/ArticleId\/1986\/oamid\/1633","rel":"","context":"U &quot;Novosti&quot;","block_context":{"text":"Novosti","link":"https:\/\/historiografija.hr\/?cat=3"},"img":{"alt_text":"","src":"https:\/\/i0.wp.com\/historiografija.hr\/wp-content\/uploads\/2026\/04\/noc_knjige_2026.jpg?fit=680%2C276&ssl=1&resize=350%2C200","width":350,"height":200,"srcset":"https:\/\/i0.wp.com\/historiografija.hr\/wp-content\/uploads\/2026\/04\/noc_knjige_2026.jpg?fit=680%2C276&ssl=1&resize=350%2C200 1x, https:\/\/i0.wp.com\/historiografija.hr\/wp-content\/uploads\/2026\/04\/noc_knjige_2026.jpg?fit=680%2C276&ssl=1&resize=525%2C300 1.5x"},"classes":[]}],"_links":{"self":[{"href":"https:\/\/historiografija.hr\/index.php?rest_route=\/wp\/v2\/posts\/16463","targetHints":{"allow":["GET"]}}],"collection":[{"href":"https:\/\/historiografija.hr\/index.php?rest_route=\/wp\/v2\/posts"}],"about":[{"href":"https:\/\/historiografija.hr\/index.php?rest_route=\/wp\/v2\/types\/post"}],"author":[{"embeddable":true,"href":"https:\/\/historiografija.hr\/index.php?rest_route=\/wp\/v2\/users\/2"}],"replies":[{"embeddable":true,"href":"https:\/\/historiografija.hr\/index.php?rest_route=%2Fwp%2Fv2%2Fcomments&post=16463"}],"version-history":[{"count":1,"href":"https:\/\/historiografija.hr\/index.php?rest_route=\/wp\/v2\/posts\/16463\/revisions"}],"predecessor-version":[{"id":16465,"href":"https:\/\/historiografija.hr\/index.php?rest_route=\/wp\/v2\/posts\/16463\/revisions\/16465"}],"wp:featuredmedia":[{"embeddable":true,"href":"https:\/\/historiografija.hr\/index.php?rest_route=\/wp\/v2\/media\/16464"}],"wp:attachment":[{"href":"https:\/\/historiografija.hr\/index.php?rest_route=%2Fwp%2Fv2%2Fmedia&parent=16463"}],"wp:term":[{"taxonomy":"category","embeddable":true,"href":"https:\/\/historiografija.hr\/index.php?rest_route=%2Fwp%2Fv2%2Fcategories&post=16463"},{"taxonomy":"post_tag","embeddable":true,"href":"https:\/\/historiografija.hr\/index.php?rest_route=%2Fwp%2Fv2%2Ftags&post=16463"}],"curies":[{"name":"wp","href":"https:\/\/api.w.org\/{rel}","templated":true}]}}