{"id":16407,"date":"2019-09-21T20:48:14","date_gmt":"2019-09-21T20:48:14","guid":{"rendered":"http:\/\/historiografija.hr\/?p=16407"},"modified":"2019-09-24T07:43:03","modified_gmt":"2019-09-24T07:43:03","slug":"renias-diary-a-young-girls-life-in-the-shadow-of-the-holocaust","status":"publish","type":"post","link":"https:\/\/historiografija.hr\/?p=16407","title":{"rendered":"Renia\u2019s Diary: A Young Girl\u2019s Life in the Shadow of the Holocaust"},"content":{"rendered":"<p>Upravo je na engleskom jeziku \u2013 u prijevodu s poljskog \u2013 objavljen nedavno prona\u0111eni dnevnik Renie Spiegel, \u017eidovske djevojke koja ga je pisala u Poljskoj od 1939. do svoje smrti 1942. godine. Mediji njezino iznimno sugestivno svjedo\u010danstvo opisuju kao \u201cdnevnik poljske Anne Frank\u201d.<\/p>\n<p>&nbsp;<\/p>\n<p>&#8212;<\/p>\n<p>&nbsp;<\/p>\n<p><strong>Renia\u2019s Diary<\/strong><\/p>\n<p><strong>\u00a0 <\/strong><\/p>\n<p><strong>A Young Girl\u2019s Life in the Shadow of the Holocaust<\/strong><\/p>\n<p>&nbsp;<\/p>\n<p>Renia Spiegel, Marta Dziurosz (Translator), Anna Blasiak (Translator)<\/p>\n<p>&nbsp;<\/p>\n<p><strong>Introduction by Deborah E. Lipstadt, author of <em>Denial<\/em><\/strong><\/p>\n<p>&nbsp;<\/p>\n<p><em><strong>July 15, 1942, Wednesday<\/strong><\/em><\/p>\n<p><em>Remember this day; remember it well. You will tell generations to come. Since 8 o\u2019clock today we have been shut away in the ghetto. I live here now. The world is separated from me and I\u2019m separated from the world.<\/em><\/p>\n<p>&nbsp;<\/p>\n<p>Renia is a young girl who dreams of becoming a poet. But Renia is Jewish, she lives in Poland and the year is 1939. When Russia and Germany invade her country, Renia&#8217;s world shatters. Separated from her mother, her life takes on a new urgency as she flees Przemysl to escape night bombing raids, observes the disappearances of other Jewish families and, finally, witnesses the creation of the ghetto.<\/p>\n<p>&nbsp;<\/p>\n<p>But alongside the terror of war, there is also great beauty, as she begins to find her voice as a writer and falls in love for the first time. She and the boy she falls in love with, Zygmunt, share their first kiss a few hours before the Nazis reach her hometown. And it is Zygmunt who writes the final, heartbreaking entry in Renia\u2019s diary.<\/p>\n<p>&nbsp;<\/p>\n<p>Recently rediscovered after seventy years, Renia\u2019s Diary is already being described as a classic of Holocaust literature. Written with a clarity and skill that is reminiscent of Anne Frank, Renia&#8217;s Diary also includes a prologue and epilogue by Renia&#8217;s sister Elizabeth, as well as an introduction by Deborah E. Lipstadt, author of Denial. It is an extraordinary testament to both the horrors of war, and to the life that can exist even in the darkest times.<\/p>\n<p>&nbsp;<\/p>\n<p><a href=\"https:\/\/www.penguin.co.uk\/books\/111\/1118320\/renia_s-diary\/9781529105049.html\">https:\/\/www.penguin.co.uk\/books\/111\/1118320\/renia_s-diary\/9781529105049.html<\/a><\/p>\n<p>&nbsp;<\/p>\n<p>&#8212;<\/p>\n<p>&nbsp;<\/p>\n<p><a href=\"http:\/\/www.reniaspiegelfoundation.org\/\">http:\/\/www.reniaspiegelfoundation.org\/<\/a><\/p>\n<p>&nbsp;<\/p>\n<p><a href=\"https:\/\/www.smithsonianmag.com\/history\/hear-o-israel-save-us-renia-spiegel-diary-english-translation-holocaust-poland-180970536\/\">https:\/\/www.smithsonianmag.com\/history\/hear-o-israel-save-us-renia-spiegel-diary-english-translation-holocaust-poland-180970536\/<\/a><\/p>\n<p>&nbsp;<\/p>\n<p><a href=\"https:\/\/www.bbc.com\/news\/entertainment-arts-49646797\">https:\/\/www.bbc.com\/news\/entertainment-arts-49646797<\/a><\/p>\n<p>&nbsp;<\/p>\n<p><a href=\"https:\/\/www.washingtonpost.com\/world\/2019\/09\/18\/before-anne-frank-there-was-renia-spiegel-ominous-message-long-forgotten-world-war-ii-diary\/\">https:\/\/www.washingtonpost.com\/world\/2019\/09\/18\/before-anne-frank-there-was-renia-spiegel-ominous-message-long-forgotten-world-war-ii-diary\/<\/a><\/p>\n<p>&nbsp;<\/p>\n<p><a href=\"https:\/\/www.express.hr\/life\/dnevnik-poljske-anne-frank-cuvaj-me-boze-od-metaka-14952\">https:\/\/www.express.hr\/life\/dnevnik-poljske-anne-frank-cuvaj-me-boze-od-metaka-14952<\/a><\/p>\n<p>&nbsp;<\/p>\n<p><a href=\"https:\/\/www.jutarnji.hr\/vijesti\/svijet\/zapisi-djevojcice-koju-su-ubili-nacisti-nakon-70-godina-ugledali-svjetlo-dana-dozivjela-sam-toliko-malo-od-zivota-ne-zelim-umrijeti\/9355025\/\">https:\/\/www.jutarnji.hr\/vijesti\/svijet\/zapisi-djevojcice-koju-su-ubili-nacisti-nakon-70-godina-ugledali-svjetlo-dana-dozivjela-sam-toliko-malo-od-zivota-ne-zelim-umrijeti\/9355025\/<\/a><\/p>\n<p>&nbsp;<\/p>\n<p><a href=\"https:\/\/www.index.hr\/vijesti\/clanak\/prije-70-godina-su-je-okrutno-ubili-nacisti-sada-je-objavljen-njezin-dnevnik\/2116319.aspx\">https:\/\/www.index.hr\/vijesti\/clanak\/prije-70-godina-su-je-okrutno-ubili-nacisti-sada-je-objavljen-njezin-dnevnik\/2116319.aspx<\/a><\/p>\n<p>&nbsp;<\/p>\n<p><a href=\"https:\/\/www.24sata.hr\/news\/djevojcica-koju-su-ubili-nacisti-preklinjem-vas-pomozite-mi-648713\">https:\/\/www.24sata.hr\/news\/djevojcica-koju-su-ubili-nacisti-preklinjem-vas-pomozite-mi-648713<\/a><\/p>\n<p>&nbsp;<\/p>\n<p>&nbsp;<\/p>\n","protected":false},"excerpt":{"rendered":"","protected":false},"author":2,"featured_media":16408,"comment_status":"open","ping_status":"open","sticky":false,"template":"","format":"standard","meta":{"_acf_changed":false,"jetpack_post_was_ever_published":false,"_jetpack_newsletter_access":"","_jetpack_dont_email_post_to_subs":false,"_jetpack_newsletter_tier_id":0,"_jetpack_memberships_contains_paywalled_content":false,"_jetpack_memberships_contains_paid_content":false,"footnotes":"","jetpack_publicize_message":"","jetpack_publicize_feature_enabled":true,"jetpack_social_post_already_shared":true,"jetpack_social_options":{"image_generator_settings":{"template":"highway","default_image_id":0,"font":"","enabled":false},"version":2}},"categories":[8,3,12],"tags":[],"class_list":["post-16407","post","type-post","status-publish","format-standard","has-post-thumbnail","hentry","category-knjige","category-novosti","category-knjizevnost"],"acf":{"facebook_opis":""},"jetpack_publicize_connections":[],"jetpack_featured_media_url":"https:\/\/i0.wp.com\/historiografija.hr\/wp-content\/uploads\/2019\/09\/Renia.jpg?fit=440%2C673&ssl=1","jetpack_sharing_enabled":true,"jetpack-related-posts":[{"id":52625,"url":"https:\/\/historiografija.hr\/?p=52625","url_meta":{"origin":16407,"position":0},"title":"Omer Bartov, \u201eIsrael: What Went Wrong?\u201c","author":"Branimir Jankovi\u0107","date":"23. travnja 2026.","format":false,"excerpt":"Professor Omer Bartov was born on a kibbutz, grew up in Tel Aviv and served in the Israel Defence Forces during the Yom Kippur War. He went on to become an expert on the German army and the Holocaust, before turning his attention to his native country.In Israel: What Went\u2026","rel":"","context":"U &quot;Knjige&quot;","block_context":{"text":"Knjige","link":"https:\/\/historiografija.hr\/?cat=8"},"img":{"alt_text":"","src":"https:\/\/i0.wp.com\/historiografija.hr\/wp-content\/uploads\/2026\/04\/Bartov.jpeg?fit=320%2C500&ssl=1&resize=350%2C200","width":350,"height":200},"classes":[]},{"id":52505,"url":"https:\/\/historiografija.hr\/?p=52505","url_meta":{"origin":16407,"position":1},"title":"Izlo\u017eba &#8220;Eschenstock \/ Jasenov prut&#8221;","author":"Branimir Jankovi\u0107","date":"17. travnja 2026.","format":false,"excerpt":"Srpsko narodno vije\u0107e (SNV) i Vizura aperta postavljaju izlo\u017ebu \u0161vicarskog slikara Velimira Ili\u0161evi\u0107a: Eschenstock \/ Jasenov prut. Izlo\u017eba se uz prisustvo autora otvara povodom 81. godi\u0161njice proboja logora\u0161a iz usta\u0161kog logora smrti Jasenovac 22. aprila 2026. u 19 sati u Srpskom kulturnom centru (SKC) u Preradovi\u0107evoj ulici 21 u Zagrebu.\u2026","rel":"","context":"U &quot;Izlo\u017ebe&quot;","block_context":{"text":"Izlo\u017ebe","link":"https:\/\/historiografija.hr\/?cat=10"},"img":{"alt_text":"","src":"https:\/\/i0.wp.com\/historiografija.hr\/wp-content\/uploads\/2026\/04\/Jasenov_prut.jpg?fit=1024%2C640&ssl=1&resize=350%2C200","width":350,"height":200,"srcset":"https:\/\/i0.wp.com\/historiografija.hr\/wp-content\/uploads\/2026\/04\/Jasenov_prut.jpg?fit=1024%2C640&ssl=1&resize=350%2C200 1x, https:\/\/i0.wp.com\/historiografija.hr\/wp-content\/uploads\/2026\/04\/Jasenov_prut.jpg?fit=1024%2C640&ssl=1&resize=525%2C300 1.5x, https:\/\/i0.wp.com\/historiografija.hr\/wp-content\/uploads\/2026\/04\/Jasenov_prut.jpg?fit=1024%2C640&ssl=1&resize=700%2C400 2x"},"classes":[]},{"id":52569,"url":"https:\/\/historiografija.hr\/?p=52569","url_meta":{"origin":16407,"position":2},"title":"[Predavanje] Ne \u010dekaju\u0107i inspiraciju \u2013 anga\u017eovane intelektualne, kulturalne i umetni\u010dke prakse u me\u0111uratnom periodu: teorija i praksa kriti\u010dke levice u jugoslovenskoj kulturi (YugoLab)","author":"Branimir Jankovi\u0107","date":"21. travnja 2026.","format":false,"excerpt":"U vreme agresivnog ja\u010danja globalne desnice, (pro)fa\u0161isti\u010dkih, rasisti\u010dkih i imperijalisti\u010dkih politika, dok je istovremeno globalna levica izrazito slaba, a progresivni pokreti atomizirani i fragmentisani, va\u017eno je iz savremene perspektive vratiti se revolucionarnim i emancipatorskim zbivanjima u jugoslovenskom (ali i s njima u vezi internacionalnim de\u0161avanjima), kao i dru\u0161tvenoj ulozi kulturalnih\u2026","rel":"","context":"U &quot;Novosti&quot;","block_context":{"text":"Novosti","link":"https:\/\/historiografija.hr\/?cat=3"},"img":{"alt_text":"","src":"","width":0,"height":0},"classes":[]},{"id":52563,"url":"https:\/\/historiografija.hr\/?p=52563","url_meta":{"origin":16407,"position":3},"title":"Predavanje Nenada Fabijani\u0107a o stadionu Poljud u Splitu","author":"Branimir Jankovi\u0107","date":"21. travnja 2026.","format":false,"excerpt":"Znanstveno vije\u0107e za arhitekturu, urbanizam i ure\u0111enje prostora Hrvatske akademije znanosti i umjetnosti organizira predavanje \u201cPo Poljudu\u201d koje \u0107e u srijedu 22. travnja 2026. s po\u010detkom u 14 sati u Knji\u017enici HAZU, Strossmayerov trg 14 u Zagrebu, odr\u017eati\u00a0prof. emerit. dr. art. Nenad Fabijani\u0107,\u00a0\u010dlan suradnik HAZU. Predavanje \u201ePo Poljudu\u201c (Projekt obnove)\u2026","rel":"","context":"U &quot;Novosti&quot;","block_context":{"text":"Novosti","link":"https:\/\/historiografija.hr\/?cat=3"},"img":{"alt_text":"","src":"https:\/\/i0.wp.com\/historiografija.hr\/wp-content\/uploads\/2026\/04\/Poljud-scaled.jpeg?fit=1200%2C800&ssl=1&resize=350%2C200","width":350,"height":200,"srcset":"https:\/\/i0.wp.com\/historiografija.hr\/wp-content\/uploads\/2026\/04\/Poljud-scaled.jpeg?fit=1200%2C800&ssl=1&resize=350%2C200 1x, https:\/\/i0.wp.com\/historiografija.hr\/wp-content\/uploads\/2026\/04\/Poljud-scaled.jpeg?fit=1200%2C800&ssl=1&resize=525%2C300 1.5x, https:\/\/i0.wp.com\/historiografija.hr\/wp-content\/uploads\/2026\/04\/Poljud-scaled.jpeg?fit=1200%2C800&ssl=1&resize=700%2C400 2x, https:\/\/i0.wp.com\/historiografija.hr\/wp-content\/uploads\/2026\/04\/Poljud-scaled.jpeg?fit=1200%2C800&ssl=1&resize=1050%2C600 3x"},"classes":[]},{"id":52628,"url":"https:\/\/historiografija.hr\/?p=52628","url_meta":{"origin":16407,"position":4},"title":"Predavanje dopisnog \u010dlana HAZU Alaina Finkielkrauta Izrael, Europa, antisemitizam","author":"Branimir Jankovi\u0107","date":"23. travnja 2026.","format":false,"excerpt":"Francuski filozof Alain Finkielkraut, redoviti \u010dlan Francuske akademije i dopisni \u010dlan HAZU, odr\u017eat \u0107e predavanje\u00a0Izrael, Europa, antisemitizam u utorak 28. travnja 2026. u 13 sati u Knji\u017enici HAZU,\u00a0Strossmayerov trg 14 u Zagrebu. Uvodne rije\u010di odr\u017eat \u0107e\u00a0akademkinja \u017deljka \u010corak i\u00a0akademik Dra\u017een Katunari\u0107. Predavanje \u0107e se odr\u017eati na francuskom jeziku uz konsekutivno\u2026","rel":"","context":"U &quot;Novosti&quot;","block_context":{"text":"Novosti","link":"https:\/\/historiografija.hr\/?cat=3"},"img":{"alt_text":"","src":"https:\/\/i0.wp.com\/historiografija.hr\/wp-content\/uploads\/2026\/04\/Alain_Finkielkraut.jpg?fit=350%2C407&ssl=1&resize=350%2C200","width":350,"height":200},"classes":[]},{"id":52592,"url":"https:\/\/historiografija.hr\/?p=52592","url_meta":{"origin":16407,"position":5},"title":"Predstavljanje knjige &#8220;Turska ku\u0107a u Rijeci&#8221; u Zagrebu","author":"Branimir Jankovi\u0107","date":"22. travnja 2026.","format":false,"excerpt":"U prostorijama Turskog kulturnog centra Yunus Emre u Zagrebu, u utorak 21. travnja 2026. godine, odr\u017eano je sve\u010dano predstavljanje dopunjenog izdanja knjige Turska ku\u0107a u Rijeci, u organizaciji Hrvatsko-turskog dru\u0161tva Rijeka i partnerstvu sa Skupinom prijateljstva Hrvatska-Turska Hrvatskog sabora, Veleposlanstvom Republike Turske u Republici Hrvatskoj te Turskim kulturnim centrom Yunus\u2026","rel":"","context":"U &quot;Novosti&quot;","block_context":{"text":"Novosti","link":"https:\/\/historiografija.hr\/?cat=3"},"img":{"alt_text":"","src":"https:\/\/i0.wp.com\/historiografija.hr\/wp-content\/uploads\/2026\/04\/Turska-kuca-ZG.jpg?fit=1200%2C800&ssl=1&resize=350%2C200","width":350,"height":200,"srcset":"https:\/\/i0.wp.com\/historiografija.hr\/wp-content\/uploads\/2026\/04\/Turska-kuca-ZG.jpg?fit=1200%2C800&ssl=1&resize=350%2C200 1x, https:\/\/i0.wp.com\/historiografija.hr\/wp-content\/uploads\/2026\/04\/Turska-kuca-ZG.jpg?fit=1200%2C800&ssl=1&resize=525%2C300 1.5x, https:\/\/i0.wp.com\/historiografija.hr\/wp-content\/uploads\/2026\/04\/Turska-kuca-ZG.jpg?fit=1200%2C800&ssl=1&resize=700%2C400 2x, https:\/\/i0.wp.com\/historiografija.hr\/wp-content\/uploads\/2026\/04\/Turska-kuca-ZG.jpg?fit=1200%2C800&ssl=1&resize=1050%2C600 3x"},"classes":[]}],"_links":{"self":[{"href":"https:\/\/historiografija.hr\/index.php?rest_route=\/wp\/v2\/posts\/16407","targetHints":{"allow":["GET"]}}],"collection":[{"href":"https:\/\/historiografija.hr\/index.php?rest_route=\/wp\/v2\/posts"}],"about":[{"href":"https:\/\/historiografija.hr\/index.php?rest_route=\/wp\/v2\/types\/post"}],"author":[{"embeddable":true,"href":"https:\/\/historiografija.hr\/index.php?rest_route=\/wp\/v2\/users\/2"}],"replies":[{"embeddable":true,"href":"https:\/\/historiografija.hr\/index.php?rest_route=%2Fwp%2Fv2%2Fcomments&post=16407"}],"version-history":[{"count":2,"href":"https:\/\/historiografija.hr\/index.php?rest_route=\/wp\/v2\/posts\/16407\/revisions"}],"predecessor-version":[{"id":16410,"href":"https:\/\/historiografija.hr\/index.php?rest_route=\/wp\/v2\/posts\/16407\/revisions\/16410"}],"wp:featuredmedia":[{"embeddable":true,"href":"https:\/\/historiografija.hr\/index.php?rest_route=\/wp\/v2\/media\/16408"}],"wp:attachment":[{"href":"https:\/\/historiografija.hr\/index.php?rest_route=%2Fwp%2Fv2%2Fmedia&parent=16407"}],"wp:term":[{"taxonomy":"category","embeddable":true,"href":"https:\/\/historiografija.hr\/index.php?rest_route=%2Fwp%2Fv2%2Fcategories&post=16407"},{"taxonomy":"post_tag","embeddable":true,"href":"https:\/\/historiografija.hr\/index.php?rest_route=%2Fwp%2Fv2%2Ftags&post=16407"}],"curies":[{"name":"wp","href":"https:\/\/api.w.org\/{rel}","templated":true}]}}