{"id":16401,"date":"2019-09-21T20:11:15","date_gmt":"2019-09-21T20:11:15","guid":{"rendered":"http:\/\/historiografija.hr\/?p=16401"},"modified":"2019-09-21T20:12:30","modified_gmt":"2019-09-21T20:12:30","slug":"andrea-peto-lathatatlan-elkovetok-nok-a-magyarorszagi-nyilas-mozgalomban-nevidljive-pociniteljice-zene-u-strelastim-krizevima","status":"publish","type":"post","link":"https:\/\/historiografija.hr\/?p=16401","title":{"rendered":"Andrea Pet\u0151, \u201cL\u00e1thatatlan elk\u00f6vet\u0151k \u2013 N\u0151k a magyarorsz\u00e1gi nyilas mozgalomban\u201d (\u201cNevidljive po\u010diniteljice: \u017eene u Strelastim kri\u017eevima\u201d)"},"content":{"rendered":"<p>Povjesni\u010darka Andrea Pet\u0151 obavila je 2019. godine \u201cknjigu o \u017eenama u ma\u0111arskom nacionalsocijalisti\u010dkom pokretu\u201d: \u201cL\u00e1thatatlan elk\u00f6vet\u0151k \u2013 N\u0151k a magyarorsz\u00e1gi nyilas mozgalomban\u201d (\u201cNevidljive po\u010diniteljice: \u017eene u Strelastim kri\u017eevima\u201d).<\/p>\n<p>&nbsp;<\/p>\n<p>Izvor i dodatne informacije:<\/p>\n<p>&nbsp;<\/p>\n<p><a href=\"http:\/\/mmz.ufzg.hr\/andrea-peto-objavila-novu-knjigu\/\">http:\/\/mmz.ufzg.hr\/andrea-peto-objavila-novu-knjigu\/<\/a><\/p>\n<p>&nbsp;<\/p>\n<p><a href=\"https:\/\/voxfeminae.net\/pravednost\/andrea-peto-zaboravljena-povijest-zena-u-madarskom-fasistickom-pokretu\/\">https:\/\/voxfeminae.net\/pravednost\/andrea-peto-zaboravljena-povijest-zena-u-madarskom-fasistickom-pokretu\/<\/a><\/p>\n<p>&nbsp;<\/p>\n<p><a href=\"https:\/\/www.ceu.edu\/article\/2019-08-01\/lessons-today-women-hungarian-arrow-cross-movement\">https:\/\/www.ceu.edu\/article\/2019-08-01\/lessons-today-women-hungarian-arrow-cross-movement<\/a><\/p>\n<p>&nbsp;<\/p>\n<p><a href=\"https:\/\/www.jaffa.hu\/lathatatlan-elkovetok-nok-a-magyarorszagi-nyilas-mozgalomban-1338\">https:\/\/www.jaffa.hu\/lathatatlan-elkovetok-nok-a-magyarorszagi-nyilas-mozgalomban-1338<\/a><\/p>\n<p>&nbsp;<\/p>\n<p>&nbsp;<\/p>\n","protected":false},"excerpt":{"rendered":"","protected":false},"author":2,"featured_media":16402,"comment_status":"open","ping_status":"open","sticky":false,"template":"","format":"standard","meta":{"_acf_changed":false,"jetpack_post_was_ever_published":false,"_jetpack_newsletter_access":"","_jetpack_dont_email_post_to_subs":false,"_jetpack_newsletter_tier_id":0,"_jetpack_memberships_contains_paywalled_content":false,"_jetpack_memberships_contains_paid_content":false,"footnotes":"","jetpack_publicize_message":"","jetpack_publicize_feature_enabled":true,"jetpack_social_post_already_shared":true,"jetpack_social_options":{"image_generator_settings":{"template":"highway","default_image_id":0,"font":"","enabled":false},"version":2}},"categories":[8,3],"tags":[],"class_list":["post-16401","post","type-post","status-publish","format-standard","has-post-thumbnail","hentry","category-knjige","category-novosti"],"acf":{"facebook_opis":""},"jetpack_publicize_connections":[],"jetpack_featured_media_url":"https:\/\/i0.wp.com\/historiografija.hr\/wp-content\/uploads\/2019\/09\/peto.jpg?fit=901%2C1285&ssl=1","jetpack_sharing_enabled":true,"jetpack-related-posts":[{"id":52589,"url":"https:\/\/historiografija.hr\/?p=52589","url_meta":{"origin":16401,"position":0},"title":"Predstavljena knjiga Miomira \u017du\u017eula &#8220;Dayton: Diplomacija &#8211; druga strana rata&#8221;","author":"Branimir Jankovi\u0107","date":"22. travnja 2026.","format":false,"excerpt":"Knjiga Miomira \u017du\u017eula \u201eDayton: Diplomacija \u2013 druga strana rata\u201d predstavljena je u srijedu, 22. travnja 2026. godine u foajeu Hrvatskoga narodnog kazali\u0161ta u Zagrebu. Op\u0161irnije: https:\/\/vijesti.hrt.hr\/hrvatska\/predstavljena-knjiga-miomira-zuzula-dayton-diplomacija-druga-strana-rata-12683259 https:\/\/www.vecernji.ba\/amp\/vijesti\/zuzulova-knjiga-o-daytonu-predstavljena-u-zagrebu-diplomacija-kao-druga-strana-rata-1953700 https:\/\/www.tportal.hr\/vijesti\/clanak\/bivsi-sanaderov-ministar-odrzao-promociju-evo-tko-je-sve-dosao-na-predstavljanje-knjige-miomira-zuzula-foto-20260422 https:\/\/direktno.hr\/zivot\/kultura\/zuzul-otkrio-sve-o-drugoj-strani-rata-za-hrvatsku-se-nije-libio-povuci-nekoga-i-za-kosu-395042 https:\/\/www.24sata.hr\/news\/miomir-zuzul-predstavio-je-knjigu-o-daytonu-diplomacija-je-bila-druga-strana-rata-1123152 https:\/\/www.vecernji.hr\/kultura\/kolinda-grabar-kitarovic-otvoreno-miomir-zuzul-nije-vukao-samo-za-rukav-nego-i-za-kosu-1953722 https:\/\/www.vecernji.hr\/kultura\/i-papa-lav-xiv-eksplicitno-je-daytonski-sporazum-istaknuo-kao-primjer-uspjesna-rjesavanja-sukoba-1952215","rel":"","context":"U &quot;Novosti&quot;","block_context":{"text":"Novosti","link":"https:\/\/historiografija.hr\/?cat=3"},"img":{"alt_text":"","src":"https:\/\/i0.wp.com\/historiografija.hr\/wp-content\/uploads\/2026\/04\/Dayton.jpg?fit=1024%2C683&ssl=1&resize=350%2C200","width":350,"height":200,"srcset":"https:\/\/i0.wp.com\/historiografija.hr\/wp-content\/uploads\/2026\/04\/Dayton.jpg?fit=1024%2C683&ssl=1&resize=350%2C200 1x, https:\/\/i0.wp.com\/historiografija.hr\/wp-content\/uploads\/2026\/04\/Dayton.jpg?fit=1024%2C683&ssl=1&resize=525%2C300 1.5x, https:\/\/i0.wp.com\/historiografija.hr\/wp-content\/uploads\/2026\/04\/Dayton.jpg?fit=1024%2C683&ssl=1&resize=700%2C400 2x"},"classes":[]},{"id":52619,"url":"https:\/\/historiografija.hr\/?p=52619","url_meta":{"origin":16401,"position":1},"title":"Predavanje \u0110ur\u0111ice Vitkovi\u0107 &#8220;Izme\u0111u pera i objektiva: Zagorka i Foto Tonka&#8221;","author":"Branimir Jankovi\u0107","date":"23. travnja 2026.","format":false,"excerpt":"Memorijalni stan Marije Juri\u0107 Zagorke poziva Vas na predavanje \u0110ur\u0111ice Vitkovi\u0107 \u201eIzme\u0111u pera i objektiva: Zagorka i Foto Tonka\u201c koje \u0107e se odr\u017eati u utorak, 28. travnja 2026. s po\u010detkom u 18 h u sklopu Ciklusa predavanja u Memorijalnom stanu Marije Juri\u0107 Zagorke. Kako su se susrele knji\u017eevnost i fotografija\u2026","rel":"","context":"U &quot;Novosti&quot;","block_context":{"text":"Novosti","link":"https:\/\/historiografija.hr\/?cat=3"},"img":{"alt_text":"","src":"https:\/\/i0.wp.com\/historiografija.hr\/wp-content\/uploads\/2024\/11\/Zagorka_ciklus.jpg?fit=1200%2C1006&ssl=1&resize=350%2C200","width":350,"height":200,"srcset":"https:\/\/i0.wp.com\/historiografija.hr\/wp-content\/uploads\/2024\/11\/Zagorka_ciklus.jpg?fit=1200%2C1006&ssl=1&resize=350%2C200 1x, https:\/\/i0.wp.com\/historiografija.hr\/wp-content\/uploads\/2024\/11\/Zagorka_ciklus.jpg?fit=1200%2C1006&ssl=1&resize=525%2C300 1.5x, https:\/\/i0.wp.com\/historiografija.hr\/wp-content\/uploads\/2024\/11\/Zagorka_ciklus.jpg?fit=1200%2C1006&ssl=1&resize=700%2C400 2x, https:\/\/i0.wp.com\/historiografija.hr\/wp-content\/uploads\/2024\/11\/Zagorka_ciklus.jpg?fit=1200%2C1006&ssl=1&resize=1050%2C600 3x"},"classes":[]},{"id":52613,"url":"https:\/\/historiografija.hr\/?p=52613","url_meta":{"origin":16401,"position":2},"title":"No\u0107 knjige u Hrvatskom dr\u017eavnom arhivu","author":"Branimir Jankovi\u0107","date":"22. travnja 2026.","format":false,"excerpt":"Predstavljanje knjige Rajke Bu\u0107in \u201dLije\u010denje i zbrinjavanje \u017didova u Bolnici sestara milosrdnica u Zagrebu 1941. \u2013 1945.\u201d u \u010detvrtak, 23. travnja 2026. u 13 sati u Hrvatskom dr\u017eavnom arhivu u Zagrebu. Izvor: https:\/\/www.arhiv.hr\/hr-hr\/Kulturno-prosvjetne-aktivnosti\/ArticleId\/1986\/oamid\/1633","rel":"","context":"U &quot;Novosti&quot;","block_context":{"text":"Novosti","link":"https:\/\/historiografija.hr\/?cat=3"},"img":{"alt_text":"","src":"https:\/\/i0.wp.com\/historiografija.hr\/wp-content\/uploads\/2026\/04\/noc_knjige_2026.jpg?fit=680%2C276&ssl=1&resize=350%2C200","width":350,"height":200,"srcset":"https:\/\/i0.wp.com\/historiografija.hr\/wp-content\/uploads\/2026\/04\/noc_knjige_2026.jpg?fit=680%2C276&ssl=1&resize=350%2C200 1x, https:\/\/i0.wp.com\/historiografija.hr\/wp-content\/uploads\/2026\/04\/noc_knjige_2026.jpg?fit=680%2C276&ssl=1&resize=525%2C300 1.5x"},"classes":[]},{"id":52654,"url":"https:\/\/historiografija.hr\/?p=52654","url_meta":{"origin":16401,"position":3},"title":"Gostuju\u0107e predavanje &#8211; Danijel D\u017eino \u201eKasnoanti\u010dke i ranosrednjovjekovne gra\u0111evine u Brezi: Spomenici nepotpune biografije\u201c","author":"Branimir Jankovi\u0107","date":"24. travnja 2026.","format":false,"excerpt":"Doktorski studij predmoderne povijesti poziva na predavanje \"Kasnoanti\u010dke i ranosrednjovjekovne gra\u0111evine u Brezi: Spomenici nepotpune biografije\u201d koje \u0107e odr\u017eati profesor Danijel D\u017eino sa Sveu\u010dili\u0161ta Macquarie u Sydneyu u\u00a0utorak 28. travnja 2026. u 17h u Konferencijskoj dvorani Knji\u017enice Filozofskog fakulteta u Zagrebu. Predavanje \u0107e predo\u010diti nova saznanja dobivena kroz arhivsko-dokumentarna istra\u017eivanja\u2026","rel":"","context":"U &quot;Novosti&quot;","block_context":{"text":"Novosti","link":"https:\/\/historiografija.hr\/?cat=3"},"img":{"alt_text":"","src":"https:\/\/i0.wp.com\/historiografija.hr\/wp-content\/uploads\/2026\/04\/Dzino.jpg?fit=980%2C819&ssl=1&resize=350%2C200","width":350,"height":200,"srcset":"https:\/\/i0.wp.com\/historiografija.hr\/wp-content\/uploads\/2026\/04\/Dzino.jpg?fit=980%2C819&ssl=1&resize=350%2C200 1x, https:\/\/i0.wp.com\/historiografija.hr\/wp-content\/uploads\/2026\/04\/Dzino.jpg?fit=980%2C819&ssl=1&resize=525%2C300 1.5x, https:\/\/i0.wp.com\/historiografija.hr\/wp-content\/uploads\/2026\/04\/Dzino.jpg?fit=980%2C819&ssl=1&resize=700%2C400 2x"},"classes":[]},{"id":52651,"url":"https:\/\/historiografija.hr\/?p=52651","url_meta":{"origin":16401,"position":4},"title":"Promocija knjige Emira O. Filipovi\u0107a \u201cVite\u0161tvo u srednjovjekovnoj Bosni\u201d u Sarajevu","author":"Branimir Jankovi\u0107","date":"24. travnja 2026.","format":false,"excerpt":"Knji\u017eevni korner poziva na promociju knjige Emira O. Filipovi\u0107a \u201cVite\u0161tvo u srednjovjekovnoj Bosni\u201d koja \u0107e se odr\u017eati u srijedu, 29. aprila 2026. u 18 sati u Evropskoj ku\u0107i kulture i nacionalnih manjina (Austrijska ku\u0107a) u Sarajevu. Na promociji \u0107e govoriti Mirsad Sijari\u0107, Ema Mazrak i autor, a moderirat \u0107e Nikola\u2026","rel":"","context":"U &quot;Novosti&quot;","block_context":{"text":"Novosti","link":"https:\/\/historiografija.hr\/?cat=3"},"img":{"alt_text":"","src":"https:\/\/i0.wp.com\/historiografija.hr\/wp-content\/uploads\/2026\/04\/Vitestvo.jpg?fit=1080%2C565&ssl=1&resize=350%2C200","width":350,"height":200,"srcset":"https:\/\/i0.wp.com\/historiografija.hr\/wp-content\/uploads\/2026\/04\/Vitestvo.jpg?fit=1080%2C565&ssl=1&resize=350%2C200 1x, https:\/\/i0.wp.com\/historiografija.hr\/wp-content\/uploads\/2026\/04\/Vitestvo.jpg?fit=1080%2C565&ssl=1&resize=525%2C300 1.5x, https:\/\/i0.wp.com\/historiografija.hr\/wp-content\/uploads\/2026\/04\/Vitestvo.jpg?fit=1080%2C565&ssl=1&resize=700%2C400 2x, https:\/\/i0.wp.com\/historiografija.hr\/wp-content\/uploads\/2026\/04\/Vitestvo.jpg?fit=1080%2C565&ssl=1&resize=1050%2C600 3x"},"classes":[]},{"id":52569,"url":"https:\/\/historiografija.hr\/?p=52569","url_meta":{"origin":16401,"position":5},"title":"[Predavanje] Ne \u010dekaju\u0107i inspiraciju \u2013 anga\u017eovane intelektualne, kulturalne i umetni\u010dke prakse u me\u0111uratnom periodu: teorija i praksa kriti\u010dke levice u jugoslovenskoj kulturi (YugoLab)","author":"Branimir Jankovi\u0107","date":"21. travnja 2026.","format":false,"excerpt":"U vreme agresivnog ja\u010danja globalne desnice, (pro)fa\u0161isti\u010dkih, rasisti\u010dkih i imperijalisti\u010dkih politika, dok je istovremeno globalna levica izrazito slaba, a progresivni pokreti atomizirani i fragmentisani, va\u017eno je iz savremene perspektive vratiti se revolucionarnim i emancipatorskim zbivanjima u jugoslovenskom (ali i s njima u vezi internacionalnim de\u0161avanjima), kao i dru\u0161tvenoj ulozi kulturalnih\u2026","rel":"","context":"U &quot;Novosti&quot;","block_context":{"text":"Novosti","link":"https:\/\/historiografija.hr\/?cat=3"},"img":{"alt_text":"","src":"","width":0,"height":0},"classes":[]}],"_links":{"self":[{"href":"https:\/\/historiografija.hr\/index.php?rest_route=\/wp\/v2\/posts\/16401","targetHints":{"allow":["GET"]}}],"collection":[{"href":"https:\/\/historiografija.hr\/index.php?rest_route=\/wp\/v2\/posts"}],"about":[{"href":"https:\/\/historiografija.hr\/index.php?rest_route=\/wp\/v2\/types\/post"}],"author":[{"embeddable":true,"href":"https:\/\/historiografija.hr\/index.php?rest_route=\/wp\/v2\/users\/2"}],"replies":[{"embeddable":true,"href":"https:\/\/historiografija.hr\/index.php?rest_route=%2Fwp%2Fv2%2Fcomments&post=16401"}],"version-history":[{"count":2,"href":"https:\/\/historiografija.hr\/index.php?rest_route=\/wp\/v2\/posts\/16401\/revisions"}],"predecessor-version":[{"id":16404,"href":"https:\/\/historiografija.hr\/index.php?rest_route=\/wp\/v2\/posts\/16401\/revisions\/16404"}],"wp:featuredmedia":[{"embeddable":true,"href":"https:\/\/historiografija.hr\/index.php?rest_route=\/wp\/v2\/media\/16402"}],"wp:attachment":[{"href":"https:\/\/historiografija.hr\/index.php?rest_route=%2Fwp%2Fv2%2Fmedia&parent=16401"}],"wp:term":[{"taxonomy":"category","embeddable":true,"href":"https:\/\/historiografija.hr\/index.php?rest_route=%2Fwp%2Fv2%2Fcategories&post=16401"},{"taxonomy":"post_tag","embeddable":true,"href":"https:\/\/historiografija.hr\/index.php?rest_route=%2Fwp%2Fv2%2Ftags&post=16401"}],"curies":[{"name":"wp","href":"https:\/\/api.w.org\/{rel}","templated":true}]}}