{"id":16381,"date":"2019-09-18T10:39:06","date_gmt":"2019-09-18T10:39:06","guid":{"rendered":"http:\/\/historiografija.hr\/?p=16381"},"modified":"2019-09-18T10:39:06","modified_gmt":"2019-09-18T10:39:06","slug":"workshop-dynamics-of-emigration-epistemic-repercussions-emigre-scholars-and-the-production-of-historical-knowledge-in-the-age-of-extremes","status":"publish","type":"post","link":"https:\/\/historiografija.hr\/?p=16381","title":{"rendered":"Workshop &#8220;Dynamics of Emigration, Epistemic Repercussions. \u00c9migr\u00e9 scholars and the production of historical knowledge in the age of extremes&#8221;"},"content":{"rendered":"<p>U Bochumu se od 19. do 21. rujna 2019. odr\u017eava me\u0111unarodni znanstveni skup &#8220;Dynamics of Emigration, Epistemic Repercussions. \u00c9migr\u00e9 scholars and the production of historical knowledge in the age of extremes&#8221; na kojem iz Hrvatske sudjeluje Branimir Jankovi\u0107, a iz Srbije Michael Antolovi\u0107.<\/p>\n<p>&nbsp;<\/p>\n<p>&#8212;<\/p>\n<p>&nbsp;<\/p>\n<p>Contemporary historical studies, looking into the past of \u00e9migr\u00e9 scholars, favour in principal biography as form. It is thus the biography as concept as well as narrative structure that largely informs the design, in which the life of scholars, most often men and less often women, is depicted and their intellectual development represented.<\/p>\n<p>The objective of the workshop is to go beyond the biographic design. The workshops aims to reach this goal by addressing two inextricably interlinked questions: The first questions is as to how more generally social and cultural dimensions influenced, if not informed, \u00e9migr\u00e9 scholarship. The second question concerns the ramifications resulting from such dynamics of emigration: How did emigration affect and influence research and knowledge production in the discipline of history? How did emigration inform and ultimately change the field of historical research as well as institutions of research?<\/p>\n<p>In order to extend our scope and understanding of the history of \u00e9migr\u00e9 scholars, both thematically and methodically, the workshop draws on questions and notions that attracted less attention so far, and it deliberately borrows from concepts and observations in the social history of sciences, the history of historiography and the new history of sciences.<\/p>\n<p>&nbsp;<\/p>\n<p><strong>Programm<\/strong><\/p>\n<p><strong>\u00a0<\/strong><\/p>\n<p><strong>Thursday, September 19, 2019<\/strong><br \/>\n1.15pm-1.45pm: Reception<\/p>\n<p>1.45pm: Introduction<br \/>\nPhilipp M\u00fcller (Bochum) \/ Stefan Berger (Bochum),<br \/>\nWelcome &amp; Introductory remarks.<br \/>\nLes faux amis. Intellectual alienation and 20th century history of \u00e9migr\u00e9 scholarship<\/p>\n<p>2.15pm-3.15pm: Keynote<br \/>\nChair: Stefan Berger (Bochum)<br \/>\nJo Tollebeek (Leuven),<br \/>\nFrom Goethe to Manhattan, and back. Cosmopolitanism and nostalgia in the \u00e9migr\u00e9 historian\u2019s persona Discussion<\/p>\n<p>3.45pm-5pm: Institutional Politics<br \/>\nChair &amp; Comment: Nicola Brauch (Bochum)<br \/>\nJoseph Malherek (Montreal),<br \/>\nNew Forms of social research in exile. Central European \u00e9migr\u00e9 scholars and their American sponsors, 1933-45<br \/>\nKai Johann Willms (M\u00fcnchen),<br \/>\nBetween Integration and institutional Self-organisation. Polish Exile Historiography in the US 1939-1989<\/p>\n<p>5pm-6.30pm: New traditions of historical scholarship<br \/>\nChair &amp; Comment: Philipp M\u00fcller (Bochum)<br \/>\nYonatan Shiloh-Dayan (Jerusalem),<br \/>\nGerman Answers to Israeli Questions? \u00c9migr\u00e9 historians in Israel<br \/>\nPhilipp Stelzel (Pittsburgh),<br \/>\nHistory after Hitler. A Transatlantic Enterprise<\/p>\n<p>&nbsp;<\/p>\n<p><strong>Friday, September 20, 2019<\/strong><br \/>\n8.30-10.00am: Discourses of Exile<br \/>\nChair &amp; Comment: Henning Tr\u00fcper (Helsinki)<br \/>\nAntoon De Baets (Groningen),<br \/>\nThe dictator&#8217;s long arm: Cross-border censorship of exile historians<br \/>\nVilmos Er\u00f6s (Debrecen),<br \/>\nExile and Discourse. The case of Hungarian historiography<\/p>\n<p>10.15am-12.30pm: Conflicts and Chances<br \/>\nChair &amp; Comment: Peter Sch\u00f6ttler (Berlin)<br \/>\nIryna Mykhailova (G\u00f6ttingen),<br \/>\nDefending Objectivity. Paul Oskar Kristeller and the controversy on historical knowledge in the United States<br \/>\nChristophe Araujo (Cergy-Pointoise),<br \/>\nExiled Portuguese historians in France at the time of the Annales. New ways to think and write Portuguese history<\/p>\n<p>2pm-4.15pm: Persona and Gender<br \/>\nChair &amp; Comment: Chris Lorenz (Amsterdam)<br \/>\nHerman Paul (Leiden),<br \/>\nThe \u00c9migr\u00e9 Historian: A Scholarly Persona?<br \/>\nBeata Halicka (Poznan),<br \/>\nPolish \u00e9migr\u00e9 scholars in the USA as actors of the cold war period<br \/>\nJudith Szapor (Montreal),<br \/>\nGender and age in the unlikely career of Laura Polanyi (1882-1959)<\/p>\n<p>4.30-6.45pm: Scholarly Micropolitics<br \/>\nChair &amp; Comment: Stefan Berger (Bochum)<br \/>\nMichael Antolovic (Novi Sad, Serbien),<br \/>\nNetworking in Santa Barbara, writing history. Dimitrije \u0110or\u0111evi\u0107 and the comparative history of the Balkan nations<br \/>\nOlof Bortz (Stockholm University),<br \/>\nRaul Hilberg. Scholarly contacts and studies into the history of the holocaust<br \/>\nBranimir Jankovic (Zagreb),<br \/>\nBuilding new networks. Russian \u00e9migr\u00e9 scholars in Yugoslavia<\/p>\n<p><strong>Saturday, September 21, 2019<\/strong><br \/>\n9.00-10.30am: Loss, Challenges and Coping Strategies<br \/>\nChair &amp; Comment: Jo Tollebeek (Leuven)<br \/>\nShuxi Yin (Hefei),<br \/>\nCoping with trauma in exile. Chinese \u00e9migr\u00e9 intellectuals<br \/>\nOhad Reiss Sorokin (Princeton),<br \/>\nThinking outside the circle. The emigration of the Geistkreis<\/p>\n<p>10.45am-12.15 pm<br \/>\nComment: Zi-Jian Li (Bochum)<br \/>\nEfi Gazi (Peloponnese),<br \/>\nTrajectory of national images, home and belonging in Argyris Eftaliotis\u2019 Histories<br \/>\nSergio Campos Matos (Lissabon),<br \/>\nAnt\u00f3nio S\u00e9rgio and Jos\u00e9 Ortega y Gasset. History, Theory and Experiences of exile<\/p>\n<p>12.15-12.45pm: Final Discussion &amp; Resume<br \/>\nPhilipp M\u00fcller (Bochum) \/ Stefan Berger (Bochum), Final Remarks.<\/p>\n<p>&nbsp;<\/p>\n<p><a href=\"https:\/\/www.hsozkult.de\/event\/id\/termine-41021\">https:\/\/www.hsozkult.de\/event\/id\/termine-41021<\/a><\/p>\n<p>&nbsp;<\/p>\n<p>&nbsp;<\/p>\n<p>&nbsp;<\/p>\n","protected":false},"excerpt":{"rendered":"","protected":false},"author":2,"featured_media":16382,"comment_status":"open","ping_status":"open","sticky":false,"template":"","format":"standard","meta":{"_acf_changed":false,"jetpack_post_was_ever_published":false,"_jetpack_newsletter_access":"","_jetpack_dont_email_post_to_subs":false,"_jetpack_newsletter_tier_id":0,"_jetpack_memberships_contains_paywalled_content":false,"_jetpack_memberships_contains_paid_content":false,"footnotes":"","jetpack_publicize_message":"","jetpack_publicize_feature_enabled":true,"jetpack_social_post_already_shared":true,"jetpack_social_options":{"image_generator_settings":{"template":"highway","default_image_id":0,"font":"","enabled":false},"version":2}},"categories":[3,9],"tags":[],"class_list":["post-16381","post","type-post","status-publish","format-standard","has-post-thumbnail","hentry","category-novosti","category-skupovi"],"acf":{"facebook_opis":""},"jetpack_publicize_connections":[],"jetpack_featured_media_url":"https:\/\/i0.wp.com\/historiografija.hr\/wp-content\/uploads\/2019\/09\/isb-logo.png?fit=1964%2C586&ssl=1","jetpack_sharing_enabled":true,"jetpack-related-posts":[{"id":52664,"url":"https:\/\/historiografija.hr\/?p=52664","url_meta":{"origin":16381,"position":0},"title":"CfP: CONFERENCE OF THE HISTORY OF CONCEPTS GROUP, HELSINKI, 19TH\u201321ST AUGUST 2026 (DEADLINE: 30TH APRIL 2026)","author":"Branimir Jankovi\u0107","date":"24. travnja 2026.","format":false,"excerpt":"The annual conference of the History of Concepts Group is held at the University of Helsinki, 19-21 August 2026. Conference of the History of Concepts Group Conceptual history studies the use of concepts and tries to understand how historical actors have linguistically articulated views of the world. Studying concepts from\u2026","rel":"","context":"U &quot;Novosti&quot;","block_context":{"text":"Novosti","link":"https:\/\/historiografija.hr\/?cat=3"},"img":{"alt_text":"","src":"https:\/\/i0.wp.com\/historiografija.hr\/wp-content\/uploads\/2017\/10\/hsozkult.png?fit=1006%2C241&ssl=1&resize=350%2C200","width":350,"height":200,"srcset":"https:\/\/i0.wp.com\/historiografija.hr\/wp-content\/uploads\/2017\/10\/hsozkult.png?fit=1006%2C241&ssl=1&resize=350%2C200 1x, https:\/\/i0.wp.com\/historiografija.hr\/wp-content\/uploads\/2017\/10\/hsozkult.png?fit=1006%2C241&ssl=1&resize=525%2C300 1.5x, https:\/\/i0.wp.com\/historiografija.hr\/wp-content\/uploads\/2017\/10\/hsozkult.png?fit=1006%2C241&ssl=1&resize=700%2C400 2x"},"classes":[]},{"id":52641,"url":"https:\/\/historiografija.hr\/?p=52641","url_meta":{"origin":16381,"position":1},"title":"CfP: WHO OWNS THE PAST? VERNACULAR MEMORY, STATE MEMORY, AND THE POLITICS OF OWNERSHIP","author":"Branimir Jankovi\u0107","date":"24. travnja 2026.","format":false,"excerpt":"VIENNA, 31ST AUGUST\u20133RD SEPTEMBER 2026 (DEADLINE: 24TH APRIL 2026) The Center for Austrian Studies at the European Forum at the Hebrew University and the Austrian Academy of Sciences\/Institute of Culture Studies invite early postdocs, PhD candidates, and advanced Master\u2019s students from the Hebrew University of Jerusalem and universities and academic\u2026","rel":"","context":"U &quot;Novosti&quot;","block_context":{"text":"Novosti","link":"https:\/\/historiografija.hr\/?cat=3"},"img":{"alt_text":"","src":"https:\/\/i0.wp.com\/historiografija.hr\/wp-content\/uploads\/2017\/10\/hsozkult.png?fit=1006%2C241&ssl=1&resize=350%2C200","width":350,"height":200,"srcset":"https:\/\/i0.wp.com\/historiografija.hr\/wp-content\/uploads\/2017\/10\/hsozkult.png?fit=1006%2C241&ssl=1&resize=350%2C200 1x, https:\/\/i0.wp.com\/historiografija.hr\/wp-content\/uploads\/2017\/10\/hsozkult.png?fit=1006%2C241&ssl=1&resize=525%2C300 1.5x, https:\/\/i0.wp.com\/historiografija.hr\/wp-content\/uploads\/2017\/10\/hsozkult.png?fit=1006%2C241&ssl=1&resize=700%2C400 2x"},"classes":[]},{"id":52622,"url":"https:\/\/historiografija.hr\/?p=52622","url_meta":{"origin":16381,"position":2},"title":"Annual CAPONEU conference: Political Novel in Europe Between Democracy and Authoritarianism","author":"Branimir Jankovi\u0107","date":"23. travnja 2026.","format":false,"excerpt":"Caponeu event 22.04.2026 - 24.04.2026 Location: The Faculty of Polish and Classical Philology AMU (Fredry 10, Pozna\u0144)Organized by: Tomasz Mizerkiewicz, Krystyna Pieni\u0105\u017cek-Markovi\u0107, Anna Gawarecka, Ewa Szperlik, Magda Potok, B\u0142a\u017cej Warkocki, Gerard Ronge (all Adam Mickiewicz University in Pozna\u0144)Contact: gerron@amu.edu.pl The Adam Mickiewicz University team, as part of the international CAPONEU\u2026","rel":"","context":"U &quot;Novosti&quot;","block_context":{"text":"Novosti","link":"https:\/\/historiografija.hr\/?cat=3"},"img":{"alt_text":"","src":"https:\/\/i0.wp.com\/historiografija.hr\/wp-content\/uploads\/2026\/04\/Caponeu-political-novel.jpg?fit=500%2C261&ssl=1&resize=350%2C200","width":350,"height":200},"classes":[]},{"id":52516,"url":"https:\/\/historiografija.hr\/?p=52516","url_meta":{"origin":16381,"position":3},"title":"Marko Grde\u0161i\u0107, Mislav \u017ditko, \u201eSocialist Economics in Yugoslavia: A Critical History\u201c","author":"Branimir Jankovi\u0107","date":"17. travnja 2026.","format":false,"excerpt":"This book presents a critical history of Yugoslav socialist economics, from its inception in the late 1940s to its dissolution in the late 1980s. After the dramatic break with the Soviet Union in 1948, Yugoslavia found itself in urgent need of a third way: A socialist trajectory which would not\u2026","rel":"","context":"U &quot;Knjige&quot;","block_context":{"text":"Knjige","link":"https:\/\/historiografija.hr\/?cat=8"},"img":{"alt_text":"","src":"https:\/\/i0.wp.com\/historiografija.hr\/wp-content\/uploads\/2026\/04\/Zitko_Grdesic.jpg?fit=350%2C535&ssl=1&resize=350%2C200","width":350,"height":200},"classes":[]}],"_links":{"self":[{"href":"https:\/\/historiografija.hr\/index.php?rest_route=\/wp\/v2\/posts\/16381","targetHints":{"allow":["GET"]}}],"collection":[{"href":"https:\/\/historiografija.hr\/index.php?rest_route=\/wp\/v2\/posts"}],"about":[{"href":"https:\/\/historiografija.hr\/index.php?rest_route=\/wp\/v2\/types\/post"}],"author":[{"embeddable":true,"href":"https:\/\/historiografija.hr\/index.php?rest_route=\/wp\/v2\/users\/2"}],"replies":[{"embeddable":true,"href":"https:\/\/historiografija.hr\/index.php?rest_route=%2Fwp%2Fv2%2Fcomments&post=16381"}],"version-history":[{"count":1,"href":"https:\/\/historiografija.hr\/index.php?rest_route=\/wp\/v2\/posts\/16381\/revisions"}],"predecessor-version":[{"id":16383,"href":"https:\/\/historiografija.hr\/index.php?rest_route=\/wp\/v2\/posts\/16381\/revisions\/16383"}],"wp:featuredmedia":[{"embeddable":true,"href":"https:\/\/historiografija.hr\/index.php?rest_route=\/wp\/v2\/media\/16382"}],"wp:attachment":[{"href":"https:\/\/historiografija.hr\/index.php?rest_route=%2Fwp%2Fv2%2Fmedia&parent=16381"}],"wp:term":[{"taxonomy":"category","embeddable":true,"href":"https:\/\/historiografija.hr\/index.php?rest_route=%2Fwp%2Fv2%2Fcategories&post=16381"},{"taxonomy":"post_tag","embeddable":true,"href":"https:\/\/historiografija.hr\/index.php?rest_route=%2Fwp%2Fv2%2Ftags&post=16381"}],"curies":[{"name":"wp","href":"https:\/\/api.w.org\/{rel}","templated":true}]}}