{"id":16333,"date":"2019-09-14T08:53:05","date_gmt":"2019-09-14T08:53:05","guid":{"rendered":"http:\/\/historiografija.hr\/?p=16333"},"modified":"2019-09-14T08:53:05","modified_gmt":"2019-09-14T08:53:05","slug":"izlozba-orlando-simbol-slobode","status":"publish","type":"post","link":"https:\/\/historiografija.hr\/?p=16333","title":{"rendered":"Izlo\u017eba \u201cOrlando \u2013 simbol slobode\u201d"},"content":{"rendered":"<p>Sredi\u0161nja godi\u0161nja izlo\u017eba Dubrova\u010dkih muzeja \u201eOrlando \u2013 simbol slobode\u201c bit \u0107e otvorena u Kne\u017eevu dvoru u subotu, 14. rujna 2019. u 20 sati. Rije\u010d je o projektu kojim Dubrova\u010dki muzeji daju prilog obilje\u017eavanju &#8220;Orlandove godine&#8221;, progla\u0161ene u povodu 600. obljetnice postavljanja Orlandova stupa u Dubrovniku. Nastavak je to sredi\u0161njih godi\u0161njih izlo\u017ebeno-izdava\u010dkih projekata ove ustanove, koji imaju za cilj brendiranje Dubrovnika na osnovu njegove kulturne i povijesne ba\u0161tine.<\/p>\n<p>Projekt ima za cilj podi\u0107i razinu svijesti o vi\u0161ezna\u010dnosti Orlandova stupa kroz sveobuhvatno sagledavanje njegove va\u017enosti u kulturnoj i povijesnoj ba\u0161tini Dubrovnika i Hrvatske, kao sastavnice europske ba\u0161tinske cjelovitosti.<\/p>\n<p>Izlo\u017eba je koncipirana u vi\u0161e tematskih cjelina koje se, me\u0111u ostalim, bave povijesnim okvirom kraja 14. i po\u010detka 15. stolje\u0107a Dubrova\u010dke Republike u europskim politi\u010dkim procesima te fenomenom Orlandove pojave u Dubrovniku, njegovim graditeljima i umjetni\u010dkim dosezima u kontekstu onodobnog dubrova\u010dkoga kiparstva, a predo\u010davaju i motiv Orlanda u europskoj, hrvatskoj i dubrova\u010dkoj knji\u017eevnoj i glazbenoj ba\u0161tini.<\/p>\n<p>Pojedine teme obradili su akademik Igor Fiskovi\u0107, dr.sc. Zdenka Janekovi\u0107 R\u00f6mmer, dr. sc. Ilija Miti\u0107, dr. sc. Vinicije B. Lupis, dr. sc. Morana \u010cale, dr. sc. Ennio Stip\u010devi\u0107 te Ingrid Pavli\u010devi\u0107. Voditeljica projekta, urednica kataloga i koordinatorica je ravnateljica Dubrova\u010dkih muzeja Pavica Vila\u0107, koja je ujedno i kustosica izlo\u017ebe zajedno s voditeljicom Kulturno-povijesnog muzeja Marinom Filipovi\u0107.<\/p>\n<p>Postav izlo\u017ebe potpisuje studio Ra\u0161i\u0107+Vrabec, dok je za multimediju zaslu\u017ena tvrtka Novena.<\/p>\n<p>Izlo\u017ebu prati reprezentativni katalog na preko 300 stranica i prigodni strip \u201eIntervju s Orlandom\u201c, kao i \u0161iroka promotivno-edukativna kampanja usmjerena prema naj\u0161iroj publici te poseban set muzejskih suvenira inspiriranih Orlandom. U sklopu izlo\u017ebe bit \u0107e organizirana i besplatna vodstva za gra\u0111anstvo.<\/p>\n<p>Izlo\u017eba je realizirana pod pokroviteljstvom Grada Dubrovnika i uz potporu Ministarstva kulture Republike Hrvatske. Sponzori izlo\u017ebe su Turisti\u010dka zajednica grada Dubrovnika i Zra\u010dna luka Dubrovnik, dok su medijski pokrovitelji Dubrova\u010dka televizija,\u00a0 Soundset Ragusa, Dubrova\u010dki vjesnik, Dulist i DubrovnikNet.<\/p>\n<p>Izlo\u017eba ostaje otvorena do 4. sije\u010dnja 2020. godine.<\/p>\n<p><strong>VODITELJICA PROJEKTA<\/strong><\/p>\n<p>Pavica Vila\u0107<\/p>\n<p><strong>KONCEPCIJA IZLO\u017dBE<\/strong><\/p>\n<p>Vinicije B. Lupis<\/p>\n<p><strong>AUTORI TEKSTOVA, ODABIR GRA\u0110E<\/strong><\/p>\n<p>dr. sc. Zdenka Janekovi\u0107 R\u00f6mer<\/p>\n<p>dr. sc. Ilija Miti\u0107<\/p>\n<p>dr. sc. Vinicije B. Lupis<\/p>\n<p>akademik Igor Fiskovi\u0107<\/p>\n<p>Ingrid Pavli\u010devi\u0107<\/p>\n<p>dr. sc. Morana \u010cale<\/p>\n<p>dr. sc. Ennio Stip\u010devi\u0107<\/p>\n<p><strong>KOORDINACIJA<\/strong><\/p>\n<p>Pavica Vila\u0107<\/p>\n<p><strong>KUSTOSICE IZLO\u017dBE<\/strong><\/p>\n<p>Pavica Vila\u0107<\/p>\n<p>Marina Filipovi\u0107<\/p>\n<p><strong>VIZUALNI IDENTITET I POSTAV IZLO\u017dBE<\/strong><\/p>\n<p>Ra\u0161i\u0107+Vrabec<\/p>\n<p><strong>PEDAGO\u0160KI PROGRAM<\/strong><\/p>\n<p>Aleksandra Pite\u0161a<\/p>\n<p><strong>360 VIDEO I PROGRAMIRANJE MULTIMEDIJE<\/strong><\/p>\n<p>Novena d.o.o<\/p>\n<p><strong>POKROVITELJ<\/strong><\/p>\n<p>Grad Dubrovnik<\/p>\n<p><strong>MEDIJSKI POKROVITELJI<\/strong><\/p>\n<p>Dubrova\u010dka televizija<\/p>\n<p>Soundset Ragusa<\/p>\n<p>Dubrova\u010dki vjesnik<\/p>\n<p>DuList<\/p>\n<p>DubrovnikNet<\/p>\n<p><strong>SPONZORI<\/strong><\/p>\n<p>Turisti\u010dka zajednica grada Dubrovnika<\/p>\n<p>Zra\u010dna luka Dubrovnik<\/p>\n<p><strong>Izlo\u017eba i katalog realizirani su uz potporu Grada Dubrovnika i Ministarstva kulture Republike Hrvatske.<\/strong><\/p>\n<p>&nbsp;<\/p>\n<p>Izvor: <a href=\"http:\/\/www.dumus.hr\/hr\/kulturno-povijesni-muzej\/novosti\/orlando---simbol-slobode,249.html\">http:\/\/www.dumus.hr\/hr\/kulturno-povijesni-muzej\/novosti\/orlando&#8212;simbol-slobode,249.html<\/a><\/p>\n<p>&nbsp;<\/p>\n<p>&nbsp;<\/p>\n","protected":false},"excerpt":{"rendered":"","protected":false},"author":2,"featured_media":16334,"comment_status":"open","ping_status":"open","sticky":false,"template":"","format":"standard","meta":{"_acf_changed":false,"jetpack_post_was_ever_published":false,"_jetpack_newsletter_access":"","_jetpack_dont_email_post_to_subs":false,"_jetpack_newsletter_tier_id":0,"_jetpack_memberships_contains_paywalled_content":false,"_jetpack_memberships_contains_paid_content":false,"footnotes":"","jetpack_publicize_message":"","jetpack_publicize_feature_enabled":true,"jetpack_social_post_already_shared":true,"jetpack_social_options":{"image_generator_settings":{"template":"highway","default_image_id":0,"font":"","enabled":false},"version":2}},"categories":[10,3],"tags":[],"class_list":["post-16333","post","type-post","status-publish","format-standard","has-post-thumbnail","hentry","category-izlozbe","category-novosti"],"acf":{"facebook_opis":""},"jetpack_publicize_connections":[],"jetpack_featured_media_url":"https:\/\/i0.wp.com\/historiografija.hr\/wp-content\/uploads\/2019\/09\/Orlando.jpg?fit=440%2C350&ssl=1","jetpack_sharing_enabled":true,"jetpack-related-posts":[{"id":52511,"url":"https:\/\/historiografija.hr\/?p=52511","url_meta":{"origin":16333,"position":0},"title":"Izlo\u017eba &#8220;Lica Sljemena&#8221;","author":"Branimir Jankovi\u0107","date":"17. travnja 2026.","format":false,"excerpt":"Srda\u010dno vas pozivamo na otvorenje izlo\u017ebe Lica Sljemena koje \u0107e se odr\u017eati u srijedu 22. travnja 2026. u 18 h ispred Muzeja Prigorja (Trg Dragutina Domjani\u0107a 5, Sesvete). Izlo\u017eba proizlazi iz istra\u017eivanja Nevene \u0160krbi\u0107 Alempijevi\u0107, Petre Kelemen i Sanje Potkonjak te intervjua sa Sljemena\u0161icama i Sljemena\u0161ima, koji su provedeni u\u2026","rel":"","context":"U &quot;Izlo\u017ebe&quot;","block_context":{"text":"Izlo\u017ebe","link":"https:\/\/historiografija.hr\/?cat=10"},"img":{"alt_text":"","src":"https:\/\/i0.wp.com\/historiografija.hr\/wp-content\/uploads\/2026\/04\/Izlozba-Lica-Sljemena.png?fit=1080%2C686&ssl=1&resize=350%2C200","width":350,"height":200,"srcset":"https:\/\/i0.wp.com\/historiografija.hr\/wp-content\/uploads\/2026\/04\/Izlozba-Lica-Sljemena.png?fit=1080%2C686&ssl=1&resize=350%2C200 1x, https:\/\/i0.wp.com\/historiografija.hr\/wp-content\/uploads\/2026\/04\/Izlozba-Lica-Sljemena.png?fit=1080%2C686&ssl=1&resize=525%2C300 1.5x, https:\/\/i0.wp.com\/historiografija.hr\/wp-content\/uploads\/2026\/04\/Izlozba-Lica-Sljemena.png?fit=1080%2C686&ssl=1&resize=700%2C400 2x, https:\/\/i0.wp.com\/historiografija.hr\/wp-content\/uploads\/2026\/04\/Izlozba-Lica-Sljemena.png?fit=1080%2C686&ssl=1&resize=1050%2C600 3x"},"classes":[]},{"id":52760,"url":"https:\/\/historiografija.hr\/?p=52760","url_meta":{"origin":16333,"position":1},"title":"Izlo\u017eba \u201cLo\u0161injski brodovi, njihove zastave i ljudi\u201d, 4. svibnja u 19h","author":"Filip \u0160imunjak","date":"30. travnja 2026.","format":false,"excerpt":"Hrvatski pomorski muzej Split, Glagolja\u0161a 18 (Tvr\u0111ava Gripe) Nakon \u0161to je u rujnu 2025. godine na otoku Lo\u0161inju, u suradnji Lo\u0161injskog muzeja i Hrvatskog pomorskog muzeja Split, predstavljena izlo\u017eba posve\u0107ena bogatoj pomorskoj ba\u0161tini otoka, njezino pro\u0161ireno izdanje postavlja se u Splitu. Uo\u010di blagdana svetog Dujma splitskoj \u0107e se publici predstaviti\u2026","rel":"","context":"U &quot;Izlo\u017ebe&quot;","block_context":{"text":"Izlo\u017ebe","link":"https:\/\/historiografija.hr\/?cat=10"},"img":{"alt_text":"","src":"https:\/\/i0.wp.com\/historiografija.hr\/wp-content\/uploads\/2026\/04\/Losinjski-brodovi-Izlozba-1-scaled.webp?fit=840%2C1200&ssl=1&resize=350%2C200","width":350,"height":200,"srcset":"https:\/\/i0.wp.com\/historiografija.hr\/wp-content\/uploads\/2026\/04\/Losinjski-brodovi-Izlozba-1-scaled.webp?fit=840%2C1200&ssl=1&resize=350%2C200 1x, https:\/\/i0.wp.com\/historiografija.hr\/wp-content\/uploads\/2026\/04\/Losinjski-brodovi-Izlozba-1-scaled.webp?fit=840%2C1200&ssl=1&resize=525%2C300 1.5x, https:\/\/i0.wp.com\/historiografija.hr\/wp-content\/uploads\/2026\/04\/Losinjski-brodovi-Izlozba-1-scaled.webp?fit=840%2C1200&ssl=1&resize=700%2C400 2x"},"classes":[]},{"id":52575,"url":"https:\/\/historiografija.hr\/?p=52575","url_meta":{"origin":16333,"position":2},"title":"Izlo\u017eba dje\u010djih radova \u201cU po\u010detku bija\u0161e crte\u017e\u2026\u201d","author":"Branimir Jankovi\u0107","date":"21. travnja 2026.","format":false,"excerpt":"U subotu, 25. travnja 2026. u 11 sati u Galeriji Klovi\u0107evi dvori sve\u010dano otvaramo izlo\u017ebu dje\u010djih radova pod nazivom U po\u010detku bija\u0161e crte\u017e\u2026 Radovi su nastali u sklopu likovnih radionica uz izlo\u017ebu U po\u010detku bija\u0161e kraljevstvo \u2013 izlo\u017eba povodom 1100 godina Hrvatskoga Kraljevstva. Na brojnim likovnim radionicama, uz \u0161kolsku djecu,\u2026","rel":"","context":"U &quot;Izlo\u017ebe&quot;","block_context":{"text":"Izlo\u017ebe","link":"https:\/\/historiografija.hr\/?cat=10"},"img":{"alt_text":"","src":"https:\/\/i0.wp.com\/historiografija.hr\/wp-content\/uploads\/2025\/10\/Klovicevi_sluzbeni-plakat.png?fit=840%2C1200&ssl=1&resize=350%2C200","width":350,"height":200,"srcset":"https:\/\/i0.wp.com\/historiografija.hr\/wp-content\/uploads\/2025\/10\/Klovicevi_sluzbeni-plakat.png?fit=840%2C1200&ssl=1&resize=350%2C200 1x, https:\/\/i0.wp.com\/historiografija.hr\/wp-content\/uploads\/2025\/10\/Klovicevi_sluzbeni-plakat.png?fit=840%2C1200&ssl=1&resize=525%2C300 1.5x, https:\/\/i0.wp.com\/historiografija.hr\/wp-content\/uploads\/2025\/10\/Klovicevi_sluzbeni-plakat.png?fit=840%2C1200&ssl=1&resize=700%2C400 2x"},"classes":[]},{"id":52505,"url":"https:\/\/historiografija.hr\/?p=52505","url_meta":{"origin":16333,"position":3},"title":"Izlo\u017eba &#8220;Eschenstock \/ Jasenov prut&#8221;","author":"Branimir Jankovi\u0107","date":"17. travnja 2026.","format":false,"excerpt":"Srpsko narodno vije\u0107e (SNV) i Vizura aperta postavljaju izlo\u017ebu \u0161vicarskog slikara Velimira Ili\u0161evi\u0107a: Eschenstock \/ Jasenov prut. Izlo\u017eba se uz prisustvo autora otvara povodom 81. godi\u0161njice proboja logora\u0161a iz usta\u0161kog logora smrti Jasenovac 22. aprila 2026. u 19 sati u Srpskom kulturnom centru (SKC) u Preradovi\u0107evoj ulici 21 u Zagrebu.\u2026","rel":"","context":"U &quot;Izlo\u017ebe&quot;","block_context":{"text":"Izlo\u017ebe","link":"https:\/\/historiografija.hr\/?cat=10"},"img":{"alt_text":"","src":"https:\/\/i0.wp.com\/historiografija.hr\/wp-content\/uploads\/2026\/04\/Jasenov_prut.jpg?fit=1024%2C640&ssl=1&resize=350%2C200","width":350,"height":200,"srcset":"https:\/\/i0.wp.com\/historiografija.hr\/wp-content\/uploads\/2026\/04\/Jasenov_prut.jpg?fit=1024%2C640&ssl=1&resize=350%2C200 1x, https:\/\/i0.wp.com\/historiografija.hr\/wp-content\/uploads\/2026\/04\/Jasenov_prut.jpg?fit=1024%2C640&ssl=1&resize=525%2C300 1.5x, https:\/\/i0.wp.com\/historiografija.hr\/wp-content\/uploads\/2026\/04\/Jasenov_prut.jpg?fit=1024%2C640&ssl=1&resize=700%2C400 2x"},"classes":[]},{"id":52148,"url":"https:\/\/historiografija.hr\/?p=52148","url_meta":{"origin":16333,"position":4},"title":"Poziv za prijavu na me\u0111unarodnu znanstvenu konferenciju \u201eGranice (ne)slobode: Zadarski krug 1966. Intelektualna opozicija u totalitarnom dru\u0161tvu\u201c","author":"Branimir Jankovi\u0107","date":"27. o\u017eujka 2026.","format":false,"excerpt":"\u00a0\u00a0\u00a0\u00a0 Povodom \u0161ezdesete obljetnice poku\u0161aja osnivanja \u010dasopisa Slobodan glas u Zadru 1966. godine, pozivamo vas na znanstvenu konferenciju posve\u0107enu istra\u017eivanju disidentstva, intelektualne opozicije i granica divergentnog mi\u0161ljenja nasuprot slu\u017ebenoj ideologiji u komunisti\u010dkoj Jugoslaviji. Ideja konferencije je analizirati konkretan fenomen zadarskog slu\u010daja razloge i okolnosti njegove pojave, ali uz otvaranje komparativnih\u2026","rel":"","context":"U &quot;Novosti&quot;","block_context":{"text":"Novosti","link":"https:\/\/historiografija.hr\/?cat=3"},"img":{"alt_text":"","src":"https:\/\/i0.wp.com\/historiografija.hr\/wp-content\/uploads\/2026\/03\/Poziv-konferencija-Zadar.jpg?fit=1200%2C509&ssl=1&resize=350%2C200","width":350,"height":200,"srcset":"https:\/\/i0.wp.com\/historiografija.hr\/wp-content\/uploads\/2026\/03\/Poziv-konferencija-Zadar.jpg?fit=1200%2C509&ssl=1&resize=350%2C200 1x, https:\/\/i0.wp.com\/historiografija.hr\/wp-content\/uploads\/2026\/03\/Poziv-konferencija-Zadar.jpg?fit=1200%2C509&ssl=1&resize=525%2C300 1.5x, https:\/\/i0.wp.com\/historiografija.hr\/wp-content\/uploads\/2026\/03\/Poziv-konferencija-Zadar.jpg?fit=1200%2C509&ssl=1&resize=700%2C400 2x, https:\/\/i0.wp.com\/historiografija.hr\/wp-content\/uploads\/2026\/03\/Poziv-konferencija-Zadar.jpg?fit=1200%2C509&ssl=1&resize=1050%2C600 3x"},"classes":[]},{"id":52666,"url":"https:\/\/historiografija.hr\/?p=52666","url_meta":{"origin":16333,"position":5},"title":"Najava programa Festivala povijesti Kliofest (5-8. V. 2026)","author":"Branimir Jankovi\u0107","date":"24. travnja 2026.","format":false,"excerpt":"Po trinaesti put odr\u017eava se Festival povijesti Kliofest! Do petka \u0107emo odr\u017eati osam okruglih stolova i dva kolokvija te niz predstavljanja knjiga i projekata razli\u010dite tematike, od antike do suvremenosti. Bit \u0107e predstavljeno i nekoliko izlo\u017ebi te odr\u017ean jedan povijesni kviz. Prikazat \u0107emo i jedan film \u2013 o generalu Boroevi\u0107u.\u2026","rel":"","context":"U &quot;Novosti&quot;","block_context":{"text":"Novosti","link":"https:\/\/historiografija.hr\/?cat=3"},"img":{"alt_text":"","src":"https:\/\/i0.wp.com\/historiografija.hr\/wp-content\/uploads\/2026\/04\/Kliofest-2026.jpg?fit=526%2C526&ssl=1&resize=350%2C200","width":350,"height":200,"srcset":"https:\/\/i0.wp.com\/historiografija.hr\/wp-content\/uploads\/2026\/04\/Kliofest-2026.jpg?fit=526%2C526&ssl=1&resize=350%2C200 1x, https:\/\/i0.wp.com\/historiografija.hr\/wp-content\/uploads\/2026\/04\/Kliofest-2026.jpg?fit=526%2C526&ssl=1&resize=525%2C300 1.5x"},"classes":[]}],"_links":{"self":[{"href":"https:\/\/historiografija.hr\/index.php?rest_route=\/wp\/v2\/posts\/16333","targetHints":{"allow":["GET"]}}],"collection":[{"href":"https:\/\/historiografija.hr\/index.php?rest_route=\/wp\/v2\/posts"}],"about":[{"href":"https:\/\/historiografija.hr\/index.php?rest_route=\/wp\/v2\/types\/post"}],"author":[{"embeddable":true,"href":"https:\/\/historiografija.hr\/index.php?rest_route=\/wp\/v2\/users\/2"}],"replies":[{"embeddable":true,"href":"https:\/\/historiografija.hr\/index.php?rest_route=%2Fwp%2Fv2%2Fcomments&post=16333"}],"version-history":[{"count":1,"href":"https:\/\/historiografija.hr\/index.php?rest_route=\/wp\/v2\/posts\/16333\/revisions"}],"predecessor-version":[{"id":16335,"href":"https:\/\/historiografija.hr\/index.php?rest_route=\/wp\/v2\/posts\/16333\/revisions\/16335"}],"wp:featuredmedia":[{"embeddable":true,"href":"https:\/\/historiografija.hr\/index.php?rest_route=\/wp\/v2\/media\/16334"}],"wp:attachment":[{"href":"https:\/\/historiografija.hr\/index.php?rest_route=%2Fwp%2Fv2%2Fmedia&parent=16333"}],"wp:term":[{"taxonomy":"category","embeddable":true,"href":"https:\/\/historiografija.hr\/index.php?rest_route=%2Fwp%2Fv2%2Fcategories&post=16333"},{"taxonomy":"post_tag","embeddable":true,"href":"https:\/\/historiografija.hr\/index.php?rest_route=%2Fwp%2Fv2%2Ftags&post=16333"}],"curies":[{"name":"wp","href":"https:\/\/api.w.org\/{rel}","templated":true}]}}