{"id":16307,"date":"2019-09-13T08:10:52","date_gmt":"2019-09-13T08:10:52","guid":{"rendered":"http:\/\/historiografija.hr\/?p=16307"},"modified":"2019-09-26T10:27:37","modified_gmt":"2019-09-26T10:27:37","slug":"brojne-reakcije-na-isticanje-zastave-kraljevine-italije-na-guvernerovoj-palaci-u-rijeci-i-otkrivanje-spomenika-gabrieleu-dannunziju-u-trstu","status":"publish","type":"post","link":"https:\/\/historiografija.hr\/?p=16307","title":{"rendered":"Brojne reakcije na isticanje zastave Kraljevine Italije na Guvernerovoj pala\u010di u Rijeci i otkrivanje spomenika Gabrieleu D&#8217;Annunziju u Trstu"},"content":{"rendered":"<p>Na ogradi Guvernerove pala\u010de u Rijeci (koja je bila rezidencija Gabrielea D&#8217;Annunzija nakon zauzimanja Rijeke 1919.) u \u010detvrtak, 12. rujna 2019. izvje\u0161ena je povijesna zastava Kraljevine Italiije koju je policija uklonila, a zatim privela nekoliko osoba i odbila petorici talijanskih dr\u017eavljana ulazak u Hrvatsku. Isticanje zastave Kraljevine Italije u Rijeci i otkrivanje spomenika Gabrieleu D&#8217;Annunziju u Trstu izazvalo je brojne reakcije u Hrvatskoj. Ministarstvo vanjskih i europskih poslova poslalo je notu, reagirala je i predsjednica Kolinda Grabar-Kitarovi\u0107, a na incident se osvrnuo i premijer Andrej Plenkovi\u0107. Priop\u0107enjem je reagirala i Documenta \u2013 Centar za suo\u010davanje s pro\u0161lo\u0161\u0107u. Istog dana u Pomorskom i povijesnom muzeju Hrvatskog primorja u Rijeci \u2013 koji se nalazi u Guvernerovoj pala\u010di \u2013 otvorena je izlo\u017eba \u201eD&#8217;Annunzijeva mu\u010denica\u201c. Sve se doga\u0111alo to\u010dno na stotu godi\u0161njicu D&#8217;Annunzijeva zauzimanja Rijeke 1919. godine.<\/p>\n<p>&nbsp;<\/p>\n<p>Izvor:<\/p>\n<p><a href=\"https:\/\/www.hina.hr\/vijest\/10162619\">https:\/\/www.hina.hr\/vijest\/10162619<\/a><\/p>\n<p>&nbsp;<\/p>\n<p><strong>Iz medija:<\/strong><\/p>\n<p>&nbsp;<\/p>\n<p><a href=\"https:\/\/www.jutarnji.hr\/vijesti\/hrvatska\/veliki-incident-u-rijeci-na-stotoj-obljetnici-okupacije-na-guvernerovoj-palaci-zavijorila-se-zastava-kraljevine-italije\/9347477\/\">https:\/\/www.jutarnji.hr\/vijesti\/hrvatska\/veliki-incident-u-rijeci-na-stotoj-obljetnici-okupacije-na-guvernerovoj-palaci-zavijorila-se-zastava-kraljevine-italije\/9347477\/<\/a><\/p>\n<p>&nbsp;<\/p>\n<p><a href=\"https:\/\/www.jutarnji.hr\/vijesti\/crna-kronika\/foto-policija-zatekla-dvojicu-mladica-s-talijanskom-zastavom-i-privela-ih-ovo-je-letak-koji-su-talijani-jutros-ostavljali-po-ulicama\/9348422\/\">https:\/\/www.jutarnji.hr\/vijesti\/crna-kronika\/foto-policija-zatekla-dvojicu-mladica-s-talijanskom-zastavom-i-privela-ih-ovo-je-letak-koji-su-talijani-jutros-ostavljali-po-ulicama\/9348422\/<\/a><\/p>\n<p>&nbsp;<\/p>\n<p><a href=\"https:\/\/www.jutarnji.hr\/vijesti\/hrvatska\/detalji-pokusaja-invazije-talijanskih-neofasista-na-100-godisnjicu-okupacije-rijeke-nase-vlasti-im-blokirale-3-aviona-2-su-uspjela-sletjeti-na-krk\/9350306\/\">https:\/\/www.jutarnji.hr\/vijesti\/hrvatska\/detalji-pokusaja-invazije-talijanskih-neofasista-na-100-godisnjicu-okupacije-rijeke-nase-vlasti-im-blokirale-3-aviona-2-su-uspjela-sletjeti-na-krk\/9350306\/<\/a><\/p>\n<p>&nbsp;<\/p>\n<p><a href=\"https:\/\/www.jutarnji.hr\/vijesti\/hrvatska\/u-trstu-otkriven-kip-pretece-fasistickog-pokreta-u-italiji-koji-je-okupirao-rijeku-projekt-su-podrzale-gradske-vlasti-na-svecanosti-i-crnokosuljasi\/9348521\/\">https:\/\/www.jutarnji.hr\/vijesti\/hrvatska\/u-trstu-otkriven-kip-pretece-fasistickog-pokreta-u-italiji-koji-je-okupirao-rijeku-projekt-su-podrzale-gradske-vlasti-na-svecanosti-i-crnokosuljasi\/9348521\/<\/a><\/p>\n<p>&nbsp;<\/p>\n<p><a href=\"https:\/\/www.jutarnji.hr\/vijesti\/hrvatska\/predsjednica-rijeka-je-bila-i-ostaje-ponosni-dio-hrvatske-a-podizanje-spomenika-u-trstu-kojim-se-velica-iredentizam-i-okupacija-su-neprihvatljivi\/9348608\/\">https:\/\/www.jutarnji.hr\/vijesti\/hrvatska\/predsjednica-rijeka-je-bila-i-ostaje-ponosni-dio-hrvatske-a-podizanje-spomenika-u-trstu-kojim-se-velica-iredentizam-i-okupacija-su-neprihvatljivi\/9348608\/<\/a><\/p>\n<p>&nbsp;<\/p>\n<p><a href=\"https:\/\/www.jutarnji.hr\/vijesti\/hrvatska\/plenkovic-o-incidentu-u-rijeci-provokacije-ovdje-ne-prolaze-sve-vidimo-sve-lovimo\/9350468\/\">https:\/\/www.jutarnji.hr\/vijesti\/hrvatska\/plenkovic-o-incidentu-u-rijeci-provokacije-ovdje-ne-prolaze-sve-vidimo-sve-lovimo\/9350468\/<\/a><\/p>\n<p>&nbsp;<\/p>\n<p><a href=\"https:\/\/www.jutarnji.hr\/vijesti\/hrvatska\/grlic-radman-talijanski-veleposlanik-se-na-neki-nacin-ispricao-pupovac-zacudile-su-me-njegove-izjave-jace-se-trebao-ograditi-od-svojih-istupa\/9349895\/\">https:\/\/www.jutarnji.hr\/vijesti\/hrvatska\/grlic-radman-talijanski-veleposlanik-se-na-neki-nacin-ispricao-pupovac-zacudile-su-me-njegove-izjave-jace-se-trebao-ograditi-od-svojih-istupa\/9349895\/<\/a><\/p>\n<p>&nbsp;<\/p>\n<p><a href=\"https:\/\/www.jutarnji.hr\/vijesti\/hrvatska\/otvorena-izlozba-dannunzijeva-mucenica\/9350936\/\">https:\/\/www.jutarnji.hr\/vijesti\/hrvatska\/otvorena-izlozba-dannunzijeva-mucenica\/9350936\/<\/a><\/p>\n<p>&nbsp;<\/p>\n<p>&#8212;<\/p>\n<p>&nbsp;<\/p>\n<p><strong><em>Documenta \u2013 Centar za suo\u010davanje s pro\u0161lo\u0161\u0107u<\/em><\/strong><\/p>\n<p>&nbsp;<\/p>\n<p>Priop\u0107enje povodom stogodi\u0161njice D&#8217;Annunzijevog zauzimanja Rijeke 1919. godine i no\u0107a\u0161njeg postavljanja zastave Kraljevine Italije na Guvernerovoj pala\u010di u Rijeci<\/p>\n<p>&nbsp;<\/p>\n<p><a href=\"https:\/\/www.documenta.hr\/hr\/priop%C4%87enje-povodom-stogodi%C5%A1njice-dannunzijevog-zauzimanja-rijeke-1919.-godine-i-no%C4%87a%C5%A1njeg-postavljanja-zastave-kraljevine-italije-na-guvernerovoj-pala%C4%8Di-u-rijeci.html\">https:\/\/www.documenta.hr\/hr\/priop%C4%87enje-povodom-stogodi%C5%A1njice-dannunzijevog-zauzimanja-rijeke-1919.-godine-i-no%C4%87a%C5%A1njeg-postavljanja-zastave-kraljevine-italije-na-guvernerovoj-pala%C4%8Di-u-rijeci.html<\/a><\/p>\n<p>&nbsp;<\/p>\n<p>&#8212;<\/p>\n<p>&nbsp;<\/p>\n<p><strong>Drugi komentari:<\/strong><\/p>\n<p>&nbsp;<\/p>\n<p><a href=\"http:\/\/hr.n1info.com\/Vijesti\/a443542\/Jakovina-Spomenik-D-Annunziju-nije-samo-rijecki-problem-nego-hrvatski.html\">http:\/\/hr.n1info.com\/Vijesti\/a443542\/Jakovina-Spomenik-D-Annunziju-nije-samo-rijecki-problem-nego-hrvatski.html<\/a><\/p>\n<p><span style=\"color: #000000; font-family: Calibri; font-size: medium;\">\u00a0<\/span><\/p>\n<p><a href=\"https:\/\/www.vecernji.hr\/premium\/moze-li-kip-pokvariti-odnose-dvaju-susjeda-1344909\">https:\/\/www.vecernji.hr\/premium\/moze-li-kip-pokvariti-odnose-dvaju-susjeda-1344909<\/a><\/p>\n<p><span style=\"color: #000000; font-family: Calibri; font-size: medium;\">\u00a0<\/span><\/p>\n<p><a href=\"https:\/\/www.telegram.hr\/price\/zemlja-u-kojoj-postoje-ulice-mile-budaka-nema-se-pravo-buniti-zbog-spomenika-talijanskom-pjesniku\/\">https:\/\/www.telegram.hr\/price\/zemlja-u-kojoj-postoje-ulice-mile-budaka-nema-se-pravo-buniti-zbog-spomenika-talijanskom-pjesniku\/<\/a><\/p>\n<p>&nbsp;<\/p>\n<p><a href=\"https:\/\/vijesti.hrt.hr\/542455\/jakovina-o-incidentu-u-rijeci-nije-pretjerano-puhati-na-takve-stvari\">https:\/\/vijesti.hrt.hr\/542455\/jakovina-o-incidentu-u-rijeci-nije-pretjerano-puhati-na-takve-stvari<\/a><\/p>\n<p>&nbsp;<\/p>\n<p><a href=\"http:\/\/novilist.hr\/Vijesti\/Rijeka\/IVO-GOLDSTEIN-Neofasisti-su-u-Rijeci-pripremali-nerede\">http:\/\/novilist.hr\/Vijesti\/Rijeka\/IVO-GOLDSTEIN-Neofasisti-su-u-Rijeci-pripremali-nerede<\/a><\/p>\n<p>&nbsp;<\/p>\n<p><a href=\"http:\/\/novilist.hr\/Vijesti\/Rijeka\/Terorist-sa-stihovima-u-dzepu-Znate-li-tko-je-uopce-bio-Gabriele-D-Annunzio-i-zasto-ga-slave-fasisti\">http:\/\/novilist.hr\/Vijesti\/Rijeka\/Terorist-sa-stihovima-u-dzepu-Znate-li-tko-je-uopce-bio-Gabriele-D-Annunzio-i-zasto-ga-slave-fasisti<\/a><\/p>\n<p>&nbsp;<\/p>\n<p><a href=\"http:\/\/novilist.hr\/Vijesti\/Hrvatska\/Nikolina-Radic-Stivic-Incident-ispred-Guvernerove-palace-pokazuje-da-su-devijacije-i-vece-nego-mislimo\">http:\/\/novilist.hr\/Vijesti\/Hrvatska\/Nikolina-Radic-Stivic-Incident-ispred-Guvernerove-palace-pokazuje-da-su-devijacije-i-vece-nego-mislimo<\/a><\/p>\n<p>&nbsp;<\/p>\n<p><a href=\"https:\/\/www.tportal.hr\/vijesti\/clanak\/iredentisti-koji-zele-da-zapadna-hercegovina-bude-dio-hrvatske-su-nam-ok-a-skace-se-na-provokaciju-u-rijeci-d-annunzio-je-prvo-seksist-i-nacionalist-foto-20190913\">https:\/\/www.tportal.hr\/vijesti\/clanak\/iredentisti-koji-zele-da-zapadna-hercegovina-bude-dio-hrvatske-su-nam-ok-a-skace-se-na-provokaciju-u-rijeci-d-annunzio-je-prvo-seksist-i-nacionalist-foto-20190913<\/a><\/p>\n<p>&nbsp;<\/p>\n<p><a href=\"https:\/\/www.vecernji.hr\/vijesti\/slaviti-d-annunzija-znaci-slaviti-sovinizam-nacionalizam-imperijalizam-1344862\">https:\/\/www.vecernji.hr\/vijesti\/slaviti-d-annunzija-znaci-slaviti-sovinizam-nacionalizam-imperijalizam-1344862<\/a><\/p>\n<p>&nbsp;<\/p>\n<p><a href=\"https:\/\/www.index.hr\/vijesti\/clanak\/hrvatskoj-jako-smeta-fasizam-ali-samo-onaj-talijanski-domaci-je-u-redu\/2116077.aspx\">https:\/\/www.index.hr\/vijesti\/clanak\/hrvatskoj-jako-smeta-fasizam-ali-samo-onaj-talijanski-domaci-je-u-redu\/2116077.aspx<\/a><\/p>\n<p>&nbsp;<\/p>\n<p><a href=\"https:\/\/www.portalnovosti.com\/fasisticke-danuncijacije\">https:\/\/www.portalnovosti.com\/fasisticke-danuncijacije<\/a><\/p>\n<p>&nbsp;<\/p>\n<p><span style=\"color: #000000; font-family: Calibri; font-size: medium;\"><a href=\"https:\/\/net.hr\/danas\/hrvatska\/seks-droga-i-fasizam-tko-je-tip-koji-je-od-rijeke-probao-stvoriti-komunu-orgija-pijanki-i-mucenja-njegovi-sljedbenici-pokrenuli-su-suludi-desant\/\">https:\/\/net.hr\/danas\/hrvatska\/seks-droga-i-fasizam-tko-je-tip-koji-je-od-rijeke-probao-stvoriti-komunu-orgija-pijanki-i-mucenja-njegovi-sljedbenici-pokrenuli-su-suludi-desant\/<\/a><\/span><\/p>\n<p>&nbsp;<\/p>\n<p>&nbsp;<\/p>\n<p>&#8212;<\/p>\n<p>&nbsp;<\/p>\n<p><strong>Otvoreno pismo mladih iz Trsta gra\u0111anima Rijeke<\/strong><\/p>\n<p><a href=\"https:\/\/historiografija.hr\/?p=16345\">https:\/\/historiografija.hr\/?p=16345<\/a><\/p>\n<p>&nbsp;<\/p>\n<p>&nbsp;<\/p>\n","protected":false},"excerpt":{"rendered":"","protected":false},"author":2,"featured_media":16308,"comment_status":"open","ping_status":"open","sticky":false,"template":"","format":"standard","meta":{"_acf_changed":false,"jetpack_post_was_ever_published":false,"_jetpack_newsletter_access":"","_jetpack_dont_email_post_to_subs":false,"_jetpack_newsletter_tier_id":0,"_jetpack_memberships_contains_paywalled_content":false,"_jetpack_memberships_contains_paid_content":false,"footnotes":"","jetpack_publicize_message":"","jetpack_publicize_feature_enabled":true,"jetpack_social_post_already_shared":true,"jetpack_social_options":{"image_generator_settings":{"template":"highway","default_image_id":0,"font":"","enabled":false},"version":2}},"categories":[3,17],"tags":[],"class_list":["post-16307","post","type-post","status-publish","format-standard","has-post-thumbnail","hentry","category-novosti","category-rasprave"],"acf":{"facebook_opis":""},"jetpack_publicize_connections":[],"jetpack_featured_media_url":"https:\/\/i0.wp.com\/historiografija.hr\/wp-content\/uploads\/2019\/09\/Guvernerova-palaca.jpg?fit=800%2C479&ssl=1","jetpack_sharing_enabled":true,"jetpack-related-posts":[{"id":52148,"url":"https:\/\/historiografija.hr\/?p=52148","url_meta":{"origin":16307,"position":0},"title":"Poziv za prijavu na me\u0111unarodnu znanstvenu konferenciju \u201eGranice (ne)slobode: Zadarski krug 1966. Intelektualna opozicija u totalitarnom dru\u0161tvu\u201c","author":"Branimir Jankovi\u0107","date":"27. o\u017eujka 2026.","format":false,"excerpt":"\u00a0\u00a0\u00a0\u00a0 Povodom \u0161ezdesete obljetnice poku\u0161aja osnivanja \u010dasopisa Slobodan glas u Zadru 1966. godine, pozivamo vas na znanstvenu konferenciju posve\u0107enu istra\u017eivanju disidentstva, intelektualne opozicije i granica divergentnog mi\u0161ljenja nasuprot slu\u017ebenoj ideologiji u komunisti\u010dkoj Jugoslaviji. Ideja konferencije je analizirati konkretan fenomen zadarskog slu\u010daja razloge i okolnosti njegove pojave, ali uz otvaranje komparativnih\u2026","rel":"","context":"U &quot;Novosti&quot;","block_context":{"text":"Novosti","link":"https:\/\/historiografija.hr\/?cat=3"},"img":{"alt_text":"","src":"https:\/\/i0.wp.com\/historiografija.hr\/wp-content\/uploads\/2026\/03\/Poziv-konferencija-Zadar.jpg?fit=1200%2C509&ssl=1&resize=350%2C200","width":350,"height":200,"srcset":"https:\/\/i0.wp.com\/historiografija.hr\/wp-content\/uploads\/2026\/03\/Poziv-konferencija-Zadar.jpg?fit=1200%2C509&ssl=1&resize=350%2C200 1x, https:\/\/i0.wp.com\/historiografija.hr\/wp-content\/uploads\/2026\/03\/Poziv-konferencija-Zadar.jpg?fit=1200%2C509&ssl=1&resize=525%2C300 1.5x, https:\/\/i0.wp.com\/historiografija.hr\/wp-content\/uploads\/2026\/03\/Poziv-konferencija-Zadar.jpg?fit=1200%2C509&ssl=1&resize=700%2C400 2x, https:\/\/i0.wp.com\/historiografija.hr\/wp-content\/uploads\/2026\/03\/Poziv-konferencija-Zadar.jpg?fit=1200%2C509&ssl=1&resize=1050%2C600 3x"},"classes":[]},{"id":52592,"url":"https:\/\/historiografija.hr\/?p=52592","url_meta":{"origin":16307,"position":1},"title":"Predstavljanje knjige &#8220;Turska ku\u0107a u Rijeci&#8221; u Zagrebu","author":"Branimir Jankovi\u0107","date":"22. travnja 2026.","format":false,"excerpt":"U prostorijama Turskog kulturnog centra Yunus Emre u Zagrebu, u utorak 21. travnja 2026. godine, odr\u017eano je sve\u010dano predstavljanje dopunjenog izdanja knjige Turska ku\u0107a u Rijeci, u organizaciji Hrvatsko-turskog dru\u0161tva Rijeka i partnerstvu sa Skupinom prijateljstva Hrvatska-Turska Hrvatskog sabora, Veleposlanstvom Republike Turske u Republici Hrvatskoj te Turskim kulturnim centrom Yunus\u2026","rel":"","context":"U &quot;Novosti&quot;","block_context":{"text":"Novosti","link":"https:\/\/historiografija.hr\/?cat=3"},"img":{"alt_text":"","src":"https:\/\/i0.wp.com\/historiografija.hr\/wp-content\/uploads\/2026\/04\/Turska-kuca-ZG.jpg?fit=1200%2C800&ssl=1&resize=350%2C200","width":350,"height":200,"srcset":"https:\/\/i0.wp.com\/historiografija.hr\/wp-content\/uploads\/2026\/04\/Turska-kuca-ZG.jpg?fit=1200%2C800&ssl=1&resize=350%2C200 1x, https:\/\/i0.wp.com\/historiografija.hr\/wp-content\/uploads\/2026\/04\/Turska-kuca-ZG.jpg?fit=1200%2C800&ssl=1&resize=525%2C300 1.5x, https:\/\/i0.wp.com\/historiografija.hr\/wp-content\/uploads\/2026\/04\/Turska-kuca-ZG.jpg?fit=1200%2C800&ssl=1&resize=700%2C400 2x, https:\/\/i0.wp.com\/historiografija.hr\/wp-content\/uploads\/2026\/04\/Turska-kuca-ZG.jpg?fit=1200%2C800&ssl=1&resize=1050%2C600 3x"},"classes":[]},{"id":52628,"url":"https:\/\/historiografija.hr\/?p=52628","url_meta":{"origin":16307,"position":2},"title":"Predavanje dopisnog \u010dlana HAZU Alaina Finkielkrauta Izrael, Europa, antisemitizam","author":"Branimir Jankovi\u0107","date":"23. travnja 2026.","format":false,"excerpt":"Francuski filozof Alain Finkielkraut, redoviti \u010dlan Francuske akademije i dopisni \u010dlan HAZU, odr\u017eat \u0107e predavanje\u00a0Izrael, Europa, antisemitizam u utorak 28. travnja 2026. u 13 sati u Knji\u017enici HAZU,\u00a0Strossmayerov trg 14 u Zagrebu. Uvodne rije\u010di odr\u017eat \u0107e\u00a0akademkinja \u017deljka \u010corak i\u00a0akademik Dra\u017een Katunari\u0107. Predavanje \u0107e se odr\u017eati na francuskom jeziku uz konsekutivno\u2026","rel":"","context":"U &quot;Novosti&quot;","block_context":{"text":"Novosti","link":"https:\/\/historiografija.hr\/?cat=3"},"img":{"alt_text":"","src":"https:\/\/i0.wp.com\/historiografija.hr\/wp-content\/uploads\/2026\/04\/Alain_Finkielkraut.jpg?fit=350%2C407&ssl=1&resize=350%2C200","width":350,"height":200},"classes":[]},{"id":52660,"url":"https:\/\/historiografija.hr\/?p=52660","url_meta":{"origin":16307,"position":3},"title":"Medijski odjeci \u010dlanka Steve \u0110ura\u0161kovi\u0107a \u201e\u017dupanovljeva ne\u017eeljena djeca: ideolo\u0161ko pribli\u017eavanje neoliberala i kr\u0161\u0107anske radikalne desnice u Hrvatskoj\u201c","author":"Branimir Jankovi\u0107","date":"24. travnja 2026.","format":false,"excerpt":"U sklopu projekta \u201eIzazovi intelektualne povijesti: recepcije, preobrazbe i upotrebe politi\u010dkih ideja\u201c objavljen je polemi\u010dki \u010dlanak Steve \u0110ura\u0161kovi\u0107a \u201e\u017dupanovljeva ne\u017eeljena djeca: ideolo\u0161ko pribli\u017eavanje neoliberala i kr\u0161\u0107anske radikalne desnice u Hrvatskoj\u201c, koji je izazvao odre\u0111ene medijske reakcije. Stevo \u0110ura\u0161kovi\u0107 \u017dupanovljeva ne\u017eeljena djeca: ideolo\u0161ko pribli\u017eavanje neoliberala i kr\u0161\u0107anske radikalne desnice u Hrvatskoj\u2026","rel":"","context":"U &quot;Novosti&quot;","block_context":{"text":"Novosti","link":"https:\/\/historiografija.hr\/?cat=3"},"img":{"alt_text":"","src":"https:\/\/i0.wp.com\/historiografija.hr\/wp-content\/uploads\/2026\/04\/SD.png?fit=809%2C821&ssl=1&resize=350%2C200","width":350,"height":200,"srcset":"https:\/\/i0.wp.com\/historiografija.hr\/wp-content\/uploads\/2026\/04\/SD.png?fit=809%2C821&ssl=1&resize=350%2C200 1x, https:\/\/i0.wp.com\/historiografija.hr\/wp-content\/uploads\/2026\/04\/SD.png?fit=809%2C821&ssl=1&resize=525%2C300 1.5x, https:\/\/i0.wp.com\/historiografija.hr\/wp-content\/uploads\/2026\/04\/SD.png?fit=809%2C821&ssl=1&resize=700%2C400 2x"},"classes":[]},{"id":52439,"url":"https:\/\/historiografija.hr\/?p=52439","url_meta":{"origin":16307,"position":4},"title":"Tribina &#8220;Ahmi\u0107i 33 godine kasnije: Ne u na\u0161e ime&#8221;","author":"Branimir Jankovi\u0107","date":"16. travnja 2026.","format":false,"excerpt":"U \u010detvrtak, 16. travnja 2026. u 17 sati u Knji\u017enici i \u010ditaonici Bogdana Ogrizovi\u0107a u Zagrebu odr\u017eat \u0107e se tribina pod nazivom Ahmi\u0107i 33 godine kasnije: Ne u na\u0161e ime. Na tribini \u0107e govoriti Ivica \u0110iki\u0107, novinar, Mubera Masli\u0107 \u2013 \u017ddralovi\u0107, aktivistikinja, prevoditeljica za arapski, Domagoj Fuk, student politologije, \u010dlan\u2026","rel":"","context":"U &quot;Novosti&quot;","block_context":{"text":"Novosti","link":"https:\/\/historiografija.hr\/?cat=3"},"img":{"alt_text":"","src":"https:\/\/i0.wp.com\/historiografija.hr\/wp-content\/uploads\/2026\/04\/Zagreb_2026.jpeg?fit=1200%2C900&ssl=1&resize=350%2C200","width":350,"height":200,"srcset":"https:\/\/i0.wp.com\/historiografija.hr\/wp-content\/uploads\/2026\/04\/Zagreb_2026.jpeg?fit=1200%2C900&ssl=1&resize=350%2C200 1x, https:\/\/i0.wp.com\/historiografija.hr\/wp-content\/uploads\/2026\/04\/Zagreb_2026.jpeg?fit=1200%2C900&ssl=1&resize=525%2C300 1.5x, https:\/\/i0.wp.com\/historiografija.hr\/wp-content\/uploads\/2026\/04\/Zagreb_2026.jpeg?fit=1200%2C900&ssl=1&resize=700%2C400 2x, https:\/\/i0.wp.com\/historiografija.hr\/wp-content\/uploads\/2026\/04\/Zagreb_2026.jpeg?fit=1200%2C900&ssl=1&resize=1050%2C600 3x"},"classes":[]},{"id":52607,"url":"https:\/\/historiografija.hr\/?p=52607","url_meta":{"origin":16307,"position":5},"title":"No\u0107 knjige: Kako je prije 410 godina smr\u0107u Shakespearea i Cervantesa zavr\u0161ilo razdoblje renesanse u knji\u017eevnosti","author":"Branimir Jankovi\u0107","date":"22. travnja 2026.","format":false,"excerpt":"\u010cetvrtak, 23. travnja 2026. u 18:00 sati, Knji\u017eara Matice hrvatske, Ulica Matice hrvatske 2, Zagreb Uvodna rije\u010d: dr. sc.\u00a0Dubravka Brezak Stama\u0107, pro\u010delnica Odjela za knji\u017eevnost Matice hrvatske Prof. dr. sc. Ivan Lupi\u0107, redoviti profesor u Odsjeku za anglistiku i Odsjeku za kroatistiku Sveu\u010dili\u0161ta u RijeciShakespeare, kazali\u0161te, glazbaKada se susre\u0107emo sa\u2026","rel":"","context":"U &quot;Novosti&quot;","block_context":{"text":"Novosti","link":"https:\/\/historiografija.hr\/?cat=3"},"img":{"alt_text":"","src":"https:\/\/i0.wp.com\/historiografija.hr\/wp-content\/uploads\/2026\/04\/noc_knjige_2026.jpg?fit=680%2C276&ssl=1&resize=350%2C200","width":350,"height":200,"srcset":"https:\/\/i0.wp.com\/historiografija.hr\/wp-content\/uploads\/2026\/04\/noc_knjige_2026.jpg?fit=680%2C276&ssl=1&resize=350%2C200 1x, https:\/\/i0.wp.com\/historiografija.hr\/wp-content\/uploads\/2026\/04\/noc_knjige_2026.jpg?fit=680%2C276&ssl=1&resize=525%2C300 1.5x"},"classes":[]}],"_links":{"self":[{"href":"https:\/\/historiografija.hr\/index.php?rest_route=\/wp\/v2\/posts\/16307","targetHints":{"allow":["GET"]}}],"collection":[{"href":"https:\/\/historiografija.hr\/index.php?rest_route=\/wp\/v2\/posts"}],"about":[{"href":"https:\/\/historiografija.hr\/index.php?rest_route=\/wp\/v2\/types\/post"}],"author":[{"embeddable":true,"href":"https:\/\/historiografija.hr\/index.php?rest_route=\/wp\/v2\/users\/2"}],"replies":[{"embeddable":true,"href":"https:\/\/historiografija.hr\/index.php?rest_route=%2Fwp%2Fv2%2Fcomments&post=16307"}],"version-history":[{"count":10,"href":"https:\/\/historiografija.hr\/index.php?rest_route=\/wp\/v2\/posts\/16307\/revisions"}],"predecessor-version":[{"id":16497,"href":"https:\/\/historiografija.hr\/index.php?rest_route=\/wp\/v2\/posts\/16307\/revisions\/16497"}],"wp:featuredmedia":[{"embeddable":true,"href":"https:\/\/historiografija.hr\/index.php?rest_route=\/wp\/v2\/media\/16308"}],"wp:attachment":[{"href":"https:\/\/historiografija.hr\/index.php?rest_route=%2Fwp%2Fv2%2Fmedia&parent=16307"}],"wp:term":[{"taxonomy":"category","embeddable":true,"href":"https:\/\/historiografija.hr\/index.php?rest_route=%2Fwp%2Fv2%2Fcategories&post=16307"},{"taxonomy":"post_tag","embeddable":true,"href":"https:\/\/historiografija.hr\/index.php?rest_route=%2Fwp%2Fv2%2Ftags&post=16307"}],"curies":[{"name":"wp","href":"https:\/\/api.w.org\/{rel}","templated":true}]}}