{"id":16285,"date":"2019-09-11T15:37:40","date_gmt":"2019-09-11T15:37:40","guid":{"rendered":"http:\/\/historiografija.hr\/?p=16285"},"modified":"2019-09-11T15:54:04","modified_gmt":"2019-09-11T15:54:04","slug":"dannunzio-i-rijeka-dvije-izlozbe-dva-suprotstavljena-pogleda","status":"publish","type":"post","link":"https:\/\/historiografija.hr\/?p=16285","title":{"rendered":"D&#8217;Annunzio i Rijeka &#8211; dvije izlo\u017ebe, dva suprotstavljena pogleda"},"content":{"rendered":"<p>U Pomorskom i povijesnom muzeju Hrvatskog primorja u Rijeci otvara se 12. rujna 2019. izlo\u017eba &#8216;D&#8217;Annunzijeva mu\u010denica &#8211; L&#8217;olocausta di D&#8217;Annunzio&#8217;, dok je u Trstu u tijeku izlo\u017eba \u201cDisobbedisco. La Rivoluzione di d\u2019Annunzio a Fiume 1919-1920\u201d. (Prije toga je u Dr\u017eavnom arhivu u Rijeci bila izlo\u017eba \u201cRijeka 1919 \u2013 fa\u0161izam prije fa\u0161izma\u201d.) U prilogu donosimo obavijesti o izlo\u017ebama i nastavljamo dokumentirati suprotstavljene poglede na stogodi\u0161njicu D&#8217;Annunzijeva zauzimanja Rijeke 1919. godine.<\/p>\n<p>&nbsp;<\/p>\n<p>&#8212;<\/p>\n<p>&nbsp;<\/p>\n<p><strong><em>D\u2019Annunzijeva mu\u010denica \u2013 L\u2019olocausta di D\u2019Annunzio<\/em><\/strong><\/p>\n<p>&nbsp;<\/p>\n<p><a href=\"http:\/\/ppmhp.hr\/dannunzijeva-mucenica-lolocausta-di-dannunzio\/\">http:\/\/ppmhp.hr\/dannunzijeva-mucenica-lolocausta-di-dannunzio\/<\/a><\/p>\n<p>&nbsp;<\/p>\n<p><a href=\"http:\/\/ppmhp.hr\/d-annunzijeva-mucenica-konfererncija-za-medije\/\">http:\/\/ppmhp.hr\/d-annunzijeva-mucenica-konfererncija-za-medije\/<\/a><\/p>\n<p>&nbsp;<\/p>\n<p><a href=\"https:\/\/culturenet.hr\/default.aspx?id=92986\">https:\/\/culturenet.hr\/default.aspx?id=92986<\/a><\/p>\n<p><strong>\u00a0<\/strong><\/p>\n<p><a href=\"https:\/\/rijeka2020.eu\/dogadjanja\/izlozba-dannunzijeva-mucenica-lolocausta-di-dannunzio\/\">https:\/\/rijeka2020.eu\/dogadjanja\/izlozba-dannunzijeva-mucenica-lolocausta-di-dannunzio\/<\/a><\/p>\n<p>&nbsp;<\/p>\n<p><strong><em>DISOBBEDISCO \u2013 La Rivoluzione di d\u2019Annunzio a Fiume 1919-1920<\/em><\/strong><\/p>\n<p>&nbsp;<\/p>\n<p><a href=\"http:\/\/salonedeglincanti.comune.trieste.it\/disobbedisco-la-rivoluzione-di-dannunzio-a-fiume-1919-1920\/\">http:\/\/salonedeglincanti.comune.trieste.it\/disobbedisco-la-rivoluzione-di-dannunzio-a-fiume-1919-1920\/<\/a><\/p>\n<p>&nbsp;<\/p>\n<p><a href=\"https:\/\/contemplazioni.it\/disobbedisco\/\">https:\/\/contemplazioni.it\/disobbedisco\/<\/a><\/p>\n<p>&nbsp;<\/p>\n<p>&nbsp;<\/p>\n<p><strong>I<\/strong><strong>z medija:<\/strong><\/p>\n<p>&nbsp;<\/p>\n<p><a href=\"http:\/\/www.novilist.hr:8090\/novilist_public\/Kultura\/Ostalo\/D-Annunzijeva-mucenica-Rijeka-kroz-zenske-oci-Atraktivna-izlozba-u-Pomorskom-i-povijesnom-muzeju\">http:\/\/www.novilist.hr:8090\/novilist_public\/Kultura\/Ostalo\/D-Annunzijeva-mucenica-Rijeka-kroz-zenske-oci-Atraktivna-izlozba-u-Pomorskom-i-povijesnom-muzeju<\/a><\/p>\n<p>&nbsp;<\/p>\n<p><a href=\"https:\/\/www.jutarnji.hr\/kultura\/art\/izlozba-uz-100-obljetnicu-marsa-crnokosuljasa-na-rijeku-pogled-u-15-mjeseci-bizarne-dannunzijeve-vladavine-kroz-perspektivu-zena\/9290357\/\">https:\/\/www.jutarnji.hr\/kultura\/art\/izlozba-uz-100-obljetnicu-marsa-crnokosuljasa-na-rijeku-pogled-u-15-mjeseci-bizarne-dannunzijeve-vladavine-kroz-perspektivu-zena\/9290357\/<\/a><\/p>\n<p>&nbsp;<\/p>\n<p><a href=\"https:\/\/www.dw.com\/hr\/100-godina-dannunzijevog-pohoda-na-rijeku-revolucionar-ili-okupator\/a-50370506\">https:\/\/www.dw.com\/hr\/100-godina-dannunzijevog-pohoda-na-rijeku-revolucionar-ili-okupator\/a-50370506<\/a><\/p>\n<p>&nbsp;<\/p>\n<p><a href=\"https:\/\/www.jutarnji.hr\/komentari\/pise-miljenko-jergovic-suti-li-hrvatska-vlast-iz-straha-ili-zato-sto-misli-isto-sto-i-mikromusolini\/9337394\/\">https:\/\/www.jutarnji.hr\/komentari\/pise-miljenko-jergovic-suti-li-hrvatska-vlast-iz-straha-ili-zato-sto-misli-isto-sto-i-mikromusolini\/9337394\/<\/a><\/p>\n<p>&nbsp;<\/p>\n<p><a href=\"https:\/\/www.jutarnji.hr\/vijesti\/svijet\/pohvala-kulturi-nasilja-suradnik-magazina-bio-je-na-izlozbi-u-trstu-koja-o-dannunziju-i-njegovoj-povijesnoj-ulozi-prica-sasvim-drugaciju-pricu\/9327779\/\">https:\/\/www.jutarnji.hr\/vijesti\/svijet\/pohvala-kulturi-nasilja-suradnik-magazina-bio-je-na-izlozbi-u-trstu-koja-o-dannunziju-i-njegovoj-povijesnoj-ulozi-prica-sasvim-drugaciju-pricu\/9327779\/<\/a><\/p>\n<p>&nbsp;<\/p>\n<p>&#8212;<\/p>\n<p>&nbsp;<\/p>\n<p><strong>Prethodne obavijesti:<\/strong><\/p>\n<p>&nbsp;<\/p>\n<p><strong>Komentari povjesni\u010dara povodom najave podizanja spomenika D\u2019Annunziju u Trstu<\/strong><\/p>\n<p><a href=\"https:\/\/historiografija.hr\/?p=15721\">https:\/\/historiografija.hr\/?p=15721<\/a><\/p>\n<p>&nbsp;<\/p>\n<p><strong>Dr\u017eavni arhiv u Rijeci: Izlo\u017eba \u201cRijeka 1919 \u2013 fa\u0161izam prije fa\u0161izma\u201d<\/strong><\/p>\n<p><a href=\"https:\/\/historiografija.hr\/?p=15259\">https:\/\/historiografija.hr\/?p=15259<\/a><\/p>\n<p>&nbsp;<\/p>\n<p><strong>Une histoire des micro-\u00e9tats : L\u2019Etat libre de Fiume (1919-1924)<\/strong><\/p>\n<p><a href=\"https:\/\/historiografija.hr\/?p=14004\">https:\/\/historiografija.hr\/?p=14004<\/a><\/p>\n<p>&nbsp;<\/p>\n<p><strong>\u201eCabaret D\u2019Annunzio\u201c kroz razdoblja \u017eivota kontroverzne povijesne figure<\/strong><\/p>\n<p><a href=\"https:\/\/historiografija.hr\/?p=3377\">https:\/\/historiografija.hr\/?p=3377<\/a><\/p>\n<p>&nbsp;<\/p>\n<p>&nbsp;<\/p>\n","protected":false},"excerpt":{"rendered":"","protected":false},"author":2,"featured_media":16286,"comment_status":"open","ping_status":"open","sticky":false,"template":"","format":"standard","meta":{"_acf_changed":false,"jetpack_post_was_ever_published":false,"_jetpack_newsletter_access":"","_jetpack_dont_email_post_to_subs":false,"_jetpack_newsletter_tier_id":0,"_jetpack_memberships_contains_paywalled_content":false,"_jetpack_memberships_contains_paid_content":false,"footnotes":"","jetpack_publicize_message":"","jetpack_publicize_feature_enabled":true,"jetpack_social_post_already_shared":true,"jetpack_social_options":{"image_generator_settings":{"template":"highway","default_image_id":0,"font":"","enabled":false},"version":2}},"categories":[10,3,17],"tags":[],"class_list":["post-16285","post","type-post","status-publish","format-standard","has-post-thumbnail","hentry","category-izlozbe","category-novosti","category-rasprave"],"acf":{"facebook_opis":""},"jetpack_publicize_connections":[],"jetpack_featured_media_url":"https:\/\/i0.wp.com\/historiografija.hr\/wp-content\/uploads\/2019\/09\/Mucenica.png?fit=424%2C600&ssl=1","jetpack_sharing_enabled":true,"jetpack-related-posts":[{"id":52511,"url":"https:\/\/historiografija.hr\/?p=52511","url_meta":{"origin":16285,"position":0},"title":"Izlo\u017eba &#8220;Lica Sljemena&#8221;","author":"Branimir Jankovi\u0107","date":"17. travnja 2026.","format":false,"excerpt":"Srda\u010dno vas pozivamo na otvorenje izlo\u017ebe Lica Sljemena koje \u0107e se odr\u017eati u srijedu 22. travnja 2026. u 18 h ispred Muzeja Prigorja (Trg Dragutina Domjani\u0107a 5, Sesvete). Izlo\u017eba proizlazi iz istra\u017eivanja Nevene \u0160krbi\u0107 Alempijevi\u0107, Petre Kelemen i Sanje Potkonjak te intervjua sa Sljemena\u0161icama i Sljemena\u0161ima, koji su provedeni u\u2026","rel":"","context":"U &quot;Izlo\u017ebe&quot;","block_context":{"text":"Izlo\u017ebe","link":"https:\/\/historiografija.hr\/?cat=10"},"img":{"alt_text":"","src":"https:\/\/i0.wp.com\/historiografija.hr\/wp-content\/uploads\/2026\/04\/Izlozba-Lica-Sljemena.png?fit=1080%2C686&ssl=1&resize=350%2C200","width":350,"height":200,"srcset":"https:\/\/i0.wp.com\/historiografija.hr\/wp-content\/uploads\/2026\/04\/Izlozba-Lica-Sljemena.png?fit=1080%2C686&ssl=1&resize=350%2C200 1x, https:\/\/i0.wp.com\/historiografija.hr\/wp-content\/uploads\/2026\/04\/Izlozba-Lica-Sljemena.png?fit=1080%2C686&ssl=1&resize=525%2C300 1.5x, https:\/\/i0.wp.com\/historiografija.hr\/wp-content\/uploads\/2026\/04\/Izlozba-Lica-Sljemena.png?fit=1080%2C686&ssl=1&resize=700%2C400 2x, https:\/\/i0.wp.com\/historiografija.hr\/wp-content\/uploads\/2026\/04\/Izlozba-Lica-Sljemena.png?fit=1080%2C686&ssl=1&resize=1050%2C600 3x"},"classes":[]},{"id":52760,"url":"https:\/\/historiografija.hr\/?p=52760","url_meta":{"origin":16285,"position":1},"title":"Izlo\u017eba \u201cLo\u0161injski brodovi, njihove zastave i ljudi\u201d, 4. svibnja u 19h","author":"Filip \u0160imunjak","date":"30. travnja 2026.","format":false,"excerpt":"Hrvatski pomorski muzej Split, Glagolja\u0161a 18 (Tvr\u0111ava Gripe) Nakon \u0161to je u rujnu 2025. godine na otoku Lo\u0161inju, u suradnji Lo\u0161injskog muzeja i Hrvatskog pomorskog muzeja Split, predstavljena izlo\u017eba posve\u0107ena bogatoj pomorskoj ba\u0161tini otoka, njezino pro\u0161ireno izdanje postavlja se u Splitu. Uo\u010di blagdana svetog Dujma splitskoj \u0107e se publici predstaviti\u2026","rel":"","context":"U &quot;Izlo\u017ebe&quot;","block_context":{"text":"Izlo\u017ebe","link":"https:\/\/historiografija.hr\/?cat=10"},"img":{"alt_text":"","src":"https:\/\/i0.wp.com\/historiografija.hr\/wp-content\/uploads\/2026\/04\/Losinjski-brodovi-Izlozba-1-scaled.webp?fit=840%2C1200&ssl=1&resize=350%2C200","width":350,"height":200,"srcset":"https:\/\/i0.wp.com\/historiografija.hr\/wp-content\/uploads\/2026\/04\/Losinjski-brodovi-Izlozba-1-scaled.webp?fit=840%2C1200&ssl=1&resize=350%2C200 1x, https:\/\/i0.wp.com\/historiografija.hr\/wp-content\/uploads\/2026\/04\/Losinjski-brodovi-Izlozba-1-scaled.webp?fit=840%2C1200&ssl=1&resize=525%2C300 1.5x, https:\/\/i0.wp.com\/historiografija.hr\/wp-content\/uploads\/2026\/04\/Losinjski-brodovi-Izlozba-1-scaled.webp?fit=840%2C1200&ssl=1&resize=700%2C400 2x"},"classes":[]},{"id":52505,"url":"https:\/\/historiografija.hr\/?p=52505","url_meta":{"origin":16285,"position":2},"title":"Izlo\u017eba &#8220;Eschenstock \/ Jasenov prut&#8221;","author":"Branimir Jankovi\u0107","date":"17. travnja 2026.","format":false,"excerpt":"Srpsko narodno vije\u0107e (SNV) i Vizura aperta postavljaju izlo\u017ebu \u0161vicarskog slikara Velimira Ili\u0161evi\u0107a: Eschenstock \/ Jasenov prut. Izlo\u017eba se uz prisustvo autora otvara povodom 81. godi\u0161njice proboja logora\u0161a iz usta\u0161kog logora smrti Jasenovac 22. aprila 2026. u 19 sati u Srpskom kulturnom centru (SKC) u Preradovi\u0107evoj ulici 21 u Zagrebu.\u2026","rel":"","context":"U &quot;Izlo\u017ebe&quot;","block_context":{"text":"Izlo\u017ebe","link":"https:\/\/historiografija.hr\/?cat=10"},"img":{"alt_text":"","src":"https:\/\/i0.wp.com\/historiografija.hr\/wp-content\/uploads\/2026\/04\/Jasenov_prut.jpg?fit=1024%2C640&ssl=1&resize=350%2C200","width":350,"height":200,"srcset":"https:\/\/i0.wp.com\/historiografija.hr\/wp-content\/uploads\/2026\/04\/Jasenov_prut.jpg?fit=1024%2C640&ssl=1&resize=350%2C200 1x, https:\/\/i0.wp.com\/historiografija.hr\/wp-content\/uploads\/2026\/04\/Jasenov_prut.jpg?fit=1024%2C640&ssl=1&resize=525%2C300 1.5x, https:\/\/i0.wp.com\/historiografija.hr\/wp-content\/uploads\/2026\/04\/Jasenov_prut.jpg?fit=1024%2C640&ssl=1&resize=700%2C400 2x"},"classes":[]},{"id":52575,"url":"https:\/\/historiografija.hr\/?p=52575","url_meta":{"origin":16285,"position":3},"title":"Izlo\u017eba dje\u010djih radova \u201cU po\u010detku bija\u0161e crte\u017e\u2026\u201d","author":"Branimir Jankovi\u0107","date":"21. travnja 2026.","format":false,"excerpt":"U subotu, 25. travnja 2026. u 11 sati u Galeriji Klovi\u0107evi dvori sve\u010dano otvaramo izlo\u017ebu dje\u010djih radova pod nazivom U po\u010detku bija\u0161e crte\u017e\u2026 Radovi su nastali u sklopu likovnih radionica uz izlo\u017ebu U po\u010detku bija\u0161e kraljevstvo \u2013 izlo\u017eba povodom 1100 godina Hrvatskoga Kraljevstva. Na brojnim likovnim radionicama, uz \u0161kolsku djecu,\u2026","rel":"","context":"U &quot;Izlo\u017ebe&quot;","block_context":{"text":"Izlo\u017ebe","link":"https:\/\/historiografija.hr\/?cat=10"},"img":{"alt_text":"","src":"https:\/\/i0.wp.com\/historiografija.hr\/wp-content\/uploads\/2025\/10\/Klovicevi_sluzbeni-plakat.png?fit=840%2C1200&ssl=1&resize=350%2C200","width":350,"height":200,"srcset":"https:\/\/i0.wp.com\/historiografija.hr\/wp-content\/uploads\/2025\/10\/Klovicevi_sluzbeni-plakat.png?fit=840%2C1200&ssl=1&resize=350%2C200 1x, https:\/\/i0.wp.com\/historiografija.hr\/wp-content\/uploads\/2025\/10\/Klovicevi_sluzbeni-plakat.png?fit=840%2C1200&ssl=1&resize=525%2C300 1.5x, https:\/\/i0.wp.com\/historiografija.hr\/wp-content\/uploads\/2025\/10\/Klovicevi_sluzbeni-plakat.png?fit=840%2C1200&ssl=1&resize=700%2C400 2x"},"classes":[]},{"id":52592,"url":"https:\/\/historiografija.hr\/?p=52592","url_meta":{"origin":16285,"position":4},"title":"Predstavljanje knjige &#8220;Turska ku\u0107a u Rijeci&#8221; u Zagrebu","author":"Branimir Jankovi\u0107","date":"22. travnja 2026.","format":false,"excerpt":"U prostorijama Turskog kulturnog centra Yunus Emre u Zagrebu, u utorak 21. travnja 2026. godine, odr\u017eano je sve\u010dano predstavljanje dopunjenog izdanja knjige Turska ku\u0107a u Rijeci, u organizaciji Hrvatsko-turskog dru\u0161tva Rijeka i partnerstvu sa Skupinom prijateljstva Hrvatska-Turska Hrvatskog sabora, Veleposlanstvom Republike Turske u Republici Hrvatskoj te Turskim kulturnim centrom Yunus\u2026","rel":"","context":"U &quot;Novosti&quot;","block_context":{"text":"Novosti","link":"https:\/\/historiografija.hr\/?cat=3"},"img":{"alt_text":"","src":"https:\/\/i0.wp.com\/historiografija.hr\/wp-content\/uploads\/2026\/04\/Turska-kuca-ZG.jpg?fit=1200%2C800&ssl=1&resize=350%2C200","width":350,"height":200,"srcset":"https:\/\/i0.wp.com\/historiografija.hr\/wp-content\/uploads\/2026\/04\/Turska-kuca-ZG.jpg?fit=1200%2C800&ssl=1&resize=350%2C200 1x, https:\/\/i0.wp.com\/historiografija.hr\/wp-content\/uploads\/2026\/04\/Turska-kuca-ZG.jpg?fit=1200%2C800&ssl=1&resize=525%2C300 1.5x, https:\/\/i0.wp.com\/historiografija.hr\/wp-content\/uploads\/2026\/04\/Turska-kuca-ZG.jpg?fit=1200%2C800&ssl=1&resize=700%2C400 2x, https:\/\/i0.wp.com\/historiografija.hr\/wp-content\/uploads\/2026\/04\/Turska-kuca-ZG.jpg?fit=1200%2C800&ssl=1&resize=1050%2C600 3x"},"classes":[]},{"id":52607,"url":"https:\/\/historiografija.hr\/?p=52607","url_meta":{"origin":16285,"position":5},"title":"No\u0107 knjige: Kako je prije 410 godina smr\u0107u Shakespearea i Cervantesa zavr\u0161ilo razdoblje renesanse u knji\u017eevnosti","author":"Branimir Jankovi\u0107","date":"22. travnja 2026.","format":false,"excerpt":"\u010cetvrtak, 23. travnja 2026. u 18:00 sati, Knji\u017eara Matice hrvatske, Ulica Matice hrvatske 2, Zagreb Uvodna rije\u010d: dr. sc.\u00a0Dubravka Brezak Stama\u0107, pro\u010delnica Odjela za knji\u017eevnost Matice hrvatske Prof. dr. sc. Ivan Lupi\u0107, redoviti profesor u Odsjeku za anglistiku i Odsjeku za kroatistiku Sveu\u010dili\u0161ta u RijeciShakespeare, kazali\u0161te, glazbaKada se susre\u0107emo sa\u2026","rel":"","context":"U &quot;Novosti&quot;","block_context":{"text":"Novosti","link":"https:\/\/historiografija.hr\/?cat=3"},"img":{"alt_text":"","src":"https:\/\/i0.wp.com\/historiografija.hr\/wp-content\/uploads\/2026\/04\/noc_knjige_2026.jpg?fit=680%2C276&ssl=1&resize=350%2C200","width":350,"height":200,"srcset":"https:\/\/i0.wp.com\/historiografija.hr\/wp-content\/uploads\/2026\/04\/noc_knjige_2026.jpg?fit=680%2C276&ssl=1&resize=350%2C200 1x, https:\/\/i0.wp.com\/historiografija.hr\/wp-content\/uploads\/2026\/04\/noc_knjige_2026.jpg?fit=680%2C276&ssl=1&resize=525%2C300 1.5x"},"classes":[]}],"_links":{"self":[{"href":"https:\/\/historiografija.hr\/index.php?rest_route=\/wp\/v2\/posts\/16285","targetHints":{"allow":["GET"]}}],"collection":[{"href":"https:\/\/historiografija.hr\/index.php?rest_route=\/wp\/v2\/posts"}],"about":[{"href":"https:\/\/historiografija.hr\/index.php?rest_route=\/wp\/v2\/types\/post"}],"author":[{"embeddable":true,"href":"https:\/\/historiografija.hr\/index.php?rest_route=\/wp\/v2\/users\/2"}],"replies":[{"embeddable":true,"href":"https:\/\/historiografija.hr\/index.php?rest_route=%2Fwp%2Fv2%2Fcomments&post=16285"}],"version-history":[{"count":5,"href":"https:\/\/historiografija.hr\/index.php?rest_route=\/wp\/v2\/posts\/16285\/revisions"}],"predecessor-version":[{"id":16292,"href":"https:\/\/historiografija.hr\/index.php?rest_route=\/wp\/v2\/posts\/16285\/revisions\/16292"}],"wp:featuredmedia":[{"embeddable":true,"href":"https:\/\/historiografija.hr\/index.php?rest_route=\/wp\/v2\/media\/16286"}],"wp:attachment":[{"href":"https:\/\/historiografija.hr\/index.php?rest_route=%2Fwp%2Fv2%2Fmedia&parent=16285"}],"wp:term":[{"taxonomy":"category","embeddable":true,"href":"https:\/\/historiografija.hr\/index.php?rest_route=%2Fwp%2Fv2%2Fcategories&post=16285"},{"taxonomy":"post_tag","embeddable":true,"href":"https:\/\/historiografija.hr\/index.php?rest_route=%2Fwp%2Fv2%2Ftags&post=16285"}],"curies":[{"name":"wp","href":"https:\/\/api.w.org\/{rel}","templated":true}]}}