{"id":16181,"date":"2019-09-02T20:04:03","date_gmt":"2019-09-02T20:04:03","guid":{"rendered":"http:\/\/historiografija.hr\/?p=16181"},"modified":"2019-09-02T20:04:03","modified_gmt":"2019-09-02T20:04:03","slug":"u-carstvu-subverzije-filmovi-dusana-makavejeva-na-kratkom-utorku","status":"publish","type":"post","link":"https:\/\/historiografija.hr\/?p=16181","title":{"rendered":"U carstvu subverzije \u2013 filmovi Du\u0161ana Makavejeva na Kratkom utorku"},"content":{"rendered":"<p>Novu sezonu Kratkog utorka otvorit \u0107emo 3. rujna u 21h, u kinu Tu\u0161kanac u Zagrebu, s programom kratkih filmova najzna\u010dajnijeg jugoslavenskog filma\u0161a svih vremena, nedavno preminulog majstora &#8216;crnog talasa&#8217; Du\u0161ana Makavejeva. Gledat \u0107emo sedam njegovih radova koji su nastali od 1955. do 1964., od kinokluba\u0161kih produkcija, do prvih profesionalnih filmova, snimljenih prije nego \u0161to je 1965. re\u017eirao svoj dugometra\u017eni debi &#8216;\u010covek nije tica&#8217;.<\/p>\n<p>Provokator, erotoman, nadrealist, antiideolog, subverzivni poeta, a formalno diplomirani psiholog Du\u0161an Makavejev (1932. \u2013 2019.) filmom se kao i mnoge njegove kasnije slavne kolege i prijatelji s jugoslavenske filmske scene (\u017delimir \u017dilnik, Tomislav Gotovac, Mihovil Pansini\u2026) po\u010deo baviti u krugu kino klubova, institucija financiranih od strane biv\u0161e dr\u017eave, s namjerom da se radnom narodu omogu\u0107i amatersko prakticiranje u to doba najpopularnije umjetnosti. Igrom sretnog slu\u010daja, ba\u0161 unutar kino klubova rodila se kompletna jugoslavenska eksperimentalna scena, koja je 60-ih godina bila me\u0111u najja\u010dima u Evropi, pa i u svijetu.<\/p>\n<p>U slu\u010daju Du\u0161ana Makavejeva radilo se o Kino klubu Beograd oko kojeg se \u010desto muvao, pogotovo utorkom i \u010detvrtkom kad bi kombijem dolazile filmske trake s najnovijim filmovima. Krenuo je uglavnom sa snimanjem dokumentaraca, jer je po njegovim rije\u010dima &#8216;shvatio da i u dokumentarnom filmu postoji neka fantastika, da zapravo nema tako velikog jaza izme\u0111u igranog i dokumentarnog kao \u0161to su nas u\u010dili&#8217;. To mije\u0161anje fikcije i fakcije postalo je jedan od njegovih za\u0161titnih znakova i u kasnijoj karijeri, koja je iznjedrila nekoliko filmova (&#8216;Nevinost bez za\u0161tite&#8217;, &#8216;WR Misterije organizma&#8217;, &#8216;Sweet Movie&#8217;) koji su po svojim temama (odnos tijela i seksualnosti i politi\u010dke ideologije, sloboda pojedinca u odnosu na sistem) i formalnim karakteristikama (prvenstveno monta\u017enim postupcima) toliko neobi\u010dni i jedinstveni da Makavejeva ne samo postavljaju &#8216;iznad crnog talasa&#8217;, nego na poziciju izuzetno originalnog autora i u kontekstu svjetskog filma s prelaza 60-ih na 70-te godine, \u010dija je bio jedna od najve\u0107ih zvijezda.<\/p>\n<p>Makavejevljevi kratki filmovi koje \u0107emo vidjeti na Kratkom utorku ve\u0107inom su crno-bijeli (za razliku od kasnijih autorovih radova u kojima su boje imale va\u017enu simboli\u010dku i poetsku vrijednost), a prate dvije stilske linije na kojima i kasnije gradi svoj opus. Na jednoj strani tu je dokumentaristi\u010dki stil (&#8216;Prokleti praznik&#8217;, &#8216;\u0160to je to radni\u010dki savjet?&#8217;, &#8216;Parada&#8217;,&#8217;Ljepotica 62&#8242; i &#8216;Nova doma\u0107a \u017eivotinja&#8217;), a na drugoj nadrealisti\u010dka poetika (&#8216;Pe\u010dat&#8217; i &#8216;Antonijevo razbijeno ogledalo&#8217;). Unato\u010d naizgled razli\u010ditoj tematici i stilskom pristupu, svi filmovi imaju zajedni\u010dku crtu \u2013 prikazuju pojedinca u njegovoj individualnosti i jedinstvenosti, u odnosu prema sistemu. Njegovi dokumentarci na prvi se pogled bave masovnim dru\u0161tvenim ritualima (prvomajska parada, izbor za miss), da bi se kroz upotrebu detalja koji gledateljev pogled skre\u0107e u neprimjetno i nevidljivo, uz kori\u0161tenje ejzen\u0161tajnovskih metoda monta\u017ee, fokusirali na neposredno, ljudsko, intimno, individualno.<\/p>\n<p>Prva dva filma koja gledamo iz produkcije su Kino kluba Beograd, a radi se o drugom i tre\u0107em filmu iz Makove filmografije. Po\u010dinjemo sa satiri\u010dnim dokumentarcem &#8216;Pe\u010dat&#8217; (1955.), u kojem je Makavejev po njegovim rije\u010dima &#8216;htio pokazati da nas od ro\u0111enja do smrti prate pe\u010dati i birokracija, da se s njima ra\u0111amo i umiremo&#8217;. Zatim prikazujemo &#8216;Antonijevo razbijeno ogledalo&#8217; (1957.), igranu pri\u010du o lutalici Antoniju koji se zaljubljuje u lutku u izlogu, u kojoj autor problematizira snagu ma\u0161te i razo\u010daranje sa stvarnim svijetom.<\/p>\n<p>&#8216;Prokleti praznik&#8217; (1958.) i &#8216;\u0160ta je to radni\u010dki savjet?&#8217; (1959.) neki su od prvih Makovih profesionalnih radova, nastalih u produkciji Zagreb filma. Prvi je dokumentarni film o folklornom slikarstvu na ruralnim grobnim spomenicima, fokusiran na prikaze i simbole koji predstavljaju pokojnikov \u017eivot i slave onaj zagrobni. A u drugom Makavejev dovodi dje\u010daka i djevoj\u010dicu u tvornicu \u010dokolade Josip Kra\u0161, kako bi saznali ne samo na koji na\u010din se proizvodi njihova omiljena slastica, nego i kako funkcionira radni\u010dko samoupravljanje. Treba li re\u0107i da ih sastanak radni\u010dkog savjeta nije impresionirao? Zanimljivo je spomenuti da je snimatelj na filmovima bio hrvatski filma\u0161 Oktavijan Mileti\u0107.<\/p>\n<p>Zatim slijedi najkontroverzniji od njegovih ranih kratkih filmova &#8211; &#8216;Parada&#8217; (1962.), u kojem grupa ljudi i\u0161\u010dekuje povorku u \u010dast proslave 1. maja. Problem je bio u tome \u0161to se, nimalo slu\u010dajno, u jednom kadru ispred Savezne skup\u0161tine pojavljuje djevojka umotana u dr\u017eavnu zastavu tako da joj je zvijezda petokraka na stra\u017enjici.<\/p>\n<p>&#8216;Ljepotica 62&#8217; (1962.) dokumentarac je o izboru za &#8216;Ljepoticu ljeta&#8217; \u010dasopisa &#8216;Sport i svijet&#8217; u Beogradu. U njemu Makavejev snima djevojke za vrijeme priprema, foto sessiona i samog izbora. Radi se o toplom filmu, koji s dozom ironije prikazuje dru\u0161tvene promjene koje se doga\u0111aju u Jugoslaviji po\u010detkom 60-ih. Zadnji film koji \u0107emo gledati je &#8216;Nova doma\u0107a \u017eivotinja&#8217; (1964.), \u010diji naziv se odnosi na automobil. Ovaj dokumentarac bavi se dolaskom motorizacije u jugoslavensko dru\u0161tvo, \u0161to \u0107e veseliti sve osim konje i magarce, \u010dija se funkcija u zajednici s ljudima odjednom gubi.<\/p>\n<p>Program se odr\u017eava u organizaciji Hrvatskog filmskog saveza, u suradnji s filmskim festivalom FeKK iz Ljubljane. Filmove pu\u0161tamo sa 35mm kopija ili digitalno (vidi raspored), a ulaz na program je 20kn.<\/p>\n<p>&nbsp;<\/p>\n<p>Raspored projekcije (81 min):<\/p>\n<p>&nbsp;<\/p>\n<p>&#8216;Pe\u010dat&#8217;, 1955., 17 min, HD<\/p>\n<p>&#8216;Antonijevo razbijeno ogledalo&#8217;, 1957., 11 min, HD<\/p>\n<p>&#8216;Prokleti praznik&#8217;, 1958., 9 min, 35mm<\/p>\n<p>&#8216;\u0160ta je to radni\u010dki savjet?&#8217;, 1959., 13 min, 35mm<\/p>\n<p>&#8216;Parada&#8217;, 1962., 10 min, 35mm<\/p>\n<p>&#8216;Ljepotica 62&#8217;, 1962., 13 min, HD<\/p>\n<p>&#8216;Nova doma\u0107a \u017eivotinja&#8217;, 1964., 8 min, 35mm<\/p>\n<p>&nbsp;<\/p>\n<p>Izvor: <a href=\"http:\/\/www.hfs.hr\/novosti_detail.aspx?sif=5253#.XW11VBB7les\">http:\/\/www.hfs.hr\/novosti_detail.aspx?sif=5253#.XW11VBB7les<\/a><\/p>\n<p>&nbsp;<\/p>\n<p>&nbsp;<\/p>\n","protected":false},"excerpt":{"rendered":"","protected":false},"author":2,"featured_media":16182,"comment_status":"open","ping_status":"open","sticky":false,"template":"","format":"standard","meta":{"_acf_changed":false,"jetpack_post_was_ever_published":false,"_jetpack_newsletter_access":"","_jetpack_dont_email_post_to_subs":false,"_jetpack_newsletter_tier_id":0,"_jetpack_memberships_contains_paywalled_content":false,"_jetpack_memberships_contains_paid_content":false,"footnotes":"","jetpack_publicize_message":"","jetpack_publicize_feature_enabled":true,"jetpack_social_post_already_shared":true,"jetpack_social_options":{"image_generator_settings":{"template":"highway","default_image_id":0,"font":"","enabled":false},"version":2}},"categories":[13,3],"tags":[],"class_list":["post-16181","post","type-post","status-publish","format-standard","has-post-thumbnail","hentry","category-filmovi-i-serije","category-novosti"],"acf":{"facebook_opis":""},"jetpack_publicize_connections":[],"jetpack_featured_media_url":"https:\/\/i0.wp.com\/historiografija.hr\/wp-content\/uploads\/2019\/09\/Parada.jpg?fit=500%2C349&ssl=1","jetpack_sharing_enabled":true,"jetpack-related-posts":[{"id":52508,"url":"https:\/\/historiografija.hr\/?p=52508","url_meta":{"origin":16181,"position":0},"title":"Glazbena radionica \u201eDUGMETARA REVISITED\u201c","author":"Branimir Jankovi\u0107","date":"17. travnja 2026.","format":false,"excerpt":"DUGMETARA REVISITED glazbena radionica vodi: Ana Horvat 13., 20. i 27. travnja, od 18 do 20 sati Radiona, Nova cesta 186 Na tri radioni\u010dka susreta uranjamo u naslje\u0111e Dugmetare, biv\u0161e tvornice dugmadi na Savskoj cesti koja je po\u010detkom 2000-ih igrom slu\u010daja postala \u017eivo, jedinstveno mjesto glazbene proizvodnje. Svoje su probe\u2026","rel":"","context":"U &quot;Novosti&quot;","block_context":{"text":"Novosti","link":"https:\/\/historiografija.hr\/?cat=3"},"img":{"alt_text":"","src":"https:\/\/i0.wp.com\/historiografija.hr\/wp-content\/uploads\/2026\/04\/TRESNJA_TRESTI.jpg?fit=380%2C475&ssl=1&resize=350%2C200","width":350,"height":200},"classes":[]},{"id":52633,"url":"https:\/\/historiografija.hr\/?p=52633","url_meta":{"origin":16181,"position":1},"title":"POVIJEST TRE\u0160NJEVA\u010cKE GLAZBE: prikupljanje virtualnog fundusa Muzeja susjedstva Tre\u0161njevka","author":"Branimir Jankovi\u0107","date":"23. travnja 2026.","format":false,"excerpt":"utorak 28. 4. 2026. 14 - 18 h Nova BAZA, Nova cesta 66, Zagreb Prvi su dani ljeta 1957. godine. Bo\u017eica Kalafati\u0107 poha\u0111a drugi razred Osnovne \u0161kole Bratstvo i jedinstvo, danas kralja Tomislava, a ide i na muzi\u010dke satove u Mo\u0161\u0107eni\u010dkoj ulici. Na fotografiji s harmonikom u rukama stoji u\u2026","rel":"","context":"U &quot;Novosti&quot;","block_context":{"text":"Novosti","link":"https:\/\/historiografija.hr\/?cat=3"},"img":{"alt_text":"","src":"https:\/\/i0.wp.com\/historiografija.hr\/wp-content\/uploads\/2026\/04\/MST_prikupljanje.jpg?fit=380%2C475&ssl=1&resize=350%2C200","width":350,"height":200},"classes":[]},{"id":52547,"url":"https:\/\/historiografija.hr\/?p=52547","url_meta":{"origin":16181,"position":2},"title":"ISHA Zagreb \u2013 Filmska ve\u010der: Povratak Martina Guerrea","author":"Branimir Jankovi\u0107","date":"20. travnja 2026.","format":false,"excerpt":"Klub studenata povijesti \u2013 ISHA Zagreb poziva Vas na filmsku ve\u010der na kojoj \u0107e se prikazivati \u201ePovratak Martina Guerrea\u201c, povijesna drama iz 1982. godine s radnjom smje\u0161tenom u 16. stolje\u0107u. Radnja je utemeljena na stvarnoj povijesnoj li\u010dnosti Martina Guerrea koji se nakon mnogo godina izbivanja vra\u0107a u svoje rodno mjesto\u2026","rel":"","context":"U &quot;Filmovi i serije&quot;","block_context":{"text":"Filmovi i serije","link":"https:\/\/historiografija.hr\/?cat=13"},"img":{"alt_text":"","src":"https:\/\/i0.wp.com\/historiografija.hr\/wp-content\/uploads\/2026\/04\/M-Guerre.png?fit=702%2C1006&ssl=1&resize=350%2C200","width":350,"height":200,"srcset":"https:\/\/i0.wp.com\/historiografija.hr\/wp-content\/uploads\/2026\/04\/M-Guerre.png?fit=702%2C1006&ssl=1&resize=350%2C200 1x, https:\/\/i0.wp.com\/historiografija.hr\/wp-content\/uploads\/2026\/04\/M-Guerre.png?fit=702%2C1006&ssl=1&resize=525%2C300 1.5x, https:\/\/i0.wp.com\/historiografija.hr\/wp-content\/uploads\/2026\/04\/M-Guerre.png?fit=702%2C1006&ssl=1&resize=700%2C400 2x"},"classes":[]},{"id":52666,"url":"https:\/\/historiografija.hr\/?p=52666","url_meta":{"origin":16181,"position":3},"title":"Najava programa Festivala povijesti Kliofest (5-8. V. 2026)","author":"Branimir Jankovi\u0107","date":"24. travnja 2026.","format":false,"excerpt":"Po trinaesti put odr\u017eava se Festival povijesti Kliofest! Do petka \u0107emo odr\u017eati osam okruglih stolova i dva kolokvija te niz predstavljanja knjiga i projekata razli\u010dite tematike, od antike do suvremenosti. Bit \u0107e predstavljeno i nekoliko izlo\u017ebi te odr\u017ean jedan povijesni kviz. Prikazat \u0107emo i jedan film \u2013 o generalu Boroevi\u0107u.\u2026","rel":"","context":"U &quot;Novosti&quot;","block_context":{"text":"Novosti","link":"https:\/\/historiografija.hr\/?cat=3"},"img":{"alt_text":"","src":"https:\/\/i0.wp.com\/historiografija.hr\/wp-content\/uploads\/2026\/04\/Kliofest-2026.jpg?fit=526%2C526&ssl=1&resize=350%2C200","width":350,"height":200,"srcset":"https:\/\/i0.wp.com\/historiografija.hr\/wp-content\/uploads\/2026\/04\/Kliofest-2026.jpg?fit=526%2C526&ssl=1&resize=350%2C200 1x, https:\/\/i0.wp.com\/historiografija.hr\/wp-content\/uploads\/2026\/04\/Kliofest-2026.jpg?fit=526%2C526&ssl=1&resize=525%2C300 1.5x"},"classes":[]},{"id":52556,"url":"https:\/\/historiografija.hr\/?p=52556","url_meta":{"origin":16181,"position":4},"title":"ZagrebDox 2026.","author":"Branimir Jankovi\u0107","date":"20. travnja 2026.","format":false,"excerpt":"Me\u0111unarodni festival dokumentarnog filma 19. - 26. travnja 2026. Kaptol Boutique Cinema, Zagreb Program i dodatne obavijesti: https:\/\/zagrebdox.net\/hr","rel":"","context":"U &quot;Filmovi i serije&quot;","block_context":{"text":"Filmovi i serije","link":"https:\/\/historiografija.hr\/?cat=13"},"img":{"alt_text":"","src":"https:\/\/i0.wp.com\/historiografija.hr\/wp-content\/uploads\/2026\/04\/DOX-logo.jpg?fit=600%2C600&ssl=1&resize=350%2C200","width":350,"height":200,"srcset":"https:\/\/i0.wp.com\/historiografija.hr\/wp-content\/uploads\/2026\/04\/DOX-logo.jpg?fit=600%2C600&ssl=1&resize=350%2C200 1x, https:\/\/i0.wp.com\/historiografija.hr\/wp-content\/uploads\/2026\/04\/DOX-logo.jpg?fit=600%2C600&ssl=1&resize=525%2C300 1.5x"},"classes":[]},{"id":52607,"url":"https:\/\/historiografija.hr\/?p=52607","url_meta":{"origin":16181,"position":5},"title":"No\u0107 knjige: Kako je prije 410 godina smr\u0107u Shakespearea i Cervantesa zavr\u0161ilo razdoblje renesanse u knji\u017eevnosti","author":"Branimir Jankovi\u0107","date":"22. travnja 2026.","format":false,"excerpt":"\u010cetvrtak, 23. travnja 2026. u 18:00 sati, Knji\u017eara Matice hrvatske, Ulica Matice hrvatske 2, Zagreb Uvodna rije\u010d: dr. sc.\u00a0Dubravka Brezak Stama\u0107, pro\u010delnica Odjela za knji\u017eevnost Matice hrvatske Prof. dr. sc. Ivan Lupi\u0107, redoviti profesor u Odsjeku za anglistiku i Odsjeku za kroatistiku Sveu\u010dili\u0161ta u RijeciShakespeare, kazali\u0161te, glazbaKada se susre\u0107emo sa\u2026","rel":"","context":"U &quot;Novosti&quot;","block_context":{"text":"Novosti","link":"https:\/\/historiografija.hr\/?cat=3"},"img":{"alt_text":"","src":"https:\/\/i0.wp.com\/historiografija.hr\/wp-content\/uploads\/2026\/04\/noc_knjige_2026.jpg?fit=680%2C276&ssl=1&resize=350%2C200","width":350,"height":200,"srcset":"https:\/\/i0.wp.com\/historiografija.hr\/wp-content\/uploads\/2026\/04\/noc_knjige_2026.jpg?fit=680%2C276&ssl=1&resize=350%2C200 1x, https:\/\/i0.wp.com\/historiografija.hr\/wp-content\/uploads\/2026\/04\/noc_knjige_2026.jpg?fit=680%2C276&ssl=1&resize=525%2C300 1.5x"},"classes":[]}],"_links":{"self":[{"href":"https:\/\/historiografija.hr\/index.php?rest_route=\/wp\/v2\/posts\/16181","targetHints":{"allow":["GET"]}}],"collection":[{"href":"https:\/\/historiografija.hr\/index.php?rest_route=\/wp\/v2\/posts"}],"about":[{"href":"https:\/\/historiografija.hr\/index.php?rest_route=\/wp\/v2\/types\/post"}],"author":[{"embeddable":true,"href":"https:\/\/historiografija.hr\/index.php?rest_route=\/wp\/v2\/users\/2"}],"replies":[{"embeddable":true,"href":"https:\/\/historiografija.hr\/index.php?rest_route=%2Fwp%2Fv2%2Fcomments&post=16181"}],"version-history":[{"count":1,"href":"https:\/\/historiografija.hr\/index.php?rest_route=\/wp\/v2\/posts\/16181\/revisions"}],"predecessor-version":[{"id":16183,"href":"https:\/\/historiografija.hr\/index.php?rest_route=\/wp\/v2\/posts\/16181\/revisions\/16183"}],"wp:featuredmedia":[{"embeddable":true,"href":"https:\/\/historiografija.hr\/index.php?rest_route=\/wp\/v2\/media\/16182"}],"wp:attachment":[{"href":"https:\/\/historiografija.hr\/index.php?rest_route=%2Fwp%2Fv2%2Fmedia&parent=16181"}],"wp:term":[{"taxonomy":"category","embeddable":true,"href":"https:\/\/historiografija.hr\/index.php?rest_route=%2Fwp%2Fv2%2Fcategories&post=16181"},{"taxonomy":"post_tag","embeddable":true,"href":"https:\/\/historiografija.hr\/index.php?rest_route=%2Fwp%2Fv2%2Ftags&post=16181"}],"curies":[{"name":"wp","href":"https:\/\/api.w.org\/{rel}","templated":true}]}}