{"id":16134,"date":"2019-08-28T17:30:22","date_gmt":"2019-08-28T17:30:22","guid":{"rendered":"http:\/\/historiografija.hr\/?p=16134"},"modified":"2019-08-28T17:31:25","modified_gmt":"2019-08-28T17:31:25","slug":"6th-world-conference-of-the-international-federation-for-public-history-berlin-18-08-2020-22-08-2020","status":"publish","type":"post","link":"https:\/\/historiografija.hr\/?p=16134","title":{"rendered":"6th World Conference of the International Federation for Public History (Berlin, 18.08.2020 &#8211; 22.08.2020)"},"content":{"rendered":"<p>The 6th World Conference of the International Federation for Public History will be hosted by Freie Universit\u00e4t Berlin, where the first German MA program in public history was established. It is located in the Southwestern part of Germany\u2019s capital. Other partners are the National Council on Public History, the world&#8217;s largest public history organization, the German Historical Association (VHD) and its working group on applied\/public history (AGAG), the American Historical Association and the Centre for Contemporary History in Potsdam (ZZF).<\/p>\n<p>&nbsp;<\/p>\n<p>Since 2011, IFPH has been dedicated to building an international and multi-lingual community of public historians working both outside and inside academia. The main role of the Federation is to foster the development of Public History worldwide, creating and coordinating networks and national associations for public history, promoting teaching, research, theoretical inquiry, and other activities that engage the public with the past, history and individual and collective memories.<\/p>\n<p>&nbsp;<\/p>\n<p>Berlin, which has been called the \u201cRome of contemporary history,\u201d is an ideal location for a major meeting of public historians from across the globe. Like few other places in the world it offers many different layers of history, that not only still matter and are controversial locally or regionally, but nationally and even internationally.<\/p>\n<p>&nbsp;<\/p>\n<p>There is no specific conference theme and no focus on a particular historical era. Proposals covering a wide range of public history are welcome, such as:<\/p>\n<ol>\n<li>Public History practice and civic engagement<\/li>\n<\/ol>\n<p>&#8211; The value of historical knowledge: historical consciousness and civic dimension of public history<\/p>\n<p>&#8211; National agendas, fake news and historical controversies<\/p>\n<p>&#8211; Difficult pasts interacting with the present: historians and social justice, human rights, truth commissions, transitional justice, wars and civil wars<\/p>\n<p>&#8211; Public policies and applied history<\/p>\n<p>&#8211; Public History and contemporary global challenges: migration, inequalities, climate change, development, democracy, human rights, health, food and water security<\/p>\n<p>&#8211; Public archaeology<\/p>\n<ol start=\"2\">\n<li>Memory<\/li>\n<\/ol>\n<p>&#8211; Museums and exhibiting the past<\/p>\n<p>&#8211; Oral history and community projects<\/p>\n<p>&#8211; Identity and memory issues<\/p>\n<p>&#8211; Material and immaterial public cultural heritage<\/p>\n<p>&#8211; Commemorations, monuments and celebrations<\/p>\n<p>&#8211; Historic preservation and community cultural heritage<\/p>\n<p>&#8211; Memory policies, role of the state<\/p>\n<ol start=\"3\">\n<li>Digital<\/li>\n<\/ol>\n<p>&#8211; Digital Public History<\/p>\n<p>&#8211;Participatory knowledge: social media, mobile app and user-generated contents<\/p>\n<p>&#8211; Mapping and visual representations of the past<\/p>\n<ol start=\"4\">\n<li>Media<\/li>\n<\/ol>\n<p>&#8211; Historical fiction<\/p>\n<p>&#8211; Games, videogames<\/p>\n<p>&#8211; Visual historical narratives: graphic novels, murals, photography<\/p>\n<p>&#8211; History in film: historical films, tv series, documentaries<\/p>\n<p>&#8211; Podcasting, radio, and other audio forms of narrating history<\/p>\n<ol start=\"5\">\n<li>Performance<\/li>\n<\/ol>\n<p>&#8211; Re-enactments and living history<\/p>\n<p>&#8211; History in theater, opera, and performance<\/p>\n<ol start=\"6\">\n<li>Professional issues<\/li>\n<\/ol>\n<p>&#8211; Concepts of Public History<\/p>\n<p>&#8211; Teaching and learning Public History<\/p>\n<p>&#8211; Challenges of practicing Public History in academia and outside<\/p>\n<p>&#8211; Public History in museums, archives, libraries, parks<\/p>\n<p>&#8211; Resources for research and teaching<\/p>\n<p>&#8211; Public History publications<\/p>\n<p>&#8211; Selling Public History<\/p>\n<p>&#8211; Cultural tourism<\/p>\n<p>&#8211; Ethical challenges<\/p>\n<p>&nbsp;<\/p>\n<p>While the submission of full sessions, of working group or workshop proposals is preferred, both \u201cpartial\u201d panels and individual proposals will be considered. Thematic sessions can include up to 4 presenters. Working groups consist of facilitators and discussants (up to ten people), to explore in depth a subject of shared concern before and during the annual meeting. Workshops provide hands-on and participatory experiences that impart practical information or skills and might require participants to pay a fee. Thematic sessions and working groups will be 90 minutes. Workshops can ask for more time. The conference language will be English.<\/p>\n<p>&nbsp;<\/p>\n<p>Those who are looking for co-presenters can suggest a topic proposal here: <a href=\"https:\/\/ifph.hypotheses.org\/6th-ifph-international-conference-2020\">https:\/\/ifph.hypotheses.org\/6th-ifph-international-conference-2020<\/a><\/p>\n<p>&nbsp;<\/p>\n<p>Proposals must be submitted in English and include a general abstract for the session, the name and contact information of the session\u2019s coordinator, abstracts for all individual papers, and names and contact information of all presenters<\/p>\n<p>&nbsp;<\/p>\n<p>Proposals must be submitted using the respective form on the conference website: <a href=\"https:\/\/www.ifph2020.org\/submission-proposals\/\">https:\/\/www.ifph2020.org\/submission-proposals\/<\/a><\/p>\n<p>&nbsp;<\/p>\n<p>The deadline for all proposals is 15 October 2019. The results of the CFP will be announced no later than 31 December 2019. Organizers will try to get funding for travel support for international participants from the German Research Foundation (DFG). The decision by DFG should be known by June 2020 at the latest.<\/p>\n<p>&nbsp;<\/p>\n<p>All participants must register for the conference (rates to be announced soon).<\/p>\n<p>&nbsp;<\/p>\n<p>Program Committee:<\/p>\n<p>&#8211; Andreas Etges, Ludwig-Maximilians-Universit\u00e4t Munich, Germany (IFPH)<\/p>\n<p>&#8211; Paul Nolte, Freie Universit\u00e4t Berlin, Germany<\/p>\n<p>&#8211; Irmgard Z\u00fcndorf, Leibniz Centre for Contemporary History, Potsdam, Germany (ZZF)<\/p>\n<p>&#8211; Martin L\u00fccke, Freie Universit\u00e4t Berlin, Germany<\/p>\n<p>&#8211; Frank Drauschke, Facts &amp; Files, Berlin, Germany (AGAG)<\/p>\n<p>&#8211; Frank B\u00f6sch, Leibniz Centre for Contemporary History, Potsdam, Germany (ZZF)\/ Verband der Historiker und Historikerinnen Deutschlands (VHD), Germany<\/p>\n<p>&#8211; David Glassberg, University of Massachusetts, Amherst, USA (NCPH)<\/p>\n<p>&#8211; Dana Schaffer, American Historical Association, Washington, DC, USA<\/p>\n<p>&#8211; Thomas Cauvin, Colorado State University, Fort Collins, USA<\/p>\n<p>&#8211; Catalina Mu\u00f1oz, Universidad de los Andes, Bogota, Colombia<\/p>\n<p>&#8211; Joanna Wojdon, University of Wroc\u0142aw, Poland<\/p>\n<p>&#8211; David Dean, Carleton University, Ottawa, Canada<\/p>\n<p>A separate call for poster proposals will be announced in early 2020.<\/p>\n<p>&nbsp;<\/p>\n<p><a href=\"https:\/\/www.hsozkult.de\/event\/id\/termine-40998\">https:\/\/www.hsozkult.de\/event\/id\/termine-40998<\/a><\/p>\n<p>&nbsp;<\/p>\n<p>&nbsp;<\/p>\n","protected":false},"excerpt":{"rendered":"","protected":false},"author":2,"featured_media":16135,"comment_status":"open","ping_status":"open","sticky":false,"template":"","format":"standard","meta":{"_acf_changed":false,"jetpack_post_was_ever_published":false,"_jetpack_newsletter_access":"","_jetpack_dont_email_post_to_subs":false,"_jetpack_newsletter_tier_id":0,"_jetpack_memberships_contains_paywalled_content":false,"_jetpack_memberships_contains_paid_content":false,"footnotes":"","jetpack_publicize_message":"","jetpack_publicize_feature_enabled":true,"jetpack_social_post_already_shared":true,"jetpack_social_options":{"image_generator_settings":{"template":"highway","default_image_id":0,"font":"","enabled":false},"version":2}},"categories":[3,9],"tags":[],"class_list":["post-16134","post","type-post","status-publish","format-standard","has-post-thumbnail","hentry","category-novosti","category-skupovi"],"acf":{"facebook_opis":""},"jetpack_publicize_connections":[],"jetpack_featured_media_url":"https:\/\/i0.wp.com\/historiografija.hr\/wp-content\/uploads\/2019\/08\/IFPH.png?fit=224%2C199&ssl=1","jetpack_sharing_enabled":true,"jetpack-related-posts":[{"id":52641,"url":"https:\/\/historiografija.hr\/?p=52641","url_meta":{"origin":16134,"position":0},"title":"CfP: WHO OWNS THE PAST? VERNACULAR MEMORY, STATE MEMORY, AND THE POLITICS OF OWNERSHIP","author":"Branimir Jankovi\u0107","date":"24. travnja 2026.","format":false,"excerpt":"VIENNA, 31ST AUGUST\u20133RD SEPTEMBER 2026 (DEADLINE: 24TH APRIL 2026) The Center for Austrian Studies at the European Forum at the Hebrew University and the Austrian Academy of Sciences\/Institute of Culture Studies invite early postdocs, PhD candidates, and advanced Master\u2019s students from the Hebrew University of Jerusalem and universities and academic\u2026","rel":"","context":"U &quot;Novosti&quot;","block_context":{"text":"Novosti","link":"https:\/\/historiografija.hr\/?cat=3"},"img":{"alt_text":"","src":"https:\/\/i0.wp.com\/historiografija.hr\/wp-content\/uploads\/2017\/10\/hsozkult.png?fit=1006%2C241&ssl=1&resize=350%2C200","width":350,"height":200,"srcset":"https:\/\/i0.wp.com\/historiografija.hr\/wp-content\/uploads\/2017\/10\/hsozkult.png?fit=1006%2C241&ssl=1&resize=350%2C200 1x, https:\/\/i0.wp.com\/historiografija.hr\/wp-content\/uploads\/2017\/10\/hsozkult.png?fit=1006%2C241&ssl=1&resize=525%2C300 1.5x, https:\/\/i0.wp.com\/historiografija.hr\/wp-content\/uploads\/2017\/10\/hsozkult.png?fit=1006%2C241&ssl=1&resize=700%2C400 2x"},"classes":[]},{"id":52664,"url":"https:\/\/historiografija.hr\/?p=52664","url_meta":{"origin":16134,"position":1},"title":"CfP: CONFERENCE OF THE HISTORY OF CONCEPTS GROUP, HELSINKI, 19TH\u201321ST AUGUST 2026 (DEADLINE: 30TH APRIL 2026)","author":"Branimir Jankovi\u0107","date":"24. travnja 2026.","format":false,"excerpt":"The annual conference of the History of Concepts Group is held at the University of Helsinki, 19-21 August 2026. Conference of the History of Concepts Group Conceptual history studies the use of concepts and tries to understand how historical actors have linguistically articulated views of the world. Studying concepts from\u2026","rel":"","context":"U &quot;Novosti&quot;","block_context":{"text":"Novosti","link":"https:\/\/historiografija.hr\/?cat=3"},"img":{"alt_text":"","src":"https:\/\/i0.wp.com\/historiografija.hr\/wp-content\/uploads\/2017\/10\/hsozkult.png?fit=1006%2C241&ssl=1&resize=350%2C200","width":350,"height":200,"srcset":"https:\/\/i0.wp.com\/historiografija.hr\/wp-content\/uploads\/2017\/10\/hsozkult.png?fit=1006%2C241&ssl=1&resize=350%2C200 1x, https:\/\/i0.wp.com\/historiografija.hr\/wp-content\/uploads\/2017\/10\/hsozkult.png?fit=1006%2C241&ssl=1&resize=525%2C300 1.5x, https:\/\/i0.wp.com\/historiografija.hr\/wp-content\/uploads\/2017\/10\/hsozkult.png?fit=1006%2C241&ssl=1&resize=700%2C400 2x"},"classes":[]},{"id":52516,"url":"https:\/\/historiografija.hr\/?p=52516","url_meta":{"origin":16134,"position":2},"title":"Marko Grde\u0161i\u0107, Mislav \u017ditko, \u201eSocialist Economics in Yugoslavia: A Critical History\u201c","author":"Branimir Jankovi\u0107","date":"17. travnja 2026.","format":false,"excerpt":"This book presents a critical history of Yugoslav socialist economics, from its inception in the late 1940s to its dissolution in the late 1980s. After the dramatic break with the Soviet Union in 1948, Yugoslavia found itself in urgent need of a third way: A socialist trajectory which would not\u2026","rel":"","context":"U &quot;Knjige&quot;","block_context":{"text":"Knjige","link":"https:\/\/historiografija.hr\/?cat=8"},"img":{"alt_text":"","src":"https:\/\/i0.wp.com\/historiografija.hr\/wp-content\/uploads\/2026\/04\/Zitko_Grdesic.jpg?fit=350%2C535&ssl=1&resize=350%2C200","width":350,"height":200},"classes":[]},{"id":52531,"url":"https:\/\/historiografija.hr\/?p=52531","url_meta":{"origin":16134,"position":3},"title":"Jonathan G. Leslie, \u201eFear and Insecurity: Israel and the Iran Threat Narrative\u201c","author":"Branimir Jankovi\u0107","date":"17. travnja 2026.","format":false,"excerpt":"Why is Israel\u2019s former ally Iran now perceived as the country\u2019s greatest threat? Description To observers of the Iran-Israel conflict, its vitriolic rhetoric might suggest an ancient hatred between Jews and Muslims\u2013a biblical feud dating back hundreds, or thousands, of years. But this rivalry is a far more modern development.\u2026","rel":"","context":"U &quot;Knjige&quot;","block_context":{"text":"Knjige","link":"https:\/\/historiografija.hr\/?cat=8"},"img":{"alt_text":"","src":"https:\/\/i0.wp.com\/historiografija.hr\/wp-content\/uploads\/2026\/04\/Leslie.jpg?fit=391%2C612&ssl=1&resize=350%2C200","width":350,"height":200},"classes":[]},{"id":52622,"url":"https:\/\/historiografija.hr\/?p=52622","url_meta":{"origin":16134,"position":4},"title":"Annual CAPONEU conference: Political Novel in Europe Between Democracy and Authoritarianism","author":"Branimir Jankovi\u0107","date":"23. travnja 2026.","format":false,"excerpt":"Caponeu event 22.04.2026 - 24.04.2026 Location: The Faculty of Polish and Classical Philology AMU (Fredry 10, Pozna\u0144)Organized by: Tomasz Mizerkiewicz, Krystyna Pieni\u0105\u017cek-Markovi\u0107, Anna Gawarecka, Ewa Szperlik, Magda Potok, B\u0142a\u017cej Warkocki, Gerard Ronge (all Adam Mickiewicz University in Pozna\u0144)Contact: gerron@amu.edu.pl The Adam Mickiewicz University team, as part of the international CAPONEU\u2026","rel":"","context":"U &quot;Novosti&quot;","block_context":{"text":"Novosti","link":"https:\/\/historiografija.hr\/?cat=3"},"img":{"alt_text":"","src":"https:\/\/i0.wp.com\/historiografija.hr\/wp-content\/uploads\/2026\/04\/Caponeu-political-novel.jpg?fit=500%2C261&ssl=1&resize=350%2C200","width":350,"height":200},"classes":[]},{"id":52625,"url":"https:\/\/historiografija.hr\/?p=52625","url_meta":{"origin":16134,"position":5},"title":"Omer Bartov, \u201eIsrael: What Went Wrong?\u201c","author":"Branimir Jankovi\u0107","date":"23. travnja 2026.","format":false,"excerpt":"Professor Omer Bartov was born on a kibbutz, grew up in Tel Aviv and served in the Israel Defence Forces during the Yom Kippur War. He went on to become an expert on the German army and the Holocaust, before turning his attention to his native country.In Israel: What Went\u2026","rel":"","context":"U &quot;Knjige&quot;","block_context":{"text":"Knjige","link":"https:\/\/historiografija.hr\/?cat=8"},"img":{"alt_text":"","src":"https:\/\/i0.wp.com\/historiografija.hr\/wp-content\/uploads\/2026\/04\/Bartov.jpeg?fit=320%2C500&ssl=1&resize=350%2C200","width":350,"height":200},"classes":[]}],"_links":{"self":[{"href":"https:\/\/historiografija.hr\/index.php?rest_route=\/wp\/v2\/posts\/16134","targetHints":{"allow":["GET"]}}],"collection":[{"href":"https:\/\/historiografija.hr\/index.php?rest_route=\/wp\/v2\/posts"}],"about":[{"href":"https:\/\/historiografija.hr\/index.php?rest_route=\/wp\/v2\/types\/post"}],"author":[{"embeddable":true,"href":"https:\/\/historiografija.hr\/index.php?rest_route=\/wp\/v2\/users\/2"}],"replies":[{"embeddable":true,"href":"https:\/\/historiografija.hr\/index.php?rest_route=%2Fwp%2Fv2%2Fcomments&post=16134"}],"version-history":[{"count":2,"href":"https:\/\/historiografija.hr\/index.php?rest_route=\/wp\/v2\/posts\/16134\/revisions"}],"predecessor-version":[{"id":16137,"href":"https:\/\/historiografija.hr\/index.php?rest_route=\/wp\/v2\/posts\/16134\/revisions\/16137"}],"wp:featuredmedia":[{"embeddable":true,"href":"https:\/\/historiografija.hr\/index.php?rest_route=\/wp\/v2\/media\/16135"}],"wp:attachment":[{"href":"https:\/\/historiografija.hr\/index.php?rest_route=%2Fwp%2Fv2%2Fmedia&parent=16134"}],"wp:term":[{"taxonomy":"category","embeddable":true,"href":"https:\/\/historiografija.hr\/index.php?rest_route=%2Fwp%2Fv2%2Fcategories&post=16134"},{"taxonomy":"post_tag","embeddable":true,"href":"https:\/\/historiografija.hr\/index.php?rest_route=%2Fwp%2Fv2%2Ftags&post=16134"}],"curies":[{"name":"wp","href":"https:\/\/api.w.org\/{rel}","templated":true}]}}