{"id":16110,"date":"2019-08-27T13:33:26","date_gmt":"2019-08-27T13:33:26","guid":{"rendered":"http:\/\/historiografija.hr\/?p=16110"},"modified":"2019-08-27T13:33:26","modified_gmt":"2019-08-27T13:33:26","slug":"poziv-za-prijavu-na-znanstveni-skup-mare-nostrum-nase-more-1069-2019","status":"publish","type":"post","link":"https:\/\/historiografija.hr\/?p=16110","title":{"rendered":"Poziv za prijavu na znanstveni skup &#8220;Mare nostrum \/ Na\u0161e more (1069. \u2013 2019.)&#8221;"},"content":{"rendered":"<p>HAZU Zavod za znanstveni i umjetni\u010dki rad u Splitu i Hrvatski pomorski muzej Split organiziraju znanstveni skup &#8220;Mare nostrum \/ Na\u0161e more (1069. \u2013 2019.)&#8221; povodom 950. obljetnice prvog spomena Jadrana \u201ena\u0161im morem\u201c (Hrvatski pomorski muzej Split, Tvr\u0111ava Gripe, Glagolja\u0161a 18, 12 studenog 2019).<\/p>\n<p>&nbsp;<\/p>\n<p>Petar Kre\u0161imir IV \u201ekralj Hrvatske i Dalmacije\u201e (<em>Croatiae Dalmatiaeque rex<\/em>) povodom pri\u0161irenja svoje dr\u017eave na kopnu i na moru, izdao je 1069. godine u Ninu ispravu u kojoj isto\u010dni dio Jadrana nagla\u0161ava i proklamira \u201ena\u0161im morem\u201c.\u00a0 Hrvatski su knezovi i kraljevi, ve\u0107 preko dva i po stolje\u0107a prije, vladali isto\u010dnom obalom Jadranskoga mora i \u010desto bili stvarni gospodari ovoga mora, ali to im nije priznavao vrhovni gospodar ovih obala i njihovih gradova, odnosno bizantskog temata Dalmacije. Petar Kre\u0161imir IV, kojemu je uspjelo ujediniti hrvatski teritorij s dalmatinskim uz pristanak i odobrenje bizantskog cara, postao je i gospodar ne samo onih dijelova jadranske obale i otoka koji su se nalazili izvan dalmatinskih gradova nego i onih pred njima i uz njih, pa je on s pravom mogao prvi put u povijesti Hrvatske dr\u017eave nazvati ovo more \u201ena\u0161im morem\u201c. Zbog toga je ova isprava prvi javno izra\u017eeni, danas poznati izraz hrvatske dominacije na ovome moru, jedan najja\u010di oslonac na\u0161ih pro\u0161lih prava na ovo more, u pro\u0161losti hrvatsko i danas hrvatsko. Od tada pa do danas hrvatsko more svjedo\u010dilo je burnim povijesnim mijenama, doga\u0111ajima i protagonostima \u00a0koji su stvarali njegovu povijest.<\/p>\n<p>&nbsp;<\/p>\n<p>Iako hrvatska znanost i historiografija obiluje mno\u0161tvom spoznaja o na\u0161em moru i krajevima koje ono oplakuje, 950. obljetnica prvog spomena Jadrana \u201ena\u0161im morem\u201c prigoda je za \u0161irenje i dopunu saznanja novim istra\u017eivanjima i prinosima.<\/p>\n<p>&nbsp;<\/p>\n<p>HAZU Zavod za znanstveni i umjetni\u010dki rad u Splitu i Hrvatski pomorski muzej Split organiziraju znanstveni skup na temu \u201ena\u0161eg mora\u201c. Ovim skupom nastojat \u0107emo donijeti nova saznanja o povijesti isto\u010dnog dijela Jadrana, kontinuitetu \u017eivota na Jadranu proteklih tisu\u0107lje\u0107a kojeg su Hrvati uspje\u0161no odr\u017eali, arheolo\u0161kim i podmorskim nalazima, pomorskim putovima i trgovini tijekom tisu\u0107lje\u0107a, povijesnom tijeku razvoja pomorstva na Jadranu, tehnolo\u0161kom i gospodarskom razvoju, brodogradnji i brodarstvu&#8230;.<\/p>\n<p>&nbsp;<\/p>\n<p>Hrvatska je primorska i pomorska zemlja, \u0161to rado isti\u010demo i di\u010dimo se time, no \u010dinjenica je da u nas, na planu pomorske povijesti i ba\u0161tine, jo\u0161 uvijek nedostaju neka analiti\u010dka djela i sinteze, a osobito s aspekta kulturolo\u0161kih, antropolo\u0161kih i etnolo\u0161kih istra\u017eivanja i obrada. Na tom tragu, nova saznanja koja bi donio ovaj skup, bio bi vrijedan prinos hrvatskoj pomorskoj povijesti, iz koje se mo\u017ee i\u0161\u010ditati i mnogo drugih podataka o vremenu i prostoru, odnosno najplodonosnijem razdoblju hrvatskog pomorstva. Povijest hrvatskog pomorstva i vrijedna gra\u0111a koju ba\u0161tinimo, a \u010duva se u privatnim i Dr\u017eavnim arhivima te raznim institucijama i muzejima, a koja jo\u0161 uvijek nije dostatno valorizirana va\u017ean su segment hrvatske nacionalne povijesti, ali i nezaobilazan dio sredozemnog, odnosno svjetskoga pomorstva.<\/p>\n<p>&nbsp;<\/p>\n<p>U prilogu dostavljamo prijavni list za izlaganje na skupu. Molimo Vas da ispunjenu prijavu sa sa\u017eetkom dostavite na e-mail adresu <a href=\"mailto:simpozij.nase.more@gmail.com\">simpozij.nase.more@gmail.com<\/a> do 15. rujna 2019. godine. Sa\u017eeci \u0107e biti objavljeni u knjizi sa\u017eetaka, dok je tisak zbornika radova predvi\u0111en za 2021. godinu.<\/p>\n<p>&nbsp;<\/p>\n<p>S po\u0161tovanjem<\/p>\n<p>&nbsp;<\/p>\n<p>Inicijativni odbor<\/p>\n<p>Akademik Davorin Rudolf<\/p>\n<p>Prof. dr. Dragan Ljuti\u0107, rektor Sveu\u010dili\u0161ta u Splitu<\/p>\n<p>Dr. sc. Danka Radi\u0107, ravnateljica Hrvatskog pomorskog muzeja Split<\/p>\n<p><strong>\u00a0<\/strong><\/p>\n<p><strong>\u00a0<\/strong><\/p>\n<p><a href=\"https:\/\/historiografija.hr\/wp-content\/uploads\/2019\/08\/HPMS-znanstveni-skup.doc\">HPMS-znanstveni skup<\/a><\/p>\n<p>&nbsp;<\/p>\n<p>&nbsp;<\/p>\n<p><strong>\u00a0<\/strong><\/p>\n<p><strong>\u00a0<\/strong><\/p>\n","protected":false},"excerpt":{"rendered":"","protected":false},"author":2,"featured_media":16111,"comment_status":"open","ping_status":"open","sticky":false,"template":"","format":"standard","meta":{"_acf_changed":false,"jetpack_post_was_ever_published":false,"_jetpack_newsletter_access":"","_jetpack_dont_email_post_to_subs":false,"_jetpack_newsletter_tier_id":0,"_jetpack_memberships_contains_paywalled_content":false,"_jetpack_memberships_contains_paid_content":false,"footnotes":"","jetpack_publicize_message":"","jetpack_publicize_feature_enabled":true,"jetpack_social_post_already_shared":true,"jetpack_social_options":{"image_generator_settings":{"template":"highway","default_image_id":0,"font":"","enabled":false},"version":2}},"categories":[3,9],"tags":[],"class_list":["post-16110","post","type-post","status-publish","format-standard","has-post-thumbnail","hentry","category-novosti","category-skupovi"],"acf":{"facebook_opis":""},"jetpack_publicize_connections":[],"jetpack_featured_media_url":"https:\/\/i0.wp.com\/historiografija.hr\/wp-content\/uploads\/2019\/08\/pomorski.jpg?fit=500%2C1065&ssl=1","jetpack_sharing_enabled":true,"jetpack-related-posts":[{"id":52559,"url":"https:\/\/historiografija.hr\/?p=52559","url_meta":{"origin":16110,"position":0},"title":"Dobitnici dr\u017eavne nagrade za znanost za 2024. godinu","author":"Branimir Jankovi\u0107","date":"20. travnja 2026.","format":false,"excerpt":"Na sjednici Odbora za podjelu dr\u017eavnih nagrada za znanost odr\u017eanoj 16. travnja 2026. godine donesena je Odluka o dodjeli dr\u017eavnih nagrada za znanost za 2024. godinu. Godi\u0161njom nagradom za popularizaciju i promid\u017ebu znanosti nagra\u0111eni su u podru\u010dju humanisti\u010dkih znanosti znanstveni suradnici dr. sc. Josip Mihaljevi\u0107 i dr. sc. Gordan Ravan\u010di\u0107,\u2026","rel":"","context":"U &quot;Novosti&quot;","block_context":{"text":"Novosti","link":"https:\/\/historiografija.hr\/?cat=3"},"img":{"alt_text":"","src":"https:\/\/i0.wp.com\/historiografija.hr\/wp-content\/uploads\/2021\/12\/povijesne-kontroverze.jpg?fit=1200%2C675&ssl=1&resize=350%2C200","width":350,"height":200,"srcset":"https:\/\/i0.wp.com\/historiografija.hr\/wp-content\/uploads\/2021\/12\/povijesne-kontroverze.jpg?fit=1200%2C675&ssl=1&resize=350%2C200 1x, https:\/\/i0.wp.com\/historiografija.hr\/wp-content\/uploads\/2021\/12\/povijesne-kontroverze.jpg?fit=1200%2C675&ssl=1&resize=525%2C300 1.5x, https:\/\/i0.wp.com\/historiografija.hr\/wp-content\/uploads\/2021\/12\/povijesne-kontroverze.jpg?fit=1200%2C675&ssl=1&resize=700%2C400 2x, https:\/\/i0.wp.com\/historiografija.hr\/wp-content\/uploads\/2021\/12\/povijesne-kontroverze.jpg?fit=1200%2C675&ssl=1&resize=1050%2C600 3x"},"classes":[]},{"id":52502,"url":"https:\/\/historiografija.hr\/?p=52502","url_meta":{"origin":16110,"position":1},"title":"Novi znanstveni projekt Hrvatskog instituta za povijest: \u201c\u017drtve ratova i dr\u017eavnog\/politi\u010dkog nasilja u hrvatskoj povijesti 20. stolje\u0107a\u201d","author":"Branimir Jankovi\u0107","date":"17. travnja 2026.","format":false,"excerpt":"Na redovitoj sjednici Vlade RH, 16. travnja 2026., donijet je Zaklju\u010dak kojim se pokre\u0107e znanstveni projekt \u201c\u017drtve ratova i dr\u017eavnog\/politi\u010dkog nasilja u hrvatskoj povijesti 20. stolje\u0107a\u201d. Projekt \u0107e provoditi i koordinirati Hrvatski institut za povijest u razdoblju trajanja projekta od pet godina. Zakljucak Vlade RH Iz teksta projektnog prijedloga: Problematika\u2026","rel":"","context":"U &quot;Novosti&quot;","block_context":{"text":"Novosti","link":"https:\/\/historiografija.hr\/?cat=3"},"img":{"alt_text":"","src":"https:\/\/i0.wp.com\/historiografija.hr\/wp-content\/uploads\/2026\/04\/Vlada-RH.jpg?fit=1200%2C557&ssl=1&resize=350%2C200","width":350,"height":200,"srcset":"https:\/\/i0.wp.com\/historiografija.hr\/wp-content\/uploads\/2026\/04\/Vlada-RH.jpg?fit=1200%2C557&ssl=1&resize=350%2C200 1x, https:\/\/i0.wp.com\/historiografija.hr\/wp-content\/uploads\/2026\/04\/Vlada-RH.jpg?fit=1200%2C557&ssl=1&resize=525%2C300 1.5x, https:\/\/i0.wp.com\/historiografija.hr\/wp-content\/uploads\/2026\/04\/Vlada-RH.jpg?fit=1200%2C557&ssl=1&resize=700%2C400 2x, https:\/\/i0.wp.com\/historiografija.hr\/wp-content\/uploads\/2026\/04\/Vlada-RH.jpg?fit=1200%2C557&ssl=1&resize=1050%2C600 3x"},"classes":[]},{"id":52578,"url":"https:\/\/historiografija.hr\/?p=52578","url_meta":{"origin":16110,"position":2},"title":"Poziv za sudjelovanje: XXII. Dani Julija Bene\u0161i\u0107a u Iloku","author":"Branimir Jankovi\u0107","date":"21. travnja 2026.","format":false,"excerpt":"Zavod za lingvisti\u010dka istra\u017eivanja Hrvatske akademije znanosti i umjetnosti, zajedno s Muzejom grada Iloka, organizira XXII. Dane Julija Bene\u0161i\u0107a, koji \u0107e se odr\u017eati od 28. do 30. listopada 2026. u Iloku.\u00a0Teme ovogodi\u0161njih Dana podijeljene su u dvije cjeline: Knji\u017eevno-jezikoslovni d\u00ecv\u0101n s Bene\u0161i\u0107em te Ilok i Srijem u povijesnim stalnicama i\u2026","rel":"","context":"U &quot;Novosti&quot;","block_context":{"text":"Novosti","link":"https:\/\/historiografija.hr\/?cat=3"},"img":{"alt_text":"","src":"https:\/\/i0.wp.com\/historiografija.hr\/wp-content\/uploads\/2019\/10\/HE2_Benesic.jpg?fit=413%2C591&ssl=1&resize=350%2C200","width":350,"height":200},"classes":[]},{"id":52660,"url":"https:\/\/historiografija.hr\/?p=52660","url_meta":{"origin":16110,"position":3},"title":"Medijski odjeci \u010dlanka Steve \u0110ura\u0161kovi\u0107a \u201e\u017dupanovljeva ne\u017eeljena djeca: ideolo\u0161ko pribli\u017eavanje neoliberala i kr\u0161\u0107anske radikalne desnice u Hrvatskoj\u201c","author":"Branimir Jankovi\u0107","date":"24. travnja 2026.","format":false,"excerpt":"U sklopu projekta \u201eIzazovi intelektualne povijesti: recepcije, preobrazbe i upotrebe politi\u010dkih ideja\u201c objavljen je polemi\u010dki \u010dlanak Steve \u0110ura\u0161kovi\u0107a \u201e\u017dupanovljeva ne\u017eeljena djeca: ideolo\u0161ko pribli\u017eavanje neoliberala i kr\u0161\u0107anske radikalne desnice u Hrvatskoj\u201c, koji je izazvao odre\u0111ene medijske reakcije. Stevo \u0110ura\u0161kovi\u0107 \u017dupanovljeva ne\u017eeljena djeca: ideolo\u0161ko pribli\u017eavanje neoliberala i kr\u0161\u0107anske radikalne desnice u Hrvatskoj\u2026","rel":"","context":"U &quot;Novosti&quot;","block_context":{"text":"Novosti","link":"https:\/\/historiografija.hr\/?cat=3"},"img":{"alt_text":"","src":"https:\/\/i0.wp.com\/historiografija.hr\/wp-content\/uploads\/2026\/04\/SD.png?fit=809%2C821&ssl=1&resize=350%2C200","width":350,"height":200,"srcset":"https:\/\/i0.wp.com\/historiografija.hr\/wp-content\/uploads\/2026\/04\/SD.png?fit=809%2C821&ssl=1&resize=350%2C200 1x, https:\/\/i0.wp.com\/historiografija.hr\/wp-content\/uploads\/2026\/04\/SD.png?fit=809%2C821&ssl=1&resize=525%2C300 1.5x, https:\/\/i0.wp.com\/historiografija.hr\/wp-content\/uploads\/2026\/04\/SD.png?fit=809%2C821&ssl=1&resize=700%2C400 2x"},"classes":[]},{"id":52148,"url":"https:\/\/historiografija.hr\/?p=52148","url_meta":{"origin":16110,"position":4},"title":"Poziv za prijavu na me\u0111unarodnu znanstvenu konferenciju \u201eGranice (ne)slobode: Zadarski krug 1966. Intelektualna opozicija u totalitarnom dru\u0161tvu\u201c","author":"Branimir Jankovi\u0107","date":"27. o\u017eujka 2026.","format":false,"excerpt":"\u00a0\u00a0\u00a0\u00a0 Povodom \u0161ezdesete obljetnice poku\u0161aja osnivanja \u010dasopisa Slobodan glas u Zadru 1966. godine, pozivamo vas na znanstvenu konferenciju posve\u0107enu istra\u017eivanju disidentstva, intelektualne opozicije i granica divergentnog mi\u0161ljenja nasuprot slu\u017ebenoj ideologiji u komunisti\u010dkoj Jugoslaviji. Ideja konferencije je analizirati konkretan fenomen zadarskog slu\u010daja razloge i okolnosti njegove pojave, ali uz otvaranje komparativnih\u2026","rel":"","context":"U &quot;Novosti&quot;","block_context":{"text":"Novosti","link":"https:\/\/historiografija.hr\/?cat=3"},"img":{"alt_text":"","src":"https:\/\/i0.wp.com\/historiografija.hr\/wp-content\/uploads\/2026\/03\/Poziv-konferencija-Zadar.jpg?fit=1200%2C509&ssl=1&resize=350%2C200","width":350,"height":200,"srcset":"https:\/\/i0.wp.com\/historiografija.hr\/wp-content\/uploads\/2026\/03\/Poziv-konferencija-Zadar.jpg?fit=1200%2C509&ssl=1&resize=350%2C200 1x, https:\/\/i0.wp.com\/historiografija.hr\/wp-content\/uploads\/2026\/03\/Poziv-konferencija-Zadar.jpg?fit=1200%2C509&ssl=1&resize=525%2C300 1.5x, https:\/\/i0.wp.com\/historiografija.hr\/wp-content\/uploads\/2026\/03\/Poziv-konferencija-Zadar.jpg?fit=1200%2C509&ssl=1&resize=700%2C400 2x, https:\/\/i0.wp.com\/historiografija.hr\/wp-content\/uploads\/2026\/03\/Poziv-konferencija-Zadar.jpg?fit=1200%2C509&ssl=1&resize=1050%2C600 3x"},"classes":[]},{"id":52499,"url":"https:\/\/historiografija.hr\/?p=52499","url_meta":{"origin":16110,"position":5},"title":"POTPISAN UGOVOR O ZNANSTVENO-ISTRA\u017dIVA\u010cKOJ SURADNJI: PROJEKT \u201eTEMELJI HRVATSKE SAMOSTALNOSTI\u201d","author":"Branimir Jankovi\u0107","date":"17. travnja 2026.","format":false,"excerpt":"Hrvatski institut za povijest, Sveu\u010dili\u0161te obrane i sigurnosti \u201eDr. Franjo Tu\u0111man\u201d, Institut dru\u0161tvenih znanosti Ivo Pilar i Hrvatski dr\u017eavni arhiv\u00a0potpisali su 23. o\u017eujka 2026.\u00a0Ugovor o znanstveno-istra\u017eiva\u010dkoj suradnji s ciljem provedbe projekta \u201eTemelji hrvatske samostalnosti\u201d. Tim projektom obuhva\u0107a se istra\u017eivanje arhivskoga gradiva, priprema znanstvenih publikacija, digitalizacija i javna prezentacija rezultata istra\u017eivanja\u2026","rel":"","context":"U &quot;Novosti&quot;","block_context":{"text":"Novosti","link":"https:\/\/historiografija.hr\/?cat=3"},"img":{"alt_text":"","src":"https:\/\/i0.wp.com\/historiografija.hr\/wp-content\/uploads\/2026\/04\/THS_sporazum.jpg?fit=1200%2C583&ssl=1&resize=350%2C200","width":350,"height":200,"srcset":"https:\/\/i0.wp.com\/historiografija.hr\/wp-content\/uploads\/2026\/04\/THS_sporazum.jpg?fit=1200%2C583&ssl=1&resize=350%2C200 1x, https:\/\/i0.wp.com\/historiografija.hr\/wp-content\/uploads\/2026\/04\/THS_sporazum.jpg?fit=1200%2C583&ssl=1&resize=525%2C300 1.5x, https:\/\/i0.wp.com\/historiografija.hr\/wp-content\/uploads\/2026\/04\/THS_sporazum.jpg?fit=1200%2C583&ssl=1&resize=700%2C400 2x, https:\/\/i0.wp.com\/historiografija.hr\/wp-content\/uploads\/2026\/04\/THS_sporazum.jpg?fit=1200%2C583&ssl=1&resize=1050%2C600 3x"},"classes":[]}],"_links":{"self":[{"href":"https:\/\/historiografija.hr\/index.php?rest_route=\/wp\/v2\/posts\/16110","targetHints":{"allow":["GET"]}}],"collection":[{"href":"https:\/\/historiografija.hr\/index.php?rest_route=\/wp\/v2\/posts"}],"about":[{"href":"https:\/\/historiografija.hr\/index.php?rest_route=\/wp\/v2\/types\/post"}],"author":[{"embeddable":true,"href":"https:\/\/historiografija.hr\/index.php?rest_route=\/wp\/v2\/users\/2"}],"replies":[{"embeddable":true,"href":"https:\/\/historiografija.hr\/index.php?rest_route=%2Fwp%2Fv2%2Fcomments&post=16110"}],"version-history":[{"count":1,"href":"https:\/\/historiografija.hr\/index.php?rest_route=\/wp\/v2\/posts\/16110\/revisions"}],"predecessor-version":[{"id":16113,"href":"https:\/\/historiografija.hr\/index.php?rest_route=\/wp\/v2\/posts\/16110\/revisions\/16113"}],"wp:featuredmedia":[{"embeddable":true,"href":"https:\/\/historiografija.hr\/index.php?rest_route=\/wp\/v2\/media\/16111"}],"wp:attachment":[{"href":"https:\/\/historiografija.hr\/index.php?rest_route=%2Fwp%2Fv2%2Fmedia&parent=16110"}],"wp:term":[{"taxonomy":"category","embeddable":true,"href":"https:\/\/historiografija.hr\/index.php?rest_route=%2Fwp%2Fv2%2Fcategories&post=16110"},{"taxonomy":"post_tag","embeddable":true,"href":"https:\/\/historiografija.hr\/index.php?rest_route=%2Fwp%2Fv2%2Ftags&post=16110"}],"curies":[{"name":"wp","href":"https:\/\/api.w.org\/{rel}","templated":true}]}}