{"id":16046,"date":"2019-08-21T13:32:14","date_gmt":"2019-08-21T13:32:14","guid":{"rendered":"http:\/\/historiografija.hr\/?p=16046"},"modified":"2019-08-21T13:42:15","modified_gmt":"2019-08-21T13:42:15","slug":"o-multiperspektivnosti-i-mnogim-licima-povijesti-staroga-vijeka-intervju-s-oswynom-murrayjem-an-interview-with-oswyn-murray","status":"publish","type":"post","link":"https:\/\/historiografija.hr\/?p=16046","title":{"rendered":"O multiperspektivnosti i mnogim \u201elicima\u201c povijesti staroga vijeka \u2013 Intervju s Oswynom Murrayjem \/ An interview with Oswyn Murray"},"content":{"rendered":"<p>&nbsp;<\/p>\n<p><strong>O multiperspektivnosti i mnogim \u201elicima\u201c povijesti staroga vijeka \u2013 <\/strong><strong>Intervju s Oswynom Murrayjem<\/strong><\/p>\n<p><strong>\u00a0<\/strong><\/p>\n<p>Oswyn Murray je <em>professor emeritus<\/em> s Balliol koled\u017ea u Oxfordu, kao i suradnik u nekoliko drugih znanstvenih institucija. Njegovi su interesi ponajprije usmjereni na starogr\u010dku povijest te je u tom polju objavio niz zna\u010dajnih djela kao \u0161to su <em>Early Greece <\/em>i<em> Sympotica<\/em><em>,<\/em> u kojima je gr\u010dku povijest i dru\u0161tvo promatrao s razli\u010ditih gledi\u0161ta. Profesor Murray tako\u0111er je bio urednik zbornika <em>The Greek City<\/em>, kao i sinteze<em> Oxford History of the Classical World<\/em><em>. <\/em><\/p>\n<p>&nbsp;<\/p>\n<p>Na Filozofskome fakultetu Sveu\u010dili\u0161ta u Zagrebu 21. svibnja 2019. godine profesor Murray odr\u017eao je predavanje na temu <em>Sympotic history <\/em>u kojemu se bavio tematikom gr\u010dkih simpozija, pritom sagledavaju\u0107i niz aspekata tog fenomena. Potrebno je pojasniti da se termin simpozij u anti\u010dkome svijetu odnosio na zasebni dio gozbi u kojemu se nakon konzumiranja hrane i pi\u0107a prelazilo na intelektualno stimulativnije teme, kao \u0161to su glazbene izvedbe, recitali i razgovori. Tom smo prilikom kontaktirali s profesorom koji je pristao na intervju te mu na tome iznimno zahvaljujemo.<\/p>\n<p><strong>\u00a0<\/strong><\/p>\n<p><strong>PT: <\/strong><strong>We were wondering, why did you choose to study Antiquity? What exactly sparked your interest in the discipline? <\/strong><\/p>\n<p><strong>\u00a0<\/strong><\/p>\n<p><strong>OM: <\/strong>At school I wanted to learn Latin and Greek because they were the two most difficult subjects in the humanities, and therefore they attracted the most intelligent students and the best teachers. But I discovered I was better at history, which involves making connections between disparate objects and ideas, than at philology.<\/p>\n<p>&nbsp;<\/p>\n<p><strong>PT: In which components of your work would you recognize traces of Arnaldo Momigliano&#8217;s<a href=\"#_ftn1\" name=\"_ftnref1\">[1]<\/a> guidance and his ideas? Which among his many lessons would you consider crucial for modern-day historians of Antiquity to apply in their work?<\/strong><\/p>\n<p><strong>\u00a0<\/strong><\/p>\n<p><strong>OM:<\/strong> Momigliano, professor at London, was appointed my doctoral supervisor because there was no-one in Oxford competent in the Hellenistic world. From the start I worshipped him, and we became close personal friends over thirty years. He was the fiercest of critics of his colleagues, but wonderfully helpful to those junior to him. You would go to him with a historical problem, and he never gave an answer; but five minutes of conversation transformed the problem, and inspired you to look for a new solution. Apart from the fundamental seriousness of true historical research, I think what I learned most was the importance of the classical tradition, and not to dismiss earlier scholars, but to try to understand why they wrote as they did. He knew everything, including what problems had not yet been solved.<\/p>\n<p>&nbsp;<\/p>\n<p><strong>PT: A couple of questions regarding your work. Would you consider your book \u201eEarly Greece\u201c which covers phenomena such as inter-cultural exchanges between the Greeks and the inhabitants of the Black Sea and Oriental regions as something of an antecedent to writing global history? Would you characterize the Mediterranean world in the examined period (especially after loads of new discoveries since the book came out) as a proto-globalized sphere?<\/strong><\/p>\n<p><strong>\u00a0<\/strong><\/p>\n<p><strong>OM:<\/strong> Yes, I have been asked to write a new edition of the book, and it will begin with global history and the Mediterranean world as a place of interchange. It will start with the Minoans and the Near East, and include new work on the Jewish mercenary settlements in Egypt. It will also include a new chapter on the Persian empire as a global phenomenon. These ideas were already hinted at in the earlier editions, but I did not know enough to write about them.<\/p>\n<p>&nbsp;<\/p>\n<p><strong>PT: What sparked your shift from writing or editing \u201eall-encompassing\u201c histories or encyclopaedias of the classical world and macro-historical works such as your analysis of Hellenistic political thought into more anthropocentric subjects exemplified by your work in the history of symposia? Did the <em>Annales<\/em> school and their focus on <em>histoire totale<\/em> and <em>histoire des mentalit\u00e9s<\/em> have any influence on your work generally or particularly on this shift? <\/strong><\/p>\n<p><strong>\u00a0<\/strong><\/p>\n<p><strong>OM: <\/strong>I began my doctoral work from a footnote in Rostovtzeff&#8217;s Social and Economic History of the Hellenistic World which said that research was needed on the Hellenistic theory of monarchy. My encyclopedic work was mainly as a result of publishing commissions. The shift to the symposion is the subject of my talk on Tuesday; but yes it was inspired by the work of Vernant<a href=\"#_ftn2\" name=\"_ftnref2\">[2]<\/a> and the <em>histoire des mentalit\u00e9s<\/em>, as well as by the discovery of art history and the tradition of Aby Warburg.<\/p>\n<p>&nbsp;<\/p>\n<p><strong>PT: Speaking from a continental perspective where we mostly study ancient history as part of human past instead of it being entailed as a part of classical studies, do you think it is possible to study ancient history outside the framework given by the discipline of classics? <\/strong><\/p>\n<p><strong>\u00a0<\/strong><\/p>\n<p><strong>OM:<\/strong> The great advantage of studying ancient classical history is that one can seek to master all the relevant disciplines by the end of one&#8217;s life: you can at least aim to create a total picture. It follows that these cultures being literate, one must study the ancient languages and literature in order to understand how they thought. Equally one must be aware of other periods and their problems. So one must try to be both a classical scholar and a general historian. That is very difficult at the start, but if art is long so too with luck is life. One should never stop learning new skills.<\/p>\n<p>&nbsp;<\/p>\n<p><strong>PT: In your opinion, what is the fundamental relevance of studying the classics and ancient history in the 21<sup>st <\/sup>century? Also, would you say ancient history has become more politicized in recent years?<\/strong><\/p>\n<p><strong>\u00a0<\/strong><\/p>\n<p><strong>OM:<\/strong> The 20th century was a disaster, as bad as the 17th in terms of persecution of intellectuals; the 21st century does not look much better. How can we save humanity? At least ancient history enables us to see a culture as a whole, without modern prejudices: the coals are still too hot in modern history. One thing I have fought against all my life is the politicisation of all historical phenomena: that is just to falsify history in order to create a modern myth for the worst elements in our own over-politicised culture. We should try to write a cultural history without politics, warfare, economics and perhaps without religion. My other great hero is of course Jacob Burckhardt, the wisest man in the age of nationalism.<\/p>\n<p>&nbsp;<\/p>\n<p><strong>PT: As someone whose career in the field of classics and ancient history has spanned more than half a century, what do you think how much was the discipline open to new impulses from other sciences and disciplines in that period? In which directions and topics of interest do you think the discipline will possibly be moving in the near future?<\/strong><\/p>\n<p><strong>\u00a0<\/strong><\/p>\n<p><strong>OM: <\/strong>We were fascinated by Marxism, structuralism, anthropology, sociology: we did our best to keep up with these our colleagues. People now seem to have retreated into positivism and technical problems, as if great ideas no longer existed. Perhaps they don&#8217;t: if so history will cease to be interesting. If there is hope it surely lies in the crossing of frontiers, between art, history, literature, and between different historical traditions in China, India \u2013 and perhaps in environmental studies and the biological sciences. I have been much impressed by the work of Stephen Jay Gould, also now dead.<\/p>\n<p>&nbsp;<\/p>\n<p><strong>Intervju proveli Andrija Banovi\u0107 i Igor Krnjeta.<\/strong><\/p>\n<p>U Zagrebu, 19. svibnja 2019.<\/p>\n<p><strong>\u00a0<\/strong><\/p>\n<p><strong>Napomena:\u00a0<\/strong>intervju \u0107e biti objavljen u dvojezi\u010dnom izdanju (na hrvatskom i engleskom) u \u010dasopisu studenata povijesti\u00a0<em>Pro tempore<\/em>\u00a0br. 14.<\/p>\n<p>&nbsp;<\/p>\n<hr \/>\n<p>&nbsp;<\/p>\n<p><a href=\"#_ftnref1\" name=\"_ftn1\">[1]<\/a> Arnaldo Momigliano (1908-1987) jedan je od najzna\u010dajnijih povjesni\u010dara staroga vijeka. Nakon isklju\u010denja s talijanskih sveu\u010dili\u0161ta 30-ih godina 20. stolje\u0107a zbog rasnih zakona, Momigliano bje\u017ei u Ujedinjeno Kraljevstvo gdje radi do umirovljenja. Fokus njegova rada, s izuzetkom izu\u010davanja anti\u010dke povijesti i kulture, ponajprije je po\u010divao na anti\u010dkoj i modernoj historiografiji. Na hrvatski jezik prevedena je 2012. godine njegova knjiga <em>Anti\u010dka povijest i antikvar<\/em>.<\/p>\n<p>&nbsp;<\/p>\n<p><a href=\"#_ftnref2\" name=\"_ftn2\">[2]<\/a> Oswyn Murray objavio je tekst \u201eThe Reception of Vernant in the English Speaking World\u201c u zborniku <em>Annales in Perspective: Designs and Accomplishments<\/em> (ur. Drago Roksandi\u0107, Filip \u0160imetin \u0160egvi\u0107, Nikolina \u0160imetin \u0160egvi\u0107, Zagreb 2019, str. 97-108). Na hrvatski jezik prevedene su knjige Jean-Pierrea Vernanta (1914-2007) <em>Lukava inteligencija u starih Grka<\/em> (s Marcelom Detiennom, Zagreb 2000) i <em>Geneza gr\u010dke misli<\/em> (Zagreb 2016).<\/p>\n<p>&nbsp;<\/p>\n<p>&nbsp;<\/p>\n","protected":false},"excerpt":{"rendered":"","protected":false},"author":2,"featured_media":0,"comment_status":"open","ping_status":"open","sticky":false,"template":"","format":"standard","meta":{"_acf_changed":false,"jetpack_post_was_ever_published":false,"_jetpack_newsletter_access":"","_jetpack_dont_email_post_to_subs":false,"_jetpack_newsletter_tier_id":0,"_jetpack_memberships_contains_paywalled_content":false,"_jetpack_memberships_contains_paid_content":false,"footnotes":"","jetpack_publicize_message":"","jetpack_publicize_feature_enabled":true,"jetpack_social_post_already_shared":true,"jetpack_social_options":{"image_generator_settings":{"template":"highway","default_image_id":0,"font":"","enabled":false},"version":2}},"categories":[14,4],"tags":[],"class_list":["post-16046","post","type-post","status-publish","format-standard","hentry","category-intervjui","category-osvrti"],"acf":{"facebook_opis":""},"jetpack_publicize_connections":[],"jetpack_featured_media_url":"","jetpack_sharing_enabled":true,"jetpack-related-posts":[{"id":52669,"url":"https:\/\/historiografija.hr\/?p=52669","url_meta":{"origin":16046,"position":0},"title":"Predavanje Igora Dude &#8220;Odmor kao \u017eivotna potreba: o slobodnom vremenu u socijalisti\u010dkoj Jugoslaviji&#8221;","author":"Branimir Jankovi\u0107","date":"27. travnja 2026.","format":false,"excerpt":"U sklopu proljetnog ciklusa programa\u00a0Kriti\u010dka dramaturgija: pauza, u\u00a0subotu, 25. travnja 2026. u 19 sati\u00a0u prostoru Udru\u017eenja hrvatskih arhitekata povjesni\u010dar Igor Duda\u00a0odr\u017eao je predavanje naslovljeno\u00a0Odmor kao \u017eivotna potreba: o slobodnom vremenu u socijalisti\u010dkoj Jugoslaviji. Industrijalizacija i urbanizacija dru\u0161tava u povijesti su zna\u010dile i prelazak s predindustrijskog na industrijsko shva\u0107anje vremena. Ono\u2026","rel":"","context":"U &quot;Novosti&quot;","block_context":{"text":"Novosti","link":"https:\/\/historiografija.hr\/?cat=3"},"img":{"alt_text":"","src":"https:\/\/i0.wp.com\/historiografija.hr\/wp-content\/uploads\/2026\/04\/Duda.png?fit=1200%2C628&ssl=1&resize=350%2C200","width":350,"height":200,"srcset":"https:\/\/i0.wp.com\/historiografija.hr\/wp-content\/uploads\/2026\/04\/Duda.png?fit=1200%2C628&ssl=1&resize=350%2C200 1x, https:\/\/i0.wp.com\/historiografija.hr\/wp-content\/uploads\/2026\/04\/Duda.png?fit=1200%2C628&ssl=1&resize=525%2C300 1.5x, https:\/\/i0.wp.com\/historiografija.hr\/wp-content\/uploads\/2026\/04\/Duda.png?fit=1200%2C628&ssl=1&resize=700%2C400 2x, https:\/\/i0.wp.com\/historiografija.hr\/wp-content\/uploads\/2026\/04\/Duda.png?fit=1200%2C628&ssl=1&resize=1050%2C600 3x"},"classes":[]},{"id":52502,"url":"https:\/\/historiografija.hr\/?p=52502","url_meta":{"origin":16046,"position":1},"title":"Novi znanstveni projekt Hrvatskog instituta za povijest: \u201c\u017drtve ratova i dr\u017eavnog\/politi\u010dkog nasilja u hrvatskoj povijesti 20. stolje\u0107a\u201d","author":"Branimir Jankovi\u0107","date":"17. travnja 2026.","format":false,"excerpt":"Na redovitoj sjednici Vlade RH, 16. travnja 2026., donijet je Zaklju\u010dak kojim se pokre\u0107e znanstveni projekt \u201c\u017drtve ratova i dr\u017eavnog\/politi\u010dkog nasilja u hrvatskoj povijesti 20. stolje\u0107a\u201d. Projekt \u0107e provoditi i koordinirati Hrvatski institut za povijest u razdoblju trajanja projekta od pet godina. Zakljucak Vlade RH Iz teksta projektnog prijedloga: Problematika\u2026","rel":"","context":"U &quot;Novosti&quot;","block_context":{"text":"Novosti","link":"https:\/\/historiografija.hr\/?cat=3"},"img":{"alt_text":"","src":"https:\/\/i0.wp.com\/historiografija.hr\/wp-content\/uploads\/2026\/04\/Vlada-RH.jpg?fit=1200%2C557&ssl=1&resize=350%2C200","width":350,"height":200,"srcset":"https:\/\/i0.wp.com\/historiografija.hr\/wp-content\/uploads\/2026\/04\/Vlada-RH.jpg?fit=1200%2C557&ssl=1&resize=350%2C200 1x, https:\/\/i0.wp.com\/historiografija.hr\/wp-content\/uploads\/2026\/04\/Vlada-RH.jpg?fit=1200%2C557&ssl=1&resize=525%2C300 1.5x, https:\/\/i0.wp.com\/historiografija.hr\/wp-content\/uploads\/2026\/04\/Vlada-RH.jpg?fit=1200%2C557&ssl=1&resize=700%2C400 2x, https:\/\/i0.wp.com\/historiografija.hr\/wp-content\/uploads\/2026\/04\/Vlada-RH.jpg?fit=1200%2C557&ssl=1&resize=1050%2C600 3x"},"classes":[]},{"id":52746,"url":"https:\/\/historiografija.hr\/?p=52746","url_meta":{"origin":16046,"position":2},"title":"Predstavljanje djelatnosti povjesni\u010dara: \u201ePisma kao izvor za povijest 18.stolje\u0107a \u2013 iskustva rada na HRZZ projektu LIGHT\u201c","author":"Filip \u0160imunjak","date":"30. travnja 2026.","format":false,"excerpt":"Predstavljanje djelatnosti povjesni\u010dara: \u201ePisma kao izvor za povijest 18. stolje\u0107a \u2013 iskustva rada na HRZZ projektu LIGHT\u201c odr\u017eat \u0107e se u sklopu ovogodi\u0161njega Festivala povijesti Kliofest u Nacionalnoj i sveu\u010dili\u0161noj knji\u017enici u Zagrebu, u utorak 5. svibnja, s po\u010detkom u 16 sati. Sudjeluju: Teodora Shek Brnardi\u0107, Marta Jurkovi\u0107, Matea Maru\u0161i\u0107,\u2026","rel":"","context":"U &quot;Novosti&quot;","block_context":{"text":"Novosti","link":"https:\/\/historiografija.hr\/?cat=3"},"img":{"alt_text":"","src":"https:\/\/i0.wp.com\/historiografija.hr\/wp-content\/uploads\/2026\/04\/Kliofest-01-utorak-I-03-PDP-Pisma-kao-izvor.jpg?fit=1200%2C566&ssl=1&resize=350%2C200","width":350,"height":200,"srcset":"https:\/\/i0.wp.com\/historiografija.hr\/wp-content\/uploads\/2026\/04\/Kliofest-01-utorak-I-03-PDP-Pisma-kao-izvor.jpg?fit=1200%2C566&ssl=1&resize=350%2C200 1x, https:\/\/i0.wp.com\/historiografija.hr\/wp-content\/uploads\/2026\/04\/Kliofest-01-utorak-I-03-PDP-Pisma-kao-izvor.jpg?fit=1200%2C566&ssl=1&resize=525%2C300 1.5x, https:\/\/i0.wp.com\/historiografija.hr\/wp-content\/uploads\/2026\/04\/Kliofest-01-utorak-I-03-PDP-Pisma-kao-izvor.jpg?fit=1200%2C566&ssl=1&resize=700%2C400 2x, https:\/\/i0.wp.com\/historiografija.hr\/wp-content\/uploads\/2026\/04\/Kliofest-01-utorak-I-03-PDP-Pisma-kao-izvor.jpg?fit=1200%2C566&ssl=1&resize=1050%2C600 3x"},"classes":[]},{"id":52508,"url":"https:\/\/historiografija.hr\/?p=52508","url_meta":{"origin":16046,"position":3},"title":"Glazbena radionica \u201eDUGMETARA REVISITED\u201c","author":"Branimir Jankovi\u0107","date":"17. travnja 2026.","format":false,"excerpt":"DUGMETARA REVISITED glazbena radionica vodi: Ana Horvat 13., 20. i 27. travnja, od 18 do 20 sati Radiona, Nova cesta 186 Na tri radioni\u010dka susreta uranjamo u naslje\u0111e Dugmetare, biv\u0161e tvornice dugmadi na Savskoj cesti koja je po\u010detkom 2000-ih igrom slu\u010daja postala \u017eivo, jedinstveno mjesto glazbene proizvodnje. Svoje su probe\u2026","rel":"","context":"U &quot;Novosti&quot;","block_context":{"text":"Novosti","link":"https:\/\/historiografija.hr\/?cat=3"},"img":{"alt_text":"","src":"https:\/\/i0.wp.com\/historiografija.hr\/wp-content\/uploads\/2026\/04\/TRESNJA_TRESTI.jpg?fit=380%2C475&ssl=1&resize=350%2C200","width":350,"height":200},"classes":[]},{"id":52505,"url":"https:\/\/historiografija.hr\/?p=52505","url_meta":{"origin":16046,"position":4},"title":"Izlo\u017eba &#8220;Eschenstock \/ Jasenov prut&#8221;","author":"Branimir Jankovi\u0107","date":"17. travnja 2026.","format":false,"excerpt":"Srpsko narodno vije\u0107e (SNV) i Vizura aperta postavljaju izlo\u017ebu \u0161vicarskog slikara Velimira Ili\u0161evi\u0107a: Eschenstock \/ Jasenov prut. Izlo\u017eba se uz prisustvo autora otvara povodom 81. godi\u0161njice proboja logora\u0161a iz usta\u0161kog logora smrti Jasenovac 22. aprila 2026. u 19 sati u Srpskom kulturnom centru (SKC) u Preradovi\u0107evoj ulici 21 u Zagrebu.\u2026","rel":"","context":"U &quot;Izlo\u017ebe&quot;","block_context":{"text":"Izlo\u017ebe","link":"https:\/\/historiografija.hr\/?cat=10"},"img":{"alt_text":"","src":"https:\/\/i0.wp.com\/historiografija.hr\/wp-content\/uploads\/2026\/04\/Jasenov_prut.jpg?fit=1024%2C640&ssl=1&resize=350%2C200","width":350,"height":200,"srcset":"https:\/\/i0.wp.com\/historiografija.hr\/wp-content\/uploads\/2026\/04\/Jasenov_prut.jpg?fit=1024%2C640&ssl=1&resize=350%2C200 1x, https:\/\/i0.wp.com\/historiografija.hr\/wp-content\/uploads\/2026\/04\/Jasenov_prut.jpg?fit=1024%2C640&ssl=1&resize=525%2C300 1.5x, https:\/\/i0.wp.com\/historiografija.hr\/wp-content\/uploads\/2026\/04\/Jasenov_prut.jpg?fit=1024%2C640&ssl=1&resize=700%2C400 2x"},"classes":[]},{"id":52499,"url":"https:\/\/historiografija.hr\/?p=52499","url_meta":{"origin":16046,"position":5},"title":"POTPISAN UGOVOR O ZNANSTVENO-ISTRA\u017dIVA\u010cKOJ SURADNJI: PROJEKT \u201eTEMELJI HRVATSKE SAMOSTALNOSTI\u201d","author":"Branimir Jankovi\u0107","date":"17. travnja 2026.","format":false,"excerpt":"Hrvatski institut za povijest, Sveu\u010dili\u0161te obrane i sigurnosti \u201eDr. Franjo Tu\u0111man\u201d, Institut dru\u0161tvenih znanosti Ivo Pilar i Hrvatski dr\u017eavni arhiv\u00a0potpisali su 23. o\u017eujka 2026.\u00a0Ugovor o znanstveno-istra\u017eiva\u010dkoj suradnji s ciljem provedbe projekta \u201eTemelji hrvatske samostalnosti\u201d. Tim projektom obuhva\u0107a se istra\u017eivanje arhivskoga gradiva, priprema znanstvenih publikacija, digitalizacija i javna prezentacija rezultata istra\u017eivanja\u2026","rel":"","context":"U &quot;Novosti&quot;","block_context":{"text":"Novosti","link":"https:\/\/historiografija.hr\/?cat=3"},"img":{"alt_text":"","src":"https:\/\/i0.wp.com\/historiografija.hr\/wp-content\/uploads\/2026\/04\/THS_sporazum.jpg?fit=1200%2C583&ssl=1&resize=350%2C200","width":350,"height":200,"srcset":"https:\/\/i0.wp.com\/historiografija.hr\/wp-content\/uploads\/2026\/04\/THS_sporazum.jpg?fit=1200%2C583&ssl=1&resize=350%2C200 1x, https:\/\/i0.wp.com\/historiografija.hr\/wp-content\/uploads\/2026\/04\/THS_sporazum.jpg?fit=1200%2C583&ssl=1&resize=525%2C300 1.5x, https:\/\/i0.wp.com\/historiografija.hr\/wp-content\/uploads\/2026\/04\/THS_sporazum.jpg?fit=1200%2C583&ssl=1&resize=700%2C400 2x, https:\/\/i0.wp.com\/historiografija.hr\/wp-content\/uploads\/2026\/04\/THS_sporazum.jpg?fit=1200%2C583&ssl=1&resize=1050%2C600 3x"},"classes":[]}],"_links":{"self":[{"href":"https:\/\/historiografija.hr\/index.php?rest_route=\/wp\/v2\/posts\/16046","targetHints":{"allow":["GET"]}}],"collection":[{"href":"https:\/\/historiografija.hr\/index.php?rest_route=\/wp\/v2\/posts"}],"about":[{"href":"https:\/\/historiografija.hr\/index.php?rest_route=\/wp\/v2\/types\/post"}],"author":[{"embeddable":true,"href":"https:\/\/historiografija.hr\/index.php?rest_route=\/wp\/v2\/users\/2"}],"replies":[{"embeddable":true,"href":"https:\/\/historiografija.hr\/index.php?rest_route=%2Fwp%2Fv2%2Fcomments&post=16046"}],"version-history":[{"count":4,"href":"https:\/\/historiografija.hr\/index.php?rest_route=\/wp\/v2\/posts\/16046\/revisions"}],"predecessor-version":[{"id":16052,"href":"https:\/\/historiografija.hr\/index.php?rest_route=\/wp\/v2\/posts\/16046\/revisions\/16052"}],"wp:attachment":[{"href":"https:\/\/historiografija.hr\/index.php?rest_route=%2Fwp%2Fv2%2Fmedia&parent=16046"}],"wp:term":[{"taxonomy":"category","embeddable":true,"href":"https:\/\/historiografija.hr\/index.php?rest_route=%2Fwp%2Fv2%2Fcategories&post=16046"},{"taxonomy":"post_tag","embeddable":true,"href":"https:\/\/historiografija.hr\/index.php?rest_route=%2Fwp%2Fv2%2Ftags&post=16046"}],"curies":[{"name":"wp","href":"https:\/\/api.w.org\/{rel}","templated":true}]}}