{"id":15987,"date":"2019-08-16T12:26:58","date_gmt":"2019-08-16T12:26:58","guid":{"rendered":"http:\/\/historiografija.hr\/?p=15987"},"modified":"2019-08-16T12:26:58","modified_gmt":"2019-08-16T12:26:58","slug":"48-seminar-zagrebacke-slavisticke-skole-emocije-u-hrvatskome-jeziku-knjizevnosti-i-kulturi","status":"publish","type":"post","link":"https:\/\/historiografija.hr\/?p=15987","title":{"rendered":"48. seminar Zagreba\u010dke slavisti\u010dke \u0161kole: \u201eEmocije u hrvatskome jeziku, knji\u017eevnosti i kulturi\u201c"},"content":{"rendered":"<p>U ponedjeljak, 19. kolovoza 2019., u Dubrovniku po\u010dinje dvotjedni 48. hrvatski seminar za strane slaviste Zagreba\u010dke slavisti\u010dke \u0161kole. U radu Seminara sudjelovat \u0107e inozemni studenti slavistike i kroatistike te sveu\u010dili\u0161ni nastavnici kojima su hrvatski jezik i knji\u017eevnost primarni znanstveni interes.<\/p>\n<p>&nbsp;<\/p>\n<p>Na ovogodi\u0161njemu hrvatskom seminaru za strane slaviste sudjelovat \u0107e 68 polaznika koji dolaze iz dvadesetak dr\u017eava, a me\u0111u njima su i polaznici iz Ju\u017ene Koreje, Australije i Kine.<\/p>\n<p>&nbsp;<\/p>\n<p>U nastavnome dijelu programa polaznici \u0107e u devet razli\u010ditih lektorata i proseminara usavr\u0161avati svoje znanje hrvatskoga jezika, obra\u0111ivati lingvisti\u010dke, knji\u017eevne i komparatisti\u010dke teme te pojedina podru\u010dja hrvatske povijesti. Studenti \u0107e tako\u0111er slu\u0161ati tematski ciklus predavanja koji se koncentrira oko sredi\u0161nje teme Seminara, \u201eEmocije u hrvatskome jeziku, knji\u017eevnosti i kulturi\u201c. Predava\u010di na Seminaru bit \u0107e ugledni profesori i kulturni djelatnici: Ivana Brkovi\u0107, Mirko Sardeli\u0107, Renata Jambre\u0161i\u0107-Kirin, Evelina Rudan, Danijela Lugari\u0107, Tanja Petrovi\u0107, Benedikt Perak, Mateusz-Milan Stanojevi\u0107, Ljiljana \u0160ari\u0107, Ida Raffaelli i Igor Marko Gligori\u0107.<\/p>\n<p>&nbsp;<\/p>\n<p>U kulturolo\u0161kome bloku zbivanja bit \u0107e prikazan ciklus hrvatskoga filma, organiziran posjet dubrova\u010dkim znamenitostima i tri stru\u010dna izleta (na Elafitsko oto\u010dje, u Cavtat te u Trsteno i Ston). Polaznici \u0107e na Dubrova\u010dkim ljetnim igrama pogledati predstavu Geranium i poslu\u0161ati koncert Luke \u0160uli\u0107a i Aljo\u0161e Jurini\u0107a. Posebni su gosti Seminara knji\u017eevnici Miroslav Mi\u0107anovi\u0107, Evelina Rudan i Renato Bareti\u0107 te dizajner i ilustrator Mirko Ili\u0107, \u010diju \u0107e izlo\u017ebu polaznici razgledati u Kreativnoj \u010detvrti Lazareti.<\/p>\n<p>&nbsp;<\/p>\n<p><strong>Program\u00a0i tijek 48. seminara mo\u017ee se pratiti na internetskoj stranici:<\/strong><\/p>\n<p><a href=\"http:\/\/www.hrvatskiplus.org\/\">http:\/\/www.hrvatskiplus.org<\/a><\/p>\n<p>&nbsp;<\/p>\n<p>Zagreba\u010dka slavisti\u010dka \u0161kola djeluje u okviru Odsjeka za kroatistiku Filozofskoga fakulteta Sveu\u010dili\u0161ta u Zagrebu.<\/p>\n<p>&nbsp;<\/p>\n<p>Voditeljica Zagreba\u010dke slavisti\u010dke \u0161kole je doc. dr. sc. Tatjana Pi\u0161kovi\u0107.<\/p>\n<p>&nbsp;<\/p>\n<p>Organizaciju ovogodi\u0161njega 48. seminara poduprli su Ministarstvo znanosti i obrazovanja, Grad Dubrovnik, Dubrova\u010dko-neretvanska \u017eupanija, Ministarstvo kulture, HAZU i Hrvatska elektroprivreda.<\/p>\n<p>&nbsp;<\/p>\n<p>Knjige su za 48. seminar donirali: Matica hrvatska, Fraktura, Meandar, VBZ, Sandorf.<\/p>\n<p>&nbsp;<\/p>\n<p>Filmsku gra\u0111u za 48. seminar osigurali su: Alka film, Restart, Factum, Propeler film.<\/p>\n<p>&nbsp;<\/p>\n<p>&nbsp;<\/p>\n","protected":false},"excerpt":{"rendered":"","protected":false},"author":2,"featured_media":15988,"comment_status":"open","ping_status":"open","sticky":false,"template":"","format":"standard","meta":{"_acf_changed":false,"jetpack_post_was_ever_published":false,"_jetpack_newsletter_access":"","_jetpack_dont_email_post_to_subs":false,"_jetpack_newsletter_tier_id":0,"_jetpack_memberships_contains_paywalled_content":false,"_jetpack_memberships_contains_paid_content":false,"footnotes":"","jetpack_publicize_message":"","jetpack_publicize_feature_enabled":true,"jetpack_social_post_already_shared":true,"jetpack_social_options":{"image_generator_settings":{"template":"highway","default_image_id":0,"font":"","enabled":false},"version":2}},"categories":[3,9],"tags":[],"class_list":["post-15987","post","type-post","status-publish","format-standard","has-post-thumbnail","hentry","category-novosti","category-skupovi"],"acf":{"facebook_opis":""},"jetpack_publicize_connections":[],"jetpack_featured_media_url":"https:\/\/i0.wp.com\/historiografija.hr\/wp-content\/uploads\/2019\/08\/48sem_zaglavlje.jpg?fit=660%2C466&ssl=1","jetpack_sharing_enabled":true,"jetpack-related-posts":[{"id":52607,"url":"https:\/\/historiografija.hr\/?p=52607","url_meta":{"origin":15987,"position":0},"title":"No\u0107 knjige: Kako je prije 410 godina smr\u0107u Shakespearea i Cervantesa zavr\u0161ilo razdoblje renesanse u knji\u017eevnosti","author":"Branimir Jankovi\u0107","date":"22. travnja 2026.","format":false,"excerpt":"\u010cetvrtak, 23. travnja 2026. u 18:00 sati, Knji\u017eara Matice hrvatske, Ulica Matice hrvatske 2, Zagreb Uvodna rije\u010d: dr. sc.\u00a0Dubravka Brezak Stama\u0107, pro\u010delnica Odjela za knji\u017eevnost Matice hrvatske Prof. dr. sc. Ivan Lupi\u0107, redoviti profesor u Odsjeku za anglistiku i Odsjeku za kroatistiku Sveu\u010dili\u0161ta u RijeciShakespeare, kazali\u0161te, glazbaKada se susre\u0107emo sa\u2026","rel":"","context":"U &quot;Novosti&quot;","block_context":{"text":"Novosti","link":"https:\/\/historiografija.hr\/?cat=3"},"img":{"alt_text":"","src":"https:\/\/i0.wp.com\/historiografija.hr\/wp-content\/uploads\/2026\/04\/noc_knjige_2026.jpg?fit=680%2C276&ssl=1&resize=350%2C200","width":350,"height":200,"srcset":"https:\/\/i0.wp.com\/historiografija.hr\/wp-content\/uploads\/2026\/04\/noc_knjige_2026.jpg?fit=680%2C276&ssl=1&resize=350%2C200 1x, https:\/\/i0.wp.com\/historiografija.hr\/wp-content\/uploads\/2026\/04\/noc_knjige_2026.jpg?fit=680%2C276&ssl=1&resize=525%2C300 1.5x"},"classes":[]},{"id":52666,"url":"https:\/\/historiografija.hr\/?p=52666","url_meta":{"origin":15987,"position":1},"title":"Najava programa Festivala povijesti Kliofest (5-8. V. 2026)","author":"Branimir Jankovi\u0107","date":"24. travnja 2026.","format":false,"excerpt":"Po trinaesti put odr\u017eava se Festival povijesti Kliofest! Do petka \u0107emo odr\u017eati osam okruglih stolova i dva kolokvija te niz predstavljanja knjiga i projekata razli\u010dite tematike, od antike do suvremenosti. Bit \u0107e predstavljeno i nekoliko izlo\u017ebi te odr\u017ean jedan povijesni kviz. Prikazat \u0107emo i jedan film \u2013 o generalu Boroevi\u0107u.\u2026","rel":"","context":"U &quot;Novosti&quot;","block_context":{"text":"Novosti","link":"https:\/\/historiografija.hr\/?cat=3"},"img":{"alt_text":"","src":"https:\/\/i0.wp.com\/historiografija.hr\/wp-content\/uploads\/2026\/04\/Kliofest-2026.jpg?fit=526%2C526&ssl=1&resize=350%2C200","width":350,"height":200,"srcset":"https:\/\/i0.wp.com\/historiografija.hr\/wp-content\/uploads\/2026\/04\/Kliofest-2026.jpg?fit=526%2C526&ssl=1&resize=350%2C200 1x, https:\/\/i0.wp.com\/historiografija.hr\/wp-content\/uploads\/2026\/04\/Kliofest-2026.jpg?fit=526%2C526&ssl=1&resize=525%2C300 1.5x"},"classes":[]},{"id":52499,"url":"https:\/\/historiografija.hr\/?p=52499","url_meta":{"origin":15987,"position":2},"title":"POTPISAN UGOVOR O ZNANSTVENO-ISTRA\u017dIVA\u010cKOJ SURADNJI: PROJEKT \u201eTEMELJI HRVATSKE SAMOSTALNOSTI\u201d","author":"Branimir Jankovi\u0107","date":"17. travnja 2026.","format":false,"excerpt":"Hrvatski institut za povijest, Sveu\u010dili\u0161te obrane i sigurnosti \u201eDr. Franjo Tu\u0111man\u201d, Institut dru\u0161tvenih znanosti Ivo Pilar i Hrvatski dr\u017eavni arhiv\u00a0potpisali su 23. o\u017eujka 2026.\u00a0Ugovor o znanstveno-istra\u017eiva\u010dkoj suradnji s ciljem provedbe projekta \u201eTemelji hrvatske samostalnosti\u201d. Tim projektom obuhva\u0107a se istra\u017eivanje arhivskoga gradiva, priprema znanstvenih publikacija, digitalizacija i javna prezentacija rezultata istra\u017eivanja\u2026","rel":"","context":"U &quot;Novosti&quot;","block_context":{"text":"Novosti","link":"https:\/\/historiografija.hr\/?cat=3"},"img":{"alt_text":"","src":"https:\/\/i0.wp.com\/historiografija.hr\/wp-content\/uploads\/2026\/04\/THS_sporazum.jpg?fit=1200%2C583&ssl=1&resize=350%2C200","width":350,"height":200,"srcset":"https:\/\/i0.wp.com\/historiografija.hr\/wp-content\/uploads\/2026\/04\/THS_sporazum.jpg?fit=1200%2C583&ssl=1&resize=350%2C200 1x, https:\/\/i0.wp.com\/historiografija.hr\/wp-content\/uploads\/2026\/04\/THS_sporazum.jpg?fit=1200%2C583&ssl=1&resize=525%2C300 1.5x, https:\/\/i0.wp.com\/historiografija.hr\/wp-content\/uploads\/2026\/04\/THS_sporazum.jpg?fit=1200%2C583&ssl=1&resize=700%2C400 2x, https:\/\/i0.wp.com\/historiografija.hr\/wp-content\/uploads\/2026\/04\/THS_sporazum.jpg?fit=1200%2C583&ssl=1&resize=1050%2C600 3x"},"classes":[]},{"id":52578,"url":"https:\/\/historiografija.hr\/?p=52578","url_meta":{"origin":15987,"position":3},"title":"Poziv za sudjelovanje: XXII. Dani Julija Bene\u0161i\u0107a u Iloku","author":"Branimir Jankovi\u0107","date":"21. travnja 2026.","format":false,"excerpt":"Zavod za lingvisti\u010dka istra\u017eivanja Hrvatske akademije znanosti i umjetnosti, zajedno s Muzejom grada Iloka, organizira XXII. Dane Julija Bene\u0161i\u0107a, koji \u0107e se odr\u017eati od 28. do 30. listopada 2026. u Iloku.\u00a0Teme ovogodi\u0161njih Dana podijeljene su u dvije cjeline: Knji\u017eevno-jezikoslovni d\u00ecv\u0101n s Bene\u0161i\u0107em te Ilok i Srijem u povijesnim stalnicama i\u2026","rel":"","context":"U &quot;Novosti&quot;","block_context":{"text":"Novosti","link":"https:\/\/historiografija.hr\/?cat=3"},"img":{"alt_text":"","src":"https:\/\/i0.wp.com\/historiografija.hr\/wp-content\/uploads\/2019\/10\/HE2_Benesic.jpg?fit=413%2C591&ssl=1&resize=350%2C200","width":350,"height":200},"classes":[]},{"id":52502,"url":"https:\/\/historiografija.hr\/?p=52502","url_meta":{"origin":15987,"position":4},"title":"Novi znanstveni projekt Hrvatskog instituta za povijest: \u201c\u017drtve ratova i dr\u017eavnog\/politi\u010dkog nasilja u hrvatskoj povijesti 20. stolje\u0107a\u201d","author":"Branimir Jankovi\u0107","date":"17. travnja 2026.","format":false,"excerpt":"Na redovitoj sjednici Vlade RH, 16. travnja 2026., donijet je Zaklju\u010dak kojim se pokre\u0107e znanstveni projekt \u201c\u017drtve ratova i dr\u017eavnog\/politi\u010dkog nasilja u hrvatskoj povijesti 20. stolje\u0107a\u201d. Projekt \u0107e provoditi i koordinirati Hrvatski institut za povijest u razdoblju trajanja projekta od pet godina. Zakljucak Vlade RH Iz teksta projektnog prijedloga: Problematika\u2026","rel":"","context":"U &quot;Novosti&quot;","block_context":{"text":"Novosti","link":"https:\/\/historiografija.hr\/?cat=3"},"img":{"alt_text":"","src":"https:\/\/i0.wp.com\/historiografija.hr\/wp-content\/uploads\/2026\/04\/Vlada-RH.jpg?fit=1200%2C557&ssl=1&resize=350%2C200","width":350,"height":200,"srcset":"https:\/\/i0.wp.com\/historiografija.hr\/wp-content\/uploads\/2026\/04\/Vlada-RH.jpg?fit=1200%2C557&ssl=1&resize=350%2C200 1x, https:\/\/i0.wp.com\/historiografija.hr\/wp-content\/uploads\/2026\/04\/Vlada-RH.jpg?fit=1200%2C557&ssl=1&resize=525%2C300 1.5x, https:\/\/i0.wp.com\/historiografija.hr\/wp-content\/uploads\/2026\/04\/Vlada-RH.jpg?fit=1200%2C557&ssl=1&resize=700%2C400 2x, https:\/\/i0.wp.com\/historiografija.hr\/wp-content\/uploads\/2026\/04\/Vlada-RH.jpg?fit=1200%2C557&ssl=1&resize=1050%2C600 3x"},"classes":[]},{"id":52148,"url":"https:\/\/historiografija.hr\/?p=52148","url_meta":{"origin":15987,"position":5},"title":"Poziv za prijavu na me\u0111unarodnu znanstvenu konferenciju \u201eGranice (ne)slobode: Zadarski krug 1966. Intelektualna opozicija u totalitarnom dru\u0161tvu\u201c","author":"Branimir Jankovi\u0107","date":"27. o\u017eujka 2026.","format":false,"excerpt":"\u00a0\u00a0\u00a0\u00a0 Povodom \u0161ezdesete obljetnice poku\u0161aja osnivanja \u010dasopisa Slobodan glas u Zadru 1966. godine, pozivamo vas na znanstvenu konferenciju posve\u0107enu istra\u017eivanju disidentstva, intelektualne opozicije i granica divergentnog mi\u0161ljenja nasuprot slu\u017ebenoj ideologiji u komunisti\u010dkoj Jugoslaviji. Ideja konferencije je analizirati konkretan fenomen zadarskog slu\u010daja razloge i okolnosti njegove pojave, ali uz otvaranje komparativnih\u2026","rel":"","context":"U &quot;Novosti&quot;","block_context":{"text":"Novosti","link":"https:\/\/historiografija.hr\/?cat=3"},"img":{"alt_text":"","src":"https:\/\/i0.wp.com\/historiografija.hr\/wp-content\/uploads\/2026\/03\/Poziv-konferencija-Zadar.jpg?fit=1200%2C509&ssl=1&resize=350%2C200","width":350,"height":200,"srcset":"https:\/\/i0.wp.com\/historiografija.hr\/wp-content\/uploads\/2026\/03\/Poziv-konferencija-Zadar.jpg?fit=1200%2C509&ssl=1&resize=350%2C200 1x, https:\/\/i0.wp.com\/historiografija.hr\/wp-content\/uploads\/2026\/03\/Poziv-konferencija-Zadar.jpg?fit=1200%2C509&ssl=1&resize=525%2C300 1.5x, https:\/\/i0.wp.com\/historiografija.hr\/wp-content\/uploads\/2026\/03\/Poziv-konferencija-Zadar.jpg?fit=1200%2C509&ssl=1&resize=700%2C400 2x, https:\/\/i0.wp.com\/historiografija.hr\/wp-content\/uploads\/2026\/03\/Poziv-konferencija-Zadar.jpg?fit=1200%2C509&ssl=1&resize=1050%2C600 3x"},"classes":[]}],"_links":{"self":[{"href":"https:\/\/historiografija.hr\/index.php?rest_route=\/wp\/v2\/posts\/15987","targetHints":{"allow":["GET"]}}],"collection":[{"href":"https:\/\/historiografija.hr\/index.php?rest_route=\/wp\/v2\/posts"}],"about":[{"href":"https:\/\/historiografija.hr\/index.php?rest_route=\/wp\/v2\/types\/post"}],"author":[{"embeddable":true,"href":"https:\/\/historiografija.hr\/index.php?rest_route=\/wp\/v2\/users\/2"}],"replies":[{"embeddable":true,"href":"https:\/\/historiografija.hr\/index.php?rest_route=%2Fwp%2Fv2%2Fcomments&post=15987"}],"version-history":[{"count":1,"href":"https:\/\/historiografija.hr\/index.php?rest_route=\/wp\/v2\/posts\/15987\/revisions"}],"predecessor-version":[{"id":15989,"href":"https:\/\/historiografija.hr\/index.php?rest_route=\/wp\/v2\/posts\/15987\/revisions\/15989"}],"wp:featuredmedia":[{"embeddable":true,"href":"https:\/\/historiografija.hr\/index.php?rest_route=\/wp\/v2\/media\/15988"}],"wp:attachment":[{"href":"https:\/\/historiografija.hr\/index.php?rest_route=%2Fwp%2Fv2%2Fmedia&parent=15987"}],"wp:term":[{"taxonomy":"category","embeddable":true,"href":"https:\/\/historiografija.hr\/index.php?rest_route=%2Fwp%2Fv2%2Fcategories&post=15987"},{"taxonomy":"post_tag","embeddable":true,"href":"https:\/\/historiografija.hr\/index.php?rest_route=%2Fwp%2Fv2%2Ftags&post=15987"}],"curies":[{"name":"wp","href":"https:\/\/api.w.org\/{rel}","templated":true}]}}