{"id":15940,"date":"2019-08-08T13:50:51","date_gmt":"2019-08-08T13:50:51","guid":{"rendered":"http:\/\/historiografija.hr\/?p=15940"},"modified":"2019-08-08T13:51:27","modified_gmt":"2019-08-08T13:51:27","slug":"izlozbe-das-rote-wien-1919-1934-i-neue-heimat-eine-sozialdemokratische-utopie-und-ihre-bauten-1950-1982","status":"publish","type":"post","link":"https:\/\/historiografija.hr\/?p=15940","title":{"rendered":"Izlo\u017ebe \u201eDas Rote Wien (1919-1934)\u201c i \u201eNeue Heimat. Eine sozialdemokratische Utopie und ihre Bauten (1950-1982)\u201c"},"content":{"rendered":"<p>U Be\u010du i Hamburgu u tijeku su dvije izlo\u017ebe koje preispituju socijaldemokratsko naslje\u0111e 20. stolje\u0107a u nastojanju za osiguravanjem stanovanja za sve, \u0161to ni danas nimalo ne gubi na aktualnosti.<\/p>\n<p>&nbsp;<\/p>\n<p><strong>&#8212;\u00a0<\/strong><\/p>\n<p>&nbsp;<\/p>\n<p><strong>Das Rote Wien<\/strong><\/p>\n<p><strong>1919-1934<\/strong><\/p>\n<p><strong>\u00a0<\/strong><\/p>\n<p><strong>Red Vienna <\/strong><\/p>\n<p><strong>1919-1934 <\/strong><\/p>\n<p>&nbsp;<\/p>\n<p>30 April 2019 to 19 January 2020<\/p>\n<p>&nbsp;<\/p>\n<p>Die ersten freien Wahlen zum Wiener Gemeinderat im Mai 1919 bringen der Sozialdemokratischen Arbeiterpartei die absolute Mehrheit. Ein international viel beachtetes, von seinen Gegnern heftig bek\u00e4mpftes soziales, kulturelles und p\u00e4dagogisches Reformprojekt beginnt, das eine tief greifende Verbesserung der Lebensbedingungen der ArbeiterInnen und eine Demokratisierung aller Lebensbereiche anstrebt.<\/p>\n<p>&nbsp;<\/p>\n<p>Die Ausgangslage nach dem Ersten Weltkrieg ist katastrophal. Wien ist die Krisenstadt des Kontinents. Zur ersten Herausforderung wird die Wohnungsfrage. Auf der Grundlage einer revolution\u00e4ren Fiskalpolitik (\u201eLuxussteuern\u201c) werden bis 1934 mehr als 60.000 Wohnungen sowie zahlreiche Sozial\u00ad, Gesundheits\u00ad, Freizeit\u00ad, Bildungs\u00ad und Kultureinrichtungen geschaffen.<\/p>\n<p>&nbsp;<\/p>\n<p><a href=\"https:\/\/www.wienmuseum.at\/de\/ausstellungen\/aktuell\/ansicht\/das-rote-wien-1919-1934.html\">https:\/\/www.wienmuseum.at\/de\/ausstellungen\/aktuell\/ansicht\/das-rote-wien-1919-1934.html<\/a><\/p>\n<p>&nbsp;<\/p>\n<p>Vienna\u2019s first free munic ipal election, held in May 1919, results in an absolute majority for the Social Democratic Party. A reform project commences, attracting much attention from admirers abroad and fierce antagonism from opponents at home. The goal is a far\u00adreaching democratization of society as well as the dramatic improvement of workers\u2018 living conditions.<\/p>\n<p>&nbsp;<\/p>\n<p>The initial situation is catastrophic. In the wake of World War I, Vienna is in a state of massive crisis. Housing is the central issue. A revolutionary fiscal policy, built around a luxury tax, provides funding for the creation of over 60,000 apartments along with numerous social, leisure, and cultural facilities by 1934.<\/p>\n<p>&nbsp;<\/p>\n<p><a href=\"https:\/\/www.wienmuseum.at\/en\/exhibitions\/upcoming\/detail\/das-rote-wien-1919-1934.html\">https:\/\/www.wienmuseum.at\/en\/exhibitions\/upcoming\/detail\/das-rote-wien-1919-1934.html<\/a><\/p>\n<p>&nbsp;<\/p>\n<p>&#8212;<\/p>\n<p>&nbsp;<\/p>\n<p>Museum f\u00fcr Hamburgische Geschichte<\/p>\n<p>&nbsp;<\/p>\n<p><strong>Neue Heimat. Eine sozialdemokratische Utopie und ihre Bauten<\/strong><\/p>\n<p>&nbsp;<\/p>\n<p>27. Juni 2019 bis 06. Oktober 2019<\/p>\n<p>&nbsp;<\/p>\n<p>Die \u201eNeue Heimat\u201d war der gr\u00f6\u00dfte und bedeutendste nichtstaatliche Wohnungsbaukonzern im Europa der Nachkriegszeit. Nach dem Motto \u00bbWir machen alles\u00ab wurden auch Universit\u00e4ten, Kongresszentren, Gro\u00dfkliniken gebaut. Damit pr\u00e4gte der Konzern das Gesicht der Bundesrepublik st\u00e4dtebaulich und architektonisch nachhaltig: Er war Ausdruck und Spiegelbild der bundesdeutschen Sozialgeschichte. In einem Zeitraum von \u00fcber drei\u00dfig Jahren hat das Gewerkschaftsunternehmen mit Hauptsitz in Hamburg mehr als 400.000 Wohnungen und dar\u00fcber hinaus seit den sechziger Jahren auch zahlreiche Kommunal- und Gewerbebauten in Deutschland geplant und ausgef\u00fchrt \u2013 die Mehrzahl davon steht noch heute. Die \u201eNeue Heimat\u201c war ein Hoffnungstr\u00e4ger f\u00fcr die Teilhabe am Wirtschaftswunder. Der skandaltr\u00e4chtige Zusammenbruch des Unternehmens Anfang der achtziger Jahre wirkte wie ein Schock auf die westdeutsche Bev\u00f6lkerung und markierte das Ende einer Epoche.<\/p>\n<p>&nbsp;<\/p>\n<p><a href=\"https:\/\/shmh.de\/de\/die-neue-heimat\">https:\/\/shmh.de\/de\/die-neue-heimat<\/a><\/p>\n<p>&nbsp;<\/p>\n<p>&nbsp;<\/p>\n","protected":false},"excerpt":{"rendered":"","protected":false},"author":2,"featured_media":15941,"comment_status":"open","ping_status":"open","sticky":false,"template":"","format":"standard","meta":{"_acf_changed":false,"jetpack_post_was_ever_published":false,"_jetpack_newsletter_access":"","_jetpack_dont_email_post_to_subs":false,"_jetpack_newsletter_tier_id":0,"_jetpack_memberships_contains_paywalled_content":false,"_jetpack_memberships_contains_paid_content":false,"footnotes":"","jetpack_publicize_message":"","jetpack_publicize_feature_enabled":true,"jetpack_social_post_already_shared":true,"jetpack_social_options":{"image_generator_settings":{"template":"highway","default_image_id":0,"font":"","enabled":false},"version":2}},"categories":[10,3],"tags":[],"class_list":["post-15940","post","type-post","status-publish","format-standard","has-post-thumbnail","hentry","category-izlozbe","category-novosti"],"acf":{"facebook_opis":""},"jetpack_publicize_connections":[],"jetpack_featured_media_url":"https:\/\/i0.wp.com\/historiografija.hr\/wp-content\/uploads\/2019\/08\/DIE-NEUE-HEIMAT_HAMBURG.jpg?fit=1600%2C600&ssl=1","jetpack_sharing_enabled":true,"jetpack-related-posts":[{"id":52511,"url":"https:\/\/historiografija.hr\/?p=52511","url_meta":{"origin":15940,"position":0},"title":"Izlo\u017eba &#8220;Lica Sljemena&#8221;","author":"Branimir Jankovi\u0107","date":"17. travnja 2026.","format":false,"excerpt":"Srda\u010dno vas pozivamo na otvorenje izlo\u017ebe Lica Sljemena koje \u0107e se odr\u017eati u srijedu 22. travnja 2026. u 18 h ispred Muzeja Prigorja (Trg Dragutina Domjani\u0107a 5, Sesvete). Izlo\u017eba proizlazi iz istra\u017eivanja Nevene \u0160krbi\u0107 Alempijevi\u0107, Petre Kelemen i Sanje Potkonjak te intervjua sa Sljemena\u0161icama i Sljemena\u0161ima, koji su provedeni u\u2026","rel":"","context":"U &quot;Izlo\u017ebe&quot;","block_context":{"text":"Izlo\u017ebe","link":"https:\/\/historiografija.hr\/?cat=10"},"img":{"alt_text":"","src":"https:\/\/i0.wp.com\/historiografija.hr\/wp-content\/uploads\/2026\/04\/Izlozba-Lica-Sljemena.png?fit=1080%2C686&ssl=1&resize=350%2C200","width":350,"height":200,"srcset":"https:\/\/i0.wp.com\/historiografija.hr\/wp-content\/uploads\/2026\/04\/Izlozba-Lica-Sljemena.png?fit=1080%2C686&ssl=1&resize=350%2C200 1x, https:\/\/i0.wp.com\/historiografija.hr\/wp-content\/uploads\/2026\/04\/Izlozba-Lica-Sljemena.png?fit=1080%2C686&ssl=1&resize=525%2C300 1.5x, https:\/\/i0.wp.com\/historiografija.hr\/wp-content\/uploads\/2026\/04\/Izlozba-Lica-Sljemena.png?fit=1080%2C686&ssl=1&resize=700%2C400 2x, https:\/\/i0.wp.com\/historiografija.hr\/wp-content\/uploads\/2026\/04\/Izlozba-Lica-Sljemena.png?fit=1080%2C686&ssl=1&resize=1050%2C600 3x"},"classes":[]},{"id":52573,"url":"https:\/\/historiografija.hr\/?p=52573","url_meta":{"origin":15940,"position":1},"title":"Znanstvena konferencija &#8220;Filozofija odgoja: povijest, praksa, perspektive&#8221;","author":"Branimir Jankovi\u0107","date":"21. travnja 2026.","format":false,"excerpt":"Znanstvena konferencija \"Filozofija odgoja: povijest, praksa, perspektive\" odr\u017eat \u0107e se 23. i 24. travnja 2026. u Konferencijskoj dvorani Knji\u017enice Filozofskog fakulteta u Zagrebu (2. kat).\u00a0Konferencija je organizirana u okviru projekta\u00a0SUMKOS (voditeljica prof. dr. sc. Ivana Zagorac, financiran\u00a0sredstvima NextGenerationEU), uz potporu Odsjeka za filozofiju.\u00a0 Uz izlaga\u010dki dio, konferencija obuhva\u0107a i izlo\u017ebu\u2026","rel":"","context":"U &quot;Novosti&quot;","block_context":{"text":"Novosti","link":"https:\/\/historiografija.hr\/?cat=3"},"img":{"alt_text":"","src":"","width":0,"height":0},"classes":[]},{"id":52760,"url":"https:\/\/historiografija.hr\/?p=52760","url_meta":{"origin":15940,"position":2},"title":"Izlo\u017eba \u201cLo\u0161injski brodovi, njihove zastave i ljudi\u201d, 4. svibnja u 19h","author":"Filip \u0160imunjak","date":"30. travnja 2026.","format":false,"excerpt":"Hrvatski pomorski muzej Split, Glagolja\u0161a 18 (Tvr\u0111ava Gripe) Nakon \u0161to je u rujnu 2025. godine na otoku Lo\u0161inju, u suradnji Lo\u0161injskog muzeja i Hrvatskog pomorskog muzeja Split, predstavljena izlo\u017eba posve\u0107ena bogatoj pomorskoj ba\u0161tini otoka, njezino pro\u0161ireno izdanje postavlja se u Splitu. Uo\u010di blagdana svetog Dujma splitskoj \u0107e se publici predstaviti\u2026","rel":"","context":"U &quot;Izlo\u017ebe&quot;","block_context":{"text":"Izlo\u017ebe","link":"https:\/\/historiografija.hr\/?cat=10"},"img":{"alt_text":"","src":"https:\/\/i0.wp.com\/historiografija.hr\/wp-content\/uploads\/2026\/04\/Losinjski-brodovi-Izlozba-1-scaled.webp?fit=840%2C1200&ssl=1&resize=350%2C200","width":350,"height":200,"srcset":"https:\/\/i0.wp.com\/historiografija.hr\/wp-content\/uploads\/2026\/04\/Losinjski-brodovi-Izlozba-1-scaled.webp?fit=840%2C1200&ssl=1&resize=350%2C200 1x, https:\/\/i0.wp.com\/historiografija.hr\/wp-content\/uploads\/2026\/04\/Losinjski-brodovi-Izlozba-1-scaled.webp?fit=840%2C1200&ssl=1&resize=525%2C300 1.5x, https:\/\/i0.wp.com\/historiografija.hr\/wp-content\/uploads\/2026\/04\/Losinjski-brodovi-Izlozba-1-scaled.webp?fit=840%2C1200&ssl=1&resize=700%2C400 2x"},"classes":[]},{"id":52505,"url":"https:\/\/historiografija.hr\/?p=52505","url_meta":{"origin":15940,"position":3},"title":"Izlo\u017eba &#8220;Eschenstock \/ Jasenov prut&#8221;","author":"Branimir Jankovi\u0107","date":"17. travnja 2026.","format":false,"excerpt":"Srpsko narodno vije\u0107e (SNV) i Vizura aperta postavljaju izlo\u017ebu \u0161vicarskog slikara Velimira Ili\u0161evi\u0107a: Eschenstock \/ Jasenov prut. Izlo\u017eba se uz prisustvo autora otvara povodom 81. godi\u0161njice proboja logora\u0161a iz usta\u0161kog logora smrti Jasenovac 22. aprila 2026. u 19 sati u Srpskom kulturnom centru (SKC) u Preradovi\u0107evoj ulici 21 u Zagrebu.\u2026","rel":"","context":"U &quot;Izlo\u017ebe&quot;","block_context":{"text":"Izlo\u017ebe","link":"https:\/\/historiografija.hr\/?cat=10"},"img":{"alt_text":"","src":"https:\/\/i0.wp.com\/historiografija.hr\/wp-content\/uploads\/2026\/04\/Jasenov_prut.jpg?fit=1024%2C640&ssl=1&resize=350%2C200","width":350,"height":200,"srcset":"https:\/\/i0.wp.com\/historiografija.hr\/wp-content\/uploads\/2026\/04\/Jasenov_prut.jpg?fit=1024%2C640&ssl=1&resize=350%2C200 1x, https:\/\/i0.wp.com\/historiografija.hr\/wp-content\/uploads\/2026\/04\/Jasenov_prut.jpg?fit=1024%2C640&ssl=1&resize=525%2C300 1.5x, https:\/\/i0.wp.com\/historiografija.hr\/wp-content\/uploads\/2026\/04\/Jasenov_prut.jpg?fit=1024%2C640&ssl=1&resize=700%2C400 2x"},"classes":[]},{"id":52575,"url":"https:\/\/historiografija.hr\/?p=52575","url_meta":{"origin":15940,"position":4},"title":"Izlo\u017eba dje\u010djih radova \u201cU po\u010detku bija\u0161e crte\u017e\u2026\u201d","author":"Branimir Jankovi\u0107","date":"21. travnja 2026.","format":false,"excerpt":"U subotu, 25. travnja 2026. u 11 sati u Galeriji Klovi\u0107evi dvori sve\u010dano otvaramo izlo\u017ebu dje\u010djih radova pod nazivom U po\u010detku bija\u0161e crte\u017e\u2026 Radovi su nastali u sklopu likovnih radionica uz izlo\u017ebu U po\u010detku bija\u0161e kraljevstvo \u2013 izlo\u017eba povodom 1100 godina Hrvatskoga Kraljevstva. Na brojnim likovnim radionicama, uz \u0161kolsku djecu,\u2026","rel":"","context":"U &quot;Izlo\u017ebe&quot;","block_context":{"text":"Izlo\u017ebe","link":"https:\/\/historiografija.hr\/?cat=10"},"img":{"alt_text":"","src":"https:\/\/i0.wp.com\/historiografija.hr\/wp-content\/uploads\/2025\/10\/Klovicevi_sluzbeni-plakat.png?fit=840%2C1200&ssl=1&resize=350%2C200","width":350,"height":200,"srcset":"https:\/\/i0.wp.com\/historiografija.hr\/wp-content\/uploads\/2025\/10\/Klovicevi_sluzbeni-plakat.png?fit=840%2C1200&ssl=1&resize=350%2C200 1x, https:\/\/i0.wp.com\/historiografija.hr\/wp-content\/uploads\/2025\/10\/Klovicevi_sluzbeni-plakat.png?fit=840%2C1200&ssl=1&resize=525%2C300 1.5x, https:\/\/i0.wp.com\/historiografija.hr\/wp-content\/uploads\/2025\/10\/Klovicevi_sluzbeni-plakat.png?fit=840%2C1200&ssl=1&resize=700%2C400 2x"},"classes":[]},{"id":52569,"url":"https:\/\/historiografija.hr\/?p=52569","url_meta":{"origin":15940,"position":5},"title":"[Predavanje] Ne \u010dekaju\u0107i inspiraciju \u2013 anga\u017eovane intelektualne, kulturalne i umetni\u010dke prakse u me\u0111uratnom periodu: teorija i praksa kriti\u010dke levice u jugoslovenskoj kulturi (YugoLab)","author":"Branimir Jankovi\u0107","date":"21. travnja 2026.","format":false,"excerpt":"U vreme agresivnog ja\u010danja globalne desnice, (pro)fa\u0161isti\u010dkih, rasisti\u010dkih i imperijalisti\u010dkih politika, dok je istovremeno globalna levica izrazito slaba, a progresivni pokreti atomizirani i fragmentisani, va\u017eno je iz savremene perspektive vratiti se revolucionarnim i emancipatorskim zbivanjima u jugoslovenskom (ali i s njima u vezi internacionalnim de\u0161avanjima), kao i dru\u0161tvenoj ulozi kulturalnih\u2026","rel":"","context":"U &quot;Novosti&quot;","block_context":{"text":"Novosti","link":"https:\/\/historiografija.hr\/?cat=3"},"img":{"alt_text":"","src":"","width":0,"height":0},"classes":[]}],"_links":{"self":[{"href":"https:\/\/historiografija.hr\/index.php?rest_route=\/wp\/v2\/posts\/15940","targetHints":{"allow":["GET"]}}],"collection":[{"href":"https:\/\/historiografija.hr\/index.php?rest_route=\/wp\/v2\/posts"}],"about":[{"href":"https:\/\/historiografija.hr\/index.php?rest_route=\/wp\/v2\/types\/post"}],"author":[{"embeddable":true,"href":"https:\/\/historiografija.hr\/index.php?rest_route=\/wp\/v2\/users\/2"}],"replies":[{"embeddable":true,"href":"https:\/\/historiografija.hr\/index.php?rest_route=%2Fwp%2Fv2%2Fcomments&post=15940"}],"version-history":[{"count":2,"href":"https:\/\/historiografija.hr\/index.php?rest_route=\/wp\/v2\/posts\/15940\/revisions"}],"predecessor-version":[{"id":15943,"href":"https:\/\/historiografija.hr\/index.php?rest_route=\/wp\/v2\/posts\/15940\/revisions\/15943"}],"wp:featuredmedia":[{"embeddable":true,"href":"https:\/\/historiografija.hr\/index.php?rest_route=\/wp\/v2\/media\/15941"}],"wp:attachment":[{"href":"https:\/\/historiografija.hr\/index.php?rest_route=%2Fwp%2Fv2%2Fmedia&parent=15940"}],"wp:term":[{"taxonomy":"category","embeddable":true,"href":"https:\/\/historiografija.hr\/index.php?rest_route=%2Fwp%2Fv2%2Fcategories&post=15940"},{"taxonomy":"post_tag","embeddable":true,"href":"https:\/\/historiografija.hr\/index.php?rest_route=%2Fwp%2Fv2%2Ftags&post=15940"}],"curies":[{"name":"wp","href":"https:\/\/api.w.org\/{rel}","templated":true}]}}