{"id":15895,"date":"2019-08-03T11:42:17","date_gmt":"2019-08-03T11:42:17","guid":{"rendered":"http:\/\/historiografija.hr\/?p=15895"},"modified":"2019-08-19T15:21:47","modified_gmt":"2019-08-19T15:21:47","slug":"film-general-pretpremijerno-u-cinestar-kinima-na-dan-domovinske-zahvalnosti","status":"publish","type":"post","link":"https:\/\/historiografija.hr\/?p=15895","title":{"rendered":"Film &#8216;General&#8217; pretpremijerno u Cinestar kinima na Dan domovinske zahvalnosti"},"content":{"rendered":"<p>Film &#8216;General&#8217; zapo\u010dinje sa pretpremijernim prikazivanjem u CineStar kinima diljem Hrvatske u ponedjeljak, 5. kolovoza 2019. na Dan domovinske zahvalnosti.<\/p>\n<p>&nbsp;<\/p>\n<p>&#8212;<\/p>\n<p>&nbsp;<\/p>\n<p><strong>Film &#8216;General&#8217; pretpremijerno u Cinestar kinima na Dan domovinske zahvalnosti<\/strong><\/p>\n<p>&nbsp;<\/p>\n<p>vrijeme: 05.08.2019.<\/p>\n<p>&nbsp;<\/p>\n<p>url: <a href=\"https:\/\/www.blitz-cinestar.hr\/\">https:\/\/www.blitz-cinestar.hr\/<\/a><\/p>\n<p>&nbsp;<\/p>\n<p>Ovu biografsku ratnu dramu svi zainteresirani \u0107e mo\u0107i pogledati pretpremijerno u CineStar kinima ve\u0107 5. kolovoza, simboli\u010dno, na Dan domovinske zahvalnosti!<\/p>\n<p>&nbsp;<\/p>\n<p>Film rasko\u0161ne produkcije koju hrvatska kinematografija do sada nije vidjela, snimao se na autenti\u010dnim lokacijama \u2013 Knin, Livno, \u0160epurine, Zadar, Prkos, Ka\u0161i\u0107, Islam Gr\u010dki, Obrovac, \u0160kabrnja, Sljeme, Lu\u010dko, Crna Mlaka, Imotski, Split, Pag, Pirovac, Turanj, Pako\u0161tane, Peru\u010da, Rijeka, Erdut, Dalj i Zagreb te mnogim drugim lokacijama na kojima su se tih ratnih godina odvijali doga\u0111aji koji su obilje\u017eili hrvatsku povijest.<\/p>\n<p>&nbsp;<\/p>\n<p>Antun Vrdoljak je radio scenarij temeljen na knjizi Nenada Ivankovi\u0107a &#8216;Ratnik, pustolov i general&#8217;, a u snimanju filma sudjelovala je i hrvatska vojska. Na filmskom platnu glavnu ulogu utjelovio je Goran Vi\u0161nji\u0107, koji se za ovu ulogu pripremao mjesecima prou\u010davaju\u0107i lik i djelo Ante Gotovine, kako bi \u0161to vjerodostojnije do\u010darao njegov karakter, stav, \u010dvrsto\u0107u i osobnost.<\/p>\n<p>&nbsp;<\/p>\n<p>Film zapo\u010dinje scenama uhi\u0107enja Gotovine s po\u010detka prosinca 2005. godine o \u010demu se izvijestili svi svjetski mediji. Ante Gotovina sin je ribara, ro\u0111en u Tkonu na otoku Pa\u0161manu, rano je ostao bez majke. U Pako\u0161tanima je \u017eivio do svoje 17. godine, a onda je jednog dana odlu\u010dio oti\u0107i u svijet. Napustio je dom i ukrcav\u0161i se na brod, otplovio u nepoznato. Pridru\u017eio se Legiji stranaca. Tamo je niz godina sudjelovao u francuskim vojnim operacijama, gdje je bio i ranjen. Krajem 80-ih godina je oti\u0161ao u Ju\u017enu Ameriku, gdje je upoznao i prvu suprugu Ximenu Dalel. Kad je po\u010deo rat u Hrvatskoj, Gotovina se 1991. vratio u domovinu. Bio je jedan od najistaknutijih zapovjednika u Domovinskom ratu. Zbog vojnog iskustva i sposobnosti, Gotovina je vrlo brzo napredovao u hijerarhiji i na kraju dobio \u010din generala, poslije \u010dega je zapovijedao vojnom operacijom Oluja. Umirovljen je 2000., a u Haagu je proveo sedam godina i na koncu je slu\u017ebeno progla\u0161en nevinim.<\/p>\n<p>&nbsp;<\/p>\n<p>U filmu se uz Gorana Vi\u0161nji\u0107a pojavljuju i ostala velika gluma\u010dka imena &#8211; Mustafa Nadarevi\u0107 koji glumi generala Janka Bobetka, Tarik Filipovi\u0107 glumi generala Davora Domazeta Lo\u0161u, Boris Svrtan je general Ante Roso, a tu su i Armand Assante, Borko Peri\u0107, Marijana Mikuli\u0107, Sreten Mokrovi\u0107, Rene Bitorajac, Nata\u0161a Janji\u0107, Goran Navojec te mnogi drugi.<\/p>\n<p>&nbsp;<\/p>\n<p>&#8216;General&#8217; je film u kojem je svoju posljednju ulogu odigrao velikan hrvatskog glumi\u0161ta \u2013 Ivo Gregurevi\u0107. U filmu je ulogu ostvario i prerano preminuli mladi talentirani i nagra\u0111ivani glumac Robert Budak.<\/p>\n<p>&nbsp;<\/p>\n<p>Antun Vrdoljak redatelj je i scenarist brojnih dugometra\u017enih igranih filmova i televizijskih serija, od kojih su najpoznatiji film Duga mra\u010dna no\u0107 te tv-serija Prosjaci i sinovi. Dugometra\u017eni igrani film &#8216;General&#8217; nastao je u koprodukciji tvrtke Kiklop film i HRT-a, a podr\u017ean je od strane Hrvatskog audiovizualnog centra, a u distribuciji Blitza pretpremijerno ga pogledajte u svim CineStar kinima od ponedjeljka, 5. kolovoza.<\/p>\n<p>&nbsp;<\/p>\n<p>Izvor: <a href=\"https:\/\/www.culturenet.hr\/default.aspx?id=92374\">https:\/\/www.culturenet.hr\/default.aspx?id=92374<\/a><\/p>\n<p>&nbsp;<\/p>\n<p>&#8212;<\/p>\n<p>&nbsp;<\/p>\n<p><strong>Podaci o gledanosti:<\/strong><\/p>\n<p>&nbsp;<\/p>\n<p><a href=\"https:\/\/slobodnadalmacija.hr\/kultura\/clanak\/id\/618177\/generala-vec-pogledalo-gotovo-30000-ljudi-a-najveci-interes-pokazali-dalmatinci-u-ovim-su-se-podrucjima-pomamili-za-filmom-o-zivotu-ante-gotovine-evo-koliko-je-dosad-zaradio\">https:\/\/slobodnadalmacija.hr\/kultura\/clanak\/id\/618177\/generala-vec-pogledalo-gotovo-30000-ljudi-a-najveci-interes-pokazali-dalmatinci-u-ovim-su-se-podrucjima-pomamili-za-filmom-o-zivotu-ante-gotovine-evo-koliko-je-dosad-zaradio<\/a><\/p>\n<p>&nbsp;<\/p>\n<p>&nbsp;<\/p>\n","protected":false},"excerpt":{"rendered":"","protected":false},"author":2,"featured_media":15896,"comment_status":"open","ping_status":"open","sticky":false,"template":"","format":"standard","meta":{"_acf_changed":false,"jetpack_post_was_ever_published":false,"_jetpack_newsletter_access":"","_jetpack_dont_email_post_to_subs":false,"_jetpack_newsletter_tier_id":0,"_jetpack_memberships_contains_paywalled_content":false,"_jetpack_memberships_contains_paid_content":false,"footnotes":"","jetpack_publicize_message":"","jetpack_publicize_feature_enabled":true,"jetpack_social_post_already_shared":true,"jetpack_social_options":{"image_generator_settings":{"template":"highway","default_image_id":0,"font":"","enabled":false},"version":2}},"categories":[13,3],"tags":[],"class_list":["post-15895","post","type-post","status-publish","format-standard","has-post-thumbnail","hentry","category-filmovi-i-serije","category-novosti"],"acf":{"facebook_opis":""},"jetpack_publicize_connections":[],"jetpack_featured_media_url":"https:\/\/i0.wp.com\/historiografija.hr\/wp-content\/uploads\/2019\/08\/General.jpg?fit=940%2C1351&ssl=1","jetpack_sharing_enabled":true,"jetpack-related-posts":[{"id":52666,"url":"https:\/\/historiografija.hr\/?p=52666","url_meta":{"origin":15895,"position":0},"title":"Najava programa Festivala povijesti Kliofest (5-8. V. 2026)","author":"Branimir Jankovi\u0107","date":"24. travnja 2026.","format":false,"excerpt":"Po trinaesti put odr\u017eava se Festival povijesti Kliofest! Do petka \u0107emo odr\u017eati osam okruglih stolova i dva kolokvija te niz predstavljanja knjiga i projekata razli\u010dite tematike, od antike do suvremenosti. Bit \u0107e predstavljeno i nekoliko izlo\u017ebi te odr\u017ean jedan povijesni kviz. Prikazat \u0107emo i jedan film \u2013 o generalu Boroevi\u0107u.\u2026","rel":"","context":"U &quot;Novosti&quot;","block_context":{"text":"Novosti","link":"https:\/\/historiografija.hr\/?cat=3"},"img":{"alt_text":"","src":"https:\/\/i0.wp.com\/historiografija.hr\/wp-content\/uploads\/2026\/04\/Kliofest-2026.jpg?fit=526%2C526&ssl=1&resize=350%2C200","width":350,"height":200,"srcset":"https:\/\/i0.wp.com\/historiografija.hr\/wp-content\/uploads\/2026\/04\/Kliofest-2026.jpg?fit=526%2C526&ssl=1&resize=350%2C200 1x, https:\/\/i0.wp.com\/historiografija.hr\/wp-content\/uploads\/2026\/04\/Kliofest-2026.jpg?fit=526%2C526&ssl=1&resize=525%2C300 1.5x"},"classes":[]},{"id":52508,"url":"https:\/\/historiografija.hr\/?p=52508","url_meta":{"origin":15895,"position":1},"title":"Glazbena radionica \u201eDUGMETARA REVISITED\u201c","author":"Branimir Jankovi\u0107","date":"17. travnja 2026.","format":false,"excerpt":"DUGMETARA REVISITED glazbena radionica vodi: Ana Horvat 13., 20. i 27. travnja, od 18 do 20 sati Radiona, Nova cesta 186 Na tri radioni\u010dka susreta uranjamo u naslje\u0111e Dugmetare, biv\u0161e tvornice dugmadi na Savskoj cesti koja je po\u010detkom 2000-ih igrom slu\u010daja postala \u017eivo, jedinstveno mjesto glazbene proizvodnje. Svoje su probe\u2026","rel":"","context":"U &quot;Novosti&quot;","block_context":{"text":"Novosti","link":"https:\/\/historiografija.hr\/?cat=3"},"img":{"alt_text":"","src":"https:\/\/i0.wp.com\/historiografija.hr\/wp-content\/uploads\/2026\/04\/TRESNJA_TRESTI.jpg?fit=380%2C475&ssl=1&resize=350%2C200","width":350,"height":200},"classes":[]},{"id":52613,"url":"https:\/\/historiografija.hr\/?p=52613","url_meta":{"origin":15895,"position":2},"title":"No\u0107 knjige u Hrvatskom dr\u017eavnom arhivu","author":"Branimir Jankovi\u0107","date":"22. travnja 2026.","format":false,"excerpt":"Predstavljanje knjige Rajke Bu\u0107in \u201dLije\u010denje i zbrinjavanje \u017didova u Bolnici sestara milosrdnica u Zagrebu 1941. \u2013 1945.\u201d u \u010detvrtak, 23. travnja 2026. u 13 sati u Hrvatskom dr\u017eavnom arhivu u Zagrebu. Izvor: https:\/\/www.arhiv.hr\/hr-hr\/Kulturno-prosvjetne-aktivnosti\/ArticleId\/1986\/oamid\/1633","rel":"","context":"U &quot;Novosti&quot;","block_context":{"text":"Novosti","link":"https:\/\/historiografija.hr\/?cat=3"},"img":{"alt_text":"","src":"https:\/\/i0.wp.com\/historiografija.hr\/wp-content\/uploads\/2026\/04\/noc_knjige_2026.jpg?fit=680%2C276&ssl=1&resize=350%2C200","width":350,"height":200,"srcset":"https:\/\/i0.wp.com\/historiografija.hr\/wp-content\/uploads\/2026\/04\/noc_knjige_2026.jpg?fit=680%2C276&ssl=1&resize=350%2C200 1x, https:\/\/i0.wp.com\/historiografija.hr\/wp-content\/uploads\/2026\/04\/noc_knjige_2026.jpg?fit=680%2C276&ssl=1&resize=525%2C300 1.5x"},"classes":[]},{"id":52654,"url":"https:\/\/historiografija.hr\/?p=52654","url_meta":{"origin":15895,"position":3},"title":"Gostuju\u0107e predavanje &#8211; Danijel D\u017eino \u201eKasnoanti\u010dke i ranosrednjovjekovne gra\u0111evine u Brezi: Spomenici nepotpune biografije\u201c","author":"Branimir Jankovi\u0107","date":"24. travnja 2026.","format":false,"excerpt":"Doktorski studij predmoderne povijesti poziva na predavanje \"Kasnoanti\u010dke i ranosrednjovjekovne gra\u0111evine u Brezi: Spomenici nepotpune biografije\u201d koje \u0107e odr\u017eati profesor Danijel D\u017eino sa Sveu\u010dili\u0161ta Macquarie u Sydneyu u\u00a0utorak 28. travnja 2026. u 17h u Konferencijskoj dvorani Knji\u017enice Filozofskog fakulteta u Zagrebu. Predavanje \u0107e predo\u010diti nova saznanja dobivena kroz arhivsko-dokumentarna istra\u017eivanja\u2026","rel":"","context":"U &quot;Novosti&quot;","block_context":{"text":"Novosti","link":"https:\/\/historiografija.hr\/?cat=3"},"img":{"alt_text":"","src":"https:\/\/i0.wp.com\/historiografija.hr\/wp-content\/uploads\/2026\/04\/Dzino.jpg?fit=980%2C819&ssl=1&resize=350%2C200","width":350,"height":200,"srcset":"https:\/\/i0.wp.com\/historiografija.hr\/wp-content\/uploads\/2026\/04\/Dzino.jpg?fit=980%2C819&ssl=1&resize=350%2C200 1x, https:\/\/i0.wp.com\/historiografija.hr\/wp-content\/uploads\/2026\/04\/Dzino.jpg?fit=980%2C819&ssl=1&resize=525%2C300 1.5x, https:\/\/i0.wp.com\/historiografija.hr\/wp-content\/uploads\/2026\/04\/Dzino.jpg?fit=980%2C819&ssl=1&resize=700%2C400 2x"},"classes":[]},{"id":52651,"url":"https:\/\/historiografija.hr\/?p=52651","url_meta":{"origin":15895,"position":4},"title":"Promocija knjige Emira O. Filipovi\u0107a \u201cVite\u0161tvo u srednjovjekovnoj Bosni\u201d u Sarajevu","author":"Branimir Jankovi\u0107","date":"24. travnja 2026.","format":false,"excerpt":"Knji\u017eevni korner poziva na promociju knjige Emira O. Filipovi\u0107a \u201cVite\u0161tvo u srednjovjekovnoj Bosni\u201d koja \u0107e se odr\u017eati u srijedu, 29. aprila 2026. u 18 sati u Evropskoj ku\u0107i kulture i nacionalnih manjina (Austrijska ku\u0107a) u Sarajevu. Na promociji \u0107e govoriti Mirsad Sijari\u0107, Ema Mazrak i autor, a moderirat \u0107e Nikola\u2026","rel":"","context":"U &quot;Novosti&quot;","block_context":{"text":"Novosti","link":"https:\/\/historiografija.hr\/?cat=3"},"img":{"alt_text":"","src":"https:\/\/i0.wp.com\/historiografija.hr\/wp-content\/uploads\/2026\/04\/Vitestvo.jpg?fit=1080%2C565&ssl=1&resize=350%2C200","width":350,"height":200,"srcset":"https:\/\/i0.wp.com\/historiografija.hr\/wp-content\/uploads\/2026\/04\/Vitestvo.jpg?fit=1080%2C565&ssl=1&resize=350%2C200 1x, https:\/\/i0.wp.com\/historiografija.hr\/wp-content\/uploads\/2026\/04\/Vitestvo.jpg?fit=1080%2C565&ssl=1&resize=525%2C300 1.5x, https:\/\/i0.wp.com\/historiografija.hr\/wp-content\/uploads\/2026\/04\/Vitestvo.jpg?fit=1080%2C565&ssl=1&resize=700%2C400 2x, https:\/\/i0.wp.com\/historiografija.hr\/wp-content\/uploads\/2026\/04\/Vitestvo.jpg?fit=1080%2C565&ssl=1&resize=1050%2C600 3x"},"classes":[]},{"id":52569,"url":"https:\/\/historiografija.hr\/?p=52569","url_meta":{"origin":15895,"position":5},"title":"[Predavanje] Ne \u010dekaju\u0107i inspiraciju \u2013 anga\u017eovane intelektualne, kulturalne i umetni\u010dke prakse u me\u0111uratnom periodu: teorija i praksa kriti\u010dke levice u jugoslovenskoj kulturi (YugoLab)","author":"Branimir Jankovi\u0107","date":"21. travnja 2026.","format":false,"excerpt":"U vreme agresivnog ja\u010danja globalne desnice, (pro)fa\u0161isti\u010dkih, rasisti\u010dkih i imperijalisti\u010dkih politika, dok je istovremeno globalna levica izrazito slaba, a progresivni pokreti atomizirani i fragmentisani, va\u017eno je iz savremene perspektive vratiti se revolucionarnim i emancipatorskim zbivanjima u jugoslovenskom (ali i s njima u vezi internacionalnim de\u0161avanjima), kao i dru\u0161tvenoj ulozi kulturalnih\u2026","rel":"","context":"U &quot;Novosti&quot;","block_context":{"text":"Novosti","link":"https:\/\/historiografija.hr\/?cat=3"},"img":{"alt_text":"","src":"","width":0,"height":0},"classes":[]}],"_links":{"self":[{"href":"https:\/\/historiografija.hr\/index.php?rest_route=\/wp\/v2\/posts\/15895","targetHints":{"allow":["GET"]}}],"collection":[{"href":"https:\/\/historiografija.hr\/index.php?rest_route=\/wp\/v2\/posts"}],"about":[{"href":"https:\/\/historiografija.hr\/index.php?rest_route=\/wp\/v2\/types\/post"}],"author":[{"embeddable":true,"href":"https:\/\/historiografija.hr\/index.php?rest_route=\/wp\/v2\/users\/2"}],"replies":[{"embeddable":true,"href":"https:\/\/historiografija.hr\/index.php?rest_route=%2Fwp%2Fv2%2Fcomments&post=15895"}],"version-history":[{"count":2,"href":"https:\/\/historiografija.hr\/index.php?rest_route=\/wp\/v2\/posts\/15895\/revisions"}],"predecessor-version":[{"id":16026,"href":"https:\/\/historiografija.hr\/index.php?rest_route=\/wp\/v2\/posts\/15895\/revisions\/16026"}],"wp:featuredmedia":[{"embeddable":true,"href":"https:\/\/historiografija.hr\/index.php?rest_route=\/wp\/v2\/media\/15896"}],"wp:attachment":[{"href":"https:\/\/historiografija.hr\/index.php?rest_route=%2Fwp%2Fv2%2Fmedia&parent=15895"}],"wp:term":[{"taxonomy":"category","embeddable":true,"href":"https:\/\/historiografija.hr\/index.php?rest_route=%2Fwp%2Fv2%2Fcategories&post=15895"},{"taxonomy":"post_tag","embeddable":true,"href":"https:\/\/historiografija.hr\/index.php?rest_route=%2Fwp%2Fv2%2Ftags&post=15895"}],"curies":[{"name":"wp","href":"https:\/\/api.w.org\/{rel}","templated":true}]}}