{"id":15889,"date":"2019-08-02T11:00:38","date_gmt":"2019-08-02T11:00:38","guid":{"rendered":"http:\/\/historiografija.hr\/?p=15889"},"modified":"2019-08-02T11:00:38","modified_gmt":"2019-08-02T11:00:38","slug":"mona-ozouf-portrait-dune-historienne","status":"publish","type":"post","link":"https:\/\/historiografija.hr\/?p=15889","title":{"rendered":"\u201cMona Ozouf : Portrait d&#8217;une historienne\u201d"},"content":{"rendered":"<p>Izdava\u010d Flammarion objavio je 2019. godine zbornik radova \u201cMona Ozouf: portret jedne povjesni\u010darke\u201d, francuske autorice \u010diji su prijevodi zastupljeni u zborniku \u201eKultura pam\u0107enja i historija\u201d (Zagreb 2006), \u010dasopisu \u201cNa\u0161e teme\u201d (Zagreb 1990), djelu \u201cKriti\u010dki re\u010dnik Francuske revolucije\u201d (Novi Sad 1996) i drugim publikacijama.<\/p>\n<p>&nbsp;<\/p>\n<p>&#8212;<\/p>\n<p>&nbsp;<\/p>\n<p>Collectif<\/p>\n<p><strong>Mona Ozouf<\/strong><\/p>\n<p><strong>Portrait d&#8217;une historienne<\/strong><\/p>\n<p>Pr\u00e9c\u00e9d\u00e9 de Y a-t-il une crise du sentiment national? par Mona Ozouf<\/p>\n<p>\u00c9d. sous la direction de : Antoine de Baecque, Patrick Deville<\/p>\n<p>&nbsp;<\/p>\n<p>Sur invitation du romancier Patrick Deville et emmen\u00e9s par l\u2019historien Antoine de Baecque, des historiens, des chercheurs et des auteurs de tous horizons \u2013 Michelle Perrot, Nicole Le Douarin, Pierre Nora, Michel Winock, Jacques Revel, Pierre Birnbaum, Chantal Thomas\u2026 \u2013 conversent. Ils se sont r\u00e9unis pour \u00e9changer autour \u2013 et en pr\u00e9sence \u2013 de l\u2019historienne Mona Ozouf.<\/p>\n<p>Avec complicit\u00e9, les historiens dialoguent, abordant avec Mona Ozouf son ancrage breton, ses ann\u00e9es \u00e9tudiantes et ses amiti\u00e9s (\u00abla bande \u00e0 Furet\u00bb, \u00ables dames du Femina\u00bb\u2026). Ils retracent aussi son parcours intellectuel : la R\u00e9volution fran\u00e7aise et sa descendance politique, le f\u00e9minin et le litt\u00e9raire, la nation et l\u2019\u00e9cole de Jules Ferry\u2026 Autour de ces th\u00e8mes majeurs de la vie et de l\u2019\u0153uvre de Mona Ozouf se tressent d\u00e9bats, \u00e9changes scientifiques et souvenirs \u00e9maill\u00e9s d\u2019anecdotes.<\/p>\n<p>De ces rencontres est n\u00e9 ce livre en forme de conversation \u2013 \u00e0 moins que ce ne soit l\u2019inverse. Plus encore que la richesse et la f\u00e9condit\u00e9 d\u2019une \u0153uvre, et la place profond\u00e9ment originale qu\u2019elle occupe au carrefour de l\u2019histoire, de la litt\u00e9rature et des id\u00e9es en France, c\u2019est en effet l\u2019amiti\u00e9 qui cimente ce portrait d\u2019une historienne embl\u00e9matique de la vie intellectuelle fran\u00e7aise.<\/p>\n<p>&nbsp;<\/p>\n<p>Paru le 13\/02\/2019<\/p>\n<p>320 pages<\/p>\n<p>&nbsp;<\/p>\n<p><a href=\"https:\/\/editions.flammarion.com\/Catalogue\/hors-collection\/histoire\/mona-ozouf\">https:\/\/editions.flammarion.com\/Catalogue\/hors-collection\/histoire\/mona-ozouf<\/a><\/p>\n<p>&nbsp;<\/p>\n<p>&nbsp;<\/p>\n","protected":false},"excerpt":{"rendered":"","protected":false},"author":2,"featured_media":15890,"comment_status":"open","ping_status":"open","sticky":false,"template":"","format":"standard","meta":{"_acf_changed":false,"jetpack_post_was_ever_published":false,"_jetpack_newsletter_access":"","_jetpack_dont_email_post_to_subs":false,"_jetpack_newsletter_tier_id":0,"_jetpack_memberships_contains_paywalled_content":false,"_jetpack_memberships_contains_paid_content":false,"footnotes":"","jetpack_publicize_message":"","jetpack_publicize_feature_enabled":true,"jetpack_social_post_already_shared":true,"jetpack_social_options":{"image_generator_settings":{"template":"highway","default_image_id":0,"font":"","enabled":false},"version":2}},"categories":[8,3],"tags":[],"class_list":["post-15889","post","type-post","status-publish","format-standard","has-post-thumbnail","hentry","category-knjige","category-novosti"],"acf":{"facebook_opis":""},"jetpack_publicize_connections":[],"jetpack_featured_media_url":"https:\/\/i0.wp.com\/historiografija.hr\/wp-content\/uploads\/2019\/08\/ozouf.jpg?fit=300%2C456&ssl=1","jetpack_sharing_enabled":true,"jetpack-related-posts":[{"id":52628,"url":"https:\/\/historiografija.hr\/?p=52628","url_meta":{"origin":15889,"position":0},"title":"Predavanje dopisnog \u010dlana HAZU Alaina Finkielkrauta Izrael, Europa, antisemitizam","author":"Branimir Jankovi\u0107","date":"23. travnja 2026.","format":false,"excerpt":"Francuski filozof Alain Finkielkraut, redoviti \u010dlan Francuske akademije i dopisni \u010dlan HAZU, odr\u017eat \u0107e predavanje\u00a0Izrael, Europa, antisemitizam u utorak 28. travnja 2026. u 13 sati u Knji\u017enici HAZU,\u00a0Strossmayerov trg 14 u Zagrebu. Uvodne rije\u010di odr\u017eat \u0107e\u00a0akademkinja \u017deljka \u010corak i\u00a0akademik Dra\u017een Katunari\u0107. Predavanje \u0107e se odr\u017eati na francuskom jeziku uz konsekutivno\u2026","rel":"","context":"U &quot;Novosti&quot;","block_context":{"text":"Novosti","link":"https:\/\/historiografija.hr\/?cat=3"},"img":{"alt_text":"","src":"https:\/\/i0.wp.com\/historiografija.hr\/wp-content\/uploads\/2026\/04\/Alain_Finkielkraut.jpg?fit=350%2C407&ssl=1&resize=350%2C200","width":350,"height":200},"classes":[]}],"_links":{"self":[{"href":"https:\/\/historiografija.hr\/index.php?rest_route=\/wp\/v2\/posts\/15889","targetHints":{"allow":["GET"]}}],"collection":[{"href":"https:\/\/historiografija.hr\/index.php?rest_route=\/wp\/v2\/posts"}],"about":[{"href":"https:\/\/historiografija.hr\/index.php?rest_route=\/wp\/v2\/types\/post"}],"author":[{"embeddable":true,"href":"https:\/\/historiografija.hr\/index.php?rest_route=\/wp\/v2\/users\/2"}],"replies":[{"embeddable":true,"href":"https:\/\/historiografija.hr\/index.php?rest_route=%2Fwp%2Fv2%2Fcomments&post=15889"}],"version-history":[{"count":1,"href":"https:\/\/historiografija.hr\/index.php?rest_route=\/wp\/v2\/posts\/15889\/revisions"}],"predecessor-version":[{"id":15891,"href":"https:\/\/historiografija.hr\/index.php?rest_route=\/wp\/v2\/posts\/15889\/revisions\/15891"}],"wp:featuredmedia":[{"embeddable":true,"href":"https:\/\/historiografija.hr\/index.php?rest_route=\/wp\/v2\/media\/15890"}],"wp:attachment":[{"href":"https:\/\/historiografija.hr\/index.php?rest_route=%2Fwp%2Fv2%2Fmedia&parent=15889"}],"wp:term":[{"taxonomy":"category","embeddable":true,"href":"https:\/\/historiografija.hr\/index.php?rest_route=%2Fwp%2Fv2%2Fcategories&post=15889"},{"taxonomy":"post_tag","embeddable":true,"href":"https:\/\/historiografija.hr\/index.php?rest_route=%2Fwp%2Fv2%2Ftags&post=15889"}],"curies":[{"name":"wp","href":"https:\/\/api.w.org\/{rel}","templated":true}]}}