{"id":15864,"date":"2019-07-31T20:27:41","date_gmt":"2019-07-31T20:27:41","guid":{"rendered":"http:\/\/historiografija.hr\/?p=15864"},"modified":"2019-07-31T20:37:27","modified_gmt":"2019-07-31T20:37:27","slug":"erling-sandmo-vreme-i-istorija-o-poreklu-savremene-istoriografije-i-istorijskim-pitanjima","status":"publish","type":"post","link":"https:\/\/historiografija.hr\/?p=15864","title":{"rendered":"Erling Sandmo, \u201cVreme i istorija: O poreklu savremene istoriografije i istorijskim pitanjima\u201c"},"content":{"rendered":"<p>Izdava\u010d Karpos objavio je 2019. godine srpski prijevod knjige norve\u0161kog povjesni\u010dara Erlinga Sandmoa (prevela sa norve\u0161kog Jelena Loma, izvornik: \u201eTid for historie: en bok om historiske sp\u00f8rsm\u00e5l\u201c) o povijesti historiografije i suvremenoj historiografiji te teorijskim pitanjima povijesti kao discipline.<\/p>\n<p>&nbsp;<\/p>\n<p>&#8212;<\/p>\n<p>&nbsp;<\/p>\n<p>Erling Sandmu<\/p>\n<p>&nbsp;<\/p>\n<p><strong>Vreme i istorija<\/strong><\/p>\n<p><strong>\u00a0<\/strong><\/p>\n<p><strong>O poreklu savremene istoriografije i istorijskim pitanjima<\/strong><\/p>\n<p>&nbsp;<\/p>\n<p>Erling Sandmu, norve\u0161ki istori\u010dar, ispisuje genealogiju savremene istoriografije, daje pregled njenih metoda i ciljeva, po\u010dev od Herodota i Tukidida, preko Jevsevija Kesarijskog i Avgustina, renesansnih i prosvetiteljskih istori\u010dara, pa sve do Leopolda Rankea, \u0161kole Anala i poststrukturalizma. Kako mo\u017eemo znati ne\u0161to pouzdano o pro\u0161losti? Da li je pro\u0161lost ne\u0161to \u0161to istori\u010dar treba samo jednom za svagda da otkrije ili se ona neprestano otkriva, te je istorija otuda promenjiva i nepostojana? Kako i za\u0161to uop\u0161te pisati i istra\u017eivati istoriju? Da li se istoriografija, kako tvrdi Pol Ven, su\u0161tinski nije razvijala nakon antike (i dalje odgovora na isto pitanje \u201e\u0161ta se zapravo desilo?\u201c), i da li se najva\u017eniji pomak u savremenoj istoriografiji ogledao u progla\u0161avanju novih istorijskih doga\u0111aja i u uo\u010davanju dinamike u onom \u0161to se pre toga videlo kao mirovanje?<\/p>\n<p>&nbsp;<\/p>\n<p>Erling Sandmu postavlja mnogo pitanja, ali \u010ditaoce, sre\u0107om, ne ostavlja bez odgovora. U inovativno koncipiranoj knjizi (svako poglavlje uvodi fotografija s opse\u017enim komentarom), koja se naslanja na autorovo suvereno znanje o istoriji ali i modernoj teoriji, otkriva tajne istorijske nauke i uvodi u razumevanje istorijskih doga\u0111aja i \u010ditanje izvora, uz pomo\u0107 mnogih zanimljivih primera kao \u0161to su ogromna \u017eaba i \u010dudni \u010detvorono\u017eac iz \u0161vedskog putopisa po Kini iz 17. veka, d\u017einovska morska neman u Severnom moru, gra\u0111enje ex nihilo \u201esrednjovekovnih ru\u0161evina\u201c u novovekovnoj Britaniji, muzikalni premijer Poljske\u2026 Iako se u knjizi spominju brojna imena, od kojih su neka poznata samo stru\u010dnjacima, razne istorijske \u0161kole i teorijski pravci, \u201eVreme i istorija\u201c nije pojmljiva i namenjena samo istori\u010darima, nego svakom ko ima interesovanje za ljude i njihovo suo\u010davanje sa istorijom, bilo da je ona politi\u010dka, verska, kulturna, ekonomska itd.<\/p>\n<p>&nbsp;<\/p>\n<p>\u201eDa li je magija bila stvarna? Da li su postojale ve\u0161tice? Ljudi su verovali u magiju, a tu veru sre\u0107emo i kod elite i kod pu\u010danstva, na optu\u017eeni\u010dkoj klupi i kod sudija, sve\u0161tenika i suseda \u2013 kod skoro svih, mnogo du\u017ee nego \u0161to na to ukazuju sudski zapisnici. Tako je, primera radi, u Norve\u0161koj bilo prijava za ve\u0161ti\u010darenje i do duboko u 19. vek, a amajlije su se podmetale u podno\u017eje crkava i ugra\u0111ivale u zidove jo\u0161 dugo potom. I dalje postoje krugovi koji se bave magijom, a \u010diji pripadnici sami sebe nazivaju ve\u0161ticama i magovima, ali oni znaju da vlasti vi\u0161e ne dele njihova uverenja, svesni su da postoje mimo dominantne kulture i politike.<\/p>\n<p>Naime, magija je nestala. Oko 1700. godine njeno postojanje je prestalo da se smatra istinitim. Uzrok tome je nestanak preduslova za veru u magiju: nekada\u0161nju predstavu da su sve stvari dublje povezane, da se svet sastoji od analogija, kako je u \u201eRe\u010dima i stvarima\u201c iznosio Fuko, skrivenih veza i nevidljivih sila, skrajnula je slika sveta koju bismo nazvali nau\u010dnom. Svet je postepeno ure\u0111en kroz razvrstavanje, klasifikaciju i sistematizaciju. Izmenilo se \u010dak i fundamentalno shvatanje \u0161ta uti\u010de na \u0161ta i pojavio se jedan novi svet, sazdan od materije i fizi\u010dkih zakona, a ne spleta prikrivenih sila, nematerijalnih bi\u0107a i animiranih predmeta. Magija je postojala u unutra\u0161njoj povezanosti svih elemenata tvorevine, a sa nestankom te povezanosti, nestala je i magija. Do\u0161lo je do promene na\u010dina na koji saznajemo, na koji razmi\u0161ljamo o svetu, a tako i do jednog preobra\u017eaja dalekose\u017enijeg od puke akumulacije znanja.<\/p>\n<p>&nbsp;<\/p>\n<p>Pro\u0161lost nije nesavr\u0161ena verzija sada\u0161njosti, ve\u0107 \u0161irok raspon svetova i kultura \u010dije su norme i istine druga\u010dije od dana\u0161njih. Nekad se verovalo u druga\u010dije istine od na\u0161ih, ali se to ne mo\u017ee svesti na prostu tvrdnju da se nekad gre\u0161ilo. Takva tvrdnja ne olak\u0161ava, ve\u0107 ote\u017eava razumevanje pro\u0161losti. [\u2026] Moramo se u\u017eiveti u istine minulih vremena kako bismo razumeli i te ljude i op\u0161tu istoriju pojma istinitog.\u201c<\/p>\n<p>&nbsp;<\/p>\n<p>SADR\u017dAJ<\/p>\n<p>&nbsp;<\/p>\n<p>UVOD:<\/p>\n<p>\u017daba iz Piplipatana<\/p>\n<p>Daleka pro\u0161lost<\/p>\n<p>\u0160ta ova knjiga jeste<\/p>\n<p>&nbsp;<\/p>\n<p>ANTI\u010cKO I ISTORIJSKO MI<\/p>\n<p>Uobrazilja i strogost<\/p>\n<p>Zapad se pomera na zapad<\/p>\n<p>U\u010diteljica \u017eivota<\/p>\n<p>Laka nauka<\/p>\n<p>&nbsp;<\/p>\n<p>SREDNjI VEK I PROBLEM VREMENA<\/p>\n<p>Malo vremena, a snovi veliki<\/p>\n<p>Dubina istorije<\/p>\n<p>&nbsp;<\/p>\n<p>RENESANSNE RAZLIKE<\/p>\n<p>Nova istina<\/p>\n<p>Ru\u0161evine i la\u017ene povelje<\/p>\n<p>Sumnja u besede<\/p>\n<p>Vreme za promenu<\/p>\n<p>Ograni\u010denost uzora<\/p>\n<p>Nova sumnja, nova pravila<\/p>\n<p>Bekstvo u male stvari<\/p>\n<p>&nbsp;<\/p>\n<p>DISTANCE PROSVETITELjSTVA<\/p>\n<p>Pogled sa ru\u0161evina<\/p>\n<p>Vreme postaje distanca<\/p>\n<p>Univerzalna istorija<\/p>\n<p>Profesionalno i istinito<\/p>\n<p>&nbsp;<\/p>\n<p>ISTINSKA ISTORIJA<\/p>\n<p>Stalni stadijumi pozitivizma<\/p>\n<p>Marksizam<\/p>\n<p>Marksizam posle Marksa<\/p>\n<p>Zapad i napredak<\/p>\n<p>Istorija celog sveta<\/p>\n<p>Strukture svakodnevnog \u017eivota<\/p>\n<p>Sazve\u017e\u0111a okeana<\/p>\n<p>Forme znanja, mehanika istine<\/p>\n<p>Istorija mentaliteta i nema struktura mi\u0161ljenja<\/p>\n<p>Novi nemir u jeziku<\/p>\n<p>\u017denska i rodna istorija kao stru\u010dno putovanje<\/p>\n<p>&nbsp;<\/p>\n<p>NEDOSTI\u017dNA ISTINA<\/p>\n<p>Krhke re\u010denice<\/p>\n<p>Problemi istine<\/p>\n<p>Istina i pri\u010da<\/p>\n<p>Istorija je knji\u017eevnost<\/p>\n<p>Pro\u0161lost kao plesni podijum<\/p>\n<p>Pisanje stvarnosti<\/p>\n<p>U vrtlogu istorije<\/p>\n<p>Principijelna pitanja, pragmati\u010dni odgovori<\/p>\n<p>&nbsp;<\/p>\n<p>ISTORIJA BUDU\u0106NOSTI<\/p>\n<p>O poreklu istorije<\/p>\n<p>Humanisti\u010dka nauka i prirodna nauka<\/p>\n<p>Vreme, \u017eivotna sredina i prikrivena srodstva<\/p>\n<p>&nbsp;<\/p>\n<p>POGOVOR<\/p>\n<p>Bibliografija<\/p>\n<p>Indeks<\/p>\n<p>&nbsp;<\/p>\n<p>Erling Sandmu (ro\u0111en 1963. godine) je profesor istorije na Univerzitetu u Oslu. Bavio se prvenstveno istorijom kriminala, rane novovekovne kulture, istorijom saznanja i klasi\u010dne muzike, a 2017. je osnovao Odeljenje kartografske istorije pri Narodnoj biblioteci Norve\u0161ke. Erling Sandmu je tako\u0111e muzi\u010dki kriti\u010dar i omiljeni univerzitetski predava\u010d.<\/p>\n<p>&nbsp;<\/p>\n<p>Izvor: <a href=\"http:\/\/karposbooks.rs\/shop\/novo\/vreme-istorija-o-poreklu-savremene-istoriografije-istorijskim-pitanjima-erling-sandmu\/\">http:\/\/karposbooks.rs\/shop\/novo\/vreme-istorija-o-poreklu-savremene-istoriografije-istorijskim-pitanjima-erling-sandmu\/<\/a><\/p>\n<p>&nbsp;<\/p>\n<p>&nbsp;<\/p>\n","protected":false},"excerpt":{"rendered":"","protected":false},"author":2,"featured_media":15865,"comment_status":"open","ping_status":"open","sticky":false,"template":"","format":"standard","meta":{"_acf_changed":false,"jetpack_post_was_ever_published":false,"_jetpack_newsletter_access":"","_jetpack_dont_email_post_to_subs":false,"_jetpack_newsletter_tier_id":0,"_jetpack_memberships_contains_paywalled_content":false,"_jetpack_memberships_contains_paid_content":false,"footnotes":"","jetpack_publicize_message":"","jetpack_publicize_feature_enabled":true,"jetpack_social_post_already_shared":true,"jetpack_social_options":{"image_generator_settings":{"template":"highway","default_image_id":0,"font":"","enabled":false},"version":2}},"categories":[8,3],"tags":[],"class_list":["post-15864","post","type-post","status-publish","format-standard","has-post-thumbnail","hentry","category-knjige","category-novosti"],"acf":{"facebook_opis":""},"jetpack_publicize_connections":[],"jetpack_featured_media_url":"https:\/\/i0.wp.com\/historiografija.hr\/wp-content\/uploads\/2019\/07\/vreme_i_istorija.jpg?fit=200%2C308&ssl=1","jetpack_sharing_enabled":true,"jetpack-related-posts":[{"id":52592,"url":"https:\/\/historiografija.hr\/?p=52592","url_meta":{"origin":15864,"position":0},"title":"Predstavljanje knjige &#8220;Turska ku\u0107a u Rijeci&#8221; u Zagrebu","author":"Branimir Jankovi\u0107","date":"22. travnja 2026.","format":false,"excerpt":"U prostorijama Turskog kulturnog centra Yunus Emre u Zagrebu, u utorak 21. travnja 2026. godine, odr\u017eano je sve\u010dano predstavljanje dopunjenog izdanja knjige Turska ku\u0107a u Rijeci, u organizaciji Hrvatsko-turskog dru\u0161tva Rijeka i partnerstvu sa Skupinom prijateljstva Hrvatska-Turska Hrvatskog sabora, Veleposlanstvom Republike Turske u Republici Hrvatskoj te Turskim kulturnim centrom Yunus\u2026","rel":"","context":"U &quot;Novosti&quot;","block_context":{"text":"Novosti","link":"https:\/\/historiografija.hr\/?cat=3"},"img":{"alt_text":"","src":"https:\/\/i0.wp.com\/historiografija.hr\/wp-content\/uploads\/2026\/04\/Turska-kuca-ZG.jpg?fit=1200%2C800&ssl=1&resize=350%2C200","width":350,"height":200,"srcset":"https:\/\/i0.wp.com\/historiografija.hr\/wp-content\/uploads\/2026\/04\/Turska-kuca-ZG.jpg?fit=1200%2C800&ssl=1&resize=350%2C200 1x, https:\/\/i0.wp.com\/historiografija.hr\/wp-content\/uploads\/2026\/04\/Turska-kuca-ZG.jpg?fit=1200%2C800&ssl=1&resize=525%2C300 1.5x, https:\/\/i0.wp.com\/historiografija.hr\/wp-content\/uploads\/2026\/04\/Turska-kuca-ZG.jpg?fit=1200%2C800&ssl=1&resize=700%2C400 2x, https:\/\/i0.wp.com\/historiografija.hr\/wp-content\/uploads\/2026\/04\/Turska-kuca-ZG.jpg?fit=1200%2C800&ssl=1&resize=1050%2C600 3x"},"classes":[]},{"id":52607,"url":"https:\/\/historiografija.hr\/?p=52607","url_meta":{"origin":15864,"position":1},"title":"No\u0107 knjige: Kako je prije 410 godina smr\u0107u Shakespearea i Cervantesa zavr\u0161ilo razdoblje renesanse u knji\u017eevnosti","author":"Branimir Jankovi\u0107","date":"22. travnja 2026.","format":false,"excerpt":"\u010cetvrtak, 23. travnja 2026. u 18:00 sati, Knji\u017eara Matice hrvatske, Ulica Matice hrvatske 2, Zagreb Uvodna rije\u010d: dr. sc.\u00a0Dubravka Brezak Stama\u0107, pro\u010delnica Odjela za knji\u017eevnost Matice hrvatske Prof. dr. sc. Ivan Lupi\u0107, redoviti profesor u Odsjeku za anglistiku i Odsjeku za kroatistiku Sveu\u010dili\u0161ta u RijeciShakespeare, kazali\u0161te, glazbaKada se susre\u0107emo sa\u2026","rel":"","context":"U &quot;Novosti&quot;","block_context":{"text":"Novosti","link":"https:\/\/historiografija.hr\/?cat=3"},"img":{"alt_text":"","src":"https:\/\/i0.wp.com\/historiografija.hr\/wp-content\/uploads\/2026\/04\/noc_knjige_2026.jpg?fit=680%2C276&ssl=1&resize=350%2C200","width":350,"height":200,"srcset":"https:\/\/i0.wp.com\/historiografija.hr\/wp-content\/uploads\/2026\/04\/noc_knjige_2026.jpg?fit=680%2C276&ssl=1&resize=350%2C200 1x, https:\/\/i0.wp.com\/historiografija.hr\/wp-content\/uploads\/2026\/04\/noc_knjige_2026.jpg?fit=680%2C276&ssl=1&resize=525%2C300 1.5x"},"classes":[]},{"id":52616,"url":"https:\/\/historiografija.hr\/?p=52616","url_meta":{"origin":15864,"position":2},"title":"No\u0107 knjige 2026.","author":"Branimir Jankovi\u0107","date":"22. travnja 2026.","format":false,"excerpt":"Slavljeni\u010dka 15. No\u0107 knjige odr\u017eat \u0107e se 23. travnja diljem Hrvatske u povodu Svjetskog dana knjige i autorskih prava te Dana hrvatske knjige. S vi\u0161e od 1.000 prijavljenih programa i akcija s pravom nosi epitet najmasovnije doma\u0107e kulturne manifestacije, a ove \u0107e godine prote\u0107i u znaku mira, razumijevanja, tolerancije, srodnosti\u2026","rel":"","context":"U &quot;Novosti&quot;","block_context":{"text":"Novosti","link":"https:\/\/historiografija.hr\/?cat=3"},"img":{"alt_text":"","src":"https:\/\/i0.wp.com\/historiografija.hr\/wp-content\/uploads\/2026\/04\/noc_knjige_2026.jpg?fit=680%2C276&ssl=1&resize=350%2C200","width":350,"height":200,"srcset":"https:\/\/i0.wp.com\/historiografija.hr\/wp-content\/uploads\/2026\/04\/noc_knjige_2026.jpg?fit=680%2C276&ssl=1&resize=350%2C200 1x, https:\/\/i0.wp.com\/historiografija.hr\/wp-content\/uploads\/2026\/04\/noc_knjige_2026.jpg?fit=680%2C276&ssl=1&resize=525%2C300 1.5x"},"classes":[]},{"id":52666,"url":"https:\/\/historiografija.hr\/?p=52666","url_meta":{"origin":15864,"position":3},"title":"Najava programa Festivala povijesti Kliofest (5-8. V. 2026)","author":"Branimir Jankovi\u0107","date":"24. travnja 2026.","format":false,"excerpt":"Po trinaesti put odr\u017eava se Festival povijesti Kliofest! Do petka \u0107emo odr\u017eati osam okruglih stolova i dva kolokvija te niz predstavljanja knjiga i projekata razli\u010dite tematike, od antike do suvremenosti. Bit \u0107e predstavljeno i nekoliko izlo\u017ebi te odr\u017ean jedan povijesni kviz. Prikazat \u0107emo i jedan film \u2013 o generalu Boroevi\u0107u.\u2026","rel":"","context":"U &quot;Novosti&quot;","block_context":{"text":"Novosti","link":"https:\/\/historiografija.hr\/?cat=3"},"img":{"alt_text":"","src":"https:\/\/i0.wp.com\/historiografija.hr\/wp-content\/uploads\/2026\/04\/Kliofest-2026.jpg?fit=526%2C526&ssl=1&resize=350%2C200","width":350,"height":200,"srcset":"https:\/\/i0.wp.com\/historiografija.hr\/wp-content\/uploads\/2026\/04\/Kliofest-2026.jpg?fit=526%2C526&ssl=1&resize=350%2C200 1x, https:\/\/i0.wp.com\/historiografija.hr\/wp-content\/uploads\/2026\/04\/Kliofest-2026.jpg?fit=526%2C526&ssl=1&resize=525%2C300 1.5x"},"classes":[]},{"id":52646,"url":"https:\/\/historiografija.hr\/?p=52646","url_meta":{"origin":15864,"position":4},"title":"5. MALI FESTIVAL POVIJESTI U LASTOVU","author":"Branimir Jankovi\u0107","date":"24. travnja 2026.","format":false,"excerpt":"Peti Mali festival povijesti odr\u017eava se od 25. do 27. travnja 2026. na Lastovu, u suradnji Zavoda za povijesne znanosti HAZU u Dubrovniku, Op\u0107ine Lastovo i Turisti\u010dke zajednice te uz potporu Dubrova\u010dko-neretvanske \u017eupanije. Predavanja: Dr. sc. Jasna \u010capo \u201eKu\u0107a kao zalog budu\u0107nosti i most izme\u0111u iseljenika i domovine\u201c Dr. sc.\u2026","rel":"","context":"U &quot;Novosti&quot;","block_context":{"text":"Novosti","link":"https:\/\/historiografija.hr\/?cat=3"},"img":{"alt_text":"","src":"https:\/\/i0.wp.com\/historiografija.hr\/wp-content\/uploads\/2026\/04\/Lastovo.jpg?fit=1200%2C700&ssl=1&resize=350%2C200","width":350,"height":200,"srcset":"https:\/\/i0.wp.com\/historiografija.hr\/wp-content\/uploads\/2026\/04\/Lastovo.jpg?fit=1200%2C700&ssl=1&resize=350%2C200 1x, https:\/\/i0.wp.com\/historiografija.hr\/wp-content\/uploads\/2026\/04\/Lastovo.jpg?fit=1200%2C700&ssl=1&resize=525%2C300 1.5x, https:\/\/i0.wp.com\/historiografija.hr\/wp-content\/uploads\/2026\/04\/Lastovo.jpg?fit=1200%2C700&ssl=1&resize=700%2C400 2x, https:\/\/i0.wp.com\/historiografija.hr\/wp-content\/uploads\/2026\/04\/Lastovo.jpg?fit=1200%2C700&ssl=1&resize=1050%2C600 3x"},"classes":[]},{"id":52603,"url":"https:\/\/historiografija.hr\/?p=52603","url_meta":{"origin":15864,"position":5},"title":"No\u0107 knjige: Carska i kraljevska kuhinja","author":"Branimir Jankovi\u0107","date":"22. travnja 2026.","format":false,"excerpt":"Pozivamo vas da nam se pridru\u017eite 23. travnja 2026. u 18 sati u obilje\u017eavanju No\u0107i knjige u Pivnici Bobi&Rudi na Trgu Ivana Me\u0161trovi\u0107a u Zapru\u0111u u Zagrebu gdje uz kavu \u010ditamo recepte iz zemalja Austro-Ugarske Monarhije iz knjige Carska i kraljevska kuhinja, autora Roberta Mak\u0142owicza, u prijevodu Damira Agi\u010di\u0107a. Izvor:\u2026","rel":"","context":"U &quot;Novosti&quot;","block_context":{"text":"Novosti","link":"https:\/\/historiografija.hr\/?cat=3"},"img":{"alt_text":"","src":"https:\/\/i0.wp.com\/historiografija.hr\/wp-content\/uploads\/2026\/04\/Noc-knjige-Carska-i-kraljevska.jpg?fit=1200%2C1200&ssl=1&resize=350%2C200","width":350,"height":200,"srcset":"https:\/\/i0.wp.com\/historiografija.hr\/wp-content\/uploads\/2026\/04\/Noc-knjige-Carska-i-kraljevska.jpg?fit=1200%2C1200&ssl=1&resize=350%2C200 1x, https:\/\/i0.wp.com\/historiografija.hr\/wp-content\/uploads\/2026\/04\/Noc-knjige-Carska-i-kraljevska.jpg?fit=1200%2C1200&ssl=1&resize=525%2C300 1.5x, https:\/\/i0.wp.com\/historiografija.hr\/wp-content\/uploads\/2026\/04\/Noc-knjige-Carska-i-kraljevska.jpg?fit=1200%2C1200&ssl=1&resize=700%2C400 2x, https:\/\/i0.wp.com\/historiografija.hr\/wp-content\/uploads\/2026\/04\/Noc-knjige-Carska-i-kraljevska.jpg?fit=1200%2C1200&ssl=1&resize=1050%2C600 3x"},"classes":[]}],"_links":{"self":[{"href":"https:\/\/historiografija.hr\/index.php?rest_route=\/wp\/v2\/posts\/15864","targetHints":{"allow":["GET"]}}],"collection":[{"href":"https:\/\/historiografija.hr\/index.php?rest_route=\/wp\/v2\/posts"}],"about":[{"href":"https:\/\/historiografija.hr\/index.php?rest_route=\/wp\/v2\/types\/post"}],"author":[{"embeddable":true,"href":"https:\/\/historiografija.hr\/index.php?rest_route=\/wp\/v2\/users\/2"}],"replies":[{"embeddable":true,"href":"https:\/\/historiografija.hr\/index.php?rest_route=%2Fwp%2Fv2%2Fcomments&post=15864"}],"version-history":[{"count":2,"href":"https:\/\/historiografija.hr\/index.php?rest_route=\/wp\/v2\/posts\/15864\/revisions"}],"predecessor-version":[{"id":15867,"href":"https:\/\/historiografija.hr\/index.php?rest_route=\/wp\/v2\/posts\/15864\/revisions\/15867"}],"wp:featuredmedia":[{"embeddable":true,"href":"https:\/\/historiografija.hr\/index.php?rest_route=\/wp\/v2\/media\/15865"}],"wp:attachment":[{"href":"https:\/\/historiografija.hr\/index.php?rest_route=%2Fwp%2Fv2%2Fmedia&parent=15864"}],"wp:term":[{"taxonomy":"category","embeddable":true,"href":"https:\/\/historiografija.hr\/index.php?rest_route=%2Fwp%2Fv2%2Fcategories&post=15864"},{"taxonomy":"post_tag","embeddable":true,"href":"https:\/\/historiografija.hr\/index.php?rest_route=%2Fwp%2Fv2%2Ftags&post=15864"}],"curies":[{"name":"wp","href":"https:\/\/api.w.org\/{rel}","templated":true}]}}