{"id":15858,"date":"2019-07-31T19:51:31","date_gmt":"2019-07-31T19:51:31","guid":{"rendered":"http:\/\/historiografija.hr\/?p=15858"},"modified":"2019-07-31T19:51:31","modified_gmt":"2019-07-31T19:51:31","slug":"exhibition-monument-central-and-eastern-europe-1918-2018","status":"publish","type":"post","link":"https:\/\/historiografija.hr\/?p=15858","title":{"rendered":"Exhibition \u201cMONUMENT. Central and Eastern Europe 1918\u20132018\u201d"},"content":{"rendered":"<p>U Var\u0161avi je od 16.12.2018. do 15.9.2019. otvorena izlo\u017eba o spomenicima u Srednjoj i Isto\u010dnoj Europi 1918-2018. na kojoj je, kao i na prate\u0107oj konferenciji, zastupljena i hrvatska povijest.<\/p>\n<p>&nbsp;<\/p>\n<p>&#8212;<\/p>\n<p>&nbsp;<\/p>\n<p><strong>MONUMENT. Central and Eastern Europe 1918 \u2013 2018<\/strong><\/p>\n<p>&nbsp;<\/p>\n<p>Monuments create the landscape of our values which is why they so often evoke controversies. They commemorate statesmen, heroes, and victims of wars. They represent the commonly shared ideals, \u201cinhabit\u201d cities and dominate the view.\u00a0 For those in power, they are a tool in constructing collective identity. As borders shift and political regimes change, the monuments of the past era are torn down, recycled and renamed. The exhibition \u201cMONUMENT. Central and Eastern Europe 1918 \u2013 2018\u201d at the Xawery Dunikowski Museum of Sculpture at Kr\u00f3likarnia describes the functions, histories and processes to which monuments are subject. It presents the biographies of over twenty such objects from our region of Europe, from the moment of the selection of their design, through their erection and use, until the disputes they provoke and, finally, their destruction, oblivion and decay. The presentation is not just a mere historical review but a contribution to the presently carried debates.<\/p>\n<p>&nbsp;<\/p>\n<p>In 2018, the Museum of Sculpture at Kr\u00f3likarnia initiated an international research project dedicated to monumental sculptures in Central and Eastern Europe. The main point on its agenda is the exhibition \u201cThe Monument. Central and Eastern Europe 1918-2018\u201d. The project also includes two other presentations: \u201cIvan Me\u0161trovi\u0107 \/ J\u00f3zef Pi\u0142sudski\u201d at the Kordegarda Gallery of the National Centre of Culture, which focuses on the pre-war design of the statue of Marshall Pu\u0142sudski in Warsaw, as well as an exhibition planned for 2019 at the Biuro Wystaw gallery. There are also plans for a conference, a series of guided walks and a book publication. The project is carried out in collaboration with the Institute of Polish Culture of the University of Warsaw, the National Centre of Culture, the National Digital Archive, TVP Kultura, and the Foundation of Polish Modern Art.<\/p>\n<p>&nbsp;<\/p>\n<p>The exhibition focuses on a subject which has been stirring up emotions since as far back as the beginnings of organised societies. Monuments have been present in the European culture ever since Greek and Roman antiquity \u2013 single and group figurative forms such as statues, busts, or equestrian sculptures on the one hand and, on the other, architectural commemorative objects in the form of arches, obelisks, or gates.<\/p>\n<p>&nbsp;<\/p>\n<p>Ever since the Renaissance, monuments have filled the squares and the lavish main city streets. They faithfully served the 17th century absolute monarchs, the 19 century nationalist ideology or the 20th century totalitarian systems. Torn down by revolutions, erected by emperors and victorious armies, they still commemorate, symbolise and dominate in the public space.\u00a0 In contemporary times, they represent the ever changing views of democratic societies. As time goes by, they not only become the background of city life but also objects of different grassroot actions. They even get local nicknames at times (as the \u201cGallows\u201d in Olsztyn \u2013 the monument to the Liberation of the Warmia-Mazury Land,\u00a0 or the Warsaw monument commemorating the Brotherhood in Arms known as \u201cThe Sleeping Four\u201d). Monuments can even be objects of anarchist resistance of the local communities as we know from the attempted blowing up of the statue of Lenin in Nowa Huta in 1979 or from the incident of the monument of the Red Army in Sofia being shot at with colour-dye bullets and then repainted.<\/p>\n<p>&nbsp;<\/p>\n<p>Due to the complicated political events in the recent century in Central and Eastern Europe, processes of\u00a0 erecting, remodelling, and removing monuments have been taking place at an ominously accelerated pace. Treated as tools for forming a collective identity of newly independent states, monuments were in growing demand at the end of World War I and at the beginning of the new political division of Europe. A similar process again took place after World War II, when the region fell under the control of the USSR. The fate of the monuments which are associated with the former Soviet domination is a subject of much controversy today: some are torn down, moved to commemoration parks, or recycled into objects of a different purpose or meaning. The exhibits at the presentation will include, for example, a piece of a statue of the Polish Mother moved here from the town of Sejny. The monument was taken down as a result of the \u201cdecommunization law\u201d of 1 April 2016, amended on 14 December 2017. In the years 1970 \u2013 1982, the statue was known as a commemoration of the 25th anniversary of Polish People\u2019s Republic. Public consultations in Sejny are planned to take place at the time of the monument\u2019s presentation at the exhibition \u2013 the local community and the town\u2019s authorities are to decide whether it is to come back to the public space, and if so \u2013 under what name.<\/p>\n<p>&nbsp;<\/p>\n<p>The exhibition at Kr\u00f3likarnia tells the story of monuments which are important for artistic, historical or social reasons, and which were erected in Poland or other countries of Central and Eastern Europe in the years 19198-2018. The presentation will also include those which, despite their undoubtful artistic quality, are criticised for having been made to commemorate specific political developments and powers. This is what happened, for example, to the so called spomeniks (a term borrowed from Serbian and Croat) which for years had been left in oblivion and only recently recalled and again admired for their incredible modernist form. These include Vojan Bakic\u2019s works in Croatia or the W\u0142adys\u0142aw Hasior\u2019s monument to the Victims of Internal Struggle after World War II (otherwise known as The Organs). There has also been a rather hot discussion taking place about the monument of the Insurgence by Xawery Dunikowski on the Mount of St Anne.<\/p>\n<p>&nbsp;<\/p>\n<p>By juxtaposing the examples from the different countries we would like to investigate whether the perspective of the relative community of experiences of Poland and other post-socialist countries of Central and Eastern Europe has resulted in similar forms, logic and histories shared by the monuments of this region \u2013 whether there is a specificity of local commemorative activities unique to the entire region.<\/p>\n<p>&nbsp;<\/p>\n<p>&nbsp;<\/p>\n<p><strong>Curatorial team under the leadership of Agnieszka Tarasiuk:<\/strong><\/p>\n<p><strong>Hubert Czerepok, Ania Miczko<\/strong><\/p>\n<p>&nbsp;<\/p>\n<p><strong>Academic council<\/strong><\/p>\n<p>prof. ASP dr hab. Waldemar Baraniewski<\/p>\n<p>dr hab. Irena Grzesiuk- Olszewska<\/p>\n<p>Piotr Nowicki<\/p>\n<p>dr Krzysztof Pijarski<\/p>\n<p>&nbsp;<\/p>\n<p><strong>Participation in research<\/strong><\/p>\n<p>Klara Czerniewska-Andryszczyk, Zuzanna Derlacz, dr Mischa Gabowitsch, Alicja Gzowska, Micha\u0142 Krasucki, dr Iryna Laurouskaya, prof. Pawe\u0142 Machcewicz, Marek Matyjanka, prof. Hana Pichova, dr Piotr Przyby\u0142a, Micha\u0142 Siarek, dr Magda Szcze\u015bniak, Joanna Torcha\u0142a, Anna Wandzel, Ewa Ziembi\u0144ska, Sylwia Zaremba<\/p>\n<p>&nbsp;<\/p>\n<p>&nbsp;<\/p>\n<p><strong>Website\u00a0<\/strong><strong><a href=\"http:\/\/www.pomnik.art\/\">www.pomnik.art<\/a><\/strong><\/p>\n<p>The exhibition is supplemented by a website dedicated to monuments in Central and Eastern Europe, which includes descriptions and histories of the presented monuments, interviews with their authors, information about the organised discussions and news about monuments in Poland and in the region.<\/p>\n<p>&nbsp;<\/p>\n<p>&nbsp;<\/p>\n<p><strong>International conference<\/strong><\/p>\n<p>The research component of the project is a conferences planned for March 2019 with the participation of artists, researchers and historians about the subject of commemoration in Central and Eastern Europe.<\/p>\n<p>&nbsp;<\/p>\n<p><a href=\"http:\/\/www.krolikarnia.mnw.art.pl\/en\/wydarzenia-en\/whats-on\/146,event.html\">http:\/\/www.krolikarnia.mnw.art.pl\/en\/wydarzenia-en\/whats-on\/146,event.html<\/a><\/p>\n<p>&nbsp;<\/p>\n<p><a href=\"http:\/\/www.krolikarnia.mnw.art.pl\/en\/temporary-exhibitions\/present.html\">http:\/\/www.krolikarnia.mnw.art.pl\/en\/temporary-exhibitions\/present.html<\/a><\/p>\n<p>&nbsp;<\/p>\n<p><a href=\"http:\/\/www.krolikarnia.mnw.art.pl\/en\/temporary-exhibitions\/monument-central-and-eastern-europe-19182018,23.html\">http:\/\/www.krolikarnia.mnw.art.pl\/en\/temporary-exhibitions\/monument-central-and-eastern-europe-19182018,23.html<\/a><\/p>\n<p>&nbsp;<\/p>\n","protected":false},"excerpt":{"rendered":"","protected":false},"author":2,"featured_media":15859,"comment_status":"open","ping_status":"open","sticky":false,"template":"","format":"standard","meta":{"_acf_changed":false,"jetpack_post_was_ever_published":false,"_jetpack_newsletter_access":"","_jetpack_dont_email_post_to_subs":false,"_jetpack_newsletter_tier_id":0,"_jetpack_memberships_contains_paywalled_content":false,"_jetpack_memberships_contains_paid_content":false,"footnotes":"","jetpack_publicize_message":"","jetpack_publicize_feature_enabled":true,"jetpack_social_post_already_shared":true,"jetpack_social_options":{"image_generator_settings":{"template":"highway","default_image_id":0,"font":"","enabled":false},"version":2}},"categories":[10,3],"tags":[],"class_list":["post-15858","post","type-post","status-publish","format-standard","has-post-thumbnail","hentry","category-izlozbe","category-novosti"],"acf":{"facebook_opis":""},"jetpack_publicize_connections":[],"jetpack_featured_media_url":"https:\/\/i0.wp.com\/historiografija.hr\/wp-content\/uploads\/2019\/07\/pomnik.jpg?fit=537%2C768&ssl=1","jetpack_sharing_enabled":true,"jetpack-related-posts":[{"id":52673,"url":"https:\/\/historiografija.hr\/?p=52673","url_meta":{"origin":15858,"position":0},"title":"TWO POSTDOCTORAL POSITIONS IN THE &#8220;PROLETGARD ERC STARTING GRANT PROJECT&#8221;, KASS\u00c1K FOUNDATION, BUDAPEST (DEADLINE: 1ST MAY 2026)","author":"Branimir Jankovi\u0107","date":"27. travnja 2026.","format":false,"excerpt":"This five-year ERC-funded project examines how avant-garde art contributed to the formation of a workers\u2019 movement counterculture in East Central Europe after 1918. It argues that socialist and avant-garde periodicals, groups, and figures shaped both avant-garde culture and transnational workers\u2019 movements. Focusing on the successor states of the Austro\u2013Hungarian Empire\u2026","rel":"","context":"U &quot;Novosti&quot;","block_context":{"text":"Novosti","link":"https:\/\/historiografija.hr\/?cat=3"},"img":{"alt_text":"","src":"https:\/\/i0.wp.com\/historiografija.hr\/wp-content\/uploads\/2017\/10\/hsozkult.png?fit=1006%2C241&ssl=1&resize=350%2C200","width":350,"height":200,"srcset":"https:\/\/i0.wp.com\/historiografija.hr\/wp-content\/uploads\/2017\/10\/hsozkult.png?fit=1006%2C241&ssl=1&resize=350%2C200 1x, https:\/\/i0.wp.com\/historiografija.hr\/wp-content\/uploads\/2017\/10\/hsozkult.png?fit=1006%2C241&ssl=1&resize=525%2C300 1.5x, https:\/\/i0.wp.com\/historiografija.hr\/wp-content\/uploads\/2017\/10\/hsozkult.png?fit=1006%2C241&ssl=1&resize=700%2C400 2x"},"classes":[]},{"id":52688,"url":"https:\/\/historiografija.hr\/?p=52688","url_meta":{"origin":15858,"position":1},"title":"Eleonora Naxidou and Yura Konstantinova \u201eBalkan Perspectives of Europe: Between East and West\u201c","author":"Filip \u0160imunjak","date":"28. travnja 2026.","format":false,"excerpt":"Through the lens of the Balkan nations, this volume makes a valuable and significant contribution to the fields of European and Southeast European studies by reconsidering the East\/West dichotomy \u2013 both in terms of the Orient\u2013Occident divide and the Eastern\u2013Western Europe binary. Balkan Perspectives of Europe focuses on concepts of\u2026","rel":"","context":"U &quot;Knjige&quot;","block_context":{"text":"Knjige","link":"https:\/\/historiografija.hr\/?cat=8"},"img":{"alt_text":"","src":"https:\/\/i0.wp.com\/historiografija.hr\/wp-content\/uploads\/2026\/04\/Balkan-Perspectives-of-Europe-Between-East-and-West.jpg?fit=350%2C525&ssl=1&resize=350%2C200","width":350,"height":200},"classes":[]},{"id":52643,"url":"https:\/\/historiografija.hr\/?p=52643","url_meta":{"origin":15858,"position":2},"title":"BRACEWELL TRAVELLING SCHOLARSHIP\u202fFOR PHD STUDENTS (DEADLINE: 30TH APRIL 2026)","author":"Branimir Jankovi\u0107","date":"24. travnja 2026.","format":false,"excerpt":"The Bracewell Travelling Scholarship\u202fis funded by a gift from SSEES Emeritus Professor of History Wendy Bracewell, whose research examines South Slav history, and travel writing in eastern Europe. The Scholarship honours the long tradition of mutual curiosity between the UK and eastern, central and southeastern Europe by supporting PhD students\u2026","rel":"","context":"U &quot;Novosti&quot;","block_context":{"text":"Novosti","link":"https:\/\/historiografija.hr\/?cat=3"},"img":{"alt_text":"","src":"https:\/\/i0.wp.com\/historiografija.hr\/wp-content\/uploads\/2026\/04\/Bracewell-Travelling-Scholarship-.webp?fit=980%2C700&ssl=1&resize=350%2C200","width":350,"height":200,"srcset":"https:\/\/i0.wp.com\/historiografija.hr\/wp-content\/uploads\/2026\/04\/Bracewell-Travelling-Scholarship-.webp?fit=980%2C700&ssl=1&resize=350%2C200 1x, https:\/\/i0.wp.com\/historiografija.hr\/wp-content\/uploads\/2026\/04\/Bracewell-Travelling-Scholarship-.webp?fit=980%2C700&ssl=1&resize=525%2C300 1.5x, https:\/\/i0.wp.com\/historiografija.hr\/wp-content\/uploads\/2026\/04\/Bracewell-Travelling-Scholarship-.webp?fit=980%2C700&ssl=1&resize=700%2C400 2x"},"classes":[]},{"id":52692,"url":"https:\/\/historiografija.hr\/?p=52692","url_meta":{"origin":15858,"position":3},"title":"Florian Bieber \u201eHvar in the Modern Age: Identity and Change in Southeast Europe\u201c","author":"Filip \u0160imunjak","date":"28. travnja 2026.","format":false,"excerpt":"Description\u00a0 In this open-access book, Florian Bieber traces the history of the Adriatic island of Hvar over half a millennium, from the advent of Venetian rule in the 15th century to the end of Yugoslavia in the late 20th century. The history of Hvar tells a larger story about modernity,\u2026","rel":"","context":"U &quot;Knjige&quot;","block_context":{"text":"Knjige","link":"https:\/\/historiografija.hr\/?cat=8"},"img":{"alt_text":"","src":"https:\/\/i0.wp.com\/historiografija.hr\/wp-content\/uploads\/2026\/04\/Florian-Bieber-Hvar-in-the-Modern-Age-Identity-and-Change-in-Southeast-Europe.webp?fit=540%2C810&ssl=1&resize=350%2C200","width":350,"height":200,"srcset":"https:\/\/i0.wp.com\/historiografija.hr\/wp-content\/uploads\/2026\/04\/Florian-Bieber-Hvar-in-the-Modern-Age-Identity-and-Change-in-Southeast-Europe.webp?fit=540%2C810&ssl=1&resize=350%2C200 1x, https:\/\/i0.wp.com\/historiografija.hr\/wp-content\/uploads\/2026\/04\/Florian-Bieber-Hvar-in-the-Modern-Age-Identity-and-Change-in-Southeast-Europe.webp?fit=540%2C810&ssl=1&resize=525%2C300 1.5x"},"classes":[]},{"id":52148,"url":"https:\/\/historiografija.hr\/?p=52148","url_meta":{"origin":15858,"position":4},"title":"Poziv za prijavu na me\u0111unarodnu znanstvenu konferenciju \u201eGranice (ne)slobode: Zadarski krug 1966. Intelektualna opozicija u totalitarnom dru\u0161tvu\u201c","author":"Branimir Jankovi\u0107","date":"27. o\u017eujka 2026.","format":false,"excerpt":"\u00a0\u00a0\u00a0\u00a0 Povodom \u0161ezdesete obljetnice poku\u0161aja osnivanja \u010dasopisa Slobodan glas u Zadru 1966. godine, pozivamo vas na znanstvenu konferenciju posve\u0107enu istra\u017eivanju disidentstva, intelektualne opozicije i granica divergentnog mi\u0161ljenja nasuprot slu\u017ebenoj ideologiji u komunisti\u010dkoj Jugoslaviji. Ideja konferencije je analizirati konkretan fenomen zadarskog slu\u010daja razloge i okolnosti njegove pojave, ali uz otvaranje komparativnih\u2026","rel":"","context":"U &quot;Novosti&quot;","block_context":{"text":"Novosti","link":"https:\/\/historiografija.hr\/?cat=3"},"img":{"alt_text":"","src":"https:\/\/i0.wp.com\/historiografija.hr\/wp-content\/uploads\/2026\/03\/Poziv-konferencija-Zadar.jpg?fit=1200%2C509&ssl=1&resize=350%2C200","width":350,"height":200,"srcset":"https:\/\/i0.wp.com\/historiografija.hr\/wp-content\/uploads\/2026\/03\/Poziv-konferencija-Zadar.jpg?fit=1200%2C509&ssl=1&resize=350%2C200 1x, https:\/\/i0.wp.com\/historiografija.hr\/wp-content\/uploads\/2026\/03\/Poziv-konferencija-Zadar.jpg?fit=1200%2C509&ssl=1&resize=525%2C300 1.5x, https:\/\/i0.wp.com\/historiografija.hr\/wp-content\/uploads\/2026\/03\/Poziv-konferencija-Zadar.jpg?fit=1200%2C509&ssl=1&resize=700%2C400 2x, https:\/\/i0.wp.com\/historiografija.hr\/wp-content\/uploads\/2026\/03\/Poziv-konferencija-Zadar.jpg?fit=1200%2C509&ssl=1&resize=1050%2C600 3x"},"classes":[]},{"id":52641,"url":"https:\/\/historiografija.hr\/?p=52641","url_meta":{"origin":15858,"position":5},"title":"CfP: WHO OWNS THE PAST? VERNACULAR MEMORY, STATE MEMORY, AND THE POLITICS OF OWNERSHIP","author":"Branimir Jankovi\u0107","date":"24. travnja 2026.","format":false,"excerpt":"VIENNA, 31ST AUGUST\u20133RD SEPTEMBER 2026 (DEADLINE: 24TH APRIL 2026) The Center for Austrian Studies at the European Forum at the Hebrew University and the Austrian Academy of Sciences\/Institute of Culture Studies invite early postdocs, PhD candidates, and advanced Master\u2019s students from the Hebrew University of Jerusalem and universities and academic\u2026","rel":"","context":"U &quot;Novosti&quot;","block_context":{"text":"Novosti","link":"https:\/\/historiografija.hr\/?cat=3"},"img":{"alt_text":"","src":"https:\/\/i0.wp.com\/historiografija.hr\/wp-content\/uploads\/2017\/10\/hsozkult.png?fit=1006%2C241&ssl=1&resize=350%2C200","width":350,"height":200,"srcset":"https:\/\/i0.wp.com\/historiografija.hr\/wp-content\/uploads\/2017\/10\/hsozkult.png?fit=1006%2C241&ssl=1&resize=350%2C200 1x, https:\/\/i0.wp.com\/historiografija.hr\/wp-content\/uploads\/2017\/10\/hsozkult.png?fit=1006%2C241&ssl=1&resize=525%2C300 1.5x, https:\/\/i0.wp.com\/historiografija.hr\/wp-content\/uploads\/2017\/10\/hsozkult.png?fit=1006%2C241&ssl=1&resize=700%2C400 2x"},"classes":[]}],"_links":{"self":[{"href":"https:\/\/historiografija.hr\/index.php?rest_route=\/wp\/v2\/posts\/15858","targetHints":{"allow":["GET"]}}],"collection":[{"href":"https:\/\/historiografija.hr\/index.php?rest_route=\/wp\/v2\/posts"}],"about":[{"href":"https:\/\/historiografija.hr\/index.php?rest_route=\/wp\/v2\/types\/post"}],"author":[{"embeddable":true,"href":"https:\/\/historiografija.hr\/index.php?rest_route=\/wp\/v2\/users\/2"}],"replies":[{"embeddable":true,"href":"https:\/\/historiografija.hr\/index.php?rest_route=%2Fwp%2Fv2%2Fcomments&post=15858"}],"version-history":[{"count":1,"href":"https:\/\/historiografija.hr\/index.php?rest_route=\/wp\/v2\/posts\/15858\/revisions"}],"predecessor-version":[{"id":15860,"href":"https:\/\/historiografija.hr\/index.php?rest_route=\/wp\/v2\/posts\/15858\/revisions\/15860"}],"wp:featuredmedia":[{"embeddable":true,"href":"https:\/\/historiografija.hr\/index.php?rest_route=\/wp\/v2\/media\/15859"}],"wp:attachment":[{"href":"https:\/\/historiografija.hr\/index.php?rest_route=%2Fwp%2Fv2%2Fmedia&parent=15858"}],"wp:term":[{"taxonomy":"category","embeddable":true,"href":"https:\/\/historiografija.hr\/index.php?rest_route=%2Fwp%2Fv2%2Fcategories&post=15858"},{"taxonomy":"post_tag","embeddable":true,"href":"https:\/\/historiografija.hr\/index.php?rest_route=%2Fwp%2Fv2%2Ftags&post=15858"}],"curies":[{"name":"wp","href":"https:\/\/api.w.org\/{rel}","templated":true}]}}