{"id":15845,"date":"2019-07-30T20:35:08","date_gmt":"2019-07-30T20:35:08","guid":{"rendered":"http:\/\/historiografija.hr\/?p=15845"},"modified":"2019-07-30T20:35:08","modified_gmt":"2019-07-30T20:35:08","slug":"cfp-fiscal-crisis-revolution-fiscal-reform-war-fiscal-state-in-the-revolutionary-and-napoleonic-era-1770-1820-rotterdam-june-2020","status":"publish","type":"post","link":"https:\/\/historiografija.hr\/?p=15845","title":{"rendered":"CFP: Fiscal Crisis, Revolution, Fiscal Reform, War: Fiscal State in the Revolutionary and Napoleonic Era, 1770-1820, Rotterdam, June 2020"},"content":{"rendered":"<p>Call for Papers for an international conference to be held in Rotterdam, 25-27 June 2020.<\/p>\n<p>&nbsp;<\/p>\n<p>Deadline CfP: 31 October 2019.<\/p>\n<p>&nbsp;<\/p>\n<p>There is a broad consensus that fiscal affairs had a significant impact on the political turmoil that swept Europe at the dawn of the modern era. After all, it was the flawed attempts at introducing much-needed fiscal reform in <em>ancien r\u00e9gime<\/em> France that sparked off the French Revolution. It is also well known that it was the ability to achieve resource superiority, in part through raising fiscal revenue, that determined which states could weather the political storms and conflict unleashed by revolution. Britain\u2019s success in achieving resource superiority in the Napoleonic Wars is seen as key to the defeat of Revolutionary-Napoleonic France. The inability of the Dutch Republic to raise the fiscal revenue required to maintain its position in the international order is acknowledged to have made it an easy prey for French Revolutionary armies in 1794.<\/p>\n<p>&nbsp;<\/p>\n<p>However, whilst fiscal history has attracted much scholarly attention, the broader field of European fiscal history remains fragmented along national lines. This conference aims to draw together recent research to reflect on whether common trends and developments can be identified in European fiscal history. A secondary aim of the conference is to explore the impact of the key international actor of the age, Napoleon Bonaparte, on European fiscal history, both on those states that were integrated into the Napoleonic Empire and the Napoleonic fiscal-military state and on those that were forced to respond to the emergence of a unipolar international order dominated by the Napoleonic Empire.<\/p>\n<p>&nbsp;<\/p>\n<p>Papers are invited on a broad range of topics, to include but not limited to:<\/p>\n<ul>\n<li>The evolution of the taxation, 1770-1820;<\/li>\n<li>The introduction, reform or repeal of a specific tax;<\/li>\n<li>Fiscal reform from municipal, regional, national, or imperial perspective;<\/li>\n<li>Party political perspectives on fiscal reform;<\/li>\n<li>War and taxation;<\/li>\n<li>Political crises resulting from fiscal deficits;<\/li>\n<li>The consequences of fiscal deficit for defined policy areas, such as defence or the economy;<\/li>\n<li>The ideas and agency of key historical actors;<\/li>\n<li>Resistance to taxation;<\/li>\n<\/ul>\n<p>&nbsp;<\/p>\n<p>Though, to facilitate transnational comparison, the conference would ask papers to examine the impact of revolution on war on the fiscal state in the late eighteenth and early nineteenth century.<\/p>\n<p>&nbsp;<\/p>\n<p>The conference aims to include a broad variety of states, such as:<\/p>\n<ul>\n<li>The Great Powers: France, Britain, the Habsburg Monarchy, Russia, Prussia;<\/li>\n<li>The Lesser Powers, such the Netherlands, Spain, Portugal;<\/li>\n<li>The Italian states;<\/li>\n<li>The states of the Third Germany;<\/li>\n<li>Provinces or regions of composite states, such as Hungary, the Illyrian Provinces, post-partition Poland;<\/li>\n<li>Free cities and city states.<\/li>\n<\/ul>\n<p>&nbsp;<\/p>\n<p>Confirmed keynote speakers: Prof. Dr Michael Broers (Lady Margaret Hall, University of Oxford), Prof. Dr Marjolein \u2018t Hart (Huygens Institute for Dutch History\/Vrije Universiteit Amsterdam), Prof. Dr Peter Wilson (All Souls College, University of Oxford).<\/p>\n<p>&nbsp;<\/p>\n<p>The proceedings of the conference will be published by Palgrave Macmillan.<\/p>\n<p>&nbsp;<\/p>\n<p>The aim is to offer matching funding for travel and accommodation for the duration of the conference. However, in the event of an unexpected financial crisis, a registration fee of up to \u20ac50,- may be applied.<\/p>\n<p>&nbsp;<\/p>\n<p>Abstracts of circa 250 words are invited for papers of 20 minutes to be delivered at the conference in Rotterdam, 25-28 June 2020. Panel proposals of 3-4 papers are welcomed. Abstracts (and questions) to be sent to Dr Mark Edward Hay by 31 October 2019, through a dedicated email account: <a href=\"mailto:WarAndTaxation@gmail.com\">WarAndTaxation@gmail.com<\/a>.<\/p>\n<p>&nbsp;<\/p>\n<blockquote class=\"wp-embedded-content\" data-secret=\"RYTRxlU4ps\"><p><a href=\"https:\/\/oege18.org\/?p=2143\">CFP: Fiscal Crisis, Revolution, Fiscal Reform, War:\u00a0Fiscal State in the Revolutionary and Napoleonic Era, 1770-1820, Rotterdam, June 2020<\/a><\/p><\/blockquote>\n<p><iframe loading=\"lazy\" class=\"wp-embedded-content\" sandbox=\"allow-scripts\" security=\"restricted\" style=\"position: absolute; clip: rect(1px, 1px, 1px, 1px);\" src=\"https:\/\/oege18.org\/?p=2143&#038;embed=true#?secret=RYTRxlU4ps\" data-secret=\"RYTRxlU4ps\" width=\"600\" height=\"338\" title=\"&#8222;CFP: Fiscal Crisis, Revolution, Fiscal Reform, War:\u00a0Fiscal State in the Revolutionary and Napoleonic Era, 1770-1820, Rotterdam, June 2020&#8220; &#8212; OGE 18\" frameborder=\"0\" marginwidth=\"0\" marginheight=\"0\" scrolling=\"no\"><\/iframe><\/p>\n<p>&nbsp;<\/p>\n<p>&nbsp;<\/p>\n<p>&nbsp;<\/p>\n<p>&nbsp;<\/p>\n<p>&nbsp;<\/p>\n<p>&nbsp;<\/p>\n<p>&nbsp;<\/p>\n<p>&nbsp;<\/p>\n","protected":false},"excerpt":{"rendered":"","protected":false},"author":2,"featured_media":15846,"comment_status":"open","ping_status":"open","sticky":false,"template":"","format":"standard","meta":{"_acf_changed":false,"jetpack_post_was_ever_published":false,"_jetpack_newsletter_access":"","_jetpack_dont_email_post_to_subs":false,"_jetpack_newsletter_tier_id":0,"_jetpack_memberships_contains_paywalled_content":false,"_jetpack_memberships_contains_paid_content":false,"footnotes":"","jetpack_publicize_message":"","jetpack_publicize_feature_enabled":true,"jetpack_social_post_already_shared":true,"jetpack_social_options":{"image_generator_settings":{"template":"highway","default_image_id":0,"font":"","enabled":false},"version":2}},"categories":[3,9],"tags":[],"class_list":["post-15845","post","type-post","status-publish","format-standard","has-post-thumbnail","hentry","category-novosti","category-skupovi"],"acf":{"facebook_opis":""},"jetpack_publicize_connections":[],"jetpack_featured_media_url":"https:\/\/i0.wp.com\/historiografija.hr\/wp-content\/uploads\/2019\/07\/book-stack-books.jpg?fit=540%2C499&ssl=1","jetpack_sharing_enabled":true,"jetpack-related-posts":[{"id":52664,"url":"https:\/\/historiografija.hr\/?p=52664","url_meta":{"origin":15845,"position":0},"title":"CfP: CONFERENCE OF THE HISTORY OF CONCEPTS GROUP, HELSINKI, 19TH\u201321ST AUGUST 2026 (DEADLINE: 30TH APRIL 2026)","author":"Branimir Jankovi\u0107","date":"24. travnja 2026.","format":false,"excerpt":"The annual conference of the History of Concepts Group is held at the University of Helsinki, 19-21 August 2026. Conference of the History of Concepts Group Conceptual history studies the use of concepts and tries to understand how historical actors have linguistically articulated views of the world. Studying concepts from\u2026","rel":"","context":"U &quot;Novosti&quot;","block_context":{"text":"Novosti","link":"https:\/\/historiografija.hr\/?cat=3"},"img":{"alt_text":"","src":"https:\/\/i0.wp.com\/historiografija.hr\/wp-content\/uploads\/2017\/10\/hsozkult.png?fit=1006%2C241&ssl=1&resize=350%2C200","width":350,"height":200,"srcset":"https:\/\/i0.wp.com\/historiografija.hr\/wp-content\/uploads\/2017\/10\/hsozkult.png?fit=1006%2C241&ssl=1&resize=350%2C200 1x, https:\/\/i0.wp.com\/historiografija.hr\/wp-content\/uploads\/2017\/10\/hsozkult.png?fit=1006%2C241&ssl=1&resize=525%2C300 1.5x, https:\/\/i0.wp.com\/historiografija.hr\/wp-content\/uploads\/2017\/10\/hsozkult.png?fit=1006%2C241&ssl=1&resize=700%2C400 2x"},"classes":[]},{"id":52641,"url":"https:\/\/historiografija.hr\/?p=52641","url_meta":{"origin":15845,"position":1},"title":"CfP: WHO OWNS THE PAST? VERNACULAR MEMORY, STATE MEMORY, AND THE POLITICS OF OWNERSHIP","author":"Branimir Jankovi\u0107","date":"24. travnja 2026.","format":false,"excerpt":"VIENNA, 31ST AUGUST\u20133RD SEPTEMBER 2026 (DEADLINE: 24TH APRIL 2026) The Center for Austrian Studies at the European Forum at the Hebrew University and the Austrian Academy of Sciences\/Institute of Culture Studies invite early postdocs, PhD candidates, and advanced Master\u2019s students from the Hebrew University of Jerusalem and universities and academic\u2026","rel":"","context":"U &quot;Novosti&quot;","block_context":{"text":"Novosti","link":"https:\/\/historiografija.hr\/?cat=3"},"img":{"alt_text":"","src":"https:\/\/i0.wp.com\/historiografija.hr\/wp-content\/uploads\/2017\/10\/hsozkult.png?fit=1006%2C241&ssl=1&resize=350%2C200","width":350,"height":200,"srcset":"https:\/\/i0.wp.com\/historiografija.hr\/wp-content\/uploads\/2017\/10\/hsozkult.png?fit=1006%2C241&ssl=1&resize=350%2C200 1x, https:\/\/i0.wp.com\/historiografija.hr\/wp-content\/uploads\/2017\/10\/hsozkult.png?fit=1006%2C241&ssl=1&resize=525%2C300 1.5x, https:\/\/i0.wp.com\/historiografija.hr\/wp-content\/uploads\/2017\/10\/hsozkult.png?fit=1006%2C241&ssl=1&resize=700%2C400 2x"},"classes":[]},{"id":52516,"url":"https:\/\/historiografija.hr\/?p=52516","url_meta":{"origin":15845,"position":2},"title":"Marko Grde\u0161i\u0107, Mislav \u017ditko, \u201eSocialist Economics in Yugoslavia: A Critical History\u201c","author":"Branimir Jankovi\u0107","date":"17. travnja 2026.","format":false,"excerpt":"This book presents a critical history of Yugoslav socialist economics, from its inception in the late 1940s to its dissolution in the late 1980s. After the dramatic break with the Soviet Union in 1948, Yugoslavia found itself in urgent need of a third way: A socialist trajectory which would not\u2026","rel":"","context":"U &quot;Knjige&quot;","block_context":{"text":"Knjige","link":"https:\/\/historiografija.hr\/?cat=8"},"img":{"alt_text":"","src":"https:\/\/i0.wp.com\/historiografija.hr\/wp-content\/uploads\/2026\/04\/Zitko_Grdesic.jpg?fit=350%2C535&ssl=1&resize=350%2C200","width":350,"height":200},"classes":[]},{"id":52580,"url":"https:\/\/historiografija.hr\/?p=52580","url_meta":{"origin":15845,"position":3},"title":"Conference &#8220;Living in the aftermaths: Trauma, politics and survival in Yugoslavia and successor states, 1945 \u2013 present&#8221;","author":"Branimir Jankovi\u0107","date":"21. travnja 2026.","format":false,"excerpt":"The conference aims to explore how war-related psychological distress was experienced, narrated, debated and reframed in Yugoslavia in the second half of the twentieth century. It asks how the theme of wounded psyche and wartime suffering was addressed and acknowledged in political, psychiatric and broader cultural discourses of socialist Yugoslavia,\u2026","rel":"","context":"U &quot;Novosti&quot;","block_context":{"text":"Novosti","link":"https:\/\/historiografija.hr\/?cat=3"},"img":{"alt_text":"","src":"https:\/\/i0.wp.com\/historiografija.hr\/wp-content\/uploads\/2026\/04\/Battle_of_Neretva_Picasso_poster-Conference-Living-in-the-aftermaths.webp?fit=564%2C954&ssl=1&resize=350%2C200","width":350,"height":200,"srcset":"https:\/\/i0.wp.com\/historiografija.hr\/wp-content\/uploads\/2026\/04\/Battle_of_Neretva_Picasso_poster-Conference-Living-in-the-aftermaths.webp?fit=564%2C954&ssl=1&resize=350%2C200 1x, https:\/\/i0.wp.com\/historiografija.hr\/wp-content\/uploads\/2026\/04\/Battle_of_Neretva_Picasso_poster-Conference-Living-in-the-aftermaths.webp?fit=564%2C954&ssl=1&resize=525%2C300 1.5x"},"classes":[]},{"id":52586,"url":"https:\/\/historiografija.hr\/?p=52586","url_meta":{"origin":15845,"position":4},"title":"Aur\u00e9lie Daher, \u201eHezbollah: Mobilisation and Power\u201c","author":"Branimir Jankovi\u0107","date":"22. travnja 2026.","format":false,"excerpt":"Morning Star \u2018Book of the Year\u2019 Social movement, liberation party or terrorist group? With Hezbollah\u2019s growing involvement in the war in Syria, this study of its impact on Lebanon, drawing heavily on first-hand interviews, could not be more timely. Description Almost forty years after its foundation, Hezbollah remains an enigma.\u2026","rel":"","context":"U &quot;Knjige&quot;","block_context":{"text":"Knjige","link":"https:\/\/historiografija.hr\/?cat=8"},"img":{"alt_text":"","src":"https:\/\/i0.wp.com\/historiografija.hr\/wp-content\/uploads\/2026\/04\/Daher-Hezbollah.jpg?fit=600%2C931&ssl=1&resize=350%2C200","width":350,"height":200,"srcset":"https:\/\/i0.wp.com\/historiografija.hr\/wp-content\/uploads\/2026\/04\/Daher-Hezbollah.jpg?fit=600%2C931&ssl=1&resize=350%2C200 1x, https:\/\/i0.wp.com\/historiografija.hr\/wp-content\/uploads\/2026\/04\/Daher-Hezbollah.jpg?fit=600%2C931&ssl=1&resize=525%2C300 1.5x"},"classes":[]},{"id":52622,"url":"https:\/\/historiografija.hr\/?p=52622","url_meta":{"origin":15845,"position":5},"title":"Annual CAPONEU conference: Political Novel in Europe Between Democracy and Authoritarianism","author":"Branimir Jankovi\u0107","date":"23. travnja 2026.","format":false,"excerpt":"Caponeu event 22.04.2026 - 24.04.2026 Location: The Faculty of Polish and Classical Philology AMU (Fredry 10, Pozna\u0144)Organized by: Tomasz Mizerkiewicz, Krystyna Pieni\u0105\u017cek-Markovi\u0107, Anna Gawarecka, Ewa Szperlik, Magda Potok, B\u0142a\u017cej Warkocki, Gerard Ronge (all Adam Mickiewicz University in Pozna\u0144)Contact: gerron@amu.edu.pl The Adam Mickiewicz University team, as part of the international CAPONEU\u2026","rel":"","context":"U &quot;Novosti&quot;","block_context":{"text":"Novosti","link":"https:\/\/historiografija.hr\/?cat=3"},"img":{"alt_text":"","src":"https:\/\/i0.wp.com\/historiografija.hr\/wp-content\/uploads\/2026\/04\/Caponeu-political-novel.jpg?fit=500%2C261&ssl=1&resize=350%2C200","width":350,"height":200},"classes":[]}],"_links":{"self":[{"href":"https:\/\/historiografija.hr\/index.php?rest_route=\/wp\/v2\/posts\/15845","targetHints":{"allow":["GET"]}}],"collection":[{"href":"https:\/\/historiografija.hr\/index.php?rest_route=\/wp\/v2\/posts"}],"about":[{"href":"https:\/\/historiografija.hr\/index.php?rest_route=\/wp\/v2\/types\/post"}],"author":[{"embeddable":true,"href":"https:\/\/historiografija.hr\/index.php?rest_route=\/wp\/v2\/users\/2"}],"replies":[{"embeddable":true,"href":"https:\/\/historiografija.hr\/index.php?rest_route=%2Fwp%2Fv2%2Fcomments&post=15845"}],"version-history":[{"count":1,"href":"https:\/\/historiografija.hr\/index.php?rest_route=\/wp\/v2\/posts\/15845\/revisions"}],"predecessor-version":[{"id":15847,"href":"https:\/\/historiografija.hr\/index.php?rest_route=\/wp\/v2\/posts\/15845\/revisions\/15847"}],"wp:featuredmedia":[{"embeddable":true,"href":"https:\/\/historiografija.hr\/index.php?rest_route=\/wp\/v2\/media\/15846"}],"wp:attachment":[{"href":"https:\/\/historiografija.hr\/index.php?rest_route=%2Fwp%2Fv2%2Fmedia&parent=15845"}],"wp:term":[{"taxonomy":"category","embeddable":true,"href":"https:\/\/historiografija.hr\/index.php?rest_route=%2Fwp%2Fv2%2Fcategories&post=15845"},{"taxonomy":"post_tag","embeddable":true,"href":"https:\/\/historiografija.hr\/index.php?rest_route=%2Fwp%2Fv2%2Ftags&post=15845"}],"curies":[{"name":"wp","href":"https:\/\/api.w.org\/{rel}","templated":true}]}}