{"id":15838,"date":"2019-07-29T21:52:41","date_gmt":"2019-07-29T21:52:41","guid":{"rendered":"http:\/\/historiografija.hr\/?p=15838"},"modified":"2019-07-29T21:53:52","modified_gmt":"2019-07-29T21:53:52","slug":"stasa-babic-metaarheologija-ogled-o-uslovima-znanja-o-proslosti","status":"publish","type":"post","link":"https:\/\/historiografija.hr\/?p=15838","title":{"rendered":"Sta\u0161a Babi\u0107, \u201cMetaarheologija \u2013 Ogled o uslovima znanja o pro\u0161losti\u201d"},"content":{"rendered":"<p>\u201cKnjiga koja \u0107e i \u0161iroj kulturnoj, nau\u010dnoj i intelektualnoj javnosti kona\u010dno objasniti \u010dime se to arheologija bavi, razbiti zablude o tome da arheolozi iskopavaju stare lonce i zakopano blago, ve\u0107 ubedljivo pokazati da oni proizvode znanje o pro\u0161losti, koje je od vitalnog zna\u010daja za na\u0161u sada\u0161njost, za dinami\u010dno dru\u0161tvo i za nas same, danas i ovde&#8230;\u201d<\/p>\n<p>&nbsp;<\/p>\n<p>&#8212;<\/p>\n<p>&nbsp;<\/p>\n<p>Knjiga Sta\u0161e Babi\u0107 <strong><em>Metaarheologija \u2013 ogled o uslovima znanja o pro\u0161losti<\/em><\/strong> spada u red najva\u017enijih novijih knjiga u srpskoj arheologiji, a ravnopravno stoji rame uz rame s elitnim knjigama iz oblasti teorijske arheologije u svetu. Njena va\u017enost za srpsku kulturu i nauku je vi\u0161estruka. Pre svega za arheolo\u0161ku zajednicu kojoj ukazuje na mogu\u0107nosti prevazila\u017eenja epistemolo\u0161ke hipohondrije i teorijskog i metodolo\u0161kog zakr\u010denja puteva, \u0161to su problemi \u010ditave discipline, ne samo u Srbiji, ve\u0107 i globalno. S druge strane, pro\u010ditana kako valja, ona \u0107e i \u0161iroj kulturnoj, nau\u010dnoj i intelektualnoj javnosti kona\u010dno objasniti \u010dime se to arheologija bavi, te razbiti zablude da arheolozi iskopavaju stare lonce i zakopano blago, ve\u0107 naprotiv ubedljivo pokazati da oni proizvode znanje o pro\u0161losti. A to znanje nije antikvarski luksuz ve\u0107 je, da parafraziramo Sta\u0161u Babi\u0107, od vitalnog zna\u010daja za na\u0161u sada\u0161njost, za dinami\u010dno dru\u0161tvo i za nas same, danas i ovde.<\/p>\n<p>&nbsp;<\/p>\n<p>Beograd: Klio, 2018, 177 str.<\/p>\n<p>&nbsp;<\/p>\n<p>Predgovor<\/p>\n<ol>\n<li>Znanje o znanju<\/li>\n<\/ol>\n<p>Imenovanje nepoznatog<\/p>\n<p>Kako znamo da (ne) znamo<\/p>\n<p>Poverenje u razum<\/p>\n<p>Pobijanjem ili revolucijom do nau\u010dnog znanja?<\/p>\n<p>Kolektivno znanje.<\/p>\n<p>Na (marginalnom) stajali\u0161tu<\/p>\n<p>&nbsp;<\/p>\n<ol start=\"2\">\n<li>Znanje o pro\u0161losti<\/li>\n<\/ol>\n<p>Mesta u vremenu<\/p>\n<p>Objasniti ili razumeti?<\/p>\n<p>Narativi o pro\u0161losti<\/p>\n<p>\u010citanje materijalne kulture<\/p>\n<p>\u201eOd predmeta do teksta\u201c<\/p>\n<p>&nbsp;<\/p>\n<ol start=\"3\">\n<li>Arheolo\u0161ko znanje<\/li>\n<\/ol>\n<p>Granice pro\u0161losti<\/p>\n<p>Od teksta do predmeta<\/p>\n<p>Kontradikcije dominacije<\/p>\n<p>Nazad u maticu<\/p>\n<p>Arheologija sada\u0161njosti<\/p>\n<p>Funkcija ili zna\u010denje<\/p>\n<p>Opredme\u0107ivanje kulture<\/p>\n<p>Zone razmene<\/p>\n<p>&nbsp;<\/p>\n<ol start=\"4\">\n<li>Znanje i praksa<\/li>\n<\/ol>\n<p>Ulazak u polje<\/p>\n<p>Obredi prelaza<\/p>\n<p>Promene koloseka<\/p>\n<p>\u201eHibridizacija\u201c<\/p>\n<p>Kolektiv na Balkanu<\/p>\n<p>&nbsp;<\/p>\n<p><strong>Prelistaj knjigu:<\/strong><\/p>\n<p><a href=\"http:\/\/clio.rs\/Files\/13560\/Metaarheologija_c-3-17.pdf\">http:\/\/clio.rs\/Files\/13560\/Metaarheologija_c-3-17.pdf<\/a><\/p>\n<p>&nbsp;<\/p>\n<p><strong>Sta\u0161a Babi\u0107<\/strong><\/p>\n<p>Vanredni profesor arheologije anti\u010dke Gr\u010dke na odeljenju za arheologiju beogradskog Filozofskog fakulteta. Pored niza stru\u010dnih radova, objavila je i tri monografije: Poglavarstvo i polis \u2013 Starije gvozdeno doba centralnog Balkana i gr\u010dki svet (2004), The Archeology of Identity, Approaches to gender, age, status, ethnicity and religion (koautori M. Diaz Andreau, S. J. Lucy, D. Edwards, 2005) i Grci i drugi \u2013 anti\u010dka percepcija i percepcija antike (2008).<\/p>\n<p>&nbsp;<\/p>\n<p>Izvor: <a href=\"http:\/\/clio.rs\/METAARHEOLOGIJA-Ogled-o-uslovima-znanja-o-proslosti_Knjiga_109168\">http:\/\/clio.rs\/METAARHEOLOGIJA-Ogled-o-uslovima-znanja-o-proslosti_Knjiga_109168<\/a><\/p>\n<p>&nbsp;<\/p>\n<p>&#8212;<\/p>\n<p>&nbsp;<\/p>\n<p><strong>Vi\u0161e o autorici:<\/strong><\/p>\n<p>&nbsp;<\/p>\n<p><a href=\"https:\/\/www.vreme.com\/cms\/view.php?id=1703741\">https:\/\/www.vreme.com\/cms\/view.php?id=1703741<\/a><\/p>\n<p>&nbsp;<\/p>\n<p><a href=\"https:\/\/pescanik.net\/opasnosti-obrazovanja\/\">https:\/\/pescanik.net\/opasnosti-obrazovanja\/<\/a><\/p>\n<p>&nbsp;<\/p>\n<p>&nbsp;<\/p>\n","protected":false},"excerpt":{"rendered":"","protected":false},"author":2,"featured_media":15839,"comment_status":"open","ping_status":"open","sticky":false,"template":"","format":"standard","meta":{"_acf_changed":false,"jetpack_post_was_ever_published":false,"_jetpack_newsletter_access":"","_jetpack_dont_email_post_to_subs":false,"_jetpack_newsletter_tier_id":0,"_jetpack_memberships_contains_paywalled_content":false,"_jetpack_memberships_contains_paid_content":false,"footnotes":"","jetpack_publicize_message":"","jetpack_publicize_feature_enabled":true,"jetpack_social_post_already_shared":true,"jetpack_social_options":{"image_generator_settings":{"template":"highway","default_image_id":0,"font":"","enabled":false},"version":2}},"categories":[8,3],"tags":[],"class_list":["post-15838","post","type-post","status-publish","format-standard","has-post-thumbnail","hentry","category-knjige","category-novosti"],"acf":{"facebook_opis":""},"jetpack_publicize_connections":[],"jetpack_featured_media_url":"https:\/\/i0.wp.com\/historiografija.hr\/wp-content\/uploads\/2019\/07\/METAARHEOLOGIJA.jpg?fit=1878%2C2836&ssl=1","jetpack_sharing_enabled":true,"jetpack-related-posts":[{"id":52563,"url":"https:\/\/historiografija.hr\/?p=52563","url_meta":{"origin":15838,"position":0},"title":"Predavanje Nenada Fabijani\u0107a o stadionu Poljud u Splitu","author":"Branimir Jankovi\u0107","date":"21. travnja 2026.","format":false,"excerpt":"Znanstveno vije\u0107e za arhitekturu, urbanizam i ure\u0111enje prostora Hrvatske akademije znanosti i umjetnosti organizira predavanje \u201cPo Poljudu\u201d koje \u0107e u srijedu 22. travnja 2026. s po\u010detkom u 14 sati u Knji\u017enici HAZU, Strossmayerov trg 14 u Zagrebu, odr\u017eati\u00a0prof. emerit. dr. art. Nenad Fabijani\u0107,\u00a0\u010dlan suradnik HAZU. Predavanje \u201ePo Poljudu\u201c (Projekt obnove)\u2026","rel":"","context":"U &quot;Novosti&quot;","block_context":{"text":"Novosti","link":"https:\/\/historiografija.hr\/?cat=3"},"img":{"alt_text":"","src":"https:\/\/i0.wp.com\/historiografija.hr\/wp-content\/uploads\/2026\/04\/Poljud-scaled.jpeg?fit=1200%2C800&ssl=1&resize=350%2C200","width":350,"height":200,"srcset":"https:\/\/i0.wp.com\/historiografija.hr\/wp-content\/uploads\/2026\/04\/Poljud-scaled.jpeg?fit=1200%2C800&ssl=1&resize=350%2C200 1x, https:\/\/i0.wp.com\/historiografija.hr\/wp-content\/uploads\/2026\/04\/Poljud-scaled.jpeg?fit=1200%2C800&ssl=1&resize=525%2C300 1.5x, https:\/\/i0.wp.com\/historiografija.hr\/wp-content\/uploads\/2026\/04\/Poljud-scaled.jpeg?fit=1200%2C800&ssl=1&resize=700%2C400 2x, https:\/\/i0.wp.com\/historiografija.hr\/wp-content\/uploads\/2026\/04\/Poljud-scaled.jpeg?fit=1200%2C800&ssl=1&resize=1050%2C600 3x"},"classes":[]},{"id":52589,"url":"https:\/\/historiografija.hr\/?p=52589","url_meta":{"origin":15838,"position":1},"title":"Predstavljena knjiga Miomira \u017du\u017eula &#8220;Dayton: Diplomacija &#8211; druga strana rata&#8221;","author":"Branimir Jankovi\u0107","date":"22. travnja 2026.","format":false,"excerpt":"Knjiga Miomira \u017du\u017eula \u201eDayton: Diplomacija \u2013 druga strana rata\u201d predstavljena je u srijedu, 22. travnja 2026. godine u foajeu Hrvatskoga narodnog kazali\u0161ta u Zagrebu. Op\u0161irnije: https:\/\/vijesti.hrt.hr\/hrvatska\/predstavljena-knjiga-miomira-zuzula-dayton-diplomacija-druga-strana-rata-12683259 https:\/\/www.vecernji.ba\/amp\/vijesti\/zuzulova-knjiga-o-daytonu-predstavljena-u-zagrebu-diplomacija-kao-druga-strana-rata-1953700 https:\/\/www.tportal.hr\/vijesti\/clanak\/bivsi-sanaderov-ministar-odrzao-promociju-evo-tko-je-sve-dosao-na-predstavljanje-knjige-miomira-zuzula-foto-20260422 https:\/\/direktno.hr\/zivot\/kultura\/zuzul-otkrio-sve-o-drugoj-strani-rata-za-hrvatsku-se-nije-libio-povuci-nekoga-i-za-kosu-395042 https:\/\/www.24sata.hr\/news\/miomir-zuzul-predstavio-je-knjigu-o-daytonu-diplomacija-je-bila-druga-strana-rata-1123152 https:\/\/www.vecernji.hr\/kultura\/kolinda-grabar-kitarovic-otvoreno-miomir-zuzul-nije-vukao-samo-za-rukav-nego-i-za-kosu-1953722 https:\/\/www.vecernji.hr\/kultura\/i-papa-lav-xiv-eksplicitno-je-daytonski-sporazum-istaknuo-kao-primjer-uspjesna-rjesavanja-sukoba-1952215","rel":"","context":"U &quot;Novosti&quot;","block_context":{"text":"Novosti","link":"https:\/\/historiografija.hr\/?cat=3"},"img":{"alt_text":"","src":"https:\/\/i0.wp.com\/historiografija.hr\/wp-content\/uploads\/2026\/04\/Dayton.jpg?fit=1024%2C683&ssl=1&resize=350%2C200","width":350,"height":200,"srcset":"https:\/\/i0.wp.com\/historiografija.hr\/wp-content\/uploads\/2026\/04\/Dayton.jpg?fit=1024%2C683&ssl=1&resize=350%2C200 1x, https:\/\/i0.wp.com\/historiografija.hr\/wp-content\/uploads\/2026\/04\/Dayton.jpg?fit=1024%2C683&ssl=1&resize=525%2C300 1.5x, https:\/\/i0.wp.com\/historiografija.hr\/wp-content\/uploads\/2026\/04\/Dayton.jpg?fit=1024%2C683&ssl=1&resize=700%2C400 2x"},"classes":[]},{"id":52502,"url":"https:\/\/historiografija.hr\/?p=52502","url_meta":{"origin":15838,"position":2},"title":"Novi znanstveni projekt Hrvatskog instituta za povijest: \u201c\u017drtve ratova i dr\u017eavnog\/politi\u010dkog nasilja u hrvatskoj povijesti 20. stolje\u0107a\u201d","author":"Branimir Jankovi\u0107","date":"17. travnja 2026.","format":false,"excerpt":"Na redovitoj sjednici Vlade RH, 16. travnja 2026., donijet je Zaklju\u010dak kojim se pokre\u0107e znanstveni projekt \u201c\u017drtve ratova i dr\u017eavnog\/politi\u010dkog nasilja u hrvatskoj povijesti 20. stolje\u0107a\u201d. Projekt \u0107e provoditi i koordinirati Hrvatski institut za povijest u razdoblju trajanja projekta od pet godina. Zakljucak Vlade RH Iz teksta projektnog prijedloga: Problematika\u2026","rel":"","context":"U &quot;Novosti&quot;","block_context":{"text":"Novosti","link":"https:\/\/historiografija.hr\/?cat=3"},"img":{"alt_text":"","src":"https:\/\/i0.wp.com\/historiografija.hr\/wp-content\/uploads\/2026\/04\/Vlada-RH.jpg?fit=1200%2C557&ssl=1&resize=350%2C200","width":350,"height":200,"srcset":"https:\/\/i0.wp.com\/historiografija.hr\/wp-content\/uploads\/2026\/04\/Vlada-RH.jpg?fit=1200%2C557&ssl=1&resize=350%2C200 1x, https:\/\/i0.wp.com\/historiografija.hr\/wp-content\/uploads\/2026\/04\/Vlada-RH.jpg?fit=1200%2C557&ssl=1&resize=525%2C300 1.5x, https:\/\/i0.wp.com\/historiografija.hr\/wp-content\/uploads\/2026\/04\/Vlada-RH.jpg?fit=1200%2C557&ssl=1&resize=700%2C400 2x, https:\/\/i0.wp.com\/historiografija.hr\/wp-content\/uploads\/2026\/04\/Vlada-RH.jpg?fit=1200%2C557&ssl=1&resize=1050%2C600 3x"},"classes":[]},{"id":52666,"url":"https:\/\/historiografija.hr\/?p=52666","url_meta":{"origin":15838,"position":3},"title":"Najava programa Festivala povijesti Kliofest (5-8. V. 2026)","author":"Branimir Jankovi\u0107","date":"24. travnja 2026.","format":false,"excerpt":"Po trinaesti put odr\u017eava se Festival povijesti Kliofest! Do petka \u0107emo odr\u017eati osam okruglih stolova i dva kolokvija te niz predstavljanja knjiga i projekata razli\u010dite tematike, od antike do suvremenosti. Bit \u0107e predstavljeno i nekoliko izlo\u017ebi te odr\u017ean jedan povijesni kviz. Prikazat \u0107emo i jedan film \u2013 o generalu Boroevi\u0107u.\u2026","rel":"","context":"U &quot;Novosti&quot;","block_context":{"text":"Novosti","link":"https:\/\/historiografija.hr\/?cat=3"},"img":{"alt_text":"","src":"https:\/\/i0.wp.com\/historiografija.hr\/wp-content\/uploads\/2026\/04\/Kliofest-2026.jpg?fit=526%2C526&ssl=1&resize=350%2C200","width":350,"height":200,"srcset":"https:\/\/i0.wp.com\/historiografija.hr\/wp-content\/uploads\/2026\/04\/Kliofest-2026.jpg?fit=526%2C526&ssl=1&resize=350%2C200 1x, https:\/\/i0.wp.com\/historiografija.hr\/wp-content\/uploads\/2026\/04\/Kliofest-2026.jpg?fit=526%2C526&ssl=1&resize=525%2C300 1.5x"},"classes":[]},{"id":52528,"url":"https:\/\/historiografija.hr\/?p=52528","url_meta":{"origin":15838,"position":4},"title":"[Promocija knjige] Banja Luka u ratu: Etnopolitika i svakodnevica (1990\u20131995) (ActiveLab, YugoLab)","author":"Branimir Jankovi\u0107","date":"17. travnja 2026.","format":false,"excerpt":"Institut za filozofiju i dru\u0161tvenu teoriju i O\u0161tra Nula organizuju promociju knjige Banja Luka u ratu: Etnopolitika i svakodnevica (1990\u20131995) autorke Armine Galija\u0161, koja \u0107e se odr\u017eati 20. aprila 2026. u 12.00 sati u prostorijama Instituta (Kraljice Natalije 45, Beograd). Re\u010d je o prvom nau\u010dno utemeljenom i sistematskom radu koji\u2026","rel":"","context":"U &quot;Novosti&quot;","block_context":{"text":"Novosti","link":"https:\/\/historiografija.hr\/?cat=3"},"img":{"alt_text":"","src":"https:\/\/i0.wp.com\/historiografija.hr\/wp-content\/uploads\/2026\/04\/20-april-RS.jpg?fit=1200%2C675&ssl=1&resize=350%2C200","width":350,"height":200,"srcset":"https:\/\/i0.wp.com\/historiografija.hr\/wp-content\/uploads\/2026\/04\/20-april-RS.jpg?fit=1200%2C675&ssl=1&resize=350%2C200 1x, https:\/\/i0.wp.com\/historiografija.hr\/wp-content\/uploads\/2026\/04\/20-april-RS.jpg?fit=1200%2C675&ssl=1&resize=525%2C300 1.5x, https:\/\/i0.wp.com\/historiografija.hr\/wp-content\/uploads\/2026\/04\/20-april-RS.jpg?fit=1200%2C675&ssl=1&resize=700%2C400 2x, https:\/\/i0.wp.com\/historiografija.hr\/wp-content\/uploads\/2026\/04\/20-april-RS.jpg?fit=1200%2C675&ssl=1&resize=1050%2C600 3x"},"classes":[]},{"id":52592,"url":"https:\/\/historiografija.hr\/?p=52592","url_meta":{"origin":15838,"position":5},"title":"Predstavljanje knjige &#8220;Turska ku\u0107a u Rijeci&#8221; u Zagrebu","author":"Branimir Jankovi\u0107","date":"22. travnja 2026.","format":false,"excerpt":"U prostorijama Turskog kulturnog centra Yunus Emre u Zagrebu, u utorak 21. travnja 2026. godine, odr\u017eano je sve\u010dano predstavljanje dopunjenog izdanja knjige Turska ku\u0107a u Rijeci, u organizaciji Hrvatsko-turskog dru\u0161tva Rijeka i partnerstvu sa Skupinom prijateljstva Hrvatska-Turska Hrvatskog sabora, Veleposlanstvom Republike Turske u Republici Hrvatskoj te Turskim kulturnim centrom Yunus\u2026","rel":"","context":"U &quot;Novosti&quot;","block_context":{"text":"Novosti","link":"https:\/\/historiografija.hr\/?cat=3"},"img":{"alt_text":"","src":"https:\/\/i0.wp.com\/historiografija.hr\/wp-content\/uploads\/2026\/04\/Turska-kuca-ZG.jpg?fit=1200%2C800&ssl=1&resize=350%2C200","width":350,"height":200,"srcset":"https:\/\/i0.wp.com\/historiografija.hr\/wp-content\/uploads\/2026\/04\/Turska-kuca-ZG.jpg?fit=1200%2C800&ssl=1&resize=350%2C200 1x, https:\/\/i0.wp.com\/historiografija.hr\/wp-content\/uploads\/2026\/04\/Turska-kuca-ZG.jpg?fit=1200%2C800&ssl=1&resize=525%2C300 1.5x, https:\/\/i0.wp.com\/historiografija.hr\/wp-content\/uploads\/2026\/04\/Turska-kuca-ZG.jpg?fit=1200%2C800&ssl=1&resize=700%2C400 2x, https:\/\/i0.wp.com\/historiografija.hr\/wp-content\/uploads\/2026\/04\/Turska-kuca-ZG.jpg?fit=1200%2C800&ssl=1&resize=1050%2C600 3x"},"classes":[]}],"_links":{"self":[{"href":"https:\/\/historiografija.hr\/index.php?rest_route=\/wp\/v2\/posts\/15838","targetHints":{"allow":["GET"]}}],"collection":[{"href":"https:\/\/historiografija.hr\/index.php?rest_route=\/wp\/v2\/posts"}],"about":[{"href":"https:\/\/historiografija.hr\/index.php?rest_route=\/wp\/v2\/types\/post"}],"author":[{"embeddable":true,"href":"https:\/\/historiografija.hr\/index.php?rest_route=\/wp\/v2\/users\/2"}],"replies":[{"embeddable":true,"href":"https:\/\/historiografija.hr\/index.php?rest_route=%2Fwp%2Fv2%2Fcomments&post=15838"}],"version-history":[{"count":2,"href":"https:\/\/historiografija.hr\/index.php?rest_route=\/wp\/v2\/posts\/15838\/revisions"}],"predecessor-version":[{"id":15841,"href":"https:\/\/historiografija.hr\/index.php?rest_route=\/wp\/v2\/posts\/15838\/revisions\/15841"}],"wp:featuredmedia":[{"embeddable":true,"href":"https:\/\/historiografija.hr\/index.php?rest_route=\/wp\/v2\/media\/15839"}],"wp:attachment":[{"href":"https:\/\/historiografija.hr\/index.php?rest_route=%2Fwp%2Fv2%2Fmedia&parent=15838"}],"wp:term":[{"taxonomy":"category","embeddable":true,"href":"https:\/\/historiografija.hr\/index.php?rest_route=%2Fwp%2Fv2%2Fcategories&post=15838"},{"taxonomy":"post_tag","embeddable":true,"href":"https:\/\/historiografija.hr\/index.php?rest_route=%2Fwp%2Fv2%2Ftags&post=15838"}],"curies":[{"name":"wp","href":"https:\/\/api.w.org\/{rel}","templated":true}]}}